{"id":156328,"date":"2025-02-01T09:31:02","date_gmt":"2025-02-01T15:31:02","guid":{"rendered":"https:\/\/canal7slp.tv\/2025\/?p=156328"},"modified":"2025-02-01T09:31:02","modified_gmt":"2025-02-01T15:31:02","slug":"rechazan-autoridades-aumento-de-desapariciones-forzadas-lo-atribuyen-a-percepcion","status":"publish","type":"post","link":"https:\/\/canal7slp.tv\/2025\/rechazan-autoridades-aumento-de-desapariciones-forzadas-lo-atribuyen-a-percepcion\/","title":{"rendered":"Rechazan autoridades aumento de desapariciones forzadas&#8230; lo atribuyen a percepci\u00f3n"},"content":{"rendered":"<p style=\"text-align: justify;\">Rioverde.-\u00a0El titular de la Delegaci\u00f3n IV de la Fiscal\u00eda General del Estado en Rioverde, Francisco Montiel Villeda, inform\u00f3 en entrevista que, cuando menores de edad est\u00e1n involucrados en hechos delictivos, esta instancia se declara incompetente.<\/p>\n<p style=\"text-align: justify;\">Explic\u00f3 que la Fiscal\u00eda no cuenta con la especialidad para atender casos donde los menores enfrentan conflictos con la ley penal, por lo que deben ser canalizados a instancias correspondientes.<\/p>\n<p style=\"text-align: justify;\">Sobre el delito de desaparici\u00f3n forzada en la regi\u00f3n, asegur\u00f3 que el \u00edndice de casos se ha mantenido y no va en aumento, aunque reconoci\u00f3 que la percepci\u00f3n social podr\u00eda ser distinta. Lament\u00f3 que las denuncias por desaparici\u00f3n contin\u00faan, pero enfatiz\u00f3 que son fundamentales para activar los protocolos de b\u00fasqueda.<\/p>\n<p style=\"text-align: justify;\">Asimismo, aclar\u00f3 que es falso que los familiares deban esperar 24 horas para reportar la desaparici\u00f3n de una persona, subrayando que la denuncia puede presentarse de inmediato ante la Fiscal\u00eda o la Comisi\u00f3n de B\u00fasqueda de Personas.<\/p>\n<p style=\"text-align: justify;\">Respecto al uso de redes sociales y medios de comunicaci\u00f3n para difundir casos de desaparici\u00f3n, el funcionario evit\u00f3 dar una opini\u00f3n personal, pero insisti\u00f3 en que lo m\u00e1s importante es denunciar formalmente estos y otros delitos que afectan a la ciudadan\u00eda.<\/p>\n<p style=\"text-align: justify;\">Por: X\u00f3chitl Morales Castro.<\/p>\n","protected":false},"excerpt":{"rendered":"<p>Rioverde.-\u00a0El titular de la Delegaci\u00f3n IV de la Fiscal\u00eda General del Estado en Rioverde, Francisco Montiel Villeda, inform\u00f3 en entrevista que, cuando menores de edad est\u00e1n involucrados en hechos delictivos, esta instancia se declara incompetente. Explic\u00f3 que la Fiscal\u00eda no cuenta con la especialidad para atender casos donde los menores enfrentan conflictos con la ley penal, por lo que deben ser canalizados a instancias correspondientes. Sobre el delito de desaparici\u00f3n forzada en la regi\u00f3n, asegur\u00f3 que el \u00edndice de casos se ha mantenido y no va en aumento, aunque reconoci\u00f3 que la percepci\u00f3n social podr\u00eda ser distinta. Lament\u00f3 que las [&hellip;]<\/p>\n","protected":false},"author":2,"featured_media":156330,"comment_status":"closed","ping_status":"closed","sticky":false,"template":"","format":"video","meta":{"_monsterinsights_skip_tracking":false,"_monsterinsights_sitenote_active":false,"_monsterinsights_sitenote_note":"","_monsterinsights_sitenote_category":0,"footnotes":""},"categories":[5,43],"tags":[],"class_list":["post-156328","post","type-post","status-publish","format-video","has-post-thumbnail","hentry","category-destacadas","category-interior","post_format-post-format-video","post--single"],"yoast_head":"<!-- This site is optimized with the Yoast SEO plugin v27.5 - https:\/\/yoast.com\/product\/yoast-seo-wordpress\/ -->\n<title>Rechazan autoridades aumento de desapariciones forzadas... lo atribuyen a percepci\u00f3n - Canal 7 SLP - 2025<\/title>\n<meta name=\"robots\" content=\"index, follow, max-snippet:-1, max-image-preview:large, max-video-preview:-1\" \/>\n<link rel=\"canonical\" href=\"https:\/\/canal7slp.tv\/2025\/rechazan-autoridades-aumento-de-desapariciones-forzadas-lo-atribuyen-a-percepcion\/\" \/>\n<meta property=\"og:locale\" content=\"es_ES\" \/>\n<meta property=\"og:type\" content=\"article\" \/>\n<meta property=\"og:title\" content=\"Rechazan autoridades aumento de desapariciones forzadas... lo atribuyen a percepci\u00f3n - Canal 7 SLP - 2025\" \/>\n<meta property=\"og:description\" content=\"Rioverde.-\u00a0El titular de la Delegaci\u00f3n IV de la Fiscal\u00eda General del Estado en Rioverde, Francisco Montiel Villeda, inform\u00f3 en entrevista que, cuando menores de edad est\u00e1n involucrados en hechos delictivos, esta instancia se declara incompetente. Explic\u00f3 que la Fiscal\u00eda no cuenta con la especialidad para atender casos donde los menores enfrentan conflictos con la ley penal, por lo que deben ser canalizados a instancias correspondientes. Sobre el delito de desaparici\u00f3n forzada en la regi\u00f3n, asegur\u00f3 que el \u00edndice de casos se ha mantenido y no va en aumento, aunque reconoci\u00f3 que la percepci\u00f3n social podr\u00eda ser distinta. Lament\u00f3 que las [&hellip;]\" \/>\n<meta property=\"og:url\" content=\"https:\/\/canal7slp.tv\/2025\/rechazan-autoridades-aumento-de-desapariciones-forzadas-lo-atribuyen-a-percepcion\/\" \/>\n<meta property=\"og:site_name\" content=\"Canal 7 SLP - 2025\" \/>\n<meta property=\"article:publisher\" content=\"https:\/\/www.facebook.com\/noticieroscanal7atencionciudadana\/\" \/>\n<meta property=\"article:published_time\" content=\"2025-02-01T15:31:02+00:00\" \/>\n<meta property=\"og:image\" content=\"https:\/\/canal7slp.tv\/2025\/wp-content\/uploads\/2025\/02\/Xochi02Desapariciones.jpg\" \/>\n\t<meta property=\"og:image:width\" content=\"848\" \/>\n\t<meta property=\"og:image:height\" content=\"480\" \/>\n\t<meta property=\"og:image:type\" content=\"image\/jpeg\" \/>\n<meta name=\"author\" content=\"Edici\u00f3n Web\" \/>\n<meta name=\"twitter:card\" content=\"summary_large_image\" \/>\n<meta name=\"twitter:creator\" content=\"@NOTICIEROS7\" \/>\n<meta name=\"twitter:site\" content=\"@NOTICIEROS7\" \/>\n<meta name=\"twitter:label1\" content=\"Escrito por\" \/>\n\t<meta name=\"twitter:data1\" content=\"Edici\u00f3n Web\" \/>\n\t<meta name=\"twitter:label2\" content=\"Tiempo de lectura\" \/>\n\t<meta name=\"twitter:data2\" content=\"2 minutos\" \/>\n<script type=\"application\/ld+json\" class=\"yoast-schema-graph\">{\"@context\":\"https:\\\/\\\/schema.org\",\"@graph\":[{\"@type\":\"Article\",\"@id\":\"https:\\\/\\\/canal7slp.tv\\\/2025\\\/rechazan-autoridades-aumento-de-desapariciones-forzadas-lo-atribuyen-a-percepcion\\\/#article\",\"isPartOf\":{\"@id\":\"https:\\\/\\\/canal7slp.tv\\\/2025\\\/rechazan-autoridades-aumento-de-desapariciones-forzadas-lo-atribuyen-a-percepcion\\\/\"},\"author\":{\"name\":\"Edici\u00f3n Web\",\"@id\":\"https:\\\/\\\/canal7slp.tv\\\/2025\\\/#\\\/schema\\\/person\\\/271e2b60a96e7cc9d9ac296f4d7e414b\"},\"headline\":\"Rechazan autoridades aumento de desapariciones forzadas&#8230; lo atribuyen a percepci\u00f3n\",\"datePublished\":\"2025-02-01T15:31:02+00:00\",\"mainEntityOfPage\":{\"@id\":\"https:\\\/\\\/canal7slp.tv\\\/2025\\\/rechazan-autoridades-aumento-de-desapariciones-forzadas-lo-atribuyen-a-percepcion\\\/\"},\"wordCount\":230,\"publisher\":{\"@id\":\"https:\\\/\\\/canal7slp.tv\\\/2025\\\/#organization\"},\"image\":{\"@id\":\"https:\\\/\\\/canal7slp.tv\\\/2025\\\/rechazan-autoridades-aumento-de-desapariciones-forzadas-lo-atribuyen-a-percepcion\\\/#primaryimage\"},\"thumbnailUrl\":\"https:\\\/\\\/canal7slp.tv\\\/2025\\\/wp-content\\\/uploads\\\/2025\\\/02\\\/Xochi02Desapariciones.jpg\",\"articleSection\":[\"DESTACADAS\",\"INTERIOR DEL ESTADO\"],\"inLanguage\":\"es\"},{\"@type\":\"WebPage\",\"@id\":\"https:\\\/\\\/canal7slp.tv\\\/2025\\\/rechazan-autoridades-aumento-de-desapariciones-forzadas-lo-atribuyen-a-percepcion\\\/\",\"url\":\"https:\\\/\\\/canal7slp.tv\\\/2025\\\/rechazan-autoridades-aumento-de-desapariciones-forzadas-lo-atribuyen-a-percepcion\\\/\",\"name\":\"Rechazan autoridades aumento de desapariciones forzadas... lo atribuyen a percepci\u00f3n - Canal 7 SLP - 2025\",\"isPartOf\":{\"@id\":\"https:\\\/\\\/canal7slp.tv\\\/2025\\\/#website\"},\"primaryImageOfPage\":{\"@id\":\"https:\\\/\\\/canal7slp.tv\\\/2025\\\/rechazan-autoridades-aumento-de-desapariciones-forzadas-lo-atribuyen-a-percepcion\\\/#primaryimage\"},\"image\":{\"@id\":\"https:\\\/\\\/canal7slp.tv\\\/2025\\\/rechazan-autoridades-aumento-de-desapariciones-forzadas-lo-atribuyen-a-percepcion\\\/#primaryimage\"},\"thumbnailUrl\":\"https:\\\/\\\/canal7slp.tv\\\/2025\\\/wp-content\\\/uploads\\\/2025\\\/02\\\/Xochi02Desapariciones.jpg\",\"datePublished\":\"2025-02-01T15:31:02+00:00\",\"breadcrumb\":{\"@id\":\"https:\\\/\\\/canal7slp.tv\\\/2025\\\/rechazan-autoridades-aumento-de-desapariciones-forzadas-lo-atribuyen-a-percepcion\\\/#breadcrumb\"},\"inLanguage\":\"es\",\"potentialAction\":[{\"@type\":\"ReadAction\",\"target\":[\"https:\\\/\\\/canal7slp.tv\\\/2025\\\/rechazan-autoridades-aumento-de-desapariciones-forzadas-lo-atribuyen-a-percepcion\\\/\"]}]},{\"@type\":\"ImageObject\",\"inLanguage\":\"es\",\"@id\":\"https:\\\/\\\/canal7slp.tv\\\/2025\\\/rechazan-autoridades-aumento-de-desapariciones-forzadas-lo-atribuyen-a-percepcion\\\/#primaryimage\",\"url\":\"https:\\\/\\\/canal7slp.tv\\\/2025\\\/wp-content\\\/uploads\\\/2025\\\/02\\\/Xochi02Desapariciones.jpg\",\"contentUrl\":\"https:\\\/\\\/canal7slp.tv\\\/2025\\\/wp-content\\\/uploads\\\/2025\\\/02\\\/Xochi02Desapariciones.jpg\",\"width\":848,\"height\":480},{\"@type\":\"BreadcrumbList\",\"@id\":\"https:\\\/\\\/canal7slp.tv\\\/2025\\\/rechazan-autoridades-aumento-de-desapariciones-forzadas-lo-atribuyen-a-percepcion\\\/#breadcrumb\",\"itemListElement\":[{\"@type\":\"ListItem\",\"position\":1,\"name\":\"Portada\",\"item\":\"https:\\\/\\\/canal7slp.tv\\\/2025\\\/\"},{\"@type\":\"ListItem\",\"position\":2,\"name\":\"Rechazan autoridades aumento de desapariciones forzadas&#8230; lo atribuyen a percepci\u00f3n\"}]},{\"@type\":\"WebSite\",\"@id\":\"https:\\\/\\\/canal7slp.tv\\\/2025\\\/#website\",\"url\":\"https:\\\/\\\/canal7slp.tv\\\/2025\\\/\",\"name\":\"N7 - Noticieros Canal 7\",\"description\":\"Somos el Medio\",\"publisher\":{\"@id\":\"https:\\\/\\\/canal7slp.tv\\\/2025\\\/#organization\"},\"potentialAction\":[{\"@type\":\"SearchAction\",\"target\":{\"@type\":\"EntryPoint\",\"urlTemplate\":\"https:\\\/\\\/canal7slp.tv\\\/2025\\\/?s={search_term_string}\"},\"query-input\":{\"@type\":\"PropertyValueSpecification\",\"valueRequired\":true,\"valueName\":\"search_term_string\"}}],\"inLanguage\":\"es\"},{\"@type\":\"Organization\",\"@id\":\"https:\\\/\\\/canal7slp.tv\\\/2025\\\/#organization\",\"name\":\"Noticieros Canal 7\",\"url\":\"https:\\\/\\\/canal7slp.tv\\\/2025\\\/\",\"logo\":{\"@type\":\"ImageObject\",\"inLanguage\":\"es\",\"@id\":\"https:\\\/\\\/canal7slp.tv\\\/2025\\\/#\\\/schema\\\/logo\\\/image\\\/\",\"url\":\"https:\\\/\\\/canal7slp.tv\\\/2025\\\/wp-content\\\/uploads\\\/2021\\\/01\\\/logo-noticieros@2x.png\",\"contentUrl\":\"https:\\\/\\\/canal7slp.tv\\\/2025\\\/wp-content\\\/uploads\\\/2021\\\/01\\\/logo-noticieros@2x.png\",\"width\":1017,\"height\":268,\"caption\":\"Noticieros Canal 7\"},\"image\":{\"@id\":\"https:\\\/\\\/canal7slp.tv\\\/2025\\\/#\\\/schema\\\/logo\\\/image\\\/\"},\"sameAs\":[\"https:\\\/\\\/www.facebook.com\\\/noticieroscanal7atencionciudadana\\\/\",\"https:\\\/\\\/x.com\\\/NOTICIEROS7\",\"https:\\\/\\\/www.instagram.com\\\/canal7_slp\",\"https:\\\/\\\/www.youtube.com\\\/channel\\\/UCliiYs-gP3JfJeqdPrNdd5A\"]},{\"@type\":\"Person\",\"@id\":\"https:\\\/\\\/canal7slp.tv\\\/2025\\\/#\\\/schema\\\/person\\\/271e2b60a96e7cc9d9ac296f4d7e414b\",\"name\":\"Edici\u00f3n Web\",\"image\":{\"@type\":\"ImageObject\",\"inLanguage\":\"es\",\"@id\":\"https:\\\/\\\/secure.gravatar.com\\\/avatar\\\/eee448fc3f7164808013b816ba91ac7e43bbe82a70bebac296f8bc6f0addaa1a?s=96&d=mm&r=g\",\"url\":\"https:\\\/\\\/secure.gravatar.com\\\/avatar\\\/eee448fc3f7164808013b816ba91ac7e43bbe82a70bebac296f8bc6f0addaa1a?s=96&d=mm&r=g\",\"contentUrl\":\"https:\\\/\\\/secure.gravatar.com\\\/avatar\\\/eee448fc3f7164808013b816ba91ac7e43bbe82a70bebac296f8bc6f0addaa1a?s=96&d=mm&r=g\",\"caption\":\"Edici\u00f3n Web\"},\"url\":\"https:\\\/\\\/canal7slp.tv\\\/2025\\\/author\\\/edicionweb\\\/\"}]}<\/script>\n<!-- \/ Yoast SEO plugin. -->","yoast_head_json":{"title":"Rechazan autoridades aumento de desapariciones forzadas... lo atribuyen a percepci\u00f3n - Canal 7 SLP - 2025","robots":{"index":"index","follow":"follow","max-snippet":"max-snippet:-1","max-image-preview":"max-image-preview:large","max-video-preview":"max-video-preview:-1"},"canonical":"https:\/\/canal7slp.tv\/2025\/rechazan-autoridades-aumento-de-desapariciones-forzadas-lo-atribuyen-a-percepcion\/","og_locale":"es_ES","og_type":"article","og_title":"Rechazan autoridades aumento de desapariciones forzadas... lo atribuyen a percepci\u00f3n - Canal 7 SLP - 2025","og_description":"Rioverde.-\u00a0El titular de la Delegaci\u00f3n IV de la Fiscal\u00eda General del Estado en Rioverde, Francisco Montiel Villeda, inform\u00f3 en entrevista que, cuando menores de edad est\u00e1n involucrados en hechos delictivos, esta instancia se declara incompetente. Explic\u00f3 que la Fiscal\u00eda no cuenta con la especialidad para atender casos donde los menores enfrentan conflictos con la ley penal, por lo que deben ser canalizados a instancias correspondientes. Sobre el delito de desaparici\u00f3n forzada en la regi\u00f3n, asegur\u00f3 que el \u00edndice de casos se ha mantenido y no va en aumento, aunque reconoci\u00f3 que la percepci\u00f3n social podr\u00eda ser distinta. Lament\u00f3 que las [&hellip;]","og_url":"https:\/\/canal7slp.tv\/2025\/rechazan-autoridades-aumento-de-desapariciones-forzadas-lo-atribuyen-a-percepcion\/","og_site_name":"Canal 7 SLP - 2025","article_publisher":"https:\/\/www.facebook.com\/noticieroscanal7atencionciudadana\/","article_published_time":"2025-02-01T15:31:02+00:00","og_image":[{"width":848,"height":480,"url":"https:\/\/canal7slp.tv\/2025\/wp-content\/uploads\/2025\/02\/Xochi02Desapariciones.jpg","type":"image\/jpeg"}],"author":"Edici\u00f3n Web","twitter_card":"summary_large_image","twitter_creator":"@NOTICIEROS7","twitter_site":"@NOTICIEROS7","twitter_misc":{"Escrito por":"Edici\u00f3n Web","Tiempo de lectura":"2 minutos"},"schema":{"@context":"https:\/\/schema.org","@graph":[{"@type":"Article","@id":"https:\/\/canal7slp.tv\/2025\/rechazan-autoridades-aumento-de-desapariciones-forzadas-lo-atribuyen-a-percepcion\/#article","isPartOf":{"@id":"https:\/\/canal7slp.tv\/2025\/rechazan-autoridades-aumento-de-desapariciones-forzadas-lo-atribuyen-a-percepcion\/"},"author":{"name":"Edici\u00f3n Web","@id":"https:\/\/canal7slp.tv\/2025\/#\/schema\/person\/271e2b60a96e7cc9d9ac296f4d7e414b"},"headline":"Rechazan autoridades aumento de desapariciones forzadas&#8230; lo atribuyen a percepci\u00f3n","datePublished":"2025-02-01T15:31:02+00:00","mainEntityOfPage":{"@id":"https:\/\/canal7slp.tv\/2025\/rechazan-autoridades-aumento-de-desapariciones-forzadas-lo-atribuyen-a-percepcion\/"},"wordCount":230,"publisher":{"@id":"https:\/\/canal7slp.tv\/2025\/#organization"},"image":{"@id":"https:\/\/canal7slp.tv\/2025\/rechazan-autoridades-aumento-de-desapariciones-forzadas-lo-atribuyen-a-percepcion\/#primaryimage"},"thumbnailUrl":"https:\/\/canal7slp.tv\/2025\/wp-content\/uploads\/2025\/02\/Xochi02Desapariciones.jpg","articleSection":["DESTACADAS","INTERIOR DEL ESTADO"],"inLanguage":"es"},{"@type":"WebPage","@id":"https:\/\/canal7slp.tv\/2025\/rechazan-autoridades-aumento-de-desapariciones-forzadas-lo-atribuyen-a-percepcion\/","url":"https:\/\/canal7slp.tv\/2025\/rechazan-autoridades-aumento-de-desapariciones-forzadas-lo-atribuyen-a-percepcion\/","name":"Rechazan autoridades aumento de desapariciones forzadas... lo atribuyen a percepci\u00f3n - Canal 7 SLP - 2025","isPartOf":{"@id":"https:\/\/canal7slp.tv\/2025\/#website"},"primaryImageOfPage":{"@id":"https:\/\/canal7slp.tv\/2025\/rechazan-autoridades-aumento-de-desapariciones-forzadas-lo-atribuyen-a-percepcion\/#primaryimage"},"image":{"@id":"https:\/\/canal7slp.tv\/2025\/rechazan-autoridades-aumento-de-desapariciones-forzadas-lo-atribuyen-a-percepcion\/#primaryimage"},"thumbnailUrl":"https:\/\/canal7slp.tv\/2025\/wp-content\/uploads\/2025\/02\/Xochi02Desapariciones.jpg","datePublished":"2025-02-01T15:31:02+00:00","breadcrumb":{"@id":"https:\/\/canal7slp.tv\/2025\/rechazan-autoridades-aumento-de-desapariciones-forzadas-lo-atribuyen-a-percepcion\/#breadcrumb"},"inLanguage":"es","potentialAction":[{"@type":"ReadAction","target":["https:\/\/canal7slp.tv\/2025\/rechazan-autoridades-aumento-de-desapariciones-forzadas-lo-atribuyen-a-percepcion\/"]}]},{"@type":"ImageObject","inLanguage":"es","@id":"https:\/\/canal7slp.tv\/2025\/rechazan-autoridades-aumento-de-desapariciones-forzadas-lo-atribuyen-a-percepcion\/#primaryimage","url":"https:\/\/canal7slp.tv\/2025\/wp-content\/uploads\/2025\/02\/Xochi02Desapariciones.jpg","contentUrl":"https:\/\/canal7slp.tv\/2025\/wp-content\/uploads\/2025\/02\/Xochi02Desapariciones.jpg","width":848,"height":480},{"@type":"BreadcrumbList","@id":"https:\/\/canal7slp.tv\/2025\/rechazan-autoridades-aumento-de-desapariciones-forzadas-lo-atribuyen-a-percepcion\/#breadcrumb","itemListElement":[{"@type":"ListItem","position":1,"name":"Portada","item":"https:\/\/canal7slp.tv\/2025\/"},{"@type":"ListItem","position":2,"name":"Rechazan autoridades aumento de desapariciones forzadas&#8230; lo atribuyen a percepci\u00f3n"}]},{"@type":"WebSite","@id":"https:\/\/canal7slp.tv\/2025\/#website","url":"https:\/\/canal7slp.tv\/2025\/","name":"N7 - Noticieros Canal 7","description":"Somos el Medio","publisher":{"@id":"https:\/\/canal7slp.tv\/2025\/#organization"},"potentialAction":[{"@type":"SearchAction","target":{"@type":"EntryPoint","urlTemplate":"https:\/\/canal7slp.tv\/2025\/?s={search_term_string}"},"query-input":{"@type":"PropertyValueSpecification","valueRequired":true,"valueName":"search_term_string"}}],"inLanguage":"es"},{"@type":"Organization","@id":"https:\/\/canal7slp.tv\/2025\/#organization","name":"Noticieros Canal 7","url":"https:\/\/canal7slp.tv\/2025\/","logo":{"@type":"ImageObject","inLanguage":"es","@id":"https:\/\/canal7slp.tv\/2025\/#\/schema\/logo\/image\/","url":"https:\/\/canal7slp.tv\/2025\/wp-content\/uploads\/2021\/01\/logo-noticieros@2x.png","contentUrl":"https:\/\/canal7slp.tv\/2025\/wp-content\/uploads\/2021\/01\/logo-noticieros@2x.png","width":1017,"height":268,"caption":"Noticieros Canal 7"},"image":{"@id":"https:\/\/canal7slp.tv\/2025\/#\/schema\/logo\/image\/"},"sameAs":["https:\/\/www.facebook.com\/noticieroscanal7atencionciudadana\/","https:\/\/x.com\/NOTICIEROS7","https:\/\/www.instagram.com\/canal7_slp","https:\/\/www.youtube.com\/channel\/UCliiYs-gP3JfJeqdPrNdd5A"]},{"@type":"Person","@id":"https:\/\/canal7slp.tv\/2025\/#\/schema\/person\/271e2b60a96e7cc9d9ac296f4d7e414b","name":"Edici\u00f3n Web","image":{"@type":"ImageObject","inLanguage":"es","@id":"https:\/\/secure.gravatar.com\/avatar\/eee448fc3f7164808013b816ba91ac7e43bbe82a70bebac296f8bc6f0addaa1a?s=96&d=mm&r=g","url":"https:\/\/secure.gravatar.com\/avatar\/eee448fc3f7164808013b816ba91ac7e43bbe82a70bebac296f8bc6f0addaa1a?s=96&d=mm&r=g","contentUrl":"https:\/\/secure.gravatar.com\/avatar\/eee448fc3f7164808013b816ba91ac7e43bbe82a70bebac296f8bc6f0addaa1a?s=96&d=mm&r=g","caption":"Edici\u00f3n Web"},"url":"https:\/\/canal7slp.tv\/2025\/author\/edicionweb\/"}]}},"_links":{"self":[{"href":"https:\/\/canal7slp.tv\/2025\/wp-json\/wp\/v2\/posts\/156328","targetHints":{"allow":["GET"]}}],"collection":[{"href":"https:\/\/canal7slp.tv\/2025\/wp-json\/wp\/v2\/posts"}],"about":[{"href":"https:\/\/canal7slp.tv\/2025\/wp-json\/wp\/v2\/types\/post"}],"author":[{"embeddable":true,"href":"https:\/\/canal7slp.tv\/2025\/wp-json\/wp\/v2\/users\/2"}],"replies":[{"embeddable":true,"href":"https:\/\/canal7slp.tv\/2025\/wp-json\/wp\/v2\/comments?post=156328"}],"version-history":[{"count":1,"href":"https:\/\/canal7slp.tv\/2025\/wp-json\/wp\/v2\/posts\/156328\/revisions"}],"predecessor-version":[{"id":156331,"href":"https:\/\/canal7slp.tv\/2025\/wp-json\/wp\/v2\/posts\/156328\/revisions\/156331"}],"wp:featuredmedia":[{"embeddable":true,"href":"https:\/\/canal7slp.tv\/2025\/wp-json\/wp\/v2\/media\/156330"}],"wp:attachment":[{"href":"https:\/\/canal7slp.tv\/2025\/wp-json\/wp\/v2\/media?parent=156328"}],"wp:term":[{"taxonomy":"category","embeddable":true,"href":"https:\/\/canal7slp.tv\/2025\/wp-json\/wp\/v2\/categories?post=156328"},{"taxonomy":"post_tag","embeddable":true,"href":"https:\/\/canal7slp.tv\/2025\/wp-json\/wp\/v2\/tags?post=156328"}],"curies":[{"name":"wp","href":"https:\/\/api.w.org\/{rel}","templated":true}]}}