{"id":156321,"date":"2025-02-01T08:50:31","date_gmt":"2025-02-01T14:50:31","guid":{"rendered":"https:\/\/canal7slp.tv\/2025\/?p=156321"},"modified":"2025-02-01T08:50:31","modified_gmt":"2025-02-01T14:50:31","slug":"atan-y-torturan-a-alumno-de-telesecundaria-en-rioverde","status":"publish","type":"post","link":"https:\/\/canal7slp.tv\/2025\/atan-y-torturan-a-alumno-de-telesecundaria-en-rioverde\/","title":{"rendered":"Atan y torturan a alumno de Telesecundaria en Rioverde"},"content":{"rendered":"<p style=\"text-align: justify;\">Rioverde.- El caso de bullying sufrido por un estudiante de la telesecundaria Plan de Ayala, ubicada en la colonia Isla de San Pablo en Rioverde, ha generado gran impacto p\u00fablico. La madre del menor afectado busc\u00f3 insistentemente que las autoridades educativas tomar\u00e1n medidas, pero sus denuncias fueron minimizadas. En lugar de proteger al estudiante, la \u00fanica recomendaci\u00f3n que recibi\u00f3 por parte del director fue cambiarlo de escuela.<\/p>\n<p style=\"text-align: justify;\">Mientras tanto, los agresores continuaban con la violencia, grabando y difundiendo en TikTok y en otras redes sociales sus ataques. Uno de los videos m\u00e1s alarmantes muestra c\u00f3mo ataron de pies, manos y boca al adolescente, con cinta, lo golpearon y lo amenazaron con unas tijeras.<\/p>\n<p style=\"text-align: justify;\">Las im\u00e1genes confirman lo que la madre hab\u00eda denunciado ante la maestra de grupo y el director del plantel: las agresiones no solo aumentaron en intensidad, sino que tambi\u00e9n incluyeron violencia sexual.<\/p>\n<p style=\"text-align: justify;\">Expuso que su hijo fue encerrado en los ba\u00f1os de la escuela, donde sus agresores le bajaron los pantalones y lo atacaban mientras lo amenazaban con las mismas tijeras que se muestran en los videos. A pesar de la gravedad de los hechos, las autoridades escolares continuaron ignorando el problema e incluso intentaron silenciar a la madre para que no hablara con los medios de comunicaci\u00f3n.<\/p>\n<p style=\"text-align: justify;\">Lejos de ceder ante las amenazas, la madre decidi\u00f3 hacer p\u00fablico el caso en medios locales, estatales y nacionales, medida que ayud\u00f3 para que las autoridades del estado mediante diferentes instancias dieran el seguimiento oportuno.<\/p>\n<p style=\"text-align: justify;\">Mediante un comunicado oficial el secretario de gobierno, J. Guadalupe Torres S\u00e1nchez, inform\u00f3 la suspensi\u00f3n temporal de la maestra encargada del grupo para realizar una investigaci\u00f3n interna, la reubicaci\u00f3n de los estudiantes agresores en otras escuelas para garantizar su derecho a la educaci\u00f3n, y el acompa\u00f1amiento psicol\u00f3gico al menor afectado. Adem\u00e1s, se inici\u00f3 una carpeta de investigaci\u00f3n que ser\u00e1 turnada a la Fiscal\u00eda General del Estado (FGE) para su seguimiento.<\/p>\n<p style=\"text-align: justify;\">Por: X\u00f3chitl Morales Castro.<\/p>\n","protected":false},"excerpt":{"rendered":"<p>Rioverde.- El caso de bullying sufrido por un estudiante de la telesecundaria Plan de Ayala, ubicada en la colonia Isla de San Pablo en Rioverde, ha generado gran impacto p\u00fablico. La madre del menor afectado busc\u00f3 insistentemente que las autoridades educativas tomar\u00e1n medidas, pero sus denuncias fueron minimizadas. En lugar de proteger al estudiante, la \u00fanica recomendaci\u00f3n que recibi\u00f3 por parte del director fue cambiarlo de escuela. Mientras tanto, los agresores continuaban con la violencia, grabando y difundiendo en TikTok y en otras redes sociales sus ataques. Uno de los videos m\u00e1s alarmantes muestra c\u00f3mo ataron de pies, manos y [&hellip;]<\/p>\n","protected":false},"author":2,"featured_media":156323,"comment_status":"closed","ping_status":"closed","sticky":false,"template":"","format":"video","meta":{"_monsterinsights_skip_tracking":false,"_monsterinsights_sitenote_active":false,"_monsterinsights_sitenote_note":"","_monsterinsights_sitenote_category":0,"footnotes":""},"categories":[746,5,43],"tags":[],"class_list":["post-156321","post","type-post","status-publish","format-video","has-post-thumbnail","hentry","category-ayorio","category-destacadas","category-interior","post_format-post-format-video","post--single"],"yoast_head":"<!-- This site is optimized with the Yoast SEO plugin v27.5 - https:\/\/yoast.com\/product\/yoast-seo-wordpress\/ -->\n<title>Atan y torturan a alumno de Telesecundaria en Rioverde - Canal 7 SLP - 2025<\/title>\n<meta name=\"robots\" content=\"index, follow, max-snippet:-1, max-image-preview:large, max-video-preview:-1\" \/>\n<link rel=\"canonical\" href=\"https:\/\/canal7slp.tv\/2025\/atan-y-torturan-a-alumno-de-telesecundaria-en-rioverde\/\" \/>\n<meta property=\"og:locale\" content=\"es_ES\" \/>\n<meta property=\"og:type\" content=\"article\" \/>\n<meta property=\"og:title\" content=\"Atan y torturan a alumno de Telesecundaria en Rioverde - Canal 7 SLP - 2025\" \/>\n<meta property=\"og:description\" content=\"Rioverde.- El caso de bullying sufrido por un estudiante de la telesecundaria Plan de Ayala, ubicada en la colonia Isla de San Pablo en Rioverde, ha generado gran impacto p\u00fablico. La madre del menor afectado busc\u00f3 insistentemente que las autoridades educativas tomar\u00e1n medidas, pero sus denuncias fueron minimizadas. En lugar de proteger al estudiante, la \u00fanica recomendaci\u00f3n que recibi\u00f3 por parte del director fue cambiarlo de escuela. Mientras tanto, los agresores continuaban con la violencia, grabando y difundiendo en TikTok y en otras redes sociales sus ataques. Uno de los videos m\u00e1s alarmantes muestra c\u00f3mo ataron de pies, manos y [&hellip;]\" \/>\n<meta property=\"og:url\" content=\"https:\/\/canal7slp.tv\/2025\/atan-y-torturan-a-alumno-de-telesecundaria-en-rioverde\/\" \/>\n<meta property=\"og:site_name\" content=\"Canal 7 SLP - 2025\" \/>\n<meta property=\"article:publisher\" content=\"https:\/\/www.facebook.com\/noticieroscanal7atencionciudadana\/\" \/>\n<meta property=\"article:published_time\" content=\"2025-02-01T14:50:31+00:00\" \/>\n<meta property=\"og:image\" content=\"https:\/\/canal7slp.tv\/2025\/wp-content\/uploads\/2025\/02\/Xochi01Bullying.jpg\" \/>\n\t<meta property=\"og:image:width\" content=\"1280\" \/>\n\t<meta property=\"og:image:height\" content=\"720\" \/>\n\t<meta property=\"og:image:type\" content=\"image\/jpeg\" \/>\n<meta name=\"author\" content=\"Edici\u00f3n Web\" \/>\n<meta name=\"twitter:card\" content=\"summary_large_image\" \/>\n<meta name=\"twitter:creator\" content=\"@NOTICIEROS7\" \/>\n<meta name=\"twitter:site\" content=\"@NOTICIEROS7\" \/>\n<meta name=\"twitter:label1\" content=\"Escrito por\" \/>\n\t<meta name=\"twitter:data1\" content=\"Edici\u00f3n Web\" \/>\n\t<meta name=\"twitter:label2\" content=\"Tiempo de lectura\" \/>\n\t<meta name=\"twitter:data2\" content=\"2 minutos\" \/>\n<script type=\"application\/ld+json\" class=\"yoast-schema-graph\">{\"@context\":\"https:\\\/\\\/schema.org\",\"@graph\":[{\"@type\":\"Article\",\"@id\":\"https:\\\/\\\/canal7slp.tv\\\/2025\\\/atan-y-torturan-a-alumno-de-telesecundaria-en-rioverde\\\/#article\",\"isPartOf\":{\"@id\":\"https:\\\/\\\/canal7slp.tv\\\/2025\\\/atan-y-torturan-a-alumno-de-telesecundaria-en-rioverde\\\/\"},\"author\":{\"name\":\"Edici\u00f3n Web\",\"@id\":\"https:\\\/\\\/canal7slp.tv\\\/2025\\\/#\\\/schema\\\/person\\\/271e2b60a96e7cc9d9ac296f4d7e414b\"},\"headline\":\"Atan y torturan a alumno de Telesecundaria en Rioverde\",\"datePublished\":\"2025-02-01T14:50:31+00:00\",\"mainEntityOfPage\":{\"@id\":\"https:\\\/\\\/canal7slp.tv\\\/2025\\\/atan-y-torturan-a-alumno-de-telesecundaria-en-rioverde\\\/\"},\"wordCount\":352,\"publisher\":{\"@id\":\"https:\\\/\\\/canal7slp.tv\\\/2025\\\/#organization\"},\"image\":{\"@id\":\"https:\\\/\\\/canal7slp.tv\\\/2025\\\/atan-y-torturan-a-alumno-de-telesecundaria-en-rioverde\\\/#primaryimage\"},\"thumbnailUrl\":\"https:\\\/\\\/canal7slp.tv\\\/2025\\\/wp-content\\\/uploads\\\/2025\\\/02\\\/Xochi01Bullying.jpg\",\"articleSection\":[\"AYORIO\",\"DESTACADAS\",\"INTERIOR DEL ESTADO\"],\"inLanguage\":\"es\"},{\"@type\":\"WebPage\",\"@id\":\"https:\\\/\\\/canal7slp.tv\\\/2025\\\/atan-y-torturan-a-alumno-de-telesecundaria-en-rioverde\\\/\",\"url\":\"https:\\\/\\\/canal7slp.tv\\\/2025\\\/atan-y-torturan-a-alumno-de-telesecundaria-en-rioverde\\\/\",\"name\":\"Atan y torturan a alumno de Telesecundaria en Rioverde - Canal 7 SLP - 2025\",\"isPartOf\":{\"@id\":\"https:\\\/\\\/canal7slp.tv\\\/2025\\\/#website\"},\"primaryImageOfPage\":{\"@id\":\"https:\\\/\\\/canal7slp.tv\\\/2025\\\/atan-y-torturan-a-alumno-de-telesecundaria-en-rioverde\\\/#primaryimage\"},\"image\":{\"@id\":\"https:\\\/\\\/canal7slp.tv\\\/2025\\\/atan-y-torturan-a-alumno-de-telesecundaria-en-rioverde\\\/#primaryimage\"},\"thumbnailUrl\":\"https:\\\/\\\/canal7slp.tv\\\/2025\\\/wp-content\\\/uploads\\\/2025\\\/02\\\/Xochi01Bullying.jpg\",\"datePublished\":\"2025-02-01T14:50:31+00:00\",\"breadcrumb\":{\"@id\":\"https:\\\/\\\/canal7slp.tv\\\/2025\\\/atan-y-torturan-a-alumno-de-telesecundaria-en-rioverde\\\/#breadcrumb\"},\"inLanguage\":\"es\",\"potentialAction\":[{\"@type\":\"ReadAction\",\"target\":[\"https:\\\/\\\/canal7slp.tv\\\/2025\\\/atan-y-torturan-a-alumno-de-telesecundaria-en-rioverde\\\/\"]}]},{\"@type\":\"ImageObject\",\"inLanguage\":\"es\",\"@id\":\"https:\\\/\\\/canal7slp.tv\\\/2025\\\/atan-y-torturan-a-alumno-de-telesecundaria-en-rioverde\\\/#primaryimage\",\"url\":\"https:\\\/\\\/canal7slp.tv\\\/2025\\\/wp-content\\\/uploads\\\/2025\\\/02\\\/Xochi01Bullying.jpg\",\"contentUrl\":\"https:\\\/\\\/canal7slp.tv\\\/2025\\\/wp-content\\\/uploads\\\/2025\\\/02\\\/Xochi01Bullying.jpg\",\"width\":1280,\"height\":720},{\"@type\":\"BreadcrumbList\",\"@id\":\"https:\\\/\\\/canal7slp.tv\\\/2025\\\/atan-y-torturan-a-alumno-de-telesecundaria-en-rioverde\\\/#breadcrumb\",\"itemListElement\":[{\"@type\":\"ListItem\",\"position\":1,\"name\":\"Portada\",\"item\":\"https:\\\/\\\/canal7slp.tv\\\/2025\\\/\"},{\"@type\":\"ListItem\",\"position\":2,\"name\":\"Atan y torturan a alumno de Telesecundaria en Rioverde\"}]},{\"@type\":\"WebSite\",\"@id\":\"https:\\\/\\\/canal7slp.tv\\\/2025\\\/#website\",\"url\":\"https:\\\/\\\/canal7slp.tv\\\/2025\\\/\",\"name\":\"N7 - Noticieros Canal 7\",\"description\":\"Somos el Medio\",\"publisher\":{\"@id\":\"https:\\\/\\\/canal7slp.tv\\\/2025\\\/#organization\"},\"potentialAction\":[{\"@type\":\"SearchAction\",\"target\":{\"@type\":\"EntryPoint\",\"urlTemplate\":\"https:\\\/\\\/canal7slp.tv\\\/2025\\\/?s={search_term_string}\"},\"query-input\":{\"@type\":\"PropertyValueSpecification\",\"valueRequired\":true,\"valueName\":\"search_term_string\"}}],\"inLanguage\":\"es\"},{\"@type\":\"Organization\",\"@id\":\"https:\\\/\\\/canal7slp.tv\\\/2025\\\/#organization\",\"name\":\"Noticieros Canal 7\",\"url\":\"https:\\\/\\\/canal7slp.tv\\\/2025\\\/\",\"logo\":{\"@type\":\"ImageObject\",\"inLanguage\":\"es\",\"@id\":\"https:\\\/\\\/canal7slp.tv\\\/2025\\\/#\\\/schema\\\/logo\\\/image\\\/\",\"url\":\"https:\\\/\\\/canal7slp.tv\\\/2025\\\/wp-content\\\/uploads\\\/2021\\\/01\\\/logo-noticieros@2x.png\",\"contentUrl\":\"https:\\\/\\\/canal7slp.tv\\\/2025\\\/wp-content\\\/uploads\\\/2021\\\/01\\\/logo-noticieros@2x.png\",\"width\":1017,\"height\":268,\"caption\":\"Noticieros Canal 7\"},\"image\":{\"@id\":\"https:\\\/\\\/canal7slp.tv\\\/2025\\\/#\\\/schema\\\/logo\\\/image\\\/\"},\"sameAs\":[\"https:\\\/\\\/www.facebook.com\\\/noticieroscanal7atencionciudadana\\\/\",\"https:\\\/\\\/x.com\\\/NOTICIEROS7\",\"https:\\\/\\\/www.instagram.com\\\/canal7_slp\",\"https:\\\/\\\/www.youtube.com\\\/channel\\\/UCliiYs-gP3JfJeqdPrNdd5A\"]},{\"@type\":\"Person\",\"@id\":\"https:\\\/\\\/canal7slp.tv\\\/2025\\\/#\\\/schema\\\/person\\\/271e2b60a96e7cc9d9ac296f4d7e414b\",\"name\":\"Edici\u00f3n Web\",\"image\":{\"@type\":\"ImageObject\",\"inLanguage\":\"es\",\"@id\":\"https:\\\/\\\/secure.gravatar.com\\\/avatar\\\/eee448fc3f7164808013b816ba91ac7e43bbe82a70bebac296f8bc6f0addaa1a?s=96&d=mm&r=g\",\"url\":\"https:\\\/\\\/secure.gravatar.com\\\/avatar\\\/eee448fc3f7164808013b816ba91ac7e43bbe82a70bebac296f8bc6f0addaa1a?s=96&d=mm&r=g\",\"contentUrl\":\"https:\\\/\\\/secure.gravatar.com\\\/avatar\\\/eee448fc3f7164808013b816ba91ac7e43bbe82a70bebac296f8bc6f0addaa1a?s=96&d=mm&r=g\",\"caption\":\"Edici\u00f3n Web\"},\"url\":\"https:\\\/\\\/canal7slp.tv\\\/2025\\\/author\\\/edicionweb\\\/\"}]}<\/script>\n<!-- \/ Yoast SEO plugin. -->","yoast_head_json":{"title":"Atan y torturan a alumno de Telesecundaria en Rioverde - Canal 7 SLP - 2025","robots":{"index":"index","follow":"follow","max-snippet":"max-snippet:-1","max-image-preview":"max-image-preview:large","max-video-preview":"max-video-preview:-1"},"canonical":"https:\/\/canal7slp.tv\/2025\/atan-y-torturan-a-alumno-de-telesecundaria-en-rioverde\/","og_locale":"es_ES","og_type":"article","og_title":"Atan y torturan a alumno de Telesecundaria en Rioverde - Canal 7 SLP - 2025","og_description":"Rioverde.- El caso de bullying sufrido por un estudiante de la telesecundaria Plan de Ayala, ubicada en la colonia Isla de San Pablo en Rioverde, ha generado gran impacto p\u00fablico. La madre del menor afectado busc\u00f3 insistentemente que las autoridades educativas tomar\u00e1n medidas, pero sus denuncias fueron minimizadas. En lugar de proteger al estudiante, la \u00fanica recomendaci\u00f3n que recibi\u00f3 por parte del director fue cambiarlo de escuela. Mientras tanto, los agresores continuaban con la violencia, grabando y difundiendo en TikTok y en otras redes sociales sus ataques. Uno de los videos m\u00e1s alarmantes muestra c\u00f3mo ataron de pies, manos y [&hellip;]","og_url":"https:\/\/canal7slp.tv\/2025\/atan-y-torturan-a-alumno-de-telesecundaria-en-rioverde\/","og_site_name":"Canal 7 SLP - 2025","article_publisher":"https:\/\/www.facebook.com\/noticieroscanal7atencionciudadana\/","article_published_time":"2025-02-01T14:50:31+00:00","og_image":[{"width":1280,"height":720,"url":"https:\/\/canal7slp.tv\/2025\/wp-content\/uploads\/2025\/02\/Xochi01Bullying.jpg","type":"image\/jpeg"}],"author":"Edici\u00f3n Web","twitter_card":"summary_large_image","twitter_creator":"@NOTICIEROS7","twitter_site":"@NOTICIEROS7","twitter_misc":{"Escrito por":"Edici\u00f3n Web","Tiempo de lectura":"2 minutos"},"schema":{"@context":"https:\/\/schema.org","@graph":[{"@type":"Article","@id":"https:\/\/canal7slp.tv\/2025\/atan-y-torturan-a-alumno-de-telesecundaria-en-rioverde\/#article","isPartOf":{"@id":"https:\/\/canal7slp.tv\/2025\/atan-y-torturan-a-alumno-de-telesecundaria-en-rioverde\/"},"author":{"name":"Edici\u00f3n Web","@id":"https:\/\/canal7slp.tv\/2025\/#\/schema\/person\/271e2b60a96e7cc9d9ac296f4d7e414b"},"headline":"Atan y torturan a alumno de Telesecundaria en Rioverde","datePublished":"2025-02-01T14:50:31+00:00","mainEntityOfPage":{"@id":"https:\/\/canal7slp.tv\/2025\/atan-y-torturan-a-alumno-de-telesecundaria-en-rioverde\/"},"wordCount":352,"publisher":{"@id":"https:\/\/canal7slp.tv\/2025\/#organization"},"image":{"@id":"https:\/\/canal7slp.tv\/2025\/atan-y-torturan-a-alumno-de-telesecundaria-en-rioverde\/#primaryimage"},"thumbnailUrl":"https:\/\/canal7slp.tv\/2025\/wp-content\/uploads\/2025\/02\/Xochi01Bullying.jpg","articleSection":["AYORIO","DESTACADAS","INTERIOR DEL ESTADO"],"inLanguage":"es"},{"@type":"WebPage","@id":"https:\/\/canal7slp.tv\/2025\/atan-y-torturan-a-alumno-de-telesecundaria-en-rioverde\/","url":"https:\/\/canal7slp.tv\/2025\/atan-y-torturan-a-alumno-de-telesecundaria-en-rioverde\/","name":"Atan y torturan a alumno de Telesecundaria en Rioverde - Canal 7 SLP - 2025","isPartOf":{"@id":"https:\/\/canal7slp.tv\/2025\/#website"},"primaryImageOfPage":{"@id":"https:\/\/canal7slp.tv\/2025\/atan-y-torturan-a-alumno-de-telesecundaria-en-rioverde\/#primaryimage"},"image":{"@id":"https:\/\/canal7slp.tv\/2025\/atan-y-torturan-a-alumno-de-telesecundaria-en-rioverde\/#primaryimage"},"thumbnailUrl":"https:\/\/canal7slp.tv\/2025\/wp-content\/uploads\/2025\/02\/Xochi01Bullying.jpg","datePublished":"2025-02-01T14:50:31+00:00","breadcrumb":{"@id":"https:\/\/canal7slp.tv\/2025\/atan-y-torturan-a-alumno-de-telesecundaria-en-rioverde\/#breadcrumb"},"inLanguage":"es","potentialAction":[{"@type":"ReadAction","target":["https:\/\/canal7slp.tv\/2025\/atan-y-torturan-a-alumno-de-telesecundaria-en-rioverde\/"]}]},{"@type":"ImageObject","inLanguage":"es","@id":"https:\/\/canal7slp.tv\/2025\/atan-y-torturan-a-alumno-de-telesecundaria-en-rioverde\/#primaryimage","url":"https:\/\/canal7slp.tv\/2025\/wp-content\/uploads\/2025\/02\/Xochi01Bullying.jpg","contentUrl":"https:\/\/canal7slp.tv\/2025\/wp-content\/uploads\/2025\/02\/Xochi01Bullying.jpg","width":1280,"height":720},{"@type":"BreadcrumbList","@id":"https:\/\/canal7slp.tv\/2025\/atan-y-torturan-a-alumno-de-telesecundaria-en-rioverde\/#breadcrumb","itemListElement":[{"@type":"ListItem","position":1,"name":"Portada","item":"https:\/\/canal7slp.tv\/2025\/"},{"@type":"ListItem","position":2,"name":"Atan y torturan a alumno de Telesecundaria en Rioverde"}]},{"@type":"WebSite","@id":"https:\/\/canal7slp.tv\/2025\/#website","url":"https:\/\/canal7slp.tv\/2025\/","name":"N7 - Noticieros Canal 7","description":"Somos el Medio","publisher":{"@id":"https:\/\/canal7slp.tv\/2025\/#organization"},"potentialAction":[{"@type":"SearchAction","target":{"@type":"EntryPoint","urlTemplate":"https:\/\/canal7slp.tv\/2025\/?s={search_term_string}"},"query-input":{"@type":"PropertyValueSpecification","valueRequired":true,"valueName":"search_term_string"}}],"inLanguage":"es"},{"@type":"Organization","@id":"https:\/\/canal7slp.tv\/2025\/#organization","name":"Noticieros Canal 7","url":"https:\/\/canal7slp.tv\/2025\/","logo":{"@type":"ImageObject","inLanguage":"es","@id":"https:\/\/canal7slp.tv\/2025\/#\/schema\/logo\/image\/","url":"https:\/\/canal7slp.tv\/2025\/wp-content\/uploads\/2021\/01\/logo-noticieros@2x.png","contentUrl":"https:\/\/canal7slp.tv\/2025\/wp-content\/uploads\/2021\/01\/logo-noticieros@2x.png","width":1017,"height":268,"caption":"Noticieros Canal 7"},"image":{"@id":"https:\/\/canal7slp.tv\/2025\/#\/schema\/logo\/image\/"},"sameAs":["https:\/\/www.facebook.com\/noticieroscanal7atencionciudadana\/","https:\/\/x.com\/NOTICIEROS7","https:\/\/www.instagram.com\/canal7_slp","https:\/\/www.youtube.com\/channel\/UCliiYs-gP3JfJeqdPrNdd5A"]},{"@type":"Person","@id":"https:\/\/canal7slp.tv\/2025\/#\/schema\/person\/271e2b60a96e7cc9d9ac296f4d7e414b","name":"Edici\u00f3n Web","image":{"@type":"ImageObject","inLanguage":"es","@id":"https:\/\/secure.gravatar.com\/avatar\/eee448fc3f7164808013b816ba91ac7e43bbe82a70bebac296f8bc6f0addaa1a?s=96&d=mm&r=g","url":"https:\/\/secure.gravatar.com\/avatar\/eee448fc3f7164808013b816ba91ac7e43bbe82a70bebac296f8bc6f0addaa1a?s=96&d=mm&r=g","contentUrl":"https:\/\/secure.gravatar.com\/avatar\/eee448fc3f7164808013b816ba91ac7e43bbe82a70bebac296f8bc6f0addaa1a?s=96&d=mm&r=g","caption":"Edici\u00f3n Web"},"url":"https:\/\/canal7slp.tv\/2025\/author\/edicionweb\/"}]}},"_links":{"self":[{"href":"https:\/\/canal7slp.tv\/2025\/wp-json\/wp\/v2\/posts\/156321","targetHints":{"allow":["GET"]}}],"collection":[{"href":"https:\/\/canal7slp.tv\/2025\/wp-json\/wp\/v2\/posts"}],"about":[{"href":"https:\/\/canal7slp.tv\/2025\/wp-json\/wp\/v2\/types\/post"}],"author":[{"embeddable":true,"href":"https:\/\/canal7slp.tv\/2025\/wp-json\/wp\/v2\/users\/2"}],"replies":[{"embeddable":true,"href":"https:\/\/canal7slp.tv\/2025\/wp-json\/wp\/v2\/comments?post=156321"}],"version-history":[{"count":1,"href":"https:\/\/canal7slp.tv\/2025\/wp-json\/wp\/v2\/posts\/156321\/revisions"}],"predecessor-version":[{"id":156324,"href":"https:\/\/canal7slp.tv\/2025\/wp-json\/wp\/v2\/posts\/156321\/revisions\/156324"}],"wp:featuredmedia":[{"embeddable":true,"href":"https:\/\/canal7slp.tv\/2025\/wp-json\/wp\/v2\/media\/156323"}],"wp:attachment":[{"href":"https:\/\/canal7slp.tv\/2025\/wp-json\/wp\/v2\/media?parent=156321"}],"wp:term":[{"taxonomy":"category","embeddable":true,"href":"https:\/\/canal7slp.tv\/2025\/wp-json\/wp\/v2\/categories?post=156321"},{"taxonomy":"post_tag","embeddable":true,"href":"https:\/\/canal7slp.tv\/2025\/wp-json\/wp\/v2\/tags?post=156321"}],"curies":[{"name":"wp","href":"https:\/\/api.w.org\/{rel}","templated":true}]}}