{"id":156242,"date":"2025-01-31T14:39:14","date_gmt":"2025-01-31T20:39:14","guid":{"rendered":"https:\/\/canal7slp.tv\/2025\/?p=156242"},"modified":"2025-01-31T14:39:14","modified_gmt":"2025-01-31T20:39:14","slug":"nueve-paises-crean-el-grupo-de-la-haya-para-enfrentar-crimenes-en-gaza","status":"publish","type":"post","link":"https:\/\/canal7slp.tv\/2025\/nueve-paises-crean-el-grupo-de-la-haya-para-enfrentar-crimenes-en-gaza\/","title":{"rendered":"Nueve pa\u00edses crean el \u201cGrupo de La Haya\u201d para enfrentar cr\u00edmenes en Gaza"},"content":{"rendered":"<p style=\"text-align: justify;\">La Haya.- Este viernes, un grupo de nueve pa\u00edses, entre ellos Colombia, Cuba, Bolivia y Sud\u00e1frica, lanz\u00f3 el \u00abGrupo de La Haya\u00bb con el objetivo de implementar medidas contra Israel por presuntos cr\u00edmenes de guerra en Gaza.<\/p>\n<p style=\"text-align: justify;\">Durante una rueda de prensa en La Haya, los representantes de Belice, Honduras, Malasia, Namibia, Senegal y Sud\u00e1frica manifestaron su rechazo a la inacci\u00f3n frente a lo que califican como genocidio en Palestina.<\/p>\n<p style=\"text-align: justify;\">El grupo se comprometi\u00f3 a ejecutar las \u00f3rdenes de arresto emitidas contra el primer ministro israel\u00ed, Benjam\u00edn Netanyahu, y su exministro de Defensa, Yoav Gallant, por cr\u00edmenes de guerra y lesa humanidad.<\/p>\n<p style=\"text-align: justify;\">Adem\u00e1s, se comprometieron a prevenir la provisi\u00f3n de armas a Israel en situaciones donde exista un riesgo de que sean utilizadas para violar el derecho internacional.<\/p>\n<p style=\"text-align: justify;\">Entre las medidas anunciadas, se incluye la prohibici\u00f3n del atraque en sus puertos de barcos que transporten combustible militar o armamento destinado a Israel.<\/p>\n<p style=\"text-align: justify;\">Los pa\u00edses participantes invitaron a otras naciones a unirse a esta iniciativa, destacando la importancia de actuar colectivamente para garantizar la rendici\u00f3n de cuentas y la justicia para el pueblo palestino.<\/p>\n<p style=\"text-align: justify;\">Isaura Caba\u00f1as Verano, representante de Cuba, denunci\u00f3 los cr\u00edmenes internacionales que enfrenta el pueblo palestino, mientras que Assad Shoman, de Belice, inst\u00f3 a reconocer el derecho a la autodeterminaci\u00f3n de Palestina.<\/p>\n<p style=\"text-align: justify;\">El embajador palestino, Ammar Hijazi, describi\u00f3 la formaci\u00f3n del grupo como un \u00abmomento hist\u00f3rico\u00bb y subray\u00f3 la necesidad de que la comunidad internacional act\u00fae ante la situaci\u00f3n cr\u00edtica en la regi\u00f3n.<\/p>\n","protected":false},"excerpt":{"rendered":"<p>La Haya.- Este viernes, un grupo de nueve pa\u00edses, entre ellos Colombia, Cuba, Bolivia y Sud\u00e1frica, lanz\u00f3 el \u00abGrupo de La Haya\u00bb con el objetivo de implementar medidas contra Israel por presuntos cr\u00edmenes de guerra en Gaza. Durante una rueda de prensa en La Haya, los representantes de Belice, Honduras, Malasia, Namibia, Senegal y Sud\u00e1frica manifestaron su rechazo a la inacci\u00f3n frente a lo que califican como genocidio en Palestina. El grupo se comprometi\u00f3 a ejecutar las \u00f3rdenes de arresto emitidas contra el primer ministro israel\u00ed, Benjam\u00edn Netanyahu, y su exministro de Defensa, Yoav Gallant, por cr\u00edmenes de guerra y [&hellip;]<\/p>\n","protected":false},"author":2,"featured_media":156243,"comment_status":"closed","ping_status":"closed","sticky":false,"template":"","format":"standard","meta":{"_monsterinsights_skip_tracking":false,"_monsterinsights_sitenote_active":false,"_monsterinsights_sitenote_note":"","_monsterinsights_sitenote_category":0,"footnotes":""},"categories":[44],"tags":[],"class_list":["post-156242","post","type-post","status-publish","format-standard","has-post-thumbnail","hentry","category-internacional","post--single"],"yoast_head":"<!-- This site is optimized with the Yoast SEO plugin v27.5 - https:\/\/yoast.com\/product\/yoast-seo-wordpress\/ -->\n<title>Nueve pa\u00edses crean el \u201cGrupo de La Haya\u201d para enfrentar cr\u00edmenes en Gaza - Canal 7 SLP - 2025<\/title>\n<meta name=\"robots\" content=\"index, follow, max-snippet:-1, max-image-preview:large, max-video-preview:-1\" \/>\n<link rel=\"canonical\" href=\"https:\/\/canal7slp.tv\/2025\/nueve-paises-crean-el-grupo-de-la-haya-para-enfrentar-crimenes-en-gaza\/\" \/>\n<meta property=\"og:locale\" content=\"es_ES\" \/>\n<meta property=\"og:type\" content=\"article\" \/>\n<meta property=\"og:title\" content=\"Nueve pa\u00edses crean el \u201cGrupo de La Haya\u201d para enfrentar cr\u00edmenes en Gaza - Canal 7 SLP - 2025\" \/>\n<meta property=\"og:description\" content=\"La Haya.- Este viernes, un grupo de nueve pa\u00edses, entre ellos Colombia, Cuba, Bolivia y Sud\u00e1frica, lanz\u00f3 el \u00abGrupo de La Haya\u00bb con el objetivo de implementar medidas contra Israel por presuntos cr\u00edmenes de guerra en Gaza. Durante una rueda de prensa en La Haya, los representantes de Belice, Honduras, Malasia, Namibia, Senegal y Sud\u00e1frica manifestaron su rechazo a la inacci\u00f3n frente a lo que califican como genocidio en Palestina. El grupo se comprometi\u00f3 a ejecutar las \u00f3rdenes de arresto emitidas contra el primer ministro israel\u00ed, Benjam\u00edn Netanyahu, y su exministro de Defensa, Yoav Gallant, por cr\u00edmenes de guerra y [&hellip;]\" \/>\n<meta property=\"og:url\" content=\"https:\/\/canal7slp.tv\/2025\/nueve-paises-crean-el-grupo-de-la-haya-para-enfrentar-crimenes-en-gaza\/\" \/>\n<meta property=\"og:site_name\" content=\"Canal 7 SLP - 2025\" \/>\n<meta property=\"article:publisher\" content=\"https:\/\/www.facebook.com\/noticieroscanal7atencionciudadana\/\" \/>\n<meta property=\"article:published_time\" content=\"2025-01-31T20:39:14+00:00\" \/>\n<meta property=\"og:image\" content=\"https:\/\/canal7slp.tv\/2025\/wp-content\/uploads\/2025\/01\/09-28.jpg\" \/>\n\t<meta property=\"og:image:width\" content=\"888\" \/>\n\t<meta property=\"og:image:height\" content=\"500\" \/>\n\t<meta property=\"og:image:type\" content=\"image\/jpeg\" \/>\n<meta name=\"author\" content=\"Edici\u00f3n Web\" \/>\n<meta name=\"twitter:card\" content=\"summary_large_image\" \/>\n<meta name=\"twitter:creator\" content=\"@NOTICIEROS7\" \/>\n<meta name=\"twitter:site\" content=\"@NOTICIEROS7\" \/>\n<meta name=\"twitter:label1\" content=\"Escrito por\" \/>\n\t<meta name=\"twitter:data1\" content=\"Edici\u00f3n Web\" \/>\n\t<meta name=\"twitter:label2\" content=\"Tiempo de lectura\" \/>\n\t<meta name=\"twitter:data2\" content=\"2 minutos\" \/>\n<script type=\"application\/ld+json\" class=\"yoast-schema-graph\">{\"@context\":\"https:\\\/\\\/schema.org\",\"@graph\":[{\"@type\":\"Article\",\"@id\":\"https:\\\/\\\/canal7slp.tv\\\/2025\\\/nueve-paises-crean-el-grupo-de-la-haya-para-enfrentar-crimenes-en-gaza\\\/#article\",\"isPartOf\":{\"@id\":\"https:\\\/\\\/canal7slp.tv\\\/2025\\\/nueve-paises-crean-el-grupo-de-la-haya-para-enfrentar-crimenes-en-gaza\\\/\"},\"author\":{\"name\":\"Edici\u00f3n Web\",\"@id\":\"https:\\\/\\\/canal7slp.tv\\\/2025\\\/#\\\/schema\\\/person\\\/271e2b60a96e7cc9d9ac296f4d7e414b\"},\"headline\":\"Nueve pa\u00edses crean el \u201cGrupo de La Haya\u201d para enfrentar cr\u00edmenes en Gaza\",\"datePublished\":\"2025-01-31T20:39:14+00:00\",\"mainEntityOfPage\":{\"@id\":\"https:\\\/\\\/canal7slp.tv\\\/2025\\\/nueve-paises-crean-el-grupo-de-la-haya-para-enfrentar-crimenes-en-gaza\\\/\"},\"wordCount\":282,\"publisher\":{\"@id\":\"https:\\\/\\\/canal7slp.tv\\\/2025\\\/#organization\"},\"image\":{\"@id\":\"https:\\\/\\\/canal7slp.tv\\\/2025\\\/nueve-paises-crean-el-grupo-de-la-haya-para-enfrentar-crimenes-en-gaza\\\/#primaryimage\"},\"thumbnailUrl\":\"https:\\\/\\\/canal7slp.tv\\\/2025\\\/wp-content\\\/uploads\\\/2025\\\/01\\\/09-28.jpg\",\"articleSection\":[\"INTERNACIONALES\"],\"inLanguage\":\"es\"},{\"@type\":\"WebPage\",\"@id\":\"https:\\\/\\\/canal7slp.tv\\\/2025\\\/nueve-paises-crean-el-grupo-de-la-haya-para-enfrentar-crimenes-en-gaza\\\/\",\"url\":\"https:\\\/\\\/canal7slp.tv\\\/2025\\\/nueve-paises-crean-el-grupo-de-la-haya-para-enfrentar-crimenes-en-gaza\\\/\",\"name\":\"Nueve pa\u00edses crean el \u201cGrupo de La Haya\u201d para enfrentar cr\u00edmenes en Gaza - Canal 7 SLP - 2025\",\"isPartOf\":{\"@id\":\"https:\\\/\\\/canal7slp.tv\\\/2025\\\/#website\"},\"primaryImageOfPage\":{\"@id\":\"https:\\\/\\\/canal7slp.tv\\\/2025\\\/nueve-paises-crean-el-grupo-de-la-haya-para-enfrentar-crimenes-en-gaza\\\/#primaryimage\"},\"image\":{\"@id\":\"https:\\\/\\\/canal7slp.tv\\\/2025\\\/nueve-paises-crean-el-grupo-de-la-haya-para-enfrentar-crimenes-en-gaza\\\/#primaryimage\"},\"thumbnailUrl\":\"https:\\\/\\\/canal7slp.tv\\\/2025\\\/wp-content\\\/uploads\\\/2025\\\/01\\\/09-28.jpg\",\"datePublished\":\"2025-01-31T20:39:14+00:00\",\"breadcrumb\":{\"@id\":\"https:\\\/\\\/canal7slp.tv\\\/2025\\\/nueve-paises-crean-el-grupo-de-la-haya-para-enfrentar-crimenes-en-gaza\\\/#breadcrumb\"},\"inLanguage\":\"es\",\"potentialAction\":[{\"@type\":\"ReadAction\",\"target\":[\"https:\\\/\\\/canal7slp.tv\\\/2025\\\/nueve-paises-crean-el-grupo-de-la-haya-para-enfrentar-crimenes-en-gaza\\\/\"]}]},{\"@type\":\"ImageObject\",\"inLanguage\":\"es\",\"@id\":\"https:\\\/\\\/canal7slp.tv\\\/2025\\\/nueve-paises-crean-el-grupo-de-la-haya-para-enfrentar-crimenes-en-gaza\\\/#primaryimage\",\"url\":\"https:\\\/\\\/canal7slp.tv\\\/2025\\\/wp-content\\\/uploads\\\/2025\\\/01\\\/09-28.jpg\",\"contentUrl\":\"https:\\\/\\\/canal7slp.tv\\\/2025\\\/wp-content\\\/uploads\\\/2025\\\/01\\\/09-28.jpg\",\"width\":888,\"height\":500},{\"@type\":\"BreadcrumbList\",\"@id\":\"https:\\\/\\\/canal7slp.tv\\\/2025\\\/nueve-paises-crean-el-grupo-de-la-haya-para-enfrentar-crimenes-en-gaza\\\/#breadcrumb\",\"itemListElement\":[{\"@type\":\"ListItem\",\"position\":1,\"name\":\"Portada\",\"item\":\"https:\\\/\\\/canal7slp.tv\\\/2025\\\/\"},{\"@type\":\"ListItem\",\"position\":2,\"name\":\"Nueve pa\u00edses crean el \u201cGrupo de La Haya\u201d para enfrentar cr\u00edmenes en Gaza\"}]},{\"@type\":\"WebSite\",\"@id\":\"https:\\\/\\\/canal7slp.tv\\\/2025\\\/#website\",\"url\":\"https:\\\/\\\/canal7slp.tv\\\/2025\\\/\",\"name\":\"N7 - Noticieros Canal 7\",\"description\":\"Somos el Medio\",\"publisher\":{\"@id\":\"https:\\\/\\\/canal7slp.tv\\\/2025\\\/#organization\"},\"potentialAction\":[{\"@type\":\"SearchAction\",\"target\":{\"@type\":\"EntryPoint\",\"urlTemplate\":\"https:\\\/\\\/canal7slp.tv\\\/2025\\\/?s={search_term_string}\"},\"query-input\":{\"@type\":\"PropertyValueSpecification\",\"valueRequired\":true,\"valueName\":\"search_term_string\"}}],\"inLanguage\":\"es\"},{\"@type\":\"Organization\",\"@id\":\"https:\\\/\\\/canal7slp.tv\\\/2025\\\/#organization\",\"name\":\"Noticieros Canal 7\",\"url\":\"https:\\\/\\\/canal7slp.tv\\\/2025\\\/\",\"logo\":{\"@type\":\"ImageObject\",\"inLanguage\":\"es\",\"@id\":\"https:\\\/\\\/canal7slp.tv\\\/2025\\\/#\\\/schema\\\/logo\\\/image\\\/\",\"url\":\"https:\\\/\\\/canal7slp.tv\\\/2025\\\/wp-content\\\/uploads\\\/2021\\\/01\\\/logo-noticieros@2x.png\",\"contentUrl\":\"https:\\\/\\\/canal7slp.tv\\\/2025\\\/wp-content\\\/uploads\\\/2021\\\/01\\\/logo-noticieros@2x.png\",\"width\":1017,\"height\":268,\"caption\":\"Noticieros Canal 7\"},\"image\":{\"@id\":\"https:\\\/\\\/canal7slp.tv\\\/2025\\\/#\\\/schema\\\/logo\\\/image\\\/\"},\"sameAs\":[\"https:\\\/\\\/www.facebook.com\\\/noticieroscanal7atencionciudadana\\\/\",\"https:\\\/\\\/x.com\\\/NOTICIEROS7\",\"https:\\\/\\\/www.instagram.com\\\/canal7_slp\",\"https:\\\/\\\/www.youtube.com\\\/channel\\\/UCliiYs-gP3JfJeqdPrNdd5A\"]},{\"@type\":\"Person\",\"@id\":\"https:\\\/\\\/canal7slp.tv\\\/2025\\\/#\\\/schema\\\/person\\\/271e2b60a96e7cc9d9ac296f4d7e414b\",\"name\":\"Edici\u00f3n Web\",\"image\":{\"@type\":\"ImageObject\",\"inLanguage\":\"es\",\"@id\":\"https:\\\/\\\/secure.gravatar.com\\\/avatar\\\/eee448fc3f7164808013b816ba91ac7e43bbe82a70bebac296f8bc6f0addaa1a?s=96&d=mm&r=g\",\"url\":\"https:\\\/\\\/secure.gravatar.com\\\/avatar\\\/eee448fc3f7164808013b816ba91ac7e43bbe82a70bebac296f8bc6f0addaa1a?s=96&d=mm&r=g\",\"contentUrl\":\"https:\\\/\\\/secure.gravatar.com\\\/avatar\\\/eee448fc3f7164808013b816ba91ac7e43bbe82a70bebac296f8bc6f0addaa1a?s=96&d=mm&r=g\",\"caption\":\"Edici\u00f3n Web\"},\"url\":\"https:\\\/\\\/canal7slp.tv\\\/2025\\\/author\\\/edicionweb\\\/\"}]}<\/script>\n<!-- \/ Yoast SEO plugin. -->","yoast_head_json":{"title":"Nueve pa\u00edses crean el \u201cGrupo de La Haya\u201d para enfrentar cr\u00edmenes en Gaza - Canal 7 SLP - 2025","robots":{"index":"index","follow":"follow","max-snippet":"max-snippet:-1","max-image-preview":"max-image-preview:large","max-video-preview":"max-video-preview:-1"},"canonical":"https:\/\/canal7slp.tv\/2025\/nueve-paises-crean-el-grupo-de-la-haya-para-enfrentar-crimenes-en-gaza\/","og_locale":"es_ES","og_type":"article","og_title":"Nueve pa\u00edses crean el \u201cGrupo de La Haya\u201d para enfrentar cr\u00edmenes en Gaza - Canal 7 SLP - 2025","og_description":"La Haya.- Este viernes, un grupo de nueve pa\u00edses, entre ellos Colombia, Cuba, Bolivia y Sud\u00e1frica, lanz\u00f3 el \u00abGrupo de La Haya\u00bb con el objetivo de implementar medidas contra Israel por presuntos cr\u00edmenes de guerra en Gaza. Durante una rueda de prensa en La Haya, los representantes de Belice, Honduras, Malasia, Namibia, Senegal y Sud\u00e1frica manifestaron su rechazo a la inacci\u00f3n frente a lo que califican como genocidio en Palestina. El grupo se comprometi\u00f3 a ejecutar las \u00f3rdenes de arresto emitidas contra el primer ministro israel\u00ed, Benjam\u00edn Netanyahu, y su exministro de Defensa, Yoav Gallant, por cr\u00edmenes de guerra y [&hellip;]","og_url":"https:\/\/canal7slp.tv\/2025\/nueve-paises-crean-el-grupo-de-la-haya-para-enfrentar-crimenes-en-gaza\/","og_site_name":"Canal 7 SLP - 2025","article_publisher":"https:\/\/www.facebook.com\/noticieroscanal7atencionciudadana\/","article_published_time":"2025-01-31T20:39:14+00:00","og_image":[{"width":888,"height":500,"url":"https:\/\/canal7slp.tv\/2025\/wp-content\/uploads\/2025\/01\/09-28.jpg","type":"image\/jpeg"}],"author":"Edici\u00f3n Web","twitter_card":"summary_large_image","twitter_creator":"@NOTICIEROS7","twitter_site":"@NOTICIEROS7","twitter_misc":{"Escrito por":"Edici\u00f3n Web","Tiempo de lectura":"2 minutos"},"schema":{"@context":"https:\/\/schema.org","@graph":[{"@type":"Article","@id":"https:\/\/canal7slp.tv\/2025\/nueve-paises-crean-el-grupo-de-la-haya-para-enfrentar-crimenes-en-gaza\/#article","isPartOf":{"@id":"https:\/\/canal7slp.tv\/2025\/nueve-paises-crean-el-grupo-de-la-haya-para-enfrentar-crimenes-en-gaza\/"},"author":{"name":"Edici\u00f3n Web","@id":"https:\/\/canal7slp.tv\/2025\/#\/schema\/person\/271e2b60a96e7cc9d9ac296f4d7e414b"},"headline":"Nueve pa\u00edses crean el \u201cGrupo de La Haya\u201d para enfrentar cr\u00edmenes en Gaza","datePublished":"2025-01-31T20:39:14+00:00","mainEntityOfPage":{"@id":"https:\/\/canal7slp.tv\/2025\/nueve-paises-crean-el-grupo-de-la-haya-para-enfrentar-crimenes-en-gaza\/"},"wordCount":282,"publisher":{"@id":"https:\/\/canal7slp.tv\/2025\/#organization"},"image":{"@id":"https:\/\/canal7slp.tv\/2025\/nueve-paises-crean-el-grupo-de-la-haya-para-enfrentar-crimenes-en-gaza\/#primaryimage"},"thumbnailUrl":"https:\/\/canal7slp.tv\/2025\/wp-content\/uploads\/2025\/01\/09-28.jpg","articleSection":["INTERNACIONALES"],"inLanguage":"es"},{"@type":"WebPage","@id":"https:\/\/canal7slp.tv\/2025\/nueve-paises-crean-el-grupo-de-la-haya-para-enfrentar-crimenes-en-gaza\/","url":"https:\/\/canal7slp.tv\/2025\/nueve-paises-crean-el-grupo-de-la-haya-para-enfrentar-crimenes-en-gaza\/","name":"Nueve pa\u00edses crean el \u201cGrupo de La Haya\u201d para enfrentar cr\u00edmenes en Gaza - Canal 7 SLP - 2025","isPartOf":{"@id":"https:\/\/canal7slp.tv\/2025\/#website"},"primaryImageOfPage":{"@id":"https:\/\/canal7slp.tv\/2025\/nueve-paises-crean-el-grupo-de-la-haya-para-enfrentar-crimenes-en-gaza\/#primaryimage"},"image":{"@id":"https:\/\/canal7slp.tv\/2025\/nueve-paises-crean-el-grupo-de-la-haya-para-enfrentar-crimenes-en-gaza\/#primaryimage"},"thumbnailUrl":"https:\/\/canal7slp.tv\/2025\/wp-content\/uploads\/2025\/01\/09-28.jpg","datePublished":"2025-01-31T20:39:14+00:00","breadcrumb":{"@id":"https:\/\/canal7slp.tv\/2025\/nueve-paises-crean-el-grupo-de-la-haya-para-enfrentar-crimenes-en-gaza\/#breadcrumb"},"inLanguage":"es","potentialAction":[{"@type":"ReadAction","target":["https:\/\/canal7slp.tv\/2025\/nueve-paises-crean-el-grupo-de-la-haya-para-enfrentar-crimenes-en-gaza\/"]}]},{"@type":"ImageObject","inLanguage":"es","@id":"https:\/\/canal7slp.tv\/2025\/nueve-paises-crean-el-grupo-de-la-haya-para-enfrentar-crimenes-en-gaza\/#primaryimage","url":"https:\/\/canal7slp.tv\/2025\/wp-content\/uploads\/2025\/01\/09-28.jpg","contentUrl":"https:\/\/canal7slp.tv\/2025\/wp-content\/uploads\/2025\/01\/09-28.jpg","width":888,"height":500},{"@type":"BreadcrumbList","@id":"https:\/\/canal7slp.tv\/2025\/nueve-paises-crean-el-grupo-de-la-haya-para-enfrentar-crimenes-en-gaza\/#breadcrumb","itemListElement":[{"@type":"ListItem","position":1,"name":"Portada","item":"https:\/\/canal7slp.tv\/2025\/"},{"@type":"ListItem","position":2,"name":"Nueve pa\u00edses crean el \u201cGrupo de La Haya\u201d para enfrentar cr\u00edmenes en Gaza"}]},{"@type":"WebSite","@id":"https:\/\/canal7slp.tv\/2025\/#website","url":"https:\/\/canal7slp.tv\/2025\/","name":"N7 - Noticieros Canal 7","description":"Somos el Medio","publisher":{"@id":"https:\/\/canal7slp.tv\/2025\/#organization"},"potentialAction":[{"@type":"SearchAction","target":{"@type":"EntryPoint","urlTemplate":"https:\/\/canal7slp.tv\/2025\/?s={search_term_string}"},"query-input":{"@type":"PropertyValueSpecification","valueRequired":true,"valueName":"search_term_string"}}],"inLanguage":"es"},{"@type":"Organization","@id":"https:\/\/canal7slp.tv\/2025\/#organization","name":"Noticieros Canal 7","url":"https:\/\/canal7slp.tv\/2025\/","logo":{"@type":"ImageObject","inLanguage":"es","@id":"https:\/\/canal7slp.tv\/2025\/#\/schema\/logo\/image\/","url":"https:\/\/canal7slp.tv\/2025\/wp-content\/uploads\/2021\/01\/logo-noticieros@2x.png","contentUrl":"https:\/\/canal7slp.tv\/2025\/wp-content\/uploads\/2021\/01\/logo-noticieros@2x.png","width":1017,"height":268,"caption":"Noticieros Canal 7"},"image":{"@id":"https:\/\/canal7slp.tv\/2025\/#\/schema\/logo\/image\/"},"sameAs":["https:\/\/www.facebook.com\/noticieroscanal7atencionciudadana\/","https:\/\/x.com\/NOTICIEROS7","https:\/\/www.instagram.com\/canal7_slp","https:\/\/www.youtube.com\/channel\/UCliiYs-gP3JfJeqdPrNdd5A"]},{"@type":"Person","@id":"https:\/\/canal7slp.tv\/2025\/#\/schema\/person\/271e2b60a96e7cc9d9ac296f4d7e414b","name":"Edici\u00f3n Web","image":{"@type":"ImageObject","inLanguage":"es","@id":"https:\/\/secure.gravatar.com\/avatar\/eee448fc3f7164808013b816ba91ac7e43bbe82a70bebac296f8bc6f0addaa1a?s=96&d=mm&r=g","url":"https:\/\/secure.gravatar.com\/avatar\/eee448fc3f7164808013b816ba91ac7e43bbe82a70bebac296f8bc6f0addaa1a?s=96&d=mm&r=g","contentUrl":"https:\/\/secure.gravatar.com\/avatar\/eee448fc3f7164808013b816ba91ac7e43bbe82a70bebac296f8bc6f0addaa1a?s=96&d=mm&r=g","caption":"Edici\u00f3n Web"},"url":"https:\/\/canal7slp.tv\/2025\/author\/edicionweb\/"}]}},"_links":{"self":[{"href":"https:\/\/canal7slp.tv\/2025\/wp-json\/wp\/v2\/posts\/156242","targetHints":{"allow":["GET"]}}],"collection":[{"href":"https:\/\/canal7slp.tv\/2025\/wp-json\/wp\/v2\/posts"}],"about":[{"href":"https:\/\/canal7slp.tv\/2025\/wp-json\/wp\/v2\/types\/post"}],"author":[{"embeddable":true,"href":"https:\/\/canal7slp.tv\/2025\/wp-json\/wp\/v2\/users\/2"}],"replies":[{"embeddable":true,"href":"https:\/\/canal7slp.tv\/2025\/wp-json\/wp\/v2\/comments?post=156242"}],"version-history":[{"count":1,"href":"https:\/\/canal7slp.tv\/2025\/wp-json\/wp\/v2\/posts\/156242\/revisions"}],"predecessor-version":[{"id":156244,"href":"https:\/\/canal7slp.tv\/2025\/wp-json\/wp\/v2\/posts\/156242\/revisions\/156244"}],"wp:featuredmedia":[{"embeddable":true,"href":"https:\/\/canal7slp.tv\/2025\/wp-json\/wp\/v2\/media\/156243"}],"wp:attachment":[{"href":"https:\/\/canal7slp.tv\/2025\/wp-json\/wp\/v2\/media?parent=156242"}],"wp:term":[{"taxonomy":"category","embeddable":true,"href":"https:\/\/canal7slp.tv\/2025\/wp-json\/wp\/v2\/categories?post=156242"},{"taxonomy":"post_tag","embeddable":true,"href":"https:\/\/canal7slp.tv\/2025\/wp-json\/wp\/v2\/tags?post=156242"}],"curies":[{"name":"wp","href":"https:\/\/api.w.org\/{rel}","templated":true}]}}