{"id":156049,"date":"2025-01-30T14:22:01","date_gmt":"2025-01-30T20:22:01","guid":{"rendered":"https:\/\/canal7slp.tv\/2025\/?p=156049"},"modified":"2025-01-30T14:22:01","modified_gmt":"2025-01-30T20:22:01","slug":"detienen-a-jefe-policial-de-michoacan-por-tortura-y-abuso-de-autoridad","status":"publish","type":"post","link":"https:\/\/canal7slp.tv\/2025\/detienen-a-jefe-policial-de-michoacan-por-tortura-y-abuso-de-autoridad\/","title":{"rendered":"Detienen a jefe policial de Michoac\u00e1n por tortura y abuso de autoridad"},"content":{"rendered":"<p style=\"text-align: justify;\">\n<p style=\"text-align: justify;\">La Huacana.- La reciente detenci\u00f3n de Luis Alberto Gonz\u00e1lez Guti\u00e9rrez, director de Seguridad P\u00fablica del municipio de La Huacana, Michoac\u00e1n, ha generado una gran controversia. La Fiscal\u00eda General de la Rep\u00fablica (FGR) lo arrest\u00f3 por su presunta implicaci\u00f3n en los delitos de abuso de autoridad y tortura, investigaciones que datan de hace cuatro a\u00f1os, cuando formaba parte de la extinta Polic\u00eda Federal en Chihuahua. Gonz\u00e1lez Guti\u00e9rrez hab\u00eda sido designado para su cargo en 2022 por el exsecretario de Seguridad P\u00fablica estatal, Jos\u00e9 Alfredo Ortega.<\/p>\n<p style=\"text-align: justify;\">El diputado local Reyes Galindo, quien ha estado al tanto del caso, mencion\u00f3 que Gonz\u00e1lez Guti\u00e9rrez hab\u00eda estado bajo investigaci\u00f3n desde su nombramiento, y que su captura se produjo tras un operativo en Morelia. Al parecer, el mando policial hab\u00eda desaparecido tras salir de La Huacana para informar a sus superiores sobre la situaci\u00f3n de seguridad en la regi\u00f3n.<\/p>\n<p style=\"text-align: justify;\">Adem\u00e1s, el d\u00eda anterior a su detenci\u00f3n, la FGR tambi\u00e9n arrest\u00f3 a dos mandos de la Polic\u00eda Municipal de Tuxpan, Juan Manuel Arredondo y Marcos Mart\u00ednez, por su presunta participaci\u00f3n en el homicidio de Alejandro Ruiz. Este \u00faltimo fue agredido tras denunciar abusos por parte de las autoridades locales y, aunque fue llevado a su hogar despu\u00e9s de la golpiza, falleci\u00f3 a causa de las lesiones sufridas.<\/p>\n<p style=\"text-align: justify;\">Ambos casos reflejan un panorama complicado en la seguridad p\u00fablica de Michoac\u00e1n, donde la corrupci\u00f3n y el abuso de poder parecen estar entrelazados con las acciones de algunos funcionarios. La situaci\u00f3n ha suscitado un llamado a la acci\u00f3n por parte de la ciudadan\u00eda, que exige justicia y la detenci\u00f3n de otros implicados en estos abusos.<\/p>\n","protected":false},"excerpt":{"rendered":"<p>La Huacana.- La reciente detenci\u00f3n de Luis Alberto Gonz\u00e1lez Guti\u00e9rrez, director de Seguridad P\u00fablica del municipio de La Huacana, Michoac\u00e1n, ha generado una gran controversia. La Fiscal\u00eda General de la Rep\u00fablica (FGR) lo arrest\u00f3 por su presunta implicaci\u00f3n en los delitos de abuso de autoridad y tortura, investigaciones que datan de hace cuatro a\u00f1os, cuando formaba parte de la extinta Polic\u00eda Federal en Chihuahua. Gonz\u00e1lez Guti\u00e9rrez hab\u00eda sido designado para su cargo en 2022 por el exsecretario de Seguridad P\u00fablica estatal, Jos\u00e9 Alfredo Ortega. El diputado local Reyes Galindo, quien ha estado al tanto del caso, mencion\u00f3 que Gonz\u00e1lez Guti\u00e9rrez [&hellip;]<\/p>\n","protected":false},"author":2,"featured_media":156050,"comment_status":"closed","ping_status":"closed","sticky":false,"template":"","format":"standard","meta":{"_monsterinsights_skip_tracking":false,"_monsterinsights_sitenote_active":false,"_monsterinsights_sitenote_note":"","_monsterinsights_sitenote_category":0,"footnotes":""},"categories":[46],"tags":[],"class_list":["post-156049","post","type-post","status-publish","format-standard","has-post-thumbnail","hentry","category-nacional","post--single"],"yoast_head":"<!-- This site is optimized with the Yoast SEO plugin v27.5 - https:\/\/yoast.com\/product\/yoast-seo-wordpress\/ -->\n<title>Detienen a jefe policial de Michoac\u00e1n por tortura y abuso de autoridad - Canal 7 SLP - 2025<\/title>\n<meta name=\"robots\" content=\"index, follow, max-snippet:-1, max-image-preview:large, max-video-preview:-1\" \/>\n<link rel=\"canonical\" href=\"https:\/\/canal7slp.tv\/2025\/detienen-a-jefe-policial-de-michoacan-por-tortura-y-abuso-de-autoridad\/\" \/>\n<meta property=\"og:locale\" content=\"es_ES\" \/>\n<meta property=\"og:type\" content=\"article\" \/>\n<meta property=\"og:title\" content=\"Detienen a jefe policial de Michoac\u00e1n por tortura y abuso de autoridad - Canal 7 SLP - 2025\" \/>\n<meta property=\"og:description\" content=\"La Huacana.- La reciente detenci\u00f3n de Luis Alberto Gonz\u00e1lez Guti\u00e9rrez, director de Seguridad P\u00fablica del municipio de La Huacana, Michoac\u00e1n, ha generado una gran controversia. La Fiscal\u00eda General de la Rep\u00fablica (FGR) lo arrest\u00f3 por su presunta implicaci\u00f3n en los delitos de abuso de autoridad y tortura, investigaciones que datan de hace cuatro a\u00f1os, cuando formaba parte de la extinta Polic\u00eda Federal en Chihuahua. Gonz\u00e1lez Guti\u00e9rrez hab\u00eda sido designado para su cargo en 2022 por el exsecretario de Seguridad P\u00fablica estatal, Jos\u00e9 Alfredo Ortega. El diputado local Reyes Galindo, quien ha estado al tanto del caso, mencion\u00f3 que Gonz\u00e1lez Guti\u00e9rrez [&hellip;]\" \/>\n<meta property=\"og:url\" content=\"https:\/\/canal7slp.tv\/2025\/detienen-a-jefe-policial-de-michoacan-por-tortura-y-abuso-de-autoridad\/\" \/>\n<meta property=\"og:site_name\" content=\"Canal 7 SLP - 2025\" \/>\n<meta property=\"article:publisher\" content=\"https:\/\/www.facebook.com\/noticieroscanal7atencionciudadana\/\" \/>\n<meta property=\"article:published_time\" content=\"2025-01-30T20:22:01+00:00\" \/>\n<meta property=\"og:image\" content=\"https:\/\/canal7slp.tv\/2025\/wp-content\/uploads\/2025\/01\/05-28.jpg\" \/>\n\t<meta property=\"og:image:width\" content=\"720\" \/>\n\t<meta property=\"og:image:height\" content=\"500\" \/>\n\t<meta property=\"og:image:type\" content=\"image\/jpeg\" \/>\n<meta name=\"author\" content=\"Edici\u00f3n Web\" \/>\n<meta name=\"twitter:card\" content=\"summary_large_image\" \/>\n<meta name=\"twitter:creator\" content=\"@NOTICIEROS7\" \/>\n<meta name=\"twitter:site\" content=\"@NOTICIEROS7\" \/>\n<meta name=\"twitter:label1\" content=\"Escrito por\" \/>\n\t<meta name=\"twitter:data1\" content=\"Edici\u00f3n Web\" \/>\n\t<meta name=\"twitter:label2\" content=\"Tiempo de lectura\" \/>\n\t<meta name=\"twitter:data2\" content=\"2 minutos\" \/>\n<script type=\"application\/ld+json\" class=\"yoast-schema-graph\">{\"@context\":\"https:\\\/\\\/schema.org\",\"@graph\":[{\"@type\":\"Article\",\"@id\":\"https:\\\/\\\/canal7slp.tv\\\/2025\\\/detienen-a-jefe-policial-de-michoacan-por-tortura-y-abuso-de-autoridad\\\/#article\",\"isPartOf\":{\"@id\":\"https:\\\/\\\/canal7slp.tv\\\/2025\\\/detienen-a-jefe-policial-de-michoacan-por-tortura-y-abuso-de-autoridad\\\/\"},\"author\":{\"name\":\"Edici\u00f3n Web\",\"@id\":\"https:\\\/\\\/canal7slp.tv\\\/2025\\\/#\\\/schema\\\/person\\\/271e2b60a96e7cc9d9ac296f4d7e414b\"},\"headline\":\"Detienen a jefe policial de Michoac\u00e1n por tortura y abuso de autoridad\",\"datePublished\":\"2025-01-30T20:22:01+00:00\",\"mainEntityOfPage\":{\"@id\":\"https:\\\/\\\/canal7slp.tv\\\/2025\\\/detienen-a-jefe-policial-de-michoacan-por-tortura-y-abuso-de-autoridad\\\/\"},\"wordCount\":314,\"publisher\":{\"@id\":\"https:\\\/\\\/canal7slp.tv\\\/2025\\\/#organization\"},\"image\":{\"@id\":\"https:\\\/\\\/canal7slp.tv\\\/2025\\\/detienen-a-jefe-policial-de-michoacan-por-tortura-y-abuso-de-autoridad\\\/#primaryimage\"},\"thumbnailUrl\":\"https:\\\/\\\/canal7slp.tv\\\/2025\\\/wp-content\\\/uploads\\\/2025\\\/01\\\/05-28.jpg\",\"articleSection\":[\"NACIONALES\"],\"inLanguage\":\"es\"},{\"@type\":\"WebPage\",\"@id\":\"https:\\\/\\\/canal7slp.tv\\\/2025\\\/detienen-a-jefe-policial-de-michoacan-por-tortura-y-abuso-de-autoridad\\\/\",\"url\":\"https:\\\/\\\/canal7slp.tv\\\/2025\\\/detienen-a-jefe-policial-de-michoacan-por-tortura-y-abuso-de-autoridad\\\/\",\"name\":\"Detienen a jefe policial de Michoac\u00e1n por tortura y abuso de autoridad - Canal 7 SLP - 2025\",\"isPartOf\":{\"@id\":\"https:\\\/\\\/canal7slp.tv\\\/2025\\\/#website\"},\"primaryImageOfPage\":{\"@id\":\"https:\\\/\\\/canal7slp.tv\\\/2025\\\/detienen-a-jefe-policial-de-michoacan-por-tortura-y-abuso-de-autoridad\\\/#primaryimage\"},\"image\":{\"@id\":\"https:\\\/\\\/canal7slp.tv\\\/2025\\\/detienen-a-jefe-policial-de-michoacan-por-tortura-y-abuso-de-autoridad\\\/#primaryimage\"},\"thumbnailUrl\":\"https:\\\/\\\/canal7slp.tv\\\/2025\\\/wp-content\\\/uploads\\\/2025\\\/01\\\/05-28.jpg\",\"datePublished\":\"2025-01-30T20:22:01+00:00\",\"breadcrumb\":{\"@id\":\"https:\\\/\\\/canal7slp.tv\\\/2025\\\/detienen-a-jefe-policial-de-michoacan-por-tortura-y-abuso-de-autoridad\\\/#breadcrumb\"},\"inLanguage\":\"es\",\"potentialAction\":[{\"@type\":\"ReadAction\",\"target\":[\"https:\\\/\\\/canal7slp.tv\\\/2025\\\/detienen-a-jefe-policial-de-michoacan-por-tortura-y-abuso-de-autoridad\\\/\"]}]},{\"@type\":\"ImageObject\",\"inLanguage\":\"es\",\"@id\":\"https:\\\/\\\/canal7slp.tv\\\/2025\\\/detienen-a-jefe-policial-de-michoacan-por-tortura-y-abuso-de-autoridad\\\/#primaryimage\",\"url\":\"https:\\\/\\\/canal7slp.tv\\\/2025\\\/wp-content\\\/uploads\\\/2025\\\/01\\\/05-28.jpg\",\"contentUrl\":\"https:\\\/\\\/canal7slp.tv\\\/2025\\\/wp-content\\\/uploads\\\/2025\\\/01\\\/05-28.jpg\",\"width\":720,\"height\":500},{\"@type\":\"BreadcrumbList\",\"@id\":\"https:\\\/\\\/canal7slp.tv\\\/2025\\\/detienen-a-jefe-policial-de-michoacan-por-tortura-y-abuso-de-autoridad\\\/#breadcrumb\",\"itemListElement\":[{\"@type\":\"ListItem\",\"position\":1,\"name\":\"Portada\",\"item\":\"https:\\\/\\\/canal7slp.tv\\\/2025\\\/\"},{\"@type\":\"ListItem\",\"position\":2,\"name\":\"Detienen a jefe policial de Michoac\u00e1n por tortura y abuso de autoridad\"}]},{\"@type\":\"WebSite\",\"@id\":\"https:\\\/\\\/canal7slp.tv\\\/2025\\\/#website\",\"url\":\"https:\\\/\\\/canal7slp.tv\\\/2025\\\/\",\"name\":\"N7 - Noticieros Canal 7\",\"description\":\"Somos el Medio\",\"publisher\":{\"@id\":\"https:\\\/\\\/canal7slp.tv\\\/2025\\\/#organization\"},\"potentialAction\":[{\"@type\":\"SearchAction\",\"target\":{\"@type\":\"EntryPoint\",\"urlTemplate\":\"https:\\\/\\\/canal7slp.tv\\\/2025\\\/?s={search_term_string}\"},\"query-input\":{\"@type\":\"PropertyValueSpecification\",\"valueRequired\":true,\"valueName\":\"search_term_string\"}}],\"inLanguage\":\"es\"},{\"@type\":\"Organization\",\"@id\":\"https:\\\/\\\/canal7slp.tv\\\/2025\\\/#organization\",\"name\":\"Noticieros Canal 7\",\"url\":\"https:\\\/\\\/canal7slp.tv\\\/2025\\\/\",\"logo\":{\"@type\":\"ImageObject\",\"inLanguage\":\"es\",\"@id\":\"https:\\\/\\\/canal7slp.tv\\\/2025\\\/#\\\/schema\\\/logo\\\/image\\\/\",\"url\":\"https:\\\/\\\/canal7slp.tv\\\/2025\\\/wp-content\\\/uploads\\\/2021\\\/01\\\/logo-noticieros@2x.png\",\"contentUrl\":\"https:\\\/\\\/canal7slp.tv\\\/2025\\\/wp-content\\\/uploads\\\/2021\\\/01\\\/logo-noticieros@2x.png\",\"width\":1017,\"height\":268,\"caption\":\"Noticieros Canal 7\"},\"image\":{\"@id\":\"https:\\\/\\\/canal7slp.tv\\\/2025\\\/#\\\/schema\\\/logo\\\/image\\\/\"},\"sameAs\":[\"https:\\\/\\\/www.facebook.com\\\/noticieroscanal7atencionciudadana\\\/\",\"https:\\\/\\\/x.com\\\/NOTICIEROS7\",\"https:\\\/\\\/www.instagram.com\\\/canal7_slp\",\"https:\\\/\\\/www.youtube.com\\\/channel\\\/UCliiYs-gP3JfJeqdPrNdd5A\"]},{\"@type\":\"Person\",\"@id\":\"https:\\\/\\\/canal7slp.tv\\\/2025\\\/#\\\/schema\\\/person\\\/271e2b60a96e7cc9d9ac296f4d7e414b\",\"name\":\"Edici\u00f3n Web\",\"image\":{\"@type\":\"ImageObject\",\"inLanguage\":\"es\",\"@id\":\"https:\\\/\\\/secure.gravatar.com\\\/avatar\\\/eee448fc3f7164808013b816ba91ac7e43bbe82a70bebac296f8bc6f0addaa1a?s=96&d=mm&r=g\",\"url\":\"https:\\\/\\\/secure.gravatar.com\\\/avatar\\\/eee448fc3f7164808013b816ba91ac7e43bbe82a70bebac296f8bc6f0addaa1a?s=96&d=mm&r=g\",\"contentUrl\":\"https:\\\/\\\/secure.gravatar.com\\\/avatar\\\/eee448fc3f7164808013b816ba91ac7e43bbe82a70bebac296f8bc6f0addaa1a?s=96&d=mm&r=g\",\"caption\":\"Edici\u00f3n Web\"},\"url\":\"https:\\\/\\\/canal7slp.tv\\\/2025\\\/author\\\/edicionweb\\\/\"}]}<\/script>\n<!-- \/ Yoast SEO plugin. -->","yoast_head_json":{"title":"Detienen a jefe policial de Michoac\u00e1n por tortura y abuso de autoridad - Canal 7 SLP - 2025","robots":{"index":"index","follow":"follow","max-snippet":"max-snippet:-1","max-image-preview":"max-image-preview:large","max-video-preview":"max-video-preview:-1"},"canonical":"https:\/\/canal7slp.tv\/2025\/detienen-a-jefe-policial-de-michoacan-por-tortura-y-abuso-de-autoridad\/","og_locale":"es_ES","og_type":"article","og_title":"Detienen a jefe policial de Michoac\u00e1n por tortura y abuso de autoridad - Canal 7 SLP - 2025","og_description":"La Huacana.- La reciente detenci\u00f3n de Luis Alberto Gonz\u00e1lez Guti\u00e9rrez, director de Seguridad P\u00fablica del municipio de La Huacana, Michoac\u00e1n, ha generado una gran controversia. La Fiscal\u00eda General de la Rep\u00fablica (FGR) lo arrest\u00f3 por su presunta implicaci\u00f3n en los delitos de abuso de autoridad y tortura, investigaciones que datan de hace cuatro a\u00f1os, cuando formaba parte de la extinta Polic\u00eda Federal en Chihuahua. Gonz\u00e1lez Guti\u00e9rrez hab\u00eda sido designado para su cargo en 2022 por el exsecretario de Seguridad P\u00fablica estatal, Jos\u00e9 Alfredo Ortega. El diputado local Reyes Galindo, quien ha estado al tanto del caso, mencion\u00f3 que Gonz\u00e1lez Guti\u00e9rrez [&hellip;]","og_url":"https:\/\/canal7slp.tv\/2025\/detienen-a-jefe-policial-de-michoacan-por-tortura-y-abuso-de-autoridad\/","og_site_name":"Canal 7 SLP - 2025","article_publisher":"https:\/\/www.facebook.com\/noticieroscanal7atencionciudadana\/","article_published_time":"2025-01-30T20:22:01+00:00","og_image":[{"width":720,"height":500,"url":"https:\/\/canal7slp.tv\/2025\/wp-content\/uploads\/2025\/01\/05-28.jpg","type":"image\/jpeg"}],"author":"Edici\u00f3n Web","twitter_card":"summary_large_image","twitter_creator":"@NOTICIEROS7","twitter_site":"@NOTICIEROS7","twitter_misc":{"Escrito por":"Edici\u00f3n Web","Tiempo de lectura":"2 minutos"},"schema":{"@context":"https:\/\/schema.org","@graph":[{"@type":"Article","@id":"https:\/\/canal7slp.tv\/2025\/detienen-a-jefe-policial-de-michoacan-por-tortura-y-abuso-de-autoridad\/#article","isPartOf":{"@id":"https:\/\/canal7slp.tv\/2025\/detienen-a-jefe-policial-de-michoacan-por-tortura-y-abuso-de-autoridad\/"},"author":{"name":"Edici\u00f3n Web","@id":"https:\/\/canal7slp.tv\/2025\/#\/schema\/person\/271e2b60a96e7cc9d9ac296f4d7e414b"},"headline":"Detienen a jefe policial de Michoac\u00e1n por tortura y abuso de autoridad","datePublished":"2025-01-30T20:22:01+00:00","mainEntityOfPage":{"@id":"https:\/\/canal7slp.tv\/2025\/detienen-a-jefe-policial-de-michoacan-por-tortura-y-abuso-de-autoridad\/"},"wordCount":314,"publisher":{"@id":"https:\/\/canal7slp.tv\/2025\/#organization"},"image":{"@id":"https:\/\/canal7slp.tv\/2025\/detienen-a-jefe-policial-de-michoacan-por-tortura-y-abuso-de-autoridad\/#primaryimage"},"thumbnailUrl":"https:\/\/canal7slp.tv\/2025\/wp-content\/uploads\/2025\/01\/05-28.jpg","articleSection":["NACIONALES"],"inLanguage":"es"},{"@type":"WebPage","@id":"https:\/\/canal7slp.tv\/2025\/detienen-a-jefe-policial-de-michoacan-por-tortura-y-abuso-de-autoridad\/","url":"https:\/\/canal7slp.tv\/2025\/detienen-a-jefe-policial-de-michoacan-por-tortura-y-abuso-de-autoridad\/","name":"Detienen a jefe policial de Michoac\u00e1n por tortura y abuso de autoridad - Canal 7 SLP - 2025","isPartOf":{"@id":"https:\/\/canal7slp.tv\/2025\/#website"},"primaryImageOfPage":{"@id":"https:\/\/canal7slp.tv\/2025\/detienen-a-jefe-policial-de-michoacan-por-tortura-y-abuso-de-autoridad\/#primaryimage"},"image":{"@id":"https:\/\/canal7slp.tv\/2025\/detienen-a-jefe-policial-de-michoacan-por-tortura-y-abuso-de-autoridad\/#primaryimage"},"thumbnailUrl":"https:\/\/canal7slp.tv\/2025\/wp-content\/uploads\/2025\/01\/05-28.jpg","datePublished":"2025-01-30T20:22:01+00:00","breadcrumb":{"@id":"https:\/\/canal7slp.tv\/2025\/detienen-a-jefe-policial-de-michoacan-por-tortura-y-abuso-de-autoridad\/#breadcrumb"},"inLanguage":"es","potentialAction":[{"@type":"ReadAction","target":["https:\/\/canal7slp.tv\/2025\/detienen-a-jefe-policial-de-michoacan-por-tortura-y-abuso-de-autoridad\/"]}]},{"@type":"ImageObject","inLanguage":"es","@id":"https:\/\/canal7slp.tv\/2025\/detienen-a-jefe-policial-de-michoacan-por-tortura-y-abuso-de-autoridad\/#primaryimage","url":"https:\/\/canal7slp.tv\/2025\/wp-content\/uploads\/2025\/01\/05-28.jpg","contentUrl":"https:\/\/canal7slp.tv\/2025\/wp-content\/uploads\/2025\/01\/05-28.jpg","width":720,"height":500},{"@type":"BreadcrumbList","@id":"https:\/\/canal7slp.tv\/2025\/detienen-a-jefe-policial-de-michoacan-por-tortura-y-abuso-de-autoridad\/#breadcrumb","itemListElement":[{"@type":"ListItem","position":1,"name":"Portada","item":"https:\/\/canal7slp.tv\/2025\/"},{"@type":"ListItem","position":2,"name":"Detienen a jefe policial de Michoac\u00e1n por tortura y abuso de autoridad"}]},{"@type":"WebSite","@id":"https:\/\/canal7slp.tv\/2025\/#website","url":"https:\/\/canal7slp.tv\/2025\/","name":"N7 - Noticieros Canal 7","description":"Somos el Medio","publisher":{"@id":"https:\/\/canal7slp.tv\/2025\/#organization"},"potentialAction":[{"@type":"SearchAction","target":{"@type":"EntryPoint","urlTemplate":"https:\/\/canal7slp.tv\/2025\/?s={search_term_string}"},"query-input":{"@type":"PropertyValueSpecification","valueRequired":true,"valueName":"search_term_string"}}],"inLanguage":"es"},{"@type":"Organization","@id":"https:\/\/canal7slp.tv\/2025\/#organization","name":"Noticieros Canal 7","url":"https:\/\/canal7slp.tv\/2025\/","logo":{"@type":"ImageObject","inLanguage":"es","@id":"https:\/\/canal7slp.tv\/2025\/#\/schema\/logo\/image\/","url":"https:\/\/canal7slp.tv\/2025\/wp-content\/uploads\/2021\/01\/logo-noticieros@2x.png","contentUrl":"https:\/\/canal7slp.tv\/2025\/wp-content\/uploads\/2021\/01\/logo-noticieros@2x.png","width":1017,"height":268,"caption":"Noticieros Canal 7"},"image":{"@id":"https:\/\/canal7slp.tv\/2025\/#\/schema\/logo\/image\/"},"sameAs":["https:\/\/www.facebook.com\/noticieroscanal7atencionciudadana\/","https:\/\/x.com\/NOTICIEROS7","https:\/\/www.instagram.com\/canal7_slp","https:\/\/www.youtube.com\/channel\/UCliiYs-gP3JfJeqdPrNdd5A"]},{"@type":"Person","@id":"https:\/\/canal7slp.tv\/2025\/#\/schema\/person\/271e2b60a96e7cc9d9ac296f4d7e414b","name":"Edici\u00f3n Web","image":{"@type":"ImageObject","inLanguage":"es","@id":"https:\/\/secure.gravatar.com\/avatar\/eee448fc3f7164808013b816ba91ac7e43bbe82a70bebac296f8bc6f0addaa1a?s=96&d=mm&r=g","url":"https:\/\/secure.gravatar.com\/avatar\/eee448fc3f7164808013b816ba91ac7e43bbe82a70bebac296f8bc6f0addaa1a?s=96&d=mm&r=g","contentUrl":"https:\/\/secure.gravatar.com\/avatar\/eee448fc3f7164808013b816ba91ac7e43bbe82a70bebac296f8bc6f0addaa1a?s=96&d=mm&r=g","caption":"Edici\u00f3n Web"},"url":"https:\/\/canal7slp.tv\/2025\/author\/edicionweb\/"}]}},"_links":{"self":[{"href":"https:\/\/canal7slp.tv\/2025\/wp-json\/wp\/v2\/posts\/156049","targetHints":{"allow":["GET"]}}],"collection":[{"href":"https:\/\/canal7slp.tv\/2025\/wp-json\/wp\/v2\/posts"}],"about":[{"href":"https:\/\/canal7slp.tv\/2025\/wp-json\/wp\/v2\/types\/post"}],"author":[{"embeddable":true,"href":"https:\/\/canal7slp.tv\/2025\/wp-json\/wp\/v2\/users\/2"}],"replies":[{"embeddable":true,"href":"https:\/\/canal7slp.tv\/2025\/wp-json\/wp\/v2\/comments?post=156049"}],"version-history":[{"count":1,"href":"https:\/\/canal7slp.tv\/2025\/wp-json\/wp\/v2\/posts\/156049\/revisions"}],"predecessor-version":[{"id":156051,"href":"https:\/\/canal7slp.tv\/2025\/wp-json\/wp\/v2\/posts\/156049\/revisions\/156051"}],"wp:featuredmedia":[{"embeddable":true,"href":"https:\/\/canal7slp.tv\/2025\/wp-json\/wp\/v2\/media\/156050"}],"wp:attachment":[{"href":"https:\/\/canal7slp.tv\/2025\/wp-json\/wp\/v2\/media?parent=156049"}],"wp:term":[{"taxonomy":"category","embeddable":true,"href":"https:\/\/canal7slp.tv\/2025\/wp-json\/wp\/v2\/categories?post=156049"},{"taxonomy":"post_tag","embeddable":true,"href":"https:\/\/canal7slp.tv\/2025\/wp-json\/wp\/v2\/tags?post=156049"}],"curies":[{"name":"wp","href":"https:\/\/api.w.org\/{rel}","templated":true}]}}