{"id":156046,"date":"2025-01-30T14:13:37","date_gmt":"2025-01-30T20:13:37","guid":{"rendered":"https:\/\/canal7slp.tv\/2025\/?p=156046"},"modified":"2025-01-30T14:13:37","modified_gmt":"2025-01-30T20:13:37","slug":"durante-diciembre-se-perdieron-684-mil-empleos-inegi","status":"publish","type":"post","link":"https:\/\/canal7slp.tv\/2025\/durante-diciembre-se-perdieron-684-mil-empleos-inegi\/","title":{"rendered":"Durante diciembre se perdieron 684 mil empleos: INEGI"},"content":{"rendered":"<p style=\"text-align: justify;\">\n<p style=\"text-align: justify;\">M\u00e9xico.- La econom\u00eda mexicana registr\u00f3 una p\u00e9rdida neta de 684 mil empleos en los sectores formal e informal durante diciembre, luego de haber generado 580 mil puestos en los dos meses previos, seg\u00fan datos del Instituto Nacional de Estad\u00edstica y Geograf\u00eda (INEGI).<\/p>\n<p style=\"text-align: justify;\">A pesar de esta ca\u00edda, el n\u00famero total de desempleados se redujo en 147 mil, cerrando el a\u00f1o con 1.478 millones de personas sin trabajo, lo que llev\u00f3 a una disminuci\u00f3n en la tasa de desocupaci\u00f3n, que pas\u00f3 de 2.6% a 2.4% de la Poblaci\u00f3n Econ\u00f3micamente Activa (PEA) entre noviembre y diciembre.<\/p>\n<p style=\"text-align: justify;\">El fen\u00f3meno se debe a que 831 mil personas salieron del mercado laboral, reduciendo la PEA a 60.8 millones de personas y provocando una ca\u00edda en la tasa de participaci\u00f3n laboral, que pas\u00f3 del 60% en noviembre al 59.3% en diciembre.<\/p>\n<p style=\"text-align: justify;\">En el sector informal, la reducci\u00f3n fue significativa, con 954 mil empleos menos, dejando la tasa de informalidad en 53.7%.<\/p>\n<p style=\"text-align: justify;\">A pesar de que se crearon 271 mil nuevos empleos formales, el Instituto Mexicano del Seguro Social (IMSS) report\u00f3 la eliminaci\u00f3n de 405 mil plazas, lo que sugiere que los nuevos puestos se concentraron en \u00e1reas como el gobierno y el Ej\u00e9rcito.<\/p>\n<p style=\"text-align: justify;\">Los sectores m\u00e1s golpeados fueron:<\/p>\n<ul style=\"text-align: justify;\">\n<li>Sector agropecuario: p\u00e9rdida de 454 mil empleos.<\/li>\n<li>Industria: ca\u00edda de 239 mil puestos.<\/li>\n<li>Servicios: reducci\u00f3n de 79 mil empleos.<\/li>\n<\/ul>\n<p style=\"text-align: justify;\">En particular, los rubros m\u00e1s afectados dentro de los servicios fueron:<\/p>\n<ul style=\"text-align: justify;\">\n<li>Restaurantes y alojamiento: 570 mil empleos eliminados.<\/li>\n<li>Comercio: 335 mil empleos menos.<\/li>\n<li>Servicios sociales: 132 mil plazas perdidas.<\/li>\n<\/ul>\n<p style=\"text-align: justify;\">Estos datos reflejan un deterioro en el empleo, principalmente en sectores vulnerables, lo que plantea desaf\u00edos para la recuperaci\u00f3n del mercado laboral en 2025.<\/p>\n<p style=\"text-align: justify;\">\n","protected":false},"excerpt":{"rendered":"<p>M\u00e9xico.- La econom\u00eda mexicana registr\u00f3 una p\u00e9rdida neta de 684 mil empleos en los sectores formal e informal durante diciembre, luego de haber generado 580 mil puestos en los dos meses previos, seg\u00fan datos del Instituto Nacional de Estad\u00edstica y Geograf\u00eda (INEGI). A pesar de esta ca\u00edda, el n\u00famero total de desempleados se redujo en 147 mil, cerrando el a\u00f1o con 1.478 millones de personas sin trabajo, lo que llev\u00f3 a una disminuci\u00f3n en la tasa de desocupaci\u00f3n, que pas\u00f3 de 2.6% a 2.4% de la Poblaci\u00f3n Econ\u00f3micamente Activa (PEA) entre noviembre y diciembre. El fen\u00f3meno se debe a que [&hellip;]<\/p>\n","protected":false},"author":2,"featured_media":156047,"comment_status":"closed","ping_status":"closed","sticky":false,"template":"","format":"standard","meta":{"_monsterinsights_skip_tracking":false,"_monsterinsights_sitenote_active":false,"_monsterinsights_sitenote_note":"","_monsterinsights_sitenote_category":0,"footnotes":""},"categories":[40],"tags":[],"class_list":["post-156046","post","type-post","status-publish","format-standard","has-post-thumbnail","hentry","category-economia","post--single"],"yoast_head":"<!-- This site is optimized with the Yoast SEO plugin v27.5 - https:\/\/yoast.com\/product\/yoast-seo-wordpress\/ -->\n<title>Durante diciembre se perdieron 684 mil empleos: INEGI - Canal 7 SLP - 2025<\/title>\n<meta name=\"robots\" content=\"index, follow, max-snippet:-1, max-image-preview:large, max-video-preview:-1\" \/>\n<link rel=\"canonical\" href=\"https:\/\/canal7slp.tv\/2025\/durante-diciembre-se-perdieron-684-mil-empleos-inegi\/\" \/>\n<meta property=\"og:locale\" content=\"es_ES\" \/>\n<meta property=\"og:type\" content=\"article\" \/>\n<meta property=\"og:title\" content=\"Durante diciembre se perdieron 684 mil empleos: INEGI - Canal 7 SLP - 2025\" \/>\n<meta property=\"og:description\" content=\"M\u00e9xico.- La econom\u00eda mexicana registr\u00f3 una p\u00e9rdida neta de 684 mil empleos en los sectores formal e informal durante diciembre, luego de haber generado 580 mil puestos en los dos meses previos, seg\u00fan datos del Instituto Nacional de Estad\u00edstica y Geograf\u00eda (INEGI). A pesar de esta ca\u00edda, el n\u00famero total de desempleados se redujo en 147 mil, cerrando el a\u00f1o con 1.478 millones de personas sin trabajo, lo que llev\u00f3 a una disminuci\u00f3n en la tasa de desocupaci\u00f3n, que pas\u00f3 de 2.6% a 2.4% de la Poblaci\u00f3n Econ\u00f3micamente Activa (PEA) entre noviembre y diciembre. El fen\u00f3meno se debe a que [&hellip;]\" \/>\n<meta property=\"og:url\" content=\"https:\/\/canal7slp.tv\/2025\/durante-diciembre-se-perdieron-684-mil-empleos-inegi\/\" \/>\n<meta property=\"og:site_name\" content=\"Canal 7 SLP - 2025\" \/>\n<meta property=\"article:publisher\" content=\"https:\/\/www.facebook.com\/noticieroscanal7atencionciudadana\/\" \/>\n<meta property=\"article:published_time\" content=\"2025-01-30T20:13:37+00:00\" \/>\n<meta property=\"og:image\" content=\"https:\/\/canal7slp.tv\/2025\/wp-content\/uploads\/2025\/01\/04-27.jpg\" \/>\n\t<meta property=\"og:image:width\" content=\"750\" \/>\n\t<meta property=\"og:image:height\" content=\"500\" \/>\n\t<meta property=\"og:image:type\" content=\"image\/jpeg\" \/>\n<meta name=\"author\" content=\"Edici\u00f3n Web\" \/>\n<meta name=\"twitter:card\" content=\"summary_large_image\" \/>\n<meta name=\"twitter:creator\" content=\"@NOTICIEROS7\" \/>\n<meta name=\"twitter:site\" content=\"@NOTICIEROS7\" \/>\n<meta name=\"twitter:label1\" content=\"Escrito por\" \/>\n\t<meta name=\"twitter:data1\" content=\"Edici\u00f3n Web\" \/>\n\t<meta name=\"twitter:label2\" content=\"Tiempo de lectura\" \/>\n\t<meta name=\"twitter:data2\" content=\"2 minutos\" \/>\n<script type=\"application\/ld+json\" class=\"yoast-schema-graph\">{\"@context\":\"https:\\\/\\\/schema.org\",\"@graph\":[{\"@type\":\"Article\",\"@id\":\"https:\\\/\\\/canal7slp.tv\\\/2025\\\/durante-diciembre-se-perdieron-684-mil-empleos-inegi\\\/#article\",\"isPartOf\":{\"@id\":\"https:\\\/\\\/canal7slp.tv\\\/2025\\\/durante-diciembre-se-perdieron-684-mil-empleos-inegi\\\/\"},\"author\":{\"name\":\"Edici\u00f3n Web\",\"@id\":\"https:\\\/\\\/canal7slp.tv\\\/2025\\\/#\\\/schema\\\/person\\\/271e2b60a96e7cc9d9ac296f4d7e414b\"},\"headline\":\"Durante diciembre se perdieron 684 mil empleos: INEGI\",\"datePublished\":\"2025-01-30T20:13:37+00:00\",\"mainEntityOfPage\":{\"@id\":\"https:\\\/\\\/canal7slp.tv\\\/2025\\\/durante-diciembre-se-perdieron-684-mil-empleos-inegi\\\/\"},\"wordCount\":287,\"publisher\":{\"@id\":\"https:\\\/\\\/canal7slp.tv\\\/2025\\\/#organization\"},\"image\":{\"@id\":\"https:\\\/\\\/canal7slp.tv\\\/2025\\\/durante-diciembre-se-perdieron-684-mil-empleos-inegi\\\/#primaryimage\"},\"thumbnailUrl\":\"https:\\\/\\\/canal7slp.tv\\\/2025\\\/wp-content\\\/uploads\\\/2025\\\/01\\\/04-27.jpg\",\"articleSection\":[\"ECONOM\u00cdA\"],\"inLanguage\":\"es\"},{\"@type\":\"WebPage\",\"@id\":\"https:\\\/\\\/canal7slp.tv\\\/2025\\\/durante-diciembre-se-perdieron-684-mil-empleos-inegi\\\/\",\"url\":\"https:\\\/\\\/canal7slp.tv\\\/2025\\\/durante-diciembre-se-perdieron-684-mil-empleos-inegi\\\/\",\"name\":\"Durante diciembre se perdieron 684 mil empleos: INEGI - Canal 7 SLP - 2025\",\"isPartOf\":{\"@id\":\"https:\\\/\\\/canal7slp.tv\\\/2025\\\/#website\"},\"primaryImageOfPage\":{\"@id\":\"https:\\\/\\\/canal7slp.tv\\\/2025\\\/durante-diciembre-se-perdieron-684-mil-empleos-inegi\\\/#primaryimage\"},\"image\":{\"@id\":\"https:\\\/\\\/canal7slp.tv\\\/2025\\\/durante-diciembre-se-perdieron-684-mil-empleos-inegi\\\/#primaryimage\"},\"thumbnailUrl\":\"https:\\\/\\\/canal7slp.tv\\\/2025\\\/wp-content\\\/uploads\\\/2025\\\/01\\\/04-27.jpg\",\"datePublished\":\"2025-01-30T20:13:37+00:00\",\"breadcrumb\":{\"@id\":\"https:\\\/\\\/canal7slp.tv\\\/2025\\\/durante-diciembre-se-perdieron-684-mil-empleos-inegi\\\/#breadcrumb\"},\"inLanguage\":\"es\",\"potentialAction\":[{\"@type\":\"ReadAction\",\"target\":[\"https:\\\/\\\/canal7slp.tv\\\/2025\\\/durante-diciembre-se-perdieron-684-mil-empleos-inegi\\\/\"]}]},{\"@type\":\"ImageObject\",\"inLanguage\":\"es\",\"@id\":\"https:\\\/\\\/canal7slp.tv\\\/2025\\\/durante-diciembre-se-perdieron-684-mil-empleos-inegi\\\/#primaryimage\",\"url\":\"https:\\\/\\\/canal7slp.tv\\\/2025\\\/wp-content\\\/uploads\\\/2025\\\/01\\\/04-27.jpg\",\"contentUrl\":\"https:\\\/\\\/canal7slp.tv\\\/2025\\\/wp-content\\\/uploads\\\/2025\\\/01\\\/04-27.jpg\",\"width\":750,\"height\":500},{\"@type\":\"BreadcrumbList\",\"@id\":\"https:\\\/\\\/canal7slp.tv\\\/2025\\\/durante-diciembre-se-perdieron-684-mil-empleos-inegi\\\/#breadcrumb\",\"itemListElement\":[{\"@type\":\"ListItem\",\"position\":1,\"name\":\"Portada\",\"item\":\"https:\\\/\\\/canal7slp.tv\\\/2025\\\/\"},{\"@type\":\"ListItem\",\"position\":2,\"name\":\"Durante diciembre se perdieron 684 mil empleos: INEGI\"}]},{\"@type\":\"WebSite\",\"@id\":\"https:\\\/\\\/canal7slp.tv\\\/2025\\\/#website\",\"url\":\"https:\\\/\\\/canal7slp.tv\\\/2025\\\/\",\"name\":\"N7 - Noticieros Canal 7\",\"description\":\"Somos el Medio\",\"publisher\":{\"@id\":\"https:\\\/\\\/canal7slp.tv\\\/2025\\\/#organization\"},\"potentialAction\":[{\"@type\":\"SearchAction\",\"target\":{\"@type\":\"EntryPoint\",\"urlTemplate\":\"https:\\\/\\\/canal7slp.tv\\\/2025\\\/?s={search_term_string}\"},\"query-input\":{\"@type\":\"PropertyValueSpecification\",\"valueRequired\":true,\"valueName\":\"search_term_string\"}}],\"inLanguage\":\"es\"},{\"@type\":\"Organization\",\"@id\":\"https:\\\/\\\/canal7slp.tv\\\/2025\\\/#organization\",\"name\":\"Noticieros Canal 7\",\"url\":\"https:\\\/\\\/canal7slp.tv\\\/2025\\\/\",\"logo\":{\"@type\":\"ImageObject\",\"inLanguage\":\"es\",\"@id\":\"https:\\\/\\\/canal7slp.tv\\\/2025\\\/#\\\/schema\\\/logo\\\/image\\\/\",\"url\":\"https:\\\/\\\/canal7slp.tv\\\/2025\\\/wp-content\\\/uploads\\\/2021\\\/01\\\/logo-noticieros@2x.png\",\"contentUrl\":\"https:\\\/\\\/canal7slp.tv\\\/2025\\\/wp-content\\\/uploads\\\/2021\\\/01\\\/logo-noticieros@2x.png\",\"width\":1017,\"height\":268,\"caption\":\"Noticieros Canal 7\"},\"image\":{\"@id\":\"https:\\\/\\\/canal7slp.tv\\\/2025\\\/#\\\/schema\\\/logo\\\/image\\\/\"},\"sameAs\":[\"https:\\\/\\\/www.facebook.com\\\/noticieroscanal7atencionciudadana\\\/\",\"https:\\\/\\\/x.com\\\/NOTICIEROS7\",\"https:\\\/\\\/www.instagram.com\\\/canal7_slp\",\"https:\\\/\\\/www.youtube.com\\\/channel\\\/UCliiYs-gP3JfJeqdPrNdd5A\"]},{\"@type\":\"Person\",\"@id\":\"https:\\\/\\\/canal7slp.tv\\\/2025\\\/#\\\/schema\\\/person\\\/271e2b60a96e7cc9d9ac296f4d7e414b\",\"name\":\"Edici\u00f3n Web\",\"image\":{\"@type\":\"ImageObject\",\"inLanguage\":\"es\",\"@id\":\"https:\\\/\\\/secure.gravatar.com\\\/avatar\\\/eee448fc3f7164808013b816ba91ac7e43bbe82a70bebac296f8bc6f0addaa1a?s=96&d=mm&r=g\",\"url\":\"https:\\\/\\\/secure.gravatar.com\\\/avatar\\\/eee448fc3f7164808013b816ba91ac7e43bbe82a70bebac296f8bc6f0addaa1a?s=96&d=mm&r=g\",\"contentUrl\":\"https:\\\/\\\/secure.gravatar.com\\\/avatar\\\/eee448fc3f7164808013b816ba91ac7e43bbe82a70bebac296f8bc6f0addaa1a?s=96&d=mm&r=g\",\"caption\":\"Edici\u00f3n Web\"},\"url\":\"https:\\\/\\\/canal7slp.tv\\\/2025\\\/author\\\/edicionweb\\\/\"}]}<\/script>\n<!-- \/ Yoast SEO plugin. -->","yoast_head_json":{"title":"Durante diciembre se perdieron 684 mil empleos: INEGI - Canal 7 SLP - 2025","robots":{"index":"index","follow":"follow","max-snippet":"max-snippet:-1","max-image-preview":"max-image-preview:large","max-video-preview":"max-video-preview:-1"},"canonical":"https:\/\/canal7slp.tv\/2025\/durante-diciembre-se-perdieron-684-mil-empleos-inegi\/","og_locale":"es_ES","og_type":"article","og_title":"Durante diciembre se perdieron 684 mil empleos: INEGI - Canal 7 SLP - 2025","og_description":"M\u00e9xico.- La econom\u00eda mexicana registr\u00f3 una p\u00e9rdida neta de 684 mil empleos en los sectores formal e informal durante diciembre, luego de haber generado 580 mil puestos en los dos meses previos, seg\u00fan datos del Instituto Nacional de Estad\u00edstica y Geograf\u00eda (INEGI). A pesar de esta ca\u00edda, el n\u00famero total de desempleados se redujo en 147 mil, cerrando el a\u00f1o con 1.478 millones de personas sin trabajo, lo que llev\u00f3 a una disminuci\u00f3n en la tasa de desocupaci\u00f3n, que pas\u00f3 de 2.6% a 2.4% de la Poblaci\u00f3n Econ\u00f3micamente Activa (PEA) entre noviembre y diciembre. El fen\u00f3meno se debe a que [&hellip;]","og_url":"https:\/\/canal7slp.tv\/2025\/durante-diciembre-se-perdieron-684-mil-empleos-inegi\/","og_site_name":"Canal 7 SLP - 2025","article_publisher":"https:\/\/www.facebook.com\/noticieroscanal7atencionciudadana\/","article_published_time":"2025-01-30T20:13:37+00:00","og_image":[{"width":750,"height":500,"url":"https:\/\/canal7slp.tv\/2025\/wp-content\/uploads\/2025\/01\/04-27.jpg","type":"image\/jpeg"}],"author":"Edici\u00f3n Web","twitter_card":"summary_large_image","twitter_creator":"@NOTICIEROS7","twitter_site":"@NOTICIEROS7","twitter_misc":{"Escrito por":"Edici\u00f3n Web","Tiempo de lectura":"2 minutos"},"schema":{"@context":"https:\/\/schema.org","@graph":[{"@type":"Article","@id":"https:\/\/canal7slp.tv\/2025\/durante-diciembre-se-perdieron-684-mil-empleos-inegi\/#article","isPartOf":{"@id":"https:\/\/canal7slp.tv\/2025\/durante-diciembre-se-perdieron-684-mil-empleos-inegi\/"},"author":{"name":"Edici\u00f3n Web","@id":"https:\/\/canal7slp.tv\/2025\/#\/schema\/person\/271e2b60a96e7cc9d9ac296f4d7e414b"},"headline":"Durante diciembre se perdieron 684 mil empleos: INEGI","datePublished":"2025-01-30T20:13:37+00:00","mainEntityOfPage":{"@id":"https:\/\/canal7slp.tv\/2025\/durante-diciembre-se-perdieron-684-mil-empleos-inegi\/"},"wordCount":287,"publisher":{"@id":"https:\/\/canal7slp.tv\/2025\/#organization"},"image":{"@id":"https:\/\/canal7slp.tv\/2025\/durante-diciembre-se-perdieron-684-mil-empleos-inegi\/#primaryimage"},"thumbnailUrl":"https:\/\/canal7slp.tv\/2025\/wp-content\/uploads\/2025\/01\/04-27.jpg","articleSection":["ECONOM\u00cdA"],"inLanguage":"es"},{"@type":"WebPage","@id":"https:\/\/canal7slp.tv\/2025\/durante-diciembre-se-perdieron-684-mil-empleos-inegi\/","url":"https:\/\/canal7slp.tv\/2025\/durante-diciembre-se-perdieron-684-mil-empleos-inegi\/","name":"Durante diciembre se perdieron 684 mil empleos: INEGI - Canal 7 SLP - 2025","isPartOf":{"@id":"https:\/\/canal7slp.tv\/2025\/#website"},"primaryImageOfPage":{"@id":"https:\/\/canal7slp.tv\/2025\/durante-diciembre-se-perdieron-684-mil-empleos-inegi\/#primaryimage"},"image":{"@id":"https:\/\/canal7slp.tv\/2025\/durante-diciembre-se-perdieron-684-mil-empleos-inegi\/#primaryimage"},"thumbnailUrl":"https:\/\/canal7slp.tv\/2025\/wp-content\/uploads\/2025\/01\/04-27.jpg","datePublished":"2025-01-30T20:13:37+00:00","breadcrumb":{"@id":"https:\/\/canal7slp.tv\/2025\/durante-diciembre-se-perdieron-684-mil-empleos-inegi\/#breadcrumb"},"inLanguage":"es","potentialAction":[{"@type":"ReadAction","target":["https:\/\/canal7slp.tv\/2025\/durante-diciembre-se-perdieron-684-mil-empleos-inegi\/"]}]},{"@type":"ImageObject","inLanguage":"es","@id":"https:\/\/canal7slp.tv\/2025\/durante-diciembre-se-perdieron-684-mil-empleos-inegi\/#primaryimage","url":"https:\/\/canal7slp.tv\/2025\/wp-content\/uploads\/2025\/01\/04-27.jpg","contentUrl":"https:\/\/canal7slp.tv\/2025\/wp-content\/uploads\/2025\/01\/04-27.jpg","width":750,"height":500},{"@type":"BreadcrumbList","@id":"https:\/\/canal7slp.tv\/2025\/durante-diciembre-se-perdieron-684-mil-empleos-inegi\/#breadcrumb","itemListElement":[{"@type":"ListItem","position":1,"name":"Portada","item":"https:\/\/canal7slp.tv\/2025\/"},{"@type":"ListItem","position":2,"name":"Durante diciembre se perdieron 684 mil empleos: INEGI"}]},{"@type":"WebSite","@id":"https:\/\/canal7slp.tv\/2025\/#website","url":"https:\/\/canal7slp.tv\/2025\/","name":"N7 - Noticieros Canal 7","description":"Somos el Medio","publisher":{"@id":"https:\/\/canal7slp.tv\/2025\/#organization"},"potentialAction":[{"@type":"SearchAction","target":{"@type":"EntryPoint","urlTemplate":"https:\/\/canal7slp.tv\/2025\/?s={search_term_string}"},"query-input":{"@type":"PropertyValueSpecification","valueRequired":true,"valueName":"search_term_string"}}],"inLanguage":"es"},{"@type":"Organization","@id":"https:\/\/canal7slp.tv\/2025\/#organization","name":"Noticieros Canal 7","url":"https:\/\/canal7slp.tv\/2025\/","logo":{"@type":"ImageObject","inLanguage":"es","@id":"https:\/\/canal7slp.tv\/2025\/#\/schema\/logo\/image\/","url":"https:\/\/canal7slp.tv\/2025\/wp-content\/uploads\/2021\/01\/logo-noticieros@2x.png","contentUrl":"https:\/\/canal7slp.tv\/2025\/wp-content\/uploads\/2021\/01\/logo-noticieros@2x.png","width":1017,"height":268,"caption":"Noticieros Canal 7"},"image":{"@id":"https:\/\/canal7slp.tv\/2025\/#\/schema\/logo\/image\/"},"sameAs":["https:\/\/www.facebook.com\/noticieroscanal7atencionciudadana\/","https:\/\/x.com\/NOTICIEROS7","https:\/\/www.instagram.com\/canal7_slp","https:\/\/www.youtube.com\/channel\/UCliiYs-gP3JfJeqdPrNdd5A"]},{"@type":"Person","@id":"https:\/\/canal7slp.tv\/2025\/#\/schema\/person\/271e2b60a96e7cc9d9ac296f4d7e414b","name":"Edici\u00f3n Web","image":{"@type":"ImageObject","inLanguage":"es","@id":"https:\/\/secure.gravatar.com\/avatar\/eee448fc3f7164808013b816ba91ac7e43bbe82a70bebac296f8bc6f0addaa1a?s=96&d=mm&r=g","url":"https:\/\/secure.gravatar.com\/avatar\/eee448fc3f7164808013b816ba91ac7e43bbe82a70bebac296f8bc6f0addaa1a?s=96&d=mm&r=g","contentUrl":"https:\/\/secure.gravatar.com\/avatar\/eee448fc3f7164808013b816ba91ac7e43bbe82a70bebac296f8bc6f0addaa1a?s=96&d=mm&r=g","caption":"Edici\u00f3n Web"},"url":"https:\/\/canal7slp.tv\/2025\/author\/edicionweb\/"}]}},"_links":{"self":[{"href":"https:\/\/canal7slp.tv\/2025\/wp-json\/wp\/v2\/posts\/156046","targetHints":{"allow":["GET"]}}],"collection":[{"href":"https:\/\/canal7slp.tv\/2025\/wp-json\/wp\/v2\/posts"}],"about":[{"href":"https:\/\/canal7slp.tv\/2025\/wp-json\/wp\/v2\/types\/post"}],"author":[{"embeddable":true,"href":"https:\/\/canal7slp.tv\/2025\/wp-json\/wp\/v2\/users\/2"}],"replies":[{"embeddable":true,"href":"https:\/\/canal7slp.tv\/2025\/wp-json\/wp\/v2\/comments?post=156046"}],"version-history":[{"count":1,"href":"https:\/\/canal7slp.tv\/2025\/wp-json\/wp\/v2\/posts\/156046\/revisions"}],"predecessor-version":[{"id":156048,"href":"https:\/\/canal7slp.tv\/2025\/wp-json\/wp\/v2\/posts\/156046\/revisions\/156048"}],"wp:featuredmedia":[{"embeddable":true,"href":"https:\/\/canal7slp.tv\/2025\/wp-json\/wp\/v2\/media\/156047"}],"wp:attachment":[{"href":"https:\/\/canal7slp.tv\/2025\/wp-json\/wp\/v2\/media?parent=156046"}],"wp:term":[{"taxonomy":"category","embeddable":true,"href":"https:\/\/canal7slp.tv\/2025\/wp-json\/wp\/v2\/categories?post=156046"},{"taxonomy":"post_tag","embeddable":true,"href":"https:\/\/canal7slp.tv\/2025\/wp-json\/wp\/v2\/tags?post=156046"}],"curies":[{"name":"wp","href":"https:\/\/api.w.org\/{rel}","templated":true}]}}