{"id":156001,"date":"2025-01-30T12:50:04","date_gmt":"2025-01-30T18:50:04","guid":{"rendered":"https:\/\/canal7slp.tv\/2025\/?p=156001"},"modified":"2025-01-30T12:50:04","modified_gmt":"2025-01-30T18:50:04","slug":"consejo-de-desarrollo-rural-toma-protesta-en-rioverde","status":"publish","type":"post","link":"https:\/\/canal7slp.tv\/2025\/consejo-de-desarrollo-rural-toma-protesta-en-rioverde\/","title":{"rendered":"Consejo de Desarrollo Rural, toma protesta en Rioverde"},"content":{"rendered":"<p style=\"text-align: justify;\">Rioverde.- El alcalde de Rioverde, Arnulfo Urbiola Rom\u00e1n, encabez\u00f3 la toma de protesta del Consejo de Desarrollo Rural, conformado por autoridades de los tres niveles de gobierno y representantes del sector agr\u00edcola y pecuario, el cual tiene el objetivo principal de coordinar esfuerzos para impulsar el desarrollo del campo en la regi\u00f3n.<\/p>\n<p style=\"text-align: justify;\">Urbiola Rom\u00e1n subray\u00f3 la importancia de este tipo de encuentros, donde quienes dependen del campo pueden expresar sus necesidades y retos.<\/p>\n<p style=\"text-align: justify;\">Durante esta primera sesi\u00f3n, se presentaron diversos programas federales y estatales dise\u00f1ados para fortalecer la producci\u00f3n agropecuaria y apoyar a los productores locales.<\/p>\n<p style=\"text-align: justify;\">Entre ellos, el denominado: Producci\u00f3n para el Bienestar, que brinda apoyo econ\u00f3mico a peque\u00f1os productores de granos b\u00e1sicos, permiti\u00e9ndoles mejorar sus cosechas y garantizar su sustento.<\/p>\n<p style=\"text-align: justify;\">Asimismo, se destacaron otros programas clave, como Fertilizantes para el Bienestar, mediante el cual se entregan 600 kg de fertilizante (300 kg de urea y 300 kg de fosfato) a los productores, y Cosechando Soberan\u00eda, dirigido a los sectores agr\u00edcolas m\u00e1s vulnerables, enfocado en reducir las brechas de desigualdad en el acceso a recursos y herramientas de producci\u00f3n.<\/p>\n<p style=\"text-align: justify;\">Finalmente, el presidente, se\u00f1al\u00f3 que la administraci\u00f3n municipal trabajar\u00e1 en la creaci\u00f3n de estrategias que fortalezcan la agricultura local y mejoren la calidad de vida de los productores, reconociendo su papel fundamental en la econom\u00eda y en la seguridad alimentaria de la regi\u00f3n.<\/p>\n<p style=\"text-align: justify;\">Por: X\u00f3chitl Morales Castro.<\/p>\n","protected":false},"excerpt":{"rendered":"<p>Rioverde.- El alcalde de Rioverde, Arnulfo Urbiola Rom\u00e1n, encabez\u00f3 la toma de protesta del Consejo de Desarrollo Rural, conformado por autoridades de los tres niveles de gobierno y representantes del sector agr\u00edcola y pecuario, el cual tiene el objetivo principal de coordinar esfuerzos para impulsar el desarrollo del campo en la regi\u00f3n. Urbiola Rom\u00e1n subray\u00f3 la importancia de este tipo de encuentros, donde quienes dependen del campo pueden expresar sus necesidades y retos. Durante esta primera sesi\u00f3n, se presentaron diversos programas federales y estatales dise\u00f1ados para fortalecer la producci\u00f3n agropecuaria y apoyar a los productores locales. Entre ellos, el denominado: [&hellip;]<\/p>\n","protected":false},"author":2,"featured_media":156005,"comment_status":"closed","ping_status":"closed","sticky":false,"template":"","format":"video","meta":{"_monsterinsights_skip_tracking":false,"_monsterinsights_sitenote_active":false,"_monsterinsights_sitenote_note":"","_monsterinsights_sitenote_category":0,"footnotes":""},"categories":[746,5,43],"tags":[],"class_list":["post-156001","post","type-post","status-publish","format-video","has-post-thumbnail","hentry","category-ayorio","category-destacadas","category-interior","post_format-post-format-video","post--single"],"yoast_head":"<!-- This site is optimized with the Yoast SEO plugin v27.5 - https:\/\/yoast.com\/product\/yoast-seo-wordpress\/ -->\n<title>Consejo de Desarrollo Rural, toma protesta en Rioverde - Canal 7 SLP - 2025<\/title>\n<meta name=\"robots\" content=\"index, follow, max-snippet:-1, max-image-preview:large, max-video-preview:-1\" \/>\n<link rel=\"canonical\" href=\"https:\/\/canal7slp.tv\/2025\/consejo-de-desarrollo-rural-toma-protesta-en-rioverde\/\" \/>\n<meta property=\"og:locale\" content=\"es_ES\" \/>\n<meta property=\"og:type\" content=\"article\" \/>\n<meta property=\"og:title\" content=\"Consejo de Desarrollo Rural, toma protesta en Rioverde - Canal 7 SLP - 2025\" \/>\n<meta property=\"og:description\" content=\"Rioverde.- El alcalde de Rioverde, Arnulfo Urbiola Rom\u00e1n, encabez\u00f3 la toma de protesta del Consejo de Desarrollo Rural, conformado por autoridades de los tres niveles de gobierno y representantes del sector agr\u00edcola y pecuario, el cual tiene el objetivo principal de coordinar esfuerzos para impulsar el desarrollo del campo en la regi\u00f3n. Urbiola Rom\u00e1n subray\u00f3 la importancia de este tipo de encuentros, donde quienes dependen del campo pueden expresar sus necesidades y retos. Durante esta primera sesi\u00f3n, se presentaron diversos programas federales y estatales dise\u00f1ados para fortalecer la producci\u00f3n agropecuaria y apoyar a los productores locales. Entre ellos, el denominado: [&hellip;]\" \/>\n<meta property=\"og:url\" content=\"https:\/\/canal7slp.tv\/2025\/consejo-de-desarrollo-rural-toma-protesta-en-rioverde\/\" \/>\n<meta property=\"og:site_name\" content=\"Canal 7 SLP - 2025\" \/>\n<meta property=\"article:publisher\" content=\"https:\/\/www.facebook.com\/noticieroscanal7atencionciudadana\/\" \/>\n<meta property=\"article:published_time\" content=\"2025-01-30T18:50:04+00:00\" \/>\n<meta property=\"og:image\" content=\"https:\/\/canal7slp.tv\/2025\/wp-content\/uploads\/2025\/01\/Xochi01Consejo.jpg\" \/>\n\t<meta property=\"og:image:width\" content=\"1920\" \/>\n\t<meta property=\"og:image:height\" content=\"1080\" \/>\n\t<meta property=\"og:image:type\" content=\"image\/jpeg\" \/>\n<meta name=\"author\" content=\"Edici\u00f3n Web\" \/>\n<meta name=\"twitter:card\" content=\"summary_large_image\" \/>\n<meta name=\"twitter:creator\" content=\"@NOTICIEROS7\" \/>\n<meta name=\"twitter:site\" content=\"@NOTICIEROS7\" \/>\n<meta name=\"twitter:label1\" content=\"Escrito por\" \/>\n\t<meta name=\"twitter:data1\" content=\"Edici\u00f3n Web\" \/>\n\t<meta name=\"twitter:label2\" content=\"Tiempo de lectura\" \/>\n\t<meta name=\"twitter:data2\" content=\"2 minutos\" \/>\n<script type=\"application\/ld+json\" class=\"yoast-schema-graph\">{\"@context\":\"https:\\\/\\\/schema.org\",\"@graph\":[{\"@type\":\"Article\",\"@id\":\"https:\\\/\\\/canal7slp.tv\\\/2025\\\/consejo-de-desarrollo-rural-toma-protesta-en-rioverde\\\/#article\",\"isPartOf\":{\"@id\":\"https:\\\/\\\/canal7slp.tv\\\/2025\\\/consejo-de-desarrollo-rural-toma-protesta-en-rioverde\\\/\"},\"author\":{\"name\":\"Edici\u00f3n Web\",\"@id\":\"https:\\\/\\\/canal7slp.tv\\\/2025\\\/#\\\/schema\\\/person\\\/271e2b60a96e7cc9d9ac296f4d7e414b\"},\"headline\":\"Consejo de Desarrollo Rural, toma protesta en Rioverde\",\"datePublished\":\"2025-01-30T18:50:04+00:00\",\"mainEntityOfPage\":{\"@id\":\"https:\\\/\\\/canal7slp.tv\\\/2025\\\/consejo-de-desarrollo-rural-toma-protesta-en-rioverde\\\/\"},\"wordCount\":255,\"publisher\":{\"@id\":\"https:\\\/\\\/canal7slp.tv\\\/2025\\\/#organization\"},\"image\":{\"@id\":\"https:\\\/\\\/canal7slp.tv\\\/2025\\\/consejo-de-desarrollo-rural-toma-protesta-en-rioverde\\\/#primaryimage\"},\"thumbnailUrl\":\"https:\\\/\\\/canal7slp.tv\\\/2025\\\/wp-content\\\/uploads\\\/2025\\\/01\\\/Xochi01Consejo.jpg\",\"articleSection\":[\"AYORIO\",\"DESTACADAS\",\"INTERIOR DEL ESTADO\"],\"inLanguage\":\"es\"},{\"@type\":\"WebPage\",\"@id\":\"https:\\\/\\\/canal7slp.tv\\\/2025\\\/consejo-de-desarrollo-rural-toma-protesta-en-rioverde\\\/\",\"url\":\"https:\\\/\\\/canal7slp.tv\\\/2025\\\/consejo-de-desarrollo-rural-toma-protesta-en-rioverde\\\/\",\"name\":\"Consejo de Desarrollo Rural, toma protesta en Rioverde - Canal 7 SLP - 2025\",\"isPartOf\":{\"@id\":\"https:\\\/\\\/canal7slp.tv\\\/2025\\\/#website\"},\"primaryImageOfPage\":{\"@id\":\"https:\\\/\\\/canal7slp.tv\\\/2025\\\/consejo-de-desarrollo-rural-toma-protesta-en-rioverde\\\/#primaryimage\"},\"image\":{\"@id\":\"https:\\\/\\\/canal7slp.tv\\\/2025\\\/consejo-de-desarrollo-rural-toma-protesta-en-rioverde\\\/#primaryimage\"},\"thumbnailUrl\":\"https:\\\/\\\/canal7slp.tv\\\/2025\\\/wp-content\\\/uploads\\\/2025\\\/01\\\/Xochi01Consejo.jpg\",\"datePublished\":\"2025-01-30T18:50:04+00:00\",\"breadcrumb\":{\"@id\":\"https:\\\/\\\/canal7slp.tv\\\/2025\\\/consejo-de-desarrollo-rural-toma-protesta-en-rioverde\\\/#breadcrumb\"},\"inLanguage\":\"es\",\"potentialAction\":[{\"@type\":\"ReadAction\",\"target\":[\"https:\\\/\\\/canal7slp.tv\\\/2025\\\/consejo-de-desarrollo-rural-toma-protesta-en-rioverde\\\/\"]}]},{\"@type\":\"ImageObject\",\"inLanguage\":\"es\",\"@id\":\"https:\\\/\\\/canal7slp.tv\\\/2025\\\/consejo-de-desarrollo-rural-toma-protesta-en-rioverde\\\/#primaryimage\",\"url\":\"https:\\\/\\\/canal7slp.tv\\\/2025\\\/wp-content\\\/uploads\\\/2025\\\/01\\\/Xochi01Consejo.jpg\",\"contentUrl\":\"https:\\\/\\\/canal7slp.tv\\\/2025\\\/wp-content\\\/uploads\\\/2025\\\/01\\\/Xochi01Consejo.jpg\",\"width\":1920,\"height\":1080},{\"@type\":\"BreadcrumbList\",\"@id\":\"https:\\\/\\\/canal7slp.tv\\\/2025\\\/consejo-de-desarrollo-rural-toma-protesta-en-rioverde\\\/#breadcrumb\",\"itemListElement\":[{\"@type\":\"ListItem\",\"position\":1,\"name\":\"Portada\",\"item\":\"https:\\\/\\\/canal7slp.tv\\\/2025\\\/\"},{\"@type\":\"ListItem\",\"position\":2,\"name\":\"Consejo de Desarrollo Rural, toma protesta en Rioverde\"}]},{\"@type\":\"WebSite\",\"@id\":\"https:\\\/\\\/canal7slp.tv\\\/2025\\\/#website\",\"url\":\"https:\\\/\\\/canal7slp.tv\\\/2025\\\/\",\"name\":\"N7 - Noticieros Canal 7\",\"description\":\"Somos el Medio\",\"publisher\":{\"@id\":\"https:\\\/\\\/canal7slp.tv\\\/2025\\\/#organization\"},\"potentialAction\":[{\"@type\":\"SearchAction\",\"target\":{\"@type\":\"EntryPoint\",\"urlTemplate\":\"https:\\\/\\\/canal7slp.tv\\\/2025\\\/?s={search_term_string}\"},\"query-input\":{\"@type\":\"PropertyValueSpecification\",\"valueRequired\":true,\"valueName\":\"search_term_string\"}}],\"inLanguage\":\"es\"},{\"@type\":\"Organization\",\"@id\":\"https:\\\/\\\/canal7slp.tv\\\/2025\\\/#organization\",\"name\":\"Noticieros Canal 7\",\"url\":\"https:\\\/\\\/canal7slp.tv\\\/2025\\\/\",\"logo\":{\"@type\":\"ImageObject\",\"inLanguage\":\"es\",\"@id\":\"https:\\\/\\\/canal7slp.tv\\\/2025\\\/#\\\/schema\\\/logo\\\/image\\\/\",\"url\":\"https:\\\/\\\/canal7slp.tv\\\/2025\\\/wp-content\\\/uploads\\\/2021\\\/01\\\/logo-noticieros@2x.png\",\"contentUrl\":\"https:\\\/\\\/canal7slp.tv\\\/2025\\\/wp-content\\\/uploads\\\/2021\\\/01\\\/logo-noticieros@2x.png\",\"width\":1017,\"height\":268,\"caption\":\"Noticieros Canal 7\"},\"image\":{\"@id\":\"https:\\\/\\\/canal7slp.tv\\\/2025\\\/#\\\/schema\\\/logo\\\/image\\\/\"},\"sameAs\":[\"https:\\\/\\\/www.facebook.com\\\/noticieroscanal7atencionciudadana\\\/\",\"https:\\\/\\\/x.com\\\/NOTICIEROS7\",\"https:\\\/\\\/www.instagram.com\\\/canal7_slp\",\"https:\\\/\\\/www.youtube.com\\\/channel\\\/UCliiYs-gP3JfJeqdPrNdd5A\"]},{\"@type\":\"Person\",\"@id\":\"https:\\\/\\\/canal7slp.tv\\\/2025\\\/#\\\/schema\\\/person\\\/271e2b60a96e7cc9d9ac296f4d7e414b\",\"name\":\"Edici\u00f3n Web\",\"image\":{\"@type\":\"ImageObject\",\"inLanguage\":\"es\",\"@id\":\"https:\\\/\\\/secure.gravatar.com\\\/avatar\\\/eee448fc3f7164808013b816ba91ac7e43bbe82a70bebac296f8bc6f0addaa1a?s=96&d=mm&r=g\",\"url\":\"https:\\\/\\\/secure.gravatar.com\\\/avatar\\\/eee448fc3f7164808013b816ba91ac7e43bbe82a70bebac296f8bc6f0addaa1a?s=96&d=mm&r=g\",\"contentUrl\":\"https:\\\/\\\/secure.gravatar.com\\\/avatar\\\/eee448fc3f7164808013b816ba91ac7e43bbe82a70bebac296f8bc6f0addaa1a?s=96&d=mm&r=g\",\"caption\":\"Edici\u00f3n Web\"},\"url\":\"https:\\\/\\\/canal7slp.tv\\\/2025\\\/author\\\/edicionweb\\\/\"}]}<\/script>\n<!-- \/ Yoast SEO plugin. -->","yoast_head_json":{"title":"Consejo de Desarrollo Rural, toma protesta en Rioverde - Canal 7 SLP - 2025","robots":{"index":"index","follow":"follow","max-snippet":"max-snippet:-1","max-image-preview":"max-image-preview:large","max-video-preview":"max-video-preview:-1"},"canonical":"https:\/\/canal7slp.tv\/2025\/consejo-de-desarrollo-rural-toma-protesta-en-rioverde\/","og_locale":"es_ES","og_type":"article","og_title":"Consejo de Desarrollo Rural, toma protesta en Rioverde - Canal 7 SLP - 2025","og_description":"Rioverde.- El alcalde de Rioverde, Arnulfo Urbiola Rom\u00e1n, encabez\u00f3 la toma de protesta del Consejo de Desarrollo Rural, conformado por autoridades de los tres niveles de gobierno y representantes del sector agr\u00edcola y pecuario, el cual tiene el objetivo principal de coordinar esfuerzos para impulsar el desarrollo del campo en la regi\u00f3n. Urbiola Rom\u00e1n subray\u00f3 la importancia de este tipo de encuentros, donde quienes dependen del campo pueden expresar sus necesidades y retos. Durante esta primera sesi\u00f3n, se presentaron diversos programas federales y estatales dise\u00f1ados para fortalecer la producci\u00f3n agropecuaria y apoyar a los productores locales. Entre ellos, el denominado: [&hellip;]","og_url":"https:\/\/canal7slp.tv\/2025\/consejo-de-desarrollo-rural-toma-protesta-en-rioverde\/","og_site_name":"Canal 7 SLP - 2025","article_publisher":"https:\/\/www.facebook.com\/noticieroscanal7atencionciudadana\/","article_published_time":"2025-01-30T18:50:04+00:00","og_image":[{"width":1920,"height":1080,"url":"https:\/\/canal7slp.tv\/2025\/wp-content\/uploads\/2025\/01\/Xochi01Consejo.jpg","type":"image\/jpeg"}],"author":"Edici\u00f3n Web","twitter_card":"summary_large_image","twitter_creator":"@NOTICIEROS7","twitter_site":"@NOTICIEROS7","twitter_misc":{"Escrito por":"Edici\u00f3n Web","Tiempo de lectura":"2 minutos"},"schema":{"@context":"https:\/\/schema.org","@graph":[{"@type":"Article","@id":"https:\/\/canal7slp.tv\/2025\/consejo-de-desarrollo-rural-toma-protesta-en-rioverde\/#article","isPartOf":{"@id":"https:\/\/canal7slp.tv\/2025\/consejo-de-desarrollo-rural-toma-protesta-en-rioverde\/"},"author":{"name":"Edici\u00f3n Web","@id":"https:\/\/canal7slp.tv\/2025\/#\/schema\/person\/271e2b60a96e7cc9d9ac296f4d7e414b"},"headline":"Consejo de Desarrollo Rural, toma protesta en Rioverde","datePublished":"2025-01-30T18:50:04+00:00","mainEntityOfPage":{"@id":"https:\/\/canal7slp.tv\/2025\/consejo-de-desarrollo-rural-toma-protesta-en-rioverde\/"},"wordCount":255,"publisher":{"@id":"https:\/\/canal7slp.tv\/2025\/#organization"},"image":{"@id":"https:\/\/canal7slp.tv\/2025\/consejo-de-desarrollo-rural-toma-protesta-en-rioverde\/#primaryimage"},"thumbnailUrl":"https:\/\/canal7slp.tv\/2025\/wp-content\/uploads\/2025\/01\/Xochi01Consejo.jpg","articleSection":["AYORIO","DESTACADAS","INTERIOR DEL ESTADO"],"inLanguage":"es"},{"@type":"WebPage","@id":"https:\/\/canal7slp.tv\/2025\/consejo-de-desarrollo-rural-toma-protesta-en-rioverde\/","url":"https:\/\/canal7slp.tv\/2025\/consejo-de-desarrollo-rural-toma-protesta-en-rioverde\/","name":"Consejo de Desarrollo Rural, toma protesta en Rioverde - Canal 7 SLP - 2025","isPartOf":{"@id":"https:\/\/canal7slp.tv\/2025\/#website"},"primaryImageOfPage":{"@id":"https:\/\/canal7slp.tv\/2025\/consejo-de-desarrollo-rural-toma-protesta-en-rioverde\/#primaryimage"},"image":{"@id":"https:\/\/canal7slp.tv\/2025\/consejo-de-desarrollo-rural-toma-protesta-en-rioverde\/#primaryimage"},"thumbnailUrl":"https:\/\/canal7slp.tv\/2025\/wp-content\/uploads\/2025\/01\/Xochi01Consejo.jpg","datePublished":"2025-01-30T18:50:04+00:00","breadcrumb":{"@id":"https:\/\/canal7slp.tv\/2025\/consejo-de-desarrollo-rural-toma-protesta-en-rioverde\/#breadcrumb"},"inLanguage":"es","potentialAction":[{"@type":"ReadAction","target":["https:\/\/canal7slp.tv\/2025\/consejo-de-desarrollo-rural-toma-protesta-en-rioverde\/"]}]},{"@type":"ImageObject","inLanguage":"es","@id":"https:\/\/canal7slp.tv\/2025\/consejo-de-desarrollo-rural-toma-protesta-en-rioverde\/#primaryimage","url":"https:\/\/canal7slp.tv\/2025\/wp-content\/uploads\/2025\/01\/Xochi01Consejo.jpg","contentUrl":"https:\/\/canal7slp.tv\/2025\/wp-content\/uploads\/2025\/01\/Xochi01Consejo.jpg","width":1920,"height":1080},{"@type":"BreadcrumbList","@id":"https:\/\/canal7slp.tv\/2025\/consejo-de-desarrollo-rural-toma-protesta-en-rioverde\/#breadcrumb","itemListElement":[{"@type":"ListItem","position":1,"name":"Portada","item":"https:\/\/canal7slp.tv\/2025\/"},{"@type":"ListItem","position":2,"name":"Consejo de Desarrollo Rural, toma protesta en Rioverde"}]},{"@type":"WebSite","@id":"https:\/\/canal7slp.tv\/2025\/#website","url":"https:\/\/canal7slp.tv\/2025\/","name":"N7 - Noticieros Canal 7","description":"Somos el Medio","publisher":{"@id":"https:\/\/canal7slp.tv\/2025\/#organization"},"potentialAction":[{"@type":"SearchAction","target":{"@type":"EntryPoint","urlTemplate":"https:\/\/canal7slp.tv\/2025\/?s={search_term_string}"},"query-input":{"@type":"PropertyValueSpecification","valueRequired":true,"valueName":"search_term_string"}}],"inLanguage":"es"},{"@type":"Organization","@id":"https:\/\/canal7slp.tv\/2025\/#organization","name":"Noticieros Canal 7","url":"https:\/\/canal7slp.tv\/2025\/","logo":{"@type":"ImageObject","inLanguage":"es","@id":"https:\/\/canal7slp.tv\/2025\/#\/schema\/logo\/image\/","url":"https:\/\/canal7slp.tv\/2025\/wp-content\/uploads\/2021\/01\/logo-noticieros@2x.png","contentUrl":"https:\/\/canal7slp.tv\/2025\/wp-content\/uploads\/2021\/01\/logo-noticieros@2x.png","width":1017,"height":268,"caption":"Noticieros Canal 7"},"image":{"@id":"https:\/\/canal7slp.tv\/2025\/#\/schema\/logo\/image\/"},"sameAs":["https:\/\/www.facebook.com\/noticieroscanal7atencionciudadana\/","https:\/\/x.com\/NOTICIEROS7","https:\/\/www.instagram.com\/canal7_slp","https:\/\/www.youtube.com\/channel\/UCliiYs-gP3JfJeqdPrNdd5A"]},{"@type":"Person","@id":"https:\/\/canal7slp.tv\/2025\/#\/schema\/person\/271e2b60a96e7cc9d9ac296f4d7e414b","name":"Edici\u00f3n Web","image":{"@type":"ImageObject","inLanguage":"es","@id":"https:\/\/secure.gravatar.com\/avatar\/eee448fc3f7164808013b816ba91ac7e43bbe82a70bebac296f8bc6f0addaa1a?s=96&d=mm&r=g","url":"https:\/\/secure.gravatar.com\/avatar\/eee448fc3f7164808013b816ba91ac7e43bbe82a70bebac296f8bc6f0addaa1a?s=96&d=mm&r=g","contentUrl":"https:\/\/secure.gravatar.com\/avatar\/eee448fc3f7164808013b816ba91ac7e43bbe82a70bebac296f8bc6f0addaa1a?s=96&d=mm&r=g","caption":"Edici\u00f3n Web"},"url":"https:\/\/canal7slp.tv\/2025\/author\/edicionweb\/"}]}},"_links":{"self":[{"href":"https:\/\/canal7slp.tv\/2025\/wp-json\/wp\/v2\/posts\/156001","targetHints":{"allow":["GET"]}}],"collection":[{"href":"https:\/\/canal7slp.tv\/2025\/wp-json\/wp\/v2\/posts"}],"about":[{"href":"https:\/\/canal7slp.tv\/2025\/wp-json\/wp\/v2\/types\/post"}],"author":[{"embeddable":true,"href":"https:\/\/canal7slp.tv\/2025\/wp-json\/wp\/v2\/users\/2"}],"replies":[{"embeddable":true,"href":"https:\/\/canal7slp.tv\/2025\/wp-json\/wp\/v2\/comments?post=156001"}],"version-history":[{"count":2,"href":"https:\/\/canal7slp.tv\/2025\/wp-json\/wp\/v2\/posts\/156001\/revisions"}],"predecessor-version":[{"id":156007,"href":"https:\/\/canal7slp.tv\/2025\/wp-json\/wp\/v2\/posts\/156001\/revisions\/156007"}],"wp:featuredmedia":[{"embeddable":true,"href":"https:\/\/canal7slp.tv\/2025\/wp-json\/wp\/v2\/media\/156005"}],"wp:attachment":[{"href":"https:\/\/canal7slp.tv\/2025\/wp-json\/wp\/v2\/media?parent=156001"}],"wp:term":[{"taxonomy":"category","embeddable":true,"href":"https:\/\/canal7slp.tv\/2025\/wp-json\/wp\/v2\/categories?post=156001"},{"taxonomy":"post_tag","embeddable":true,"href":"https:\/\/canal7slp.tv\/2025\/wp-json\/wp\/v2\/tags?post=156001"}],"curies":[{"name":"wp","href":"https:\/\/api.w.org\/{rel}","templated":true}]}}