{"id":155992,"date":"2025-01-30T12:41:27","date_gmt":"2025-01-30T18:41:27","guid":{"rendered":"https:\/\/canal7slp.tv\/2025\/?p=155992"},"modified":"2025-01-30T12:41:27","modified_gmt":"2025-01-30T18:41:27","slug":"el-clamor-de-empresariado-es-que-se-atienda-la-inseguridad-afirma-dirigente-de-coparmex-matehuala","status":"publish","type":"post","link":"https:\/\/canal7slp.tv\/2025\/el-clamor-de-empresariado-es-que-se-atienda-la-inseguridad-afirma-dirigente-de-coparmex-matehuala\/","title":{"rendered":"\u00abEl clamor de empresariado es que se atienda la inseguridad\u00bb, afirma dirigente de COPARMEX Matehuala"},"content":{"rendered":"<p style=\"text-align: justify;\">Matehuala.- Coparmex Matehuala llev\u00f3 a cabo dos conferencias y una reuni\u00f3n del Consejo Directivo, donde se abordaron temas que preocupan al sector empresarial del altiplano potosino, as\u00ed lo dio a conocer el Presidente de la Confederaci\u00f3n en la zona, Juan Carlos Salazar Viezca.<\/p>\n<p style=\"text-align: justify;\">\u201cEl clamor numero uno de todos los empresarios de esta zona, que estamos afiliados a Coparmex y tambi\u00e9n a los dem\u00e1s organismos empresariales, es el problema de la inseguridad, la incidencia de los diferentes delitos, tanto del fuero com\u00fan como del fuero federal y de manera importante, \u00faltimamente, las extorsiones de parte de las instituciones y de las corporaciones policiacas\u201d, dijo.<\/p>\n<p style=\"text-align: justify;\">Salazar Viezca afirm\u00f3 que est\u00e1n elaborando un posicionamiento para hacerlo llegar ante las instancias correspondientes, \u201cestamos trabajando tanto con la Secretar\u00eda de Seguridad P\u00fablica y de Protecci\u00f3n Ciudadana, tambi\u00e9n con la Guardia Civil tenemos reuniones peri\u00f3dicamente, donde analizamos los temas sobretodo los de m\u00e1s alto impacto, nuestra postura siempre es de colaboraci\u00f3n, pero tambi\u00e9n de exigencia para que se haga el trabajo como debe de ser\u201d.<\/p>\n<p style=\"text-align: justify;\">El dirigente de Coparmex, se\u00f1al\u00f3 que debe realizarse una revisi\u00f3n en la polic\u00eda municipal, debido a que existen elementos que est\u00e1n llevando a cabo acciones negativas, \u201chay se\u00f1alamientos que son muy aventurados, considero que est\u00e1n fuera de lugar, como tratar de vincular al Presidente Ra\u00fal Ortega con el crimen organizado, creo que no tiene sustento, es un ruido de medios, de prensa, realmente no vemos que exista ninguna posibilidad que nuestro presidente municipal actual, tenga v\u00ednculos con el crimen organizado\u201d.<\/p>\n<p>Por: Jes\u00fas Valencia<\/p>\n","protected":false},"excerpt":{"rendered":"<p>Matehuala.- Coparmex Matehuala llev\u00f3 a cabo dos conferencias y una reuni\u00f3n del Consejo Directivo, donde se abordaron temas que preocupan al sector empresarial del altiplano potosino, as\u00ed lo dio a conocer el Presidente de la Confederaci\u00f3n en la zona, Juan Carlos Salazar Viezca. \u201cEl clamor numero uno de todos los empresarios de esta zona, que estamos afiliados a Coparmex y tambi\u00e9n a los dem\u00e1s organismos empresariales, es el problema de la inseguridad, la incidencia de los diferentes delitos, tanto del fuero com\u00fan como del fuero federal y de manera importante, \u00faltimamente, las extorsiones de parte de las instituciones y de [&hellip;]<\/p>\n","protected":false},"author":2,"featured_media":155996,"comment_status":"closed","ping_status":"closed","sticky":false,"template":"","format":"video","meta":{"_monsterinsights_skip_tracking":false,"_monsterinsights_sitenote_active":false,"_monsterinsights_sitenote_note":"","_monsterinsights_sitenote_category":0,"footnotes":""},"categories":[5,43],"tags":[],"class_list":["post-155992","post","type-post","status-publish","format-video","has-post-thumbnail","hentry","category-destacadas","category-interior","post_format-post-format-video","post--single"],"yoast_head":"<!-- This site is optimized with the Yoast SEO plugin v27.5 - https:\/\/yoast.com\/product\/yoast-seo-wordpress\/ -->\n<title>&quot;El clamor de empresariado es que se atienda la inseguridad&quot;, afirma dirigente de COPARMEX Matehuala - Canal 7 SLP - 2025<\/title>\n<meta name=\"robots\" content=\"index, follow, max-snippet:-1, max-image-preview:large, max-video-preview:-1\" \/>\n<link rel=\"canonical\" href=\"https:\/\/canal7slp.tv\/2025\/el-clamor-de-empresariado-es-que-se-atienda-la-inseguridad-afirma-dirigente-de-coparmex-matehuala\/\" \/>\n<meta property=\"og:locale\" content=\"es_ES\" \/>\n<meta property=\"og:type\" content=\"article\" \/>\n<meta property=\"og:title\" content=\"&quot;El clamor de empresariado es que se atienda la inseguridad&quot;, afirma dirigente de COPARMEX Matehuala - Canal 7 SLP - 2025\" \/>\n<meta property=\"og:description\" content=\"Matehuala.- Coparmex Matehuala llev\u00f3 a cabo dos conferencias y una reuni\u00f3n del Consejo Directivo, donde se abordaron temas que preocupan al sector empresarial del altiplano potosino, as\u00ed lo dio a conocer el Presidente de la Confederaci\u00f3n en la zona, Juan Carlos Salazar Viezca. \u201cEl clamor numero uno de todos los empresarios de esta zona, que estamos afiliados a Coparmex y tambi\u00e9n a los dem\u00e1s organismos empresariales, es el problema de la inseguridad, la incidencia de los diferentes delitos, tanto del fuero com\u00fan como del fuero federal y de manera importante, \u00faltimamente, las extorsiones de parte de las instituciones y de [&hellip;]\" \/>\n<meta property=\"og:url\" content=\"https:\/\/canal7slp.tv\/2025\/el-clamor-de-empresariado-es-que-se-atienda-la-inseguridad-afirma-dirigente-de-coparmex-matehuala\/\" \/>\n<meta property=\"og:site_name\" content=\"Canal 7 SLP - 2025\" \/>\n<meta property=\"article:publisher\" content=\"https:\/\/www.facebook.com\/noticieroscanal7atencionciudadana\/\" \/>\n<meta property=\"article:published_time\" content=\"2025-01-30T18:41:27+00:00\" \/>\n<meta property=\"og:image\" content=\"https:\/\/canal7slp.tv\/2025\/wp-content\/uploads\/2025\/01\/Vanlencia01Conferencia.jpg\" \/>\n\t<meta property=\"og:image:width\" content=\"1920\" \/>\n\t<meta property=\"og:image:height\" content=\"1080\" \/>\n\t<meta property=\"og:image:type\" content=\"image\/jpeg\" \/>\n<meta name=\"author\" content=\"Edici\u00f3n Web\" \/>\n<meta name=\"twitter:card\" content=\"summary_large_image\" \/>\n<meta name=\"twitter:creator\" content=\"@NOTICIEROS7\" \/>\n<meta name=\"twitter:site\" content=\"@NOTICIEROS7\" \/>\n<meta name=\"twitter:label1\" content=\"Escrito por\" \/>\n\t<meta name=\"twitter:data1\" content=\"Edici\u00f3n Web\" \/>\n\t<meta name=\"twitter:label2\" content=\"Tiempo de lectura\" \/>\n\t<meta name=\"twitter:data2\" content=\"2 minutos\" \/>\n<script type=\"application\/ld+json\" class=\"yoast-schema-graph\">{\"@context\":\"https:\\\/\\\/schema.org\",\"@graph\":[{\"@type\":\"Article\",\"@id\":\"https:\\\/\\\/canal7slp.tv\\\/2025\\\/el-clamor-de-empresariado-es-que-se-atienda-la-inseguridad-afirma-dirigente-de-coparmex-matehuala\\\/#article\",\"isPartOf\":{\"@id\":\"https:\\\/\\\/canal7slp.tv\\\/2025\\\/el-clamor-de-empresariado-es-que-se-atienda-la-inseguridad-afirma-dirigente-de-coparmex-matehuala\\\/\"},\"author\":{\"name\":\"Edici\u00f3n Web\",\"@id\":\"https:\\\/\\\/canal7slp.tv\\\/2025\\\/#\\\/schema\\\/person\\\/271e2b60a96e7cc9d9ac296f4d7e414b\"},\"headline\":\"\u00abEl clamor de empresariado es que se atienda la inseguridad\u00bb, afirma dirigente de COPARMEX Matehuala\",\"datePublished\":\"2025-01-30T18:41:27+00:00\",\"mainEntityOfPage\":{\"@id\":\"https:\\\/\\\/canal7slp.tv\\\/2025\\\/el-clamor-de-empresariado-es-que-se-atienda-la-inseguridad-afirma-dirigente-de-coparmex-matehuala\\\/\"},\"wordCount\":292,\"publisher\":{\"@id\":\"https:\\\/\\\/canal7slp.tv\\\/2025\\\/#organization\"},\"image\":{\"@id\":\"https:\\\/\\\/canal7slp.tv\\\/2025\\\/el-clamor-de-empresariado-es-que-se-atienda-la-inseguridad-afirma-dirigente-de-coparmex-matehuala\\\/#primaryimage\"},\"thumbnailUrl\":\"https:\\\/\\\/canal7slp.tv\\\/2025\\\/wp-content\\\/uploads\\\/2025\\\/01\\\/Vanlencia01Conferencia.jpg\",\"articleSection\":[\"DESTACADAS\",\"INTERIOR DEL ESTADO\"],\"inLanguage\":\"es\"},{\"@type\":\"WebPage\",\"@id\":\"https:\\\/\\\/canal7slp.tv\\\/2025\\\/el-clamor-de-empresariado-es-que-se-atienda-la-inseguridad-afirma-dirigente-de-coparmex-matehuala\\\/\",\"url\":\"https:\\\/\\\/canal7slp.tv\\\/2025\\\/el-clamor-de-empresariado-es-que-se-atienda-la-inseguridad-afirma-dirigente-de-coparmex-matehuala\\\/\",\"name\":\"\\\"El clamor de empresariado es que se atienda la inseguridad\\\", afirma dirigente de COPARMEX Matehuala - Canal 7 SLP - 2025\",\"isPartOf\":{\"@id\":\"https:\\\/\\\/canal7slp.tv\\\/2025\\\/#website\"},\"primaryImageOfPage\":{\"@id\":\"https:\\\/\\\/canal7slp.tv\\\/2025\\\/el-clamor-de-empresariado-es-que-se-atienda-la-inseguridad-afirma-dirigente-de-coparmex-matehuala\\\/#primaryimage\"},\"image\":{\"@id\":\"https:\\\/\\\/canal7slp.tv\\\/2025\\\/el-clamor-de-empresariado-es-que-se-atienda-la-inseguridad-afirma-dirigente-de-coparmex-matehuala\\\/#primaryimage\"},\"thumbnailUrl\":\"https:\\\/\\\/canal7slp.tv\\\/2025\\\/wp-content\\\/uploads\\\/2025\\\/01\\\/Vanlencia01Conferencia.jpg\",\"datePublished\":\"2025-01-30T18:41:27+00:00\",\"breadcrumb\":{\"@id\":\"https:\\\/\\\/canal7slp.tv\\\/2025\\\/el-clamor-de-empresariado-es-que-se-atienda-la-inseguridad-afirma-dirigente-de-coparmex-matehuala\\\/#breadcrumb\"},\"inLanguage\":\"es\",\"potentialAction\":[{\"@type\":\"ReadAction\",\"target\":[\"https:\\\/\\\/canal7slp.tv\\\/2025\\\/el-clamor-de-empresariado-es-que-se-atienda-la-inseguridad-afirma-dirigente-de-coparmex-matehuala\\\/\"]}]},{\"@type\":\"ImageObject\",\"inLanguage\":\"es\",\"@id\":\"https:\\\/\\\/canal7slp.tv\\\/2025\\\/el-clamor-de-empresariado-es-que-se-atienda-la-inseguridad-afirma-dirigente-de-coparmex-matehuala\\\/#primaryimage\",\"url\":\"https:\\\/\\\/canal7slp.tv\\\/2025\\\/wp-content\\\/uploads\\\/2025\\\/01\\\/Vanlencia01Conferencia.jpg\",\"contentUrl\":\"https:\\\/\\\/canal7slp.tv\\\/2025\\\/wp-content\\\/uploads\\\/2025\\\/01\\\/Vanlencia01Conferencia.jpg\",\"width\":1920,\"height\":1080},{\"@type\":\"BreadcrumbList\",\"@id\":\"https:\\\/\\\/canal7slp.tv\\\/2025\\\/el-clamor-de-empresariado-es-que-se-atienda-la-inseguridad-afirma-dirigente-de-coparmex-matehuala\\\/#breadcrumb\",\"itemListElement\":[{\"@type\":\"ListItem\",\"position\":1,\"name\":\"Portada\",\"item\":\"https:\\\/\\\/canal7slp.tv\\\/2025\\\/\"},{\"@type\":\"ListItem\",\"position\":2,\"name\":\"\u00abEl clamor de empresariado es que se atienda la inseguridad\u00bb, afirma dirigente de COPARMEX Matehuala\"}]},{\"@type\":\"WebSite\",\"@id\":\"https:\\\/\\\/canal7slp.tv\\\/2025\\\/#website\",\"url\":\"https:\\\/\\\/canal7slp.tv\\\/2025\\\/\",\"name\":\"N7 - Noticieros Canal 7\",\"description\":\"Somos el Medio\",\"publisher\":{\"@id\":\"https:\\\/\\\/canal7slp.tv\\\/2025\\\/#organization\"},\"potentialAction\":[{\"@type\":\"SearchAction\",\"target\":{\"@type\":\"EntryPoint\",\"urlTemplate\":\"https:\\\/\\\/canal7slp.tv\\\/2025\\\/?s={search_term_string}\"},\"query-input\":{\"@type\":\"PropertyValueSpecification\",\"valueRequired\":true,\"valueName\":\"search_term_string\"}}],\"inLanguage\":\"es\"},{\"@type\":\"Organization\",\"@id\":\"https:\\\/\\\/canal7slp.tv\\\/2025\\\/#organization\",\"name\":\"Noticieros Canal 7\",\"url\":\"https:\\\/\\\/canal7slp.tv\\\/2025\\\/\",\"logo\":{\"@type\":\"ImageObject\",\"inLanguage\":\"es\",\"@id\":\"https:\\\/\\\/canal7slp.tv\\\/2025\\\/#\\\/schema\\\/logo\\\/image\\\/\",\"url\":\"https:\\\/\\\/canal7slp.tv\\\/2025\\\/wp-content\\\/uploads\\\/2021\\\/01\\\/logo-noticieros@2x.png\",\"contentUrl\":\"https:\\\/\\\/canal7slp.tv\\\/2025\\\/wp-content\\\/uploads\\\/2021\\\/01\\\/logo-noticieros@2x.png\",\"width\":1017,\"height\":268,\"caption\":\"Noticieros Canal 7\"},\"image\":{\"@id\":\"https:\\\/\\\/canal7slp.tv\\\/2025\\\/#\\\/schema\\\/logo\\\/image\\\/\"},\"sameAs\":[\"https:\\\/\\\/www.facebook.com\\\/noticieroscanal7atencionciudadana\\\/\",\"https:\\\/\\\/x.com\\\/NOTICIEROS7\",\"https:\\\/\\\/www.instagram.com\\\/canal7_slp\",\"https:\\\/\\\/www.youtube.com\\\/channel\\\/UCliiYs-gP3JfJeqdPrNdd5A\"]},{\"@type\":\"Person\",\"@id\":\"https:\\\/\\\/canal7slp.tv\\\/2025\\\/#\\\/schema\\\/person\\\/271e2b60a96e7cc9d9ac296f4d7e414b\",\"name\":\"Edici\u00f3n Web\",\"image\":{\"@type\":\"ImageObject\",\"inLanguage\":\"es\",\"@id\":\"https:\\\/\\\/secure.gravatar.com\\\/avatar\\\/eee448fc3f7164808013b816ba91ac7e43bbe82a70bebac296f8bc6f0addaa1a?s=96&d=mm&r=g\",\"url\":\"https:\\\/\\\/secure.gravatar.com\\\/avatar\\\/eee448fc3f7164808013b816ba91ac7e43bbe82a70bebac296f8bc6f0addaa1a?s=96&d=mm&r=g\",\"contentUrl\":\"https:\\\/\\\/secure.gravatar.com\\\/avatar\\\/eee448fc3f7164808013b816ba91ac7e43bbe82a70bebac296f8bc6f0addaa1a?s=96&d=mm&r=g\",\"caption\":\"Edici\u00f3n Web\"},\"url\":\"https:\\\/\\\/canal7slp.tv\\\/2025\\\/author\\\/edicionweb\\\/\"}]}<\/script>\n<!-- \/ Yoast SEO plugin. -->","yoast_head_json":{"title":"\"El clamor de empresariado es que se atienda la inseguridad\", afirma dirigente de COPARMEX Matehuala - Canal 7 SLP - 2025","robots":{"index":"index","follow":"follow","max-snippet":"max-snippet:-1","max-image-preview":"max-image-preview:large","max-video-preview":"max-video-preview:-1"},"canonical":"https:\/\/canal7slp.tv\/2025\/el-clamor-de-empresariado-es-que-se-atienda-la-inseguridad-afirma-dirigente-de-coparmex-matehuala\/","og_locale":"es_ES","og_type":"article","og_title":"\"El clamor de empresariado es que se atienda la inseguridad\", afirma dirigente de COPARMEX Matehuala - Canal 7 SLP - 2025","og_description":"Matehuala.- Coparmex Matehuala llev\u00f3 a cabo dos conferencias y una reuni\u00f3n del Consejo Directivo, donde se abordaron temas que preocupan al sector empresarial del altiplano potosino, as\u00ed lo dio a conocer el Presidente de la Confederaci\u00f3n en la zona, Juan Carlos Salazar Viezca. \u201cEl clamor numero uno de todos los empresarios de esta zona, que estamos afiliados a Coparmex y tambi\u00e9n a los dem\u00e1s organismos empresariales, es el problema de la inseguridad, la incidencia de los diferentes delitos, tanto del fuero com\u00fan como del fuero federal y de manera importante, \u00faltimamente, las extorsiones de parte de las instituciones y de [&hellip;]","og_url":"https:\/\/canal7slp.tv\/2025\/el-clamor-de-empresariado-es-que-se-atienda-la-inseguridad-afirma-dirigente-de-coparmex-matehuala\/","og_site_name":"Canal 7 SLP - 2025","article_publisher":"https:\/\/www.facebook.com\/noticieroscanal7atencionciudadana\/","article_published_time":"2025-01-30T18:41:27+00:00","og_image":[{"width":1920,"height":1080,"url":"https:\/\/canal7slp.tv\/2025\/wp-content\/uploads\/2025\/01\/Vanlencia01Conferencia.jpg","type":"image\/jpeg"}],"author":"Edici\u00f3n Web","twitter_card":"summary_large_image","twitter_creator":"@NOTICIEROS7","twitter_site":"@NOTICIEROS7","twitter_misc":{"Escrito por":"Edici\u00f3n Web","Tiempo de lectura":"2 minutos"},"schema":{"@context":"https:\/\/schema.org","@graph":[{"@type":"Article","@id":"https:\/\/canal7slp.tv\/2025\/el-clamor-de-empresariado-es-que-se-atienda-la-inseguridad-afirma-dirigente-de-coparmex-matehuala\/#article","isPartOf":{"@id":"https:\/\/canal7slp.tv\/2025\/el-clamor-de-empresariado-es-que-se-atienda-la-inseguridad-afirma-dirigente-de-coparmex-matehuala\/"},"author":{"name":"Edici\u00f3n Web","@id":"https:\/\/canal7slp.tv\/2025\/#\/schema\/person\/271e2b60a96e7cc9d9ac296f4d7e414b"},"headline":"\u00abEl clamor de empresariado es que se atienda la inseguridad\u00bb, afirma dirigente de COPARMEX Matehuala","datePublished":"2025-01-30T18:41:27+00:00","mainEntityOfPage":{"@id":"https:\/\/canal7slp.tv\/2025\/el-clamor-de-empresariado-es-que-se-atienda-la-inseguridad-afirma-dirigente-de-coparmex-matehuala\/"},"wordCount":292,"publisher":{"@id":"https:\/\/canal7slp.tv\/2025\/#organization"},"image":{"@id":"https:\/\/canal7slp.tv\/2025\/el-clamor-de-empresariado-es-que-se-atienda-la-inseguridad-afirma-dirigente-de-coparmex-matehuala\/#primaryimage"},"thumbnailUrl":"https:\/\/canal7slp.tv\/2025\/wp-content\/uploads\/2025\/01\/Vanlencia01Conferencia.jpg","articleSection":["DESTACADAS","INTERIOR DEL ESTADO"],"inLanguage":"es"},{"@type":"WebPage","@id":"https:\/\/canal7slp.tv\/2025\/el-clamor-de-empresariado-es-que-se-atienda-la-inseguridad-afirma-dirigente-de-coparmex-matehuala\/","url":"https:\/\/canal7slp.tv\/2025\/el-clamor-de-empresariado-es-que-se-atienda-la-inseguridad-afirma-dirigente-de-coparmex-matehuala\/","name":"\"El clamor de empresariado es que se atienda la inseguridad\", afirma dirigente de COPARMEX Matehuala - Canal 7 SLP - 2025","isPartOf":{"@id":"https:\/\/canal7slp.tv\/2025\/#website"},"primaryImageOfPage":{"@id":"https:\/\/canal7slp.tv\/2025\/el-clamor-de-empresariado-es-que-se-atienda-la-inseguridad-afirma-dirigente-de-coparmex-matehuala\/#primaryimage"},"image":{"@id":"https:\/\/canal7slp.tv\/2025\/el-clamor-de-empresariado-es-que-se-atienda-la-inseguridad-afirma-dirigente-de-coparmex-matehuala\/#primaryimage"},"thumbnailUrl":"https:\/\/canal7slp.tv\/2025\/wp-content\/uploads\/2025\/01\/Vanlencia01Conferencia.jpg","datePublished":"2025-01-30T18:41:27+00:00","breadcrumb":{"@id":"https:\/\/canal7slp.tv\/2025\/el-clamor-de-empresariado-es-que-se-atienda-la-inseguridad-afirma-dirigente-de-coparmex-matehuala\/#breadcrumb"},"inLanguage":"es","potentialAction":[{"@type":"ReadAction","target":["https:\/\/canal7slp.tv\/2025\/el-clamor-de-empresariado-es-que-se-atienda-la-inseguridad-afirma-dirigente-de-coparmex-matehuala\/"]}]},{"@type":"ImageObject","inLanguage":"es","@id":"https:\/\/canal7slp.tv\/2025\/el-clamor-de-empresariado-es-que-se-atienda-la-inseguridad-afirma-dirigente-de-coparmex-matehuala\/#primaryimage","url":"https:\/\/canal7slp.tv\/2025\/wp-content\/uploads\/2025\/01\/Vanlencia01Conferencia.jpg","contentUrl":"https:\/\/canal7slp.tv\/2025\/wp-content\/uploads\/2025\/01\/Vanlencia01Conferencia.jpg","width":1920,"height":1080},{"@type":"BreadcrumbList","@id":"https:\/\/canal7slp.tv\/2025\/el-clamor-de-empresariado-es-que-se-atienda-la-inseguridad-afirma-dirigente-de-coparmex-matehuala\/#breadcrumb","itemListElement":[{"@type":"ListItem","position":1,"name":"Portada","item":"https:\/\/canal7slp.tv\/2025\/"},{"@type":"ListItem","position":2,"name":"\u00abEl clamor de empresariado es que se atienda la inseguridad\u00bb, afirma dirigente de COPARMEX Matehuala"}]},{"@type":"WebSite","@id":"https:\/\/canal7slp.tv\/2025\/#website","url":"https:\/\/canal7slp.tv\/2025\/","name":"N7 - Noticieros Canal 7","description":"Somos el Medio","publisher":{"@id":"https:\/\/canal7slp.tv\/2025\/#organization"},"potentialAction":[{"@type":"SearchAction","target":{"@type":"EntryPoint","urlTemplate":"https:\/\/canal7slp.tv\/2025\/?s={search_term_string}"},"query-input":{"@type":"PropertyValueSpecification","valueRequired":true,"valueName":"search_term_string"}}],"inLanguage":"es"},{"@type":"Organization","@id":"https:\/\/canal7slp.tv\/2025\/#organization","name":"Noticieros Canal 7","url":"https:\/\/canal7slp.tv\/2025\/","logo":{"@type":"ImageObject","inLanguage":"es","@id":"https:\/\/canal7slp.tv\/2025\/#\/schema\/logo\/image\/","url":"https:\/\/canal7slp.tv\/2025\/wp-content\/uploads\/2021\/01\/logo-noticieros@2x.png","contentUrl":"https:\/\/canal7slp.tv\/2025\/wp-content\/uploads\/2021\/01\/logo-noticieros@2x.png","width":1017,"height":268,"caption":"Noticieros Canal 7"},"image":{"@id":"https:\/\/canal7slp.tv\/2025\/#\/schema\/logo\/image\/"},"sameAs":["https:\/\/www.facebook.com\/noticieroscanal7atencionciudadana\/","https:\/\/x.com\/NOTICIEROS7","https:\/\/www.instagram.com\/canal7_slp","https:\/\/www.youtube.com\/channel\/UCliiYs-gP3JfJeqdPrNdd5A"]},{"@type":"Person","@id":"https:\/\/canal7slp.tv\/2025\/#\/schema\/person\/271e2b60a96e7cc9d9ac296f4d7e414b","name":"Edici\u00f3n Web","image":{"@type":"ImageObject","inLanguage":"es","@id":"https:\/\/secure.gravatar.com\/avatar\/eee448fc3f7164808013b816ba91ac7e43bbe82a70bebac296f8bc6f0addaa1a?s=96&d=mm&r=g","url":"https:\/\/secure.gravatar.com\/avatar\/eee448fc3f7164808013b816ba91ac7e43bbe82a70bebac296f8bc6f0addaa1a?s=96&d=mm&r=g","contentUrl":"https:\/\/secure.gravatar.com\/avatar\/eee448fc3f7164808013b816ba91ac7e43bbe82a70bebac296f8bc6f0addaa1a?s=96&d=mm&r=g","caption":"Edici\u00f3n Web"},"url":"https:\/\/canal7slp.tv\/2025\/author\/edicionweb\/"}]}},"_links":{"self":[{"href":"https:\/\/canal7slp.tv\/2025\/wp-json\/wp\/v2\/posts\/155992","targetHints":{"allow":["GET"]}}],"collection":[{"href":"https:\/\/canal7slp.tv\/2025\/wp-json\/wp\/v2\/posts"}],"about":[{"href":"https:\/\/canal7slp.tv\/2025\/wp-json\/wp\/v2\/types\/post"}],"author":[{"embeddable":true,"href":"https:\/\/canal7slp.tv\/2025\/wp-json\/wp\/v2\/users\/2"}],"replies":[{"embeddable":true,"href":"https:\/\/canal7slp.tv\/2025\/wp-json\/wp\/v2\/comments?post=155992"}],"version-history":[{"count":2,"href":"https:\/\/canal7slp.tv\/2025\/wp-json\/wp\/v2\/posts\/155992\/revisions"}],"predecessor-version":[{"id":155997,"href":"https:\/\/canal7slp.tv\/2025\/wp-json\/wp\/v2\/posts\/155992\/revisions\/155997"}],"wp:featuredmedia":[{"embeddable":true,"href":"https:\/\/canal7slp.tv\/2025\/wp-json\/wp\/v2\/media\/155996"}],"wp:attachment":[{"href":"https:\/\/canal7slp.tv\/2025\/wp-json\/wp\/v2\/media?parent=155992"}],"wp:term":[{"taxonomy":"category","embeddable":true,"href":"https:\/\/canal7slp.tv\/2025\/wp-json\/wp\/v2\/categories?post=155992"},{"taxonomy":"post_tag","embeddable":true,"href":"https:\/\/canal7slp.tv\/2025\/wp-json\/wp\/v2\/tags?post=155992"}],"curies":[{"name":"wp","href":"https:\/\/api.w.org\/{rel}","templated":true}]}}