{"id":155938,"date":"2025-01-30T01:00:23","date_gmt":"2025-01-30T07:00:23","guid":{"rendered":"https:\/\/canal7slp.tv\/2025\/?p=155938"},"modified":"2025-01-29T22:00:22","modified_gmt":"2025-01-30T04:00:22","slug":"definen-proyectos-autoridades-de-rioverde-y-seer","status":"publish","type":"post","link":"https:\/\/canal7slp.tv\/2025\/definen-proyectos-autoridades-de-rioverde-y-seer\/","title":{"rendered":"Definen proyectos autoridades de Rioverde y SEER"},"content":{"rendered":"<p style=\"text-align: justify;\">Rioverde.-\u00a0El secretario general del Sistema Educativo Estatal Regular (SEER), Cris\u00f3gono S\u00e1nchez Lara, encabez\u00f3 una reuni\u00f3n con el presidente municipal, Arnulfo Urbiola Rom\u00e1n y maestros representantes de instituciones educativas de Rioverde.<\/p>\n<p style=\"text-align: justify;\">El titular de la SEER expuso que unos de los principales mandatos del gobernador del estado, Ricardo Gallardo Cardona, es la consolidaci\u00f3n de una alianza institucional enfocada en el avance de la educaci\u00f3n y el enriquecimiento cultural de la comunidad.<\/p>\n<p style=\"text-align: justify;\">En este sentido dijo que Rioverde, se ha destacado por el impulso a la educaci\u00f3n por lo cual en la SEER est\u00e1n listos para trabajar de la mano con el ayuntamiento en la organizaci\u00f3n de eventos art\u00edsticos, deportivos y culturales.<\/p>\n<p style=\"text-align: justify;\">Expuso que el primer evento est\u00e1 proyectado para el 15, 16 y 17 de junio del 2025, agreg\u00f3 que ser\u00e1 una oportunidad significativa para que la comunidad escolar y la poblaci\u00f3n en general se beneficien con las diversas funciones art\u00edsticas y culturales, al mismo tiempo que se fomente un ambiente de camarader\u00eda.<\/p>\n<p style=\"text-align: justify;\">Finalmente mencion\u00f3 que este acercamiento es solo el primer paso hacia una colaboraci\u00f3n m\u00e1s robusta y efectiva entre los maestros y las autoridades educativas, que podr\u00eda significar un cambio positivo en la educaci\u00f3n de la regi\u00f3n Media.<\/p>\n<p style=\"text-align: justify;\">Por: X\u00f3chitl Morales Castro.<\/p>\n","protected":false},"excerpt":{"rendered":"<p>Rioverde.-\u00a0El secretario general del Sistema Educativo Estatal Regular (SEER), Cris\u00f3gono S\u00e1nchez Lara, encabez\u00f3 una reuni\u00f3n con el presidente municipal, Arnulfo Urbiola Rom\u00e1n y maestros representantes de instituciones educativas de Rioverde. El titular de la SEER expuso que unos de los principales mandatos del gobernador del estado, Ricardo Gallardo Cardona, es la consolidaci\u00f3n de una alianza institucional enfocada en el avance de la educaci\u00f3n y el enriquecimiento cultural de la comunidad. En este sentido dijo que Rioverde, se ha destacado por el impulso a la educaci\u00f3n por lo cual en la SEER est\u00e1n listos para trabajar de la mano con el [&hellip;]<\/p>\n","protected":false},"author":2,"featured_media":155940,"comment_status":"closed","ping_status":"closed","sticky":false,"template":"","format":"video","meta":{"_monsterinsights_skip_tracking":false,"_monsterinsights_sitenote_active":false,"_monsterinsights_sitenote_note":"","_monsterinsights_sitenote_category":0,"footnotes":""},"categories":[746,5,43],"tags":[],"class_list":["post-155938","post","type-post","status-publish","format-video","has-post-thumbnail","hentry","category-ayorio","category-destacadas","category-interior","post_format-post-format-video","post--single"],"yoast_head":"<!-- This site is optimized with the Yoast SEO plugin v27.5 - https:\/\/yoast.com\/product\/yoast-seo-wordpress\/ -->\n<title>Definen proyectos autoridades de Rioverde y SEER - Canal 7 SLP - 2025<\/title>\n<meta name=\"robots\" content=\"index, follow, max-snippet:-1, max-image-preview:large, max-video-preview:-1\" \/>\n<link rel=\"canonical\" href=\"https:\/\/canal7slp.tv\/2025\/definen-proyectos-autoridades-de-rioverde-y-seer\/\" \/>\n<meta property=\"og:locale\" content=\"es_ES\" \/>\n<meta property=\"og:type\" content=\"article\" \/>\n<meta property=\"og:title\" content=\"Definen proyectos autoridades de Rioverde y SEER - Canal 7 SLP - 2025\" \/>\n<meta property=\"og:description\" content=\"Rioverde.-\u00a0El secretario general del Sistema Educativo Estatal Regular (SEER), Cris\u00f3gono S\u00e1nchez Lara, encabez\u00f3 una reuni\u00f3n con el presidente municipal, Arnulfo Urbiola Rom\u00e1n y maestros representantes de instituciones educativas de Rioverde. El titular de la SEER expuso que unos de los principales mandatos del gobernador del estado, Ricardo Gallardo Cardona, es la consolidaci\u00f3n de una alianza institucional enfocada en el avance de la educaci\u00f3n y el enriquecimiento cultural de la comunidad. En este sentido dijo que Rioverde, se ha destacado por el impulso a la educaci\u00f3n por lo cual en la SEER est\u00e1n listos para trabajar de la mano con el [&hellip;]\" \/>\n<meta property=\"og:url\" content=\"https:\/\/canal7slp.tv\/2025\/definen-proyectos-autoridades-de-rioverde-y-seer\/\" \/>\n<meta property=\"og:site_name\" content=\"Canal 7 SLP - 2025\" \/>\n<meta property=\"article:publisher\" content=\"https:\/\/www.facebook.com\/noticieroscanal7atencionciudadana\/\" \/>\n<meta property=\"article:published_time\" content=\"2025-01-30T07:00:23+00:00\" \/>\n<meta property=\"og:image\" content=\"https:\/\/canal7slp.tv\/2025\/wp-content\/uploads\/2025\/01\/Xochi03SEER.jpg\" \/>\n\t<meta property=\"og:image:width\" content=\"1920\" \/>\n\t<meta property=\"og:image:height\" content=\"1080\" \/>\n\t<meta property=\"og:image:type\" content=\"image\/jpeg\" \/>\n<meta name=\"author\" content=\"Edici\u00f3n Web\" \/>\n<meta name=\"twitter:card\" content=\"summary_large_image\" \/>\n<meta name=\"twitter:creator\" content=\"@NOTICIEROS7\" \/>\n<meta name=\"twitter:site\" content=\"@NOTICIEROS7\" \/>\n<meta name=\"twitter:label1\" content=\"Escrito por\" \/>\n\t<meta name=\"twitter:data1\" content=\"Edici\u00f3n Web\" \/>\n\t<meta name=\"twitter:label2\" content=\"Tiempo de lectura\" \/>\n\t<meta name=\"twitter:data2\" content=\"2 minutos\" \/>\n<script type=\"application\/ld+json\" class=\"yoast-schema-graph\">{\"@context\":\"https:\\\/\\\/schema.org\",\"@graph\":[{\"@type\":\"Article\",\"@id\":\"https:\\\/\\\/canal7slp.tv\\\/2025\\\/definen-proyectos-autoridades-de-rioverde-y-seer\\\/#article\",\"isPartOf\":{\"@id\":\"https:\\\/\\\/canal7slp.tv\\\/2025\\\/definen-proyectos-autoridades-de-rioverde-y-seer\\\/\"},\"author\":{\"name\":\"Edici\u00f3n Web\",\"@id\":\"https:\\\/\\\/canal7slp.tv\\\/2025\\\/#\\\/schema\\\/person\\\/271e2b60a96e7cc9d9ac296f4d7e414b\"},\"headline\":\"Definen proyectos autoridades de Rioverde y SEER\",\"datePublished\":\"2025-01-30T07:00:23+00:00\",\"mainEntityOfPage\":{\"@id\":\"https:\\\/\\\/canal7slp.tv\\\/2025\\\/definen-proyectos-autoridades-de-rioverde-y-seer\\\/\"},\"wordCount\":227,\"publisher\":{\"@id\":\"https:\\\/\\\/canal7slp.tv\\\/2025\\\/#organization\"},\"image\":{\"@id\":\"https:\\\/\\\/canal7slp.tv\\\/2025\\\/definen-proyectos-autoridades-de-rioverde-y-seer\\\/#primaryimage\"},\"thumbnailUrl\":\"https:\\\/\\\/canal7slp.tv\\\/2025\\\/wp-content\\\/uploads\\\/2025\\\/01\\\/Xochi03SEER.jpg\",\"articleSection\":[\"AYORIO\",\"DESTACADAS\",\"INTERIOR DEL ESTADO\"],\"inLanguage\":\"es\"},{\"@type\":\"WebPage\",\"@id\":\"https:\\\/\\\/canal7slp.tv\\\/2025\\\/definen-proyectos-autoridades-de-rioverde-y-seer\\\/\",\"url\":\"https:\\\/\\\/canal7slp.tv\\\/2025\\\/definen-proyectos-autoridades-de-rioverde-y-seer\\\/\",\"name\":\"Definen proyectos autoridades de Rioverde y SEER - Canal 7 SLP - 2025\",\"isPartOf\":{\"@id\":\"https:\\\/\\\/canal7slp.tv\\\/2025\\\/#website\"},\"primaryImageOfPage\":{\"@id\":\"https:\\\/\\\/canal7slp.tv\\\/2025\\\/definen-proyectos-autoridades-de-rioverde-y-seer\\\/#primaryimage\"},\"image\":{\"@id\":\"https:\\\/\\\/canal7slp.tv\\\/2025\\\/definen-proyectos-autoridades-de-rioverde-y-seer\\\/#primaryimage\"},\"thumbnailUrl\":\"https:\\\/\\\/canal7slp.tv\\\/2025\\\/wp-content\\\/uploads\\\/2025\\\/01\\\/Xochi03SEER.jpg\",\"datePublished\":\"2025-01-30T07:00:23+00:00\",\"breadcrumb\":{\"@id\":\"https:\\\/\\\/canal7slp.tv\\\/2025\\\/definen-proyectos-autoridades-de-rioverde-y-seer\\\/#breadcrumb\"},\"inLanguage\":\"es\",\"potentialAction\":[{\"@type\":\"ReadAction\",\"target\":[\"https:\\\/\\\/canal7slp.tv\\\/2025\\\/definen-proyectos-autoridades-de-rioverde-y-seer\\\/\"]}]},{\"@type\":\"ImageObject\",\"inLanguage\":\"es\",\"@id\":\"https:\\\/\\\/canal7slp.tv\\\/2025\\\/definen-proyectos-autoridades-de-rioverde-y-seer\\\/#primaryimage\",\"url\":\"https:\\\/\\\/canal7slp.tv\\\/2025\\\/wp-content\\\/uploads\\\/2025\\\/01\\\/Xochi03SEER.jpg\",\"contentUrl\":\"https:\\\/\\\/canal7slp.tv\\\/2025\\\/wp-content\\\/uploads\\\/2025\\\/01\\\/Xochi03SEER.jpg\",\"width\":1920,\"height\":1080},{\"@type\":\"BreadcrumbList\",\"@id\":\"https:\\\/\\\/canal7slp.tv\\\/2025\\\/definen-proyectos-autoridades-de-rioverde-y-seer\\\/#breadcrumb\",\"itemListElement\":[{\"@type\":\"ListItem\",\"position\":1,\"name\":\"Portada\",\"item\":\"https:\\\/\\\/canal7slp.tv\\\/2025\\\/\"},{\"@type\":\"ListItem\",\"position\":2,\"name\":\"Definen proyectos autoridades de Rioverde y SEER\"}]},{\"@type\":\"WebSite\",\"@id\":\"https:\\\/\\\/canal7slp.tv\\\/2025\\\/#website\",\"url\":\"https:\\\/\\\/canal7slp.tv\\\/2025\\\/\",\"name\":\"N7 - Noticieros Canal 7\",\"description\":\"Somos el Medio\",\"publisher\":{\"@id\":\"https:\\\/\\\/canal7slp.tv\\\/2025\\\/#organization\"},\"potentialAction\":[{\"@type\":\"SearchAction\",\"target\":{\"@type\":\"EntryPoint\",\"urlTemplate\":\"https:\\\/\\\/canal7slp.tv\\\/2025\\\/?s={search_term_string}\"},\"query-input\":{\"@type\":\"PropertyValueSpecification\",\"valueRequired\":true,\"valueName\":\"search_term_string\"}}],\"inLanguage\":\"es\"},{\"@type\":\"Organization\",\"@id\":\"https:\\\/\\\/canal7slp.tv\\\/2025\\\/#organization\",\"name\":\"Noticieros Canal 7\",\"url\":\"https:\\\/\\\/canal7slp.tv\\\/2025\\\/\",\"logo\":{\"@type\":\"ImageObject\",\"inLanguage\":\"es\",\"@id\":\"https:\\\/\\\/canal7slp.tv\\\/2025\\\/#\\\/schema\\\/logo\\\/image\\\/\",\"url\":\"https:\\\/\\\/canal7slp.tv\\\/2025\\\/wp-content\\\/uploads\\\/2021\\\/01\\\/logo-noticieros@2x.png\",\"contentUrl\":\"https:\\\/\\\/canal7slp.tv\\\/2025\\\/wp-content\\\/uploads\\\/2021\\\/01\\\/logo-noticieros@2x.png\",\"width\":1017,\"height\":268,\"caption\":\"Noticieros Canal 7\"},\"image\":{\"@id\":\"https:\\\/\\\/canal7slp.tv\\\/2025\\\/#\\\/schema\\\/logo\\\/image\\\/\"},\"sameAs\":[\"https:\\\/\\\/www.facebook.com\\\/noticieroscanal7atencionciudadana\\\/\",\"https:\\\/\\\/x.com\\\/NOTICIEROS7\",\"https:\\\/\\\/www.instagram.com\\\/canal7_slp\",\"https:\\\/\\\/www.youtube.com\\\/channel\\\/UCliiYs-gP3JfJeqdPrNdd5A\"]},{\"@type\":\"Person\",\"@id\":\"https:\\\/\\\/canal7slp.tv\\\/2025\\\/#\\\/schema\\\/person\\\/271e2b60a96e7cc9d9ac296f4d7e414b\",\"name\":\"Edici\u00f3n Web\",\"image\":{\"@type\":\"ImageObject\",\"inLanguage\":\"es\",\"@id\":\"https:\\\/\\\/secure.gravatar.com\\\/avatar\\\/eee448fc3f7164808013b816ba91ac7e43bbe82a70bebac296f8bc6f0addaa1a?s=96&d=mm&r=g\",\"url\":\"https:\\\/\\\/secure.gravatar.com\\\/avatar\\\/eee448fc3f7164808013b816ba91ac7e43bbe82a70bebac296f8bc6f0addaa1a?s=96&d=mm&r=g\",\"contentUrl\":\"https:\\\/\\\/secure.gravatar.com\\\/avatar\\\/eee448fc3f7164808013b816ba91ac7e43bbe82a70bebac296f8bc6f0addaa1a?s=96&d=mm&r=g\",\"caption\":\"Edici\u00f3n Web\"},\"url\":\"https:\\\/\\\/canal7slp.tv\\\/2025\\\/author\\\/edicionweb\\\/\"}]}<\/script>\n<!-- \/ Yoast SEO plugin. -->","yoast_head_json":{"title":"Definen proyectos autoridades de Rioverde y SEER - Canal 7 SLP - 2025","robots":{"index":"index","follow":"follow","max-snippet":"max-snippet:-1","max-image-preview":"max-image-preview:large","max-video-preview":"max-video-preview:-1"},"canonical":"https:\/\/canal7slp.tv\/2025\/definen-proyectos-autoridades-de-rioverde-y-seer\/","og_locale":"es_ES","og_type":"article","og_title":"Definen proyectos autoridades de Rioverde y SEER - Canal 7 SLP - 2025","og_description":"Rioverde.-\u00a0El secretario general del Sistema Educativo Estatal Regular (SEER), Cris\u00f3gono S\u00e1nchez Lara, encabez\u00f3 una reuni\u00f3n con el presidente municipal, Arnulfo Urbiola Rom\u00e1n y maestros representantes de instituciones educativas de Rioverde. El titular de la SEER expuso que unos de los principales mandatos del gobernador del estado, Ricardo Gallardo Cardona, es la consolidaci\u00f3n de una alianza institucional enfocada en el avance de la educaci\u00f3n y el enriquecimiento cultural de la comunidad. En este sentido dijo que Rioverde, se ha destacado por el impulso a la educaci\u00f3n por lo cual en la SEER est\u00e1n listos para trabajar de la mano con el [&hellip;]","og_url":"https:\/\/canal7slp.tv\/2025\/definen-proyectos-autoridades-de-rioverde-y-seer\/","og_site_name":"Canal 7 SLP - 2025","article_publisher":"https:\/\/www.facebook.com\/noticieroscanal7atencionciudadana\/","article_published_time":"2025-01-30T07:00:23+00:00","og_image":[{"width":1920,"height":1080,"url":"https:\/\/canal7slp.tv\/2025\/wp-content\/uploads\/2025\/01\/Xochi03SEER.jpg","type":"image\/jpeg"}],"author":"Edici\u00f3n Web","twitter_card":"summary_large_image","twitter_creator":"@NOTICIEROS7","twitter_site":"@NOTICIEROS7","twitter_misc":{"Escrito por":"Edici\u00f3n Web","Tiempo de lectura":"2 minutos"},"schema":{"@context":"https:\/\/schema.org","@graph":[{"@type":"Article","@id":"https:\/\/canal7slp.tv\/2025\/definen-proyectos-autoridades-de-rioverde-y-seer\/#article","isPartOf":{"@id":"https:\/\/canal7slp.tv\/2025\/definen-proyectos-autoridades-de-rioverde-y-seer\/"},"author":{"name":"Edici\u00f3n Web","@id":"https:\/\/canal7slp.tv\/2025\/#\/schema\/person\/271e2b60a96e7cc9d9ac296f4d7e414b"},"headline":"Definen proyectos autoridades de Rioverde y SEER","datePublished":"2025-01-30T07:00:23+00:00","mainEntityOfPage":{"@id":"https:\/\/canal7slp.tv\/2025\/definen-proyectos-autoridades-de-rioverde-y-seer\/"},"wordCount":227,"publisher":{"@id":"https:\/\/canal7slp.tv\/2025\/#organization"},"image":{"@id":"https:\/\/canal7slp.tv\/2025\/definen-proyectos-autoridades-de-rioverde-y-seer\/#primaryimage"},"thumbnailUrl":"https:\/\/canal7slp.tv\/2025\/wp-content\/uploads\/2025\/01\/Xochi03SEER.jpg","articleSection":["AYORIO","DESTACADAS","INTERIOR DEL ESTADO"],"inLanguage":"es"},{"@type":"WebPage","@id":"https:\/\/canal7slp.tv\/2025\/definen-proyectos-autoridades-de-rioverde-y-seer\/","url":"https:\/\/canal7slp.tv\/2025\/definen-proyectos-autoridades-de-rioverde-y-seer\/","name":"Definen proyectos autoridades de Rioverde y SEER - Canal 7 SLP - 2025","isPartOf":{"@id":"https:\/\/canal7slp.tv\/2025\/#website"},"primaryImageOfPage":{"@id":"https:\/\/canal7slp.tv\/2025\/definen-proyectos-autoridades-de-rioverde-y-seer\/#primaryimage"},"image":{"@id":"https:\/\/canal7slp.tv\/2025\/definen-proyectos-autoridades-de-rioverde-y-seer\/#primaryimage"},"thumbnailUrl":"https:\/\/canal7slp.tv\/2025\/wp-content\/uploads\/2025\/01\/Xochi03SEER.jpg","datePublished":"2025-01-30T07:00:23+00:00","breadcrumb":{"@id":"https:\/\/canal7slp.tv\/2025\/definen-proyectos-autoridades-de-rioverde-y-seer\/#breadcrumb"},"inLanguage":"es","potentialAction":[{"@type":"ReadAction","target":["https:\/\/canal7slp.tv\/2025\/definen-proyectos-autoridades-de-rioverde-y-seer\/"]}]},{"@type":"ImageObject","inLanguage":"es","@id":"https:\/\/canal7slp.tv\/2025\/definen-proyectos-autoridades-de-rioverde-y-seer\/#primaryimage","url":"https:\/\/canal7slp.tv\/2025\/wp-content\/uploads\/2025\/01\/Xochi03SEER.jpg","contentUrl":"https:\/\/canal7slp.tv\/2025\/wp-content\/uploads\/2025\/01\/Xochi03SEER.jpg","width":1920,"height":1080},{"@type":"BreadcrumbList","@id":"https:\/\/canal7slp.tv\/2025\/definen-proyectos-autoridades-de-rioverde-y-seer\/#breadcrumb","itemListElement":[{"@type":"ListItem","position":1,"name":"Portada","item":"https:\/\/canal7slp.tv\/2025\/"},{"@type":"ListItem","position":2,"name":"Definen proyectos autoridades de Rioverde y SEER"}]},{"@type":"WebSite","@id":"https:\/\/canal7slp.tv\/2025\/#website","url":"https:\/\/canal7slp.tv\/2025\/","name":"N7 - Noticieros Canal 7","description":"Somos el Medio","publisher":{"@id":"https:\/\/canal7slp.tv\/2025\/#organization"},"potentialAction":[{"@type":"SearchAction","target":{"@type":"EntryPoint","urlTemplate":"https:\/\/canal7slp.tv\/2025\/?s={search_term_string}"},"query-input":{"@type":"PropertyValueSpecification","valueRequired":true,"valueName":"search_term_string"}}],"inLanguage":"es"},{"@type":"Organization","@id":"https:\/\/canal7slp.tv\/2025\/#organization","name":"Noticieros Canal 7","url":"https:\/\/canal7slp.tv\/2025\/","logo":{"@type":"ImageObject","inLanguage":"es","@id":"https:\/\/canal7slp.tv\/2025\/#\/schema\/logo\/image\/","url":"https:\/\/canal7slp.tv\/2025\/wp-content\/uploads\/2021\/01\/logo-noticieros@2x.png","contentUrl":"https:\/\/canal7slp.tv\/2025\/wp-content\/uploads\/2021\/01\/logo-noticieros@2x.png","width":1017,"height":268,"caption":"Noticieros Canal 7"},"image":{"@id":"https:\/\/canal7slp.tv\/2025\/#\/schema\/logo\/image\/"},"sameAs":["https:\/\/www.facebook.com\/noticieroscanal7atencionciudadana\/","https:\/\/x.com\/NOTICIEROS7","https:\/\/www.instagram.com\/canal7_slp","https:\/\/www.youtube.com\/channel\/UCliiYs-gP3JfJeqdPrNdd5A"]},{"@type":"Person","@id":"https:\/\/canal7slp.tv\/2025\/#\/schema\/person\/271e2b60a96e7cc9d9ac296f4d7e414b","name":"Edici\u00f3n Web","image":{"@type":"ImageObject","inLanguage":"es","@id":"https:\/\/secure.gravatar.com\/avatar\/eee448fc3f7164808013b816ba91ac7e43bbe82a70bebac296f8bc6f0addaa1a?s=96&d=mm&r=g","url":"https:\/\/secure.gravatar.com\/avatar\/eee448fc3f7164808013b816ba91ac7e43bbe82a70bebac296f8bc6f0addaa1a?s=96&d=mm&r=g","contentUrl":"https:\/\/secure.gravatar.com\/avatar\/eee448fc3f7164808013b816ba91ac7e43bbe82a70bebac296f8bc6f0addaa1a?s=96&d=mm&r=g","caption":"Edici\u00f3n Web"},"url":"https:\/\/canal7slp.tv\/2025\/author\/edicionweb\/"}]}},"_links":{"self":[{"href":"https:\/\/canal7slp.tv\/2025\/wp-json\/wp\/v2\/posts\/155938","targetHints":{"allow":["GET"]}}],"collection":[{"href":"https:\/\/canal7slp.tv\/2025\/wp-json\/wp\/v2\/posts"}],"about":[{"href":"https:\/\/canal7slp.tv\/2025\/wp-json\/wp\/v2\/types\/post"}],"author":[{"embeddable":true,"href":"https:\/\/canal7slp.tv\/2025\/wp-json\/wp\/v2\/users\/2"}],"replies":[{"embeddable":true,"href":"https:\/\/canal7slp.tv\/2025\/wp-json\/wp\/v2\/comments?post=155938"}],"version-history":[{"count":1,"href":"https:\/\/canal7slp.tv\/2025\/wp-json\/wp\/v2\/posts\/155938\/revisions"}],"predecessor-version":[{"id":155941,"href":"https:\/\/canal7slp.tv\/2025\/wp-json\/wp\/v2\/posts\/155938\/revisions\/155941"}],"wp:featuredmedia":[{"embeddable":true,"href":"https:\/\/canal7slp.tv\/2025\/wp-json\/wp\/v2\/media\/155940"}],"wp:attachment":[{"href":"https:\/\/canal7slp.tv\/2025\/wp-json\/wp\/v2\/media?parent=155938"}],"wp:term":[{"taxonomy":"category","embeddable":true,"href":"https:\/\/canal7slp.tv\/2025\/wp-json\/wp\/v2\/categories?post=155938"},{"taxonomy":"post_tag","embeddable":true,"href":"https:\/\/canal7slp.tv\/2025\/wp-json\/wp\/v2\/tags?post=155938"}],"curies":[{"name":"wp","href":"https:\/\/api.w.org\/{rel}","templated":true}]}}