{"id":155712,"date":"2025-01-28T14:17:06","date_gmt":"2025-01-28T20:17:06","guid":{"rendered":"https:\/\/canal7slp.tv\/2025\/?p=155712"},"modified":"2025-01-28T14:17:06","modified_gmt":"2025-01-28T20:17:06","slug":"fatima-herrera-con-buen-resultado-en-el-nacional-elite-de-boxeo","status":"publish","type":"post","link":"https:\/\/canal7slp.tv\/2025\/fatima-herrera-con-buen-resultado-en-el-nacional-elite-de-boxeo\/","title":{"rendered":"F\u00e1tima Herrera con buen resultado en el Nacional Elite de Boxeo"},"content":{"rendered":"<p style=\"text-align: justify;\">SLP.-\u00a0La joven boxeadora F\u00e1tima Herrera consigui\u00f3 su t\u00edtulo del Campeonato Nacional Elite 2025 organizado por la Federaci\u00f3n Mexicana de Boxeo celebrado en el Comit\u00e9 Ol\u00edmpico Mexicano con el cual obtienes el derecho para concentrarse con el seleccionado azteca para el Campeonato Mundial de Boxeo en Serbia.<\/p>\n<p style=\"text-align: justify;\">F\u00e1tima se enfrento y se impuso a la pugilista oaxaque\u00f1a Metzi L\u00f3pez en peso ligero (50 kg) para de esta manera lograr el t\u00edtulo .Al finalizar, la boxeadora ol\u00edmpica subi\u00f3 a lo m\u00e1s alto del podio.<\/p>\n<p style=\"text-align: justify;\">Por lo que ahora F\u00e1tima Herrera se concentrara a principios de febrero con la selecci\u00f3n mexicana para iniciar preparaci\u00f3n para el Campeonato Mundial de Boxeo a celebrarse en marzo en Belgrado, Serbia.<\/p>\n","protected":false},"excerpt":{"rendered":"<p>SLP.-\u00a0La joven boxeadora F\u00e1tima Herrera consigui\u00f3 su t\u00edtulo del Campeonato Nacional Elite 2025 organizado por la Federaci\u00f3n Mexicana de Boxeo celebrado en el Comit\u00e9 Ol\u00edmpico Mexicano con el cual obtienes el derecho para concentrarse con el seleccionado azteca para el Campeonato Mundial de Boxeo en Serbia. F\u00e1tima se enfrento y se impuso a la pugilista oaxaque\u00f1a Metzi L\u00f3pez en peso ligero (50 kg) para de esta manera lograr el t\u00edtulo .Al finalizar, la boxeadora ol\u00edmpica subi\u00f3 a lo m\u00e1s alto del podio. Por lo que ahora F\u00e1tima Herrera se concentrara a principios de febrero con la selecci\u00f3n mexicana para iniciar [&hellip;]<\/p>\n","protected":false},"author":2,"featured_media":155714,"comment_status":"closed","ping_status":"closed","sticky":false,"template":"","format":"video","meta":{"_monsterinsights_skip_tracking":false,"_monsterinsights_sitenote_active":false,"_monsterinsights_sitenote_note":"","_monsterinsights_sitenote_category":0,"footnotes":""},"categories":[7,5],"tags":[],"class_list":["post-155712","post","type-post","status-publish","format-video","has-post-thumbnail","hentry","category-deportes","category-destacadas","post_format-post-format-video","post--single"],"yoast_head":"<!-- This site is optimized with the Yoast SEO plugin v27.5 - https:\/\/yoast.com\/product\/yoast-seo-wordpress\/ -->\n<title>F\u00e1tima Herrera con buen resultado en el Nacional Elite de Boxeo - Canal 7 SLP - 2025<\/title>\n<meta name=\"robots\" content=\"index, follow, max-snippet:-1, max-image-preview:large, max-video-preview:-1\" \/>\n<link rel=\"canonical\" href=\"https:\/\/canal7slp.tv\/2025\/fatima-herrera-con-buen-resultado-en-el-nacional-elite-de-boxeo\/\" \/>\n<meta property=\"og:locale\" content=\"es_ES\" \/>\n<meta property=\"og:type\" content=\"article\" \/>\n<meta property=\"og:title\" content=\"F\u00e1tima Herrera con buen resultado en el Nacional Elite de Boxeo - Canal 7 SLP - 2025\" \/>\n<meta property=\"og:description\" content=\"SLP.-\u00a0La joven boxeadora F\u00e1tima Herrera consigui\u00f3 su t\u00edtulo del Campeonato Nacional Elite 2025 organizado por la Federaci\u00f3n Mexicana de Boxeo celebrado en el Comit\u00e9 Ol\u00edmpico Mexicano con el cual obtienes el derecho para concentrarse con el seleccionado azteca para el Campeonato Mundial de Boxeo en Serbia. F\u00e1tima se enfrento y se impuso a la pugilista oaxaque\u00f1a Metzi L\u00f3pez en peso ligero (50 kg) para de esta manera lograr el t\u00edtulo .Al finalizar, la boxeadora ol\u00edmpica subi\u00f3 a lo m\u00e1s alto del podio. Por lo que ahora F\u00e1tima Herrera se concentrara a principios de febrero con la selecci\u00f3n mexicana para iniciar [&hellip;]\" \/>\n<meta property=\"og:url\" content=\"https:\/\/canal7slp.tv\/2025\/fatima-herrera-con-buen-resultado-en-el-nacional-elite-de-boxeo\/\" \/>\n<meta property=\"og:site_name\" content=\"Canal 7 SLP - 2025\" \/>\n<meta property=\"article:publisher\" content=\"https:\/\/www.facebook.com\/noticieroscanal7atencionciudadana\/\" \/>\n<meta property=\"article:published_time\" content=\"2025-01-28T20:17:06+00:00\" \/>\n<meta property=\"og:image\" content=\"https:\/\/canal7slp.tv\/2025\/wp-content\/uploads\/2025\/01\/Froi01Box-1.jpg\" \/>\n\t<meta property=\"og:image:width\" content=\"1280\" \/>\n\t<meta property=\"og:image:height\" content=\"720\" \/>\n\t<meta property=\"og:image:type\" content=\"image\/jpeg\" \/>\n<meta name=\"author\" content=\"Edici\u00f3n Web\" \/>\n<meta name=\"twitter:card\" content=\"summary_large_image\" \/>\n<meta name=\"twitter:creator\" content=\"@NOTICIEROS7\" \/>\n<meta name=\"twitter:site\" content=\"@NOTICIEROS7\" \/>\n<meta name=\"twitter:label1\" content=\"Escrito por\" \/>\n\t<meta name=\"twitter:data1\" content=\"Edici\u00f3n Web\" \/>\n\t<meta name=\"twitter:label2\" content=\"Tiempo de lectura\" \/>\n\t<meta name=\"twitter:data2\" content=\"1 minuto\" \/>\n<script type=\"application\/ld+json\" class=\"yoast-schema-graph\">{\"@context\":\"https:\\\/\\\/schema.org\",\"@graph\":[{\"@type\":\"Article\",\"@id\":\"https:\\\/\\\/canal7slp.tv\\\/2025\\\/fatima-herrera-con-buen-resultado-en-el-nacional-elite-de-boxeo\\\/#article\",\"isPartOf\":{\"@id\":\"https:\\\/\\\/canal7slp.tv\\\/2025\\\/fatima-herrera-con-buen-resultado-en-el-nacional-elite-de-boxeo\\\/\"},\"author\":{\"name\":\"Edici\u00f3n Web\",\"@id\":\"https:\\\/\\\/canal7slp.tv\\\/2025\\\/#\\\/schema\\\/person\\\/271e2b60a96e7cc9d9ac296f4d7e414b\"},\"headline\":\"F\u00e1tima Herrera con buen resultado en el Nacional Elite de Boxeo\",\"datePublished\":\"2025-01-28T20:17:06+00:00\",\"mainEntityOfPage\":{\"@id\":\"https:\\\/\\\/canal7slp.tv\\\/2025\\\/fatima-herrera-con-buen-resultado-en-el-nacional-elite-de-boxeo\\\/\"},\"wordCount\":139,\"publisher\":{\"@id\":\"https:\\\/\\\/canal7slp.tv\\\/2025\\\/#organization\"},\"image\":{\"@id\":\"https:\\\/\\\/canal7slp.tv\\\/2025\\\/fatima-herrera-con-buen-resultado-en-el-nacional-elite-de-boxeo\\\/#primaryimage\"},\"thumbnailUrl\":\"https:\\\/\\\/canal7slp.tv\\\/2025\\\/wp-content\\\/uploads\\\/2025\\\/01\\\/Froi01Box-1.jpg\",\"articleSection\":[\"DEPORTES\",\"DESTACADAS\"],\"inLanguage\":\"es\"},{\"@type\":\"WebPage\",\"@id\":\"https:\\\/\\\/canal7slp.tv\\\/2025\\\/fatima-herrera-con-buen-resultado-en-el-nacional-elite-de-boxeo\\\/\",\"url\":\"https:\\\/\\\/canal7slp.tv\\\/2025\\\/fatima-herrera-con-buen-resultado-en-el-nacional-elite-de-boxeo\\\/\",\"name\":\"F\u00e1tima Herrera con buen resultado en el Nacional Elite de Boxeo - Canal 7 SLP - 2025\",\"isPartOf\":{\"@id\":\"https:\\\/\\\/canal7slp.tv\\\/2025\\\/#website\"},\"primaryImageOfPage\":{\"@id\":\"https:\\\/\\\/canal7slp.tv\\\/2025\\\/fatima-herrera-con-buen-resultado-en-el-nacional-elite-de-boxeo\\\/#primaryimage\"},\"image\":{\"@id\":\"https:\\\/\\\/canal7slp.tv\\\/2025\\\/fatima-herrera-con-buen-resultado-en-el-nacional-elite-de-boxeo\\\/#primaryimage\"},\"thumbnailUrl\":\"https:\\\/\\\/canal7slp.tv\\\/2025\\\/wp-content\\\/uploads\\\/2025\\\/01\\\/Froi01Box-1.jpg\",\"datePublished\":\"2025-01-28T20:17:06+00:00\",\"breadcrumb\":{\"@id\":\"https:\\\/\\\/canal7slp.tv\\\/2025\\\/fatima-herrera-con-buen-resultado-en-el-nacional-elite-de-boxeo\\\/#breadcrumb\"},\"inLanguage\":\"es\",\"potentialAction\":[{\"@type\":\"ReadAction\",\"target\":[\"https:\\\/\\\/canal7slp.tv\\\/2025\\\/fatima-herrera-con-buen-resultado-en-el-nacional-elite-de-boxeo\\\/\"]}]},{\"@type\":\"ImageObject\",\"inLanguage\":\"es\",\"@id\":\"https:\\\/\\\/canal7slp.tv\\\/2025\\\/fatima-herrera-con-buen-resultado-en-el-nacional-elite-de-boxeo\\\/#primaryimage\",\"url\":\"https:\\\/\\\/canal7slp.tv\\\/2025\\\/wp-content\\\/uploads\\\/2025\\\/01\\\/Froi01Box-1.jpg\",\"contentUrl\":\"https:\\\/\\\/canal7slp.tv\\\/2025\\\/wp-content\\\/uploads\\\/2025\\\/01\\\/Froi01Box-1.jpg\",\"width\":1280,\"height\":720},{\"@type\":\"BreadcrumbList\",\"@id\":\"https:\\\/\\\/canal7slp.tv\\\/2025\\\/fatima-herrera-con-buen-resultado-en-el-nacional-elite-de-boxeo\\\/#breadcrumb\",\"itemListElement\":[{\"@type\":\"ListItem\",\"position\":1,\"name\":\"Portada\",\"item\":\"https:\\\/\\\/canal7slp.tv\\\/2025\\\/\"},{\"@type\":\"ListItem\",\"position\":2,\"name\":\"F\u00e1tima Herrera con buen resultado en el Nacional Elite de Boxeo\"}]},{\"@type\":\"WebSite\",\"@id\":\"https:\\\/\\\/canal7slp.tv\\\/2025\\\/#website\",\"url\":\"https:\\\/\\\/canal7slp.tv\\\/2025\\\/\",\"name\":\"N7 - Noticieros Canal 7\",\"description\":\"Somos el Medio\",\"publisher\":{\"@id\":\"https:\\\/\\\/canal7slp.tv\\\/2025\\\/#organization\"},\"potentialAction\":[{\"@type\":\"SearchAction\",\"target\":{\"@type\":\"EntryPoint\",\"urlTemplate\":\"https:\\\/\\\/canal7slp.tv\\\/2025\\\/?s={search_term_string}\"},\"query-input\":{\"@type\":\"PropertyValueSpecification\",\"valueRequired\":true,\"valueName\":\"search_term_string\"}}],\"inLanguage\":\"es\"},{\"@type\":\"Organization\",\"@id\":\"https:\\\/\\\/canal7slp.tv\\\/2025\\\/#organization\",\"name\":\"Noticieros Canal 7\",\"url\":\"https:\\\/\\\/canal7slp.tv\\\/2025\\\/\",\"logo\":{\"@type\":\"ImageObject\",\"inLanguage\":\"es\",\"@id\":\"https:\\\/\\\/canal7slp.tv\\\/2025\\\/#\\\/schema\\\/logo\\\/image\\\/\",\"url\":\"https:\\\/\\\/canal7slp.tv\\\/2025\\\/wp-content\\\/uploads\\\/2021\\\/01\\\/logo-noticieros@2x.png\",\"contentUrl\":\"https:\\\/\\\/canal7slp.tv\\\/2025\\\/wp-content\\\/uploads\\\/2021\\\/01\\\/logo-noticieros@2x.png\",\"width\":1017,\"height\":268,\"caption\":\"Noticieros Canal 7\"},\"image\":{\"@id\":\"https:\\\/\\\/canal7slp.tv\\\/2025\\\/#\\\/schema\\\/logo\\\/image\\\/\"},\"sameAs\":[\"https:\\\/\\\/www.facebook.com\\\/noticieroscanal7atencionciudadana\\\/\",\"https:\\\/\\\/x.com\\\/NOTICIEROS7\",\"https:\\\/\\\/www.instagram.com\\\/canal7_slp\",\"https:\\\/\\\/www.youtube.com\\\/channel\\\/UCliiYs-gP3JfJeqdPrNdd5A\"]},{\"@type\":\"Person\",\"@id\":\"https:\\\/\\\/canal7slp.tv\\\/2025\\\/#\\\/schema\\\/person\\\/271e2b60a96e7cc9d9ac296f4d7e414b\",\"name\":\"Edici\u00f3n Web\",\"image\":{\"@type\":\"ImageObject\",\"inLanguage\":\"es\",\"@id\":\"https:\\\/\\\/secure.gravatar.com\\\/avatar\\\/eee448fc3f7164808013b816ba91ac7e43bbe82a70bebac296f8bc6f0addaa1a?s=96&d=mm&r=g\",\"url\":\"https:\\\/\\\/secure.gravatar.com\\\/avatar\\\/eee448fc3f7164808013b816ba91ac7e43bbe82a70bebac296f8bc6f0addaa1a?s=96&d=mm&r=g\",\"contentUrl\":\"https:\\\/\\\/secure.gravatar.com\\\/avatar\\\/eee448fc3f7164808013b816ba91ac7e43bbe82a70bebac296f8bc6f0addaa1a?s=96&d=mm&r=g\",\"caption\":\"Edici\u00f3n Web\"},\"url\":\"https:\\\/\\\/canal7slp.tv\\\/2025\\\/author\\\/edicionweb\\\/\"}]}<\/script>\n<!-- \/ Yoast SEO plugin. -->","yoast_head_json":{"title":"F\u00e1tima Herrera con buen resultado en el Nacional Elite de Boxeo - Canal 7 SLP - 2025","robots":{"index":"index","follow":"follow","max-snippet":"max-snippet:-1","max-image-preview":"max-image-preview:large","max-video-preview":"max-video-preview:-1"},"canonical":"https:\/\/canal7slp.tv\/2025\/fatima-herrera-con-buen-resultado-en-el-nacional-elite-de-boxeo\/","og_locale":"es_ES","og_type":"article","og_title":"F\u00e1tima Herrera con buen resultado en el Nacional Elite de Boxeo - Canal 7 SLP - 2025","og_description":"SLP.-\u00a0La joven boxeadora F\u00e1tima Herrera consigui\u00f3 su t\u00edtulo del Campeonato Nacional Elite 2025 organizado por la Federaci\u00f3n Mexicana de Boxeo celebrado en el Comit\u00e9 Ol\u00edmpico Mexicano con el cual obtienes el derecho para concentrarse con el seleccionado azteca para el Campeonato Mundial de Boxeo en Serbia. F\u00e1tima se enfrento y se impuso a la pugilista oaxaque\u00f1a Metzi L\u00f3pez en peso ligero (50 kg) para de esta manera lograr el t\u00edtulo .Al finalizar, la boxeadora ol\u00edmpica subi\u00f3 a lo m\u00e1s alto del podio. Por lo que ahora F\u00e1tima Herrera se concentrara a principios de febrero con la selecci\u00f3n mexicana para iniciar [&hellip;]","og_url":"https:\/\/canal7slp.tv\/2025\/fatima-herrera-con-buen-resultado-en-el-nacional-elite-de-boxeo\/","og_site_name":"Canal 7 SLP - 2025","article_publisher":"https:\/\/www.facebook.com\/noticieroscanal7atencionciudadana\/","article_published_time":"2025-01-28T20:17:06+00:00","og_image":[{"width":1280,"height":720,"url":"https:\/\/canal7slp.tv\/2025\/wp-content\/uploads\/2025\/01\/Froi01Box-1.jpg","type":"image\/jpeg"}],"author":"Edici\u00f3n Web","twitter_card":"summary_large_image","twitter_creator":"@NOTICIEROS7","twitter_site":"@NOTICIEROS7","twitter_misc":{"Escrito por":"Edici\u00f3n Web","Tiempo de lectura":"1 minuto"},"schema":{"@context":"https:\/\/schema.org","@graph":[{"@type":"Article","@id":"https:\/\/canal7slp.tv\/2025\/fatima-herrera-con-buen-resultado-en-el-nacional-elite-de-boxeo\/#article","isPartOf":{"@id":"https:\/\/canal7slp.tv\/2025\/fatima-herrera-con-buen-resultado-en-el-nacional-elite-de-boxeo\/"},"author":{"name":"Edici\u00f3n Web","@id":"https:\/\/canal7slp.tv\/2025\/#\/schema\/person\/271e2b60a96e7cc9d9ac296f4d7e414b"},"headline":"F\u00e1tima Herrera con buen resultado en el Nacional Elite de Boxeo","datePublished":"2025-01-28T20:17:06+00:00","mainEntityOfPage":{"@id":"https:\/\/canal7slp.tv\/2025\/fatima-herrera-con-buen-resultado-en-el-nacional-elite-de-boxeo\/"},"wordCount":139,"publisher":{"@id":"https:\/\/canal7slp.tv\/2025\/#organization"},"image":{"@id":"https:\/\/canal7slp.tv\/2025\/fatima-herrera-con-buen-resultado-en-el-nacional-elite-de-boxeo\/#primaryimage"},"thumbnailUrl":"https:\/\/canal7slp.tv\/2025\/wp-content\/uploads\/2025\/01\/Froi01Box-1.jpg","articleSection":["DEPORTES","DESTACADAS"],"inLanguage":"es"},{"@type":"WebPage","@id":"https:\/\/canal7slp.tv\/2025\/fatima-herrera-con-buen-resultado-en-el-nacional-elite-de-boxeo\/","url":"https:\/\/canal7slp.tv\/2025\/fatima-herrera-con-buen-resultado-en-el-nacional-elite-de-boxeo\/","name":"F\u00e1tima Herrera con buen resultado en el Nacional Elite de Boxeo - Canal 7 SLP - 2025","isPartOf":{"@id":"https:\/\/canal7slp.tv\/2025\/#website"},"primaryImageOfPage":{"@id":"https:\/\/canal7slp.tv\/2025\/fatima-herrera-con-buen-resultado-en-el-nacional-elite-de-boxeo\/#primaryimage"},"image":{"@id":"https:\/\/canal7slp.tv\/2025\/fatima-herrera-con-buen-resultado-en-el-nacional-elite-de-boxeo\/#primaryimage"},"thumbnailUrl":"https:\/\/canal7slp.tv\/2025\/wp-content\/uploads\/2025\/01\/Froi01Box-1.jpg","datePublished":"2025-01-28T20:17:06+00:00","breadcrumb":{"@id":"https:\/\/canal7slp.tv\/2025\/fatima-herrera-con-buen-resultado-en-el-nacional-elite-de-boxeo\/#breadcrumb"},"inLanguage":"es","potentialAction":[{"@type":"ReadAction","target":["https:\/\/canal7slp.tv\/2025\/fatima-herrera-con-buen-resultado-en-el-nacional-elite-de-boxeo\/"]}]},{"@type":"ImageObject","inLanguage":"es","@id":"https:\/\/canal7slp.tv\/2025\/fatima-herrera-con-buen-resultado-en-el-nacional-elite-de-boxeo\/#primaryimage","url":"https:\/\/canal7slp.tv\/2025\/wp-content\/uploads\/2025\/01\/Froi01Box-1.jpg","contentUrl":"https:\/\/canal7slp.tv\/2025\/wp-content\/uploads\/2025\/01\/Froi01Box-1.jpg","width":1280,"height":720},{"@type":"BreadcrumbList","@id":"https:\/\/canal7slp.tv\/2025\/fatima-herrera-con-buen-resultado-en-el-nacional-elite-de-boxeo\/#breadcrumb","itemListElement":[{"@type":"ListItem","position":1,"name":"Portada","item":"https:\/\/canal7slp.tv\/2025\/"},{"@type":"ListItem","position":2,"name":"F\u00e1tima Herrera con buen resultado en el Nacional Elite de Boxeo"}]},{"@type":"WebSite","@id":"https:\/\/canal7slp.tv\/2025\/#website","url":"https:\/\/canal7slp.tv\/2025\/","name":"N7 - Noticieros Canal 7","description":"Somos el Medio","publisher":{"@id":"https:\/\/canal7slp.tv\/2025\/#organization"},"potentialAction":[{"@type":"SearchAction","target":{"@type":"EntryPoint","urlTemplate":"https:\/\/canal7slp.tv\/2025\/?s={search_term_string}"},"query-input":{"@type":"PropertyValueSpecification","valueRequired":true,"valueName":"search_term_string"}}],"inLanguage":"es"},{"@type":"Organization","@id":"https:\/\/canal7slp.tv\/2025\/#organization","name":"Noticieros Canal 7","url":"https:\/\/canal7slp.tv\/2025\/","logo":{"@type":"ImageObject","inLanguage":"es","@id":"https:\/\/canal7slp.tv\/2025\/#\/schema\/logo\/image\/","url":"https:\/\/canal7slp.tv\/2025\/wp-content\/uploads\/2021\/01\/logo-noticieros@2x.png","contentUrl":"https:\/\/canal7slp.tv\/2025\/wp-content\/uploads\/2021\/01\/logo-noticieros@2x.png","width":1017,"height":268,"caption":"Noticieros Canal 7"},"image":{"@id":"https:\/\/canal7slp.tv\/2025\/#\/schema\/logo\/image\/"},"sameAs":["https:\/\/www.facebook.com\/noticieroscanal7atencionciudadana\/","https:\/\/x.com\/NOTICIEROS7","https:\/\/www.instagram.com\/canal7_slp","https:\/\/www.youtube.com\/channel\/UCliiYs-gP3JfJeqdPrNdd5A"]},{"@type":"Person","@id":"https:\/\/canal7slp.tv\/2025\/#\/schema\/person\/271e2b60a96e7cc9d9ac296f4d7e414b","name":"Edici\u00f3n Web","image":{"@type":"ImageObject","inLanguage":"es","@id":"https:\/\/secure.gravatar.com\/avatar\/eee448fc3f7164808013b816ba91ac7e43bbe82a70bebac296f8bc6f0addaa1a?s=96&d=mm&r=g","url":"https:\/\/secure.gravatar.com\/avatar\/eee448fc3f7164808013b816ba91ac7e43bbe82a70bebac296f8bc6f0addaa1a?s=96&d=mm&r=g","contentUrl":"https:\/\/secure.gravatar.com\/avatar\/eee448fc3f7164808013b816ba91ac7e43bbe82a70bebac296f8bc6f0addaa1a?s=96&d=mm&r=g","caption":"Edici\u00f3n Web"},"url":"https:\/\/canal7slp.tv\/2025\/author\/edicionweb\/"}]}},"_links":{"self":[{"href":"https:\/\/canal7slp.tv\/2025\/wp-json\/wp\/v2\/posts\/155712","targetHints":{"allow":["GET"]}}],"collection":[{"href":"https:\/\/canal7slp.tv\/2025\/wp-json\/wp\/v2\/posts"}],"about":[{"href":"https:\/\/canal7slp.tv\/2025\/wp-json\/wp\/v2\/types\/post"}],"author":[{"embeddable":true,"href":"https:\/\/canal7slp.tv\/2025\/wp-json\/wp\/v2\/users\/2"}],"replies":[{"embeddable":true,"href":"https:\/\/canal7slp.tv\/2025\/wp-json\/wp\/v2\/comments?post=155712"}],"version-history":[{"count":1,"href":"https:\/\/canal7slp.tv\/2025\/wp-json\/wp\/v2\/posts\/155712\/revisions"}],"predecessor-version":[{"id":155715,"href":"https:\/\/canal7slp.tv\/2025\/wp-json\/wp\/v2\/posts\/155712\/revisions\/155715"}],"wp:featuredmedia":[{"embeddable":true,"href":"https:\/\/canal7slp.tv\/2025\/wp-json\/wp\/v2\/media\/155714"}],"wp:attachment":[{"href":"https:\/\/canal7slp.tv\/2025\/wp-json\/wp\/v2\/media?parent=155712"}],"wp:term":[{"taxonomy":"category","embeddable":true,"href":"https:\/\/canal7slp.tv\/2025\/wp-json\/wp\/v2\/categories?post=155712"},{"taxonomy":"post_tag","embeddable":true,"href":"https:\/\/canal7slp.tv\/2025\/wp-json\/wp\/v2\/tags?post=155712"}],"curies":[{"name":"wp","href":"https:\/\/api.w.org\/{rel}","templated":true}]}}