{"id":155525,"date":"2025-01-26T17:38:37","date_gmt":"2025-01-26T23:38:37","guid":{"rendered":"https:\/\/canal7slp.tv\/2025\/?p=155525"},"modified":"2025-01-26T17:38:37","modified_gmt":"2025-01-26T23:38:37","slug":"al-menos-30-perfiles-del-pjeslp-buscan-contender-por-un-cargo-en-el-pjf","status":"publish","type":"post","link":"https:\/\/canal7slp.tv\/2025\/al-menos-30-perfiles-del-pjeslp-buscan-contender-por-un-cargo-en-el-pjf\/","title":{"rendered":"Al menos 30 perfiles del PJESLP buscan contender por un cargo en el PJF"},"content":{"rendered":"<p style=\"text-align: justify;\"><span style=\"font-size: 1.21429rem;\">SLP.- El magistrado presidente del Poder Judicial en San Luis Potos\u00ed, Arturo Morales Silva, dio m\u00e1s detalles sobre el proceso de elecci\u00f3n correspondiente al Poder Judicial de la Federaci\u00f3n, en los que abord\u00f3 el numero de magistrados que buscan contender y las limitaciones legales que deben cumplir quienes busquen contender.<\/span><\/p>\n<p style=\"text-align: justify;\">\u201cTenemos una estimaci\u00f3n, sin embargo, en los siguientes 10 d\u00edas ya tendremos los n\u00fameros oficiales de las personas que deseen participar y de los que finalmente van a optar por otra forma\u201d, se\u00f1al\u00f3.<\/p>\n<p style=\"text-align: justify;\">De acuerdo con el magistrado, se calcula la participaci\u00f3n de aproximadamente 30 jueces y magistrados interesados. Tambi\u00e9n explic\u00f3 que los aspirantes no est\u00e1n obligados a dejar sus cargos para participar.<\/p>\n<p style=\"text-align: justify;\">\u201cPor ley no se tienen que separar; la ley permite que los que estemos en funciones podamos continuar ejerciendo nuestro servicio y participar en el proceso\u201d, afirm\u00f3.<\/p>\n<p style=\"text-align: justify;\">Adem\u00e1s, reiter\u00f3 que durante el proceso electoral se proh\u00edbe el uso de recursos p\u00fablicos o privados.<\/p>\n<p style=\"text-align: justify;\">\u201cPor disposici\u00f3n tambi\u00e9n de la propia constituci\u00f3n, de lo que tenemos hasta ahora en cuanto a reglamentaci\u00f3n, no se tiene acceso a recursos privados ni p\u00fablicos de ninguna especie, ni materiales ni econ\u00f3micos, y desde luego ni de partidos pol\u00edticos\u201d, explic\u00f3.<\/p>\n<p style=\"text-align: justify;\">Morales Silva agreg\u00f3 que las campa\u00f1as se limitar\u00e1n al \u00e1mbito digital bajo estrictas condiciones sin destinar recursos de ning\u00fan tipo.<\/p>\n<p>Por: Jos\u00e9 Luis V\u00e1zquez<\/p>\n","protected":false},"excerpt":{"rendered":"<p>SLP.- El magistrado presidente del Poder Judicial en San Luis Potos\u00ed, Arturo Morales Silva, dio m\u00e1s detalles sobre el proceso de elecci\u00f3n correspondiente al Poder Judicial de la Federaci\u00f3n, en los que abord\u00f3 el numero de magistrados que buscan contender y las limitaciones legales que deben cumplir quienes busquen contender. \u201cTenemos una estimaci\u00f3n, sin embargo, en los siguientes 10 d\u00edas ya tendremos los n\u00fameros oficiales de las personas que deseen participar y de los que finalmente van a optar por otra forma\u201d, se\u00f1al\u00f3. De acuerdo con el magistrado, se calcula la participaci\u00f3n de aproximadamente 30 jueces y magistrados interesados. Tambi\u00e9n [&hellip;]<\/p>\n","protected":false},"author":2,"featured_media":155532,"comment_status":"closed","ping_status":"closed","sticky":false,"template":"","format":"video","meta":{"_monsterinsights_skip_tracking":false,"_monsterinsights_sitenote_active":false,"_monsterinsights_sitenote_note":"","_monsterinsights_sitenote_category":0,"footnotes":""},"categories":[5,45],"tags":[],"class_list":["post-155525","post","type-post","status-publish","format-video","has-post-thumbnail","hentry","category-destacadas","category-localesyregionales","post_format-post-format-video","post--single"],"yoast_head":"<!-- This site is optimized with the Yoast SEO plugin v27.4 - https:\/\/yoast.com\/product\/yoast-seo-wordpress\/ -->\n<title>Al menos 30 perfiles del PJESLP buscan contender por un cargo en el PJF - Canal 7 SLP - 2025<\/title>\n<meta name=\"robots\" content=\"index, follow, max-snippet:-1, max-image-preview:large, max-video-preview:-1\" \/>\n<link rel=\"canonical\" href=\"https:\/\/canal7slp.tv\/2025\/al-menos-30-perfiles-del-pjeslp-buscan-contender-por-un-cargo-en-el-pjf\/\" \/>\n<meta property=\"og:locale\" content=\"es_ES\" \/>\n<meta property=\"og:type\" content=\"article\" \/>\n<meta property=\"og:title\" content=\"Al menos 30 perfiles del PJESLP buscan contender por un cargo en el PJF - Canal 7 SLP - 2025\" \/>\n<meta property=\"og:description\" content=\"SLP.- El magistrado presidente del Poder Judicial en San Luis Potos\u00ed, Arturo Morales Silva, dio m\u00e1s detalles sobre el proceso de elecci\u00f3n correspondiente al Poder Judicial de la Federaci\u00f3n, en los que abord\u00f3 el numero de magistrados que buscan contender y las limitaciones legales que deben cumplir quienes busquen contender. \u201cTenemos una estimaci\u00f3n, sin embargo, en los siguientes 10 d\u00edas ya tendremos los n\u00fameros oficiales de las personas que deseen participar y de los que finalmente van a optar por otra forma\u201d, se\u00f1al\u00f3. De acuerdo con el magistrado, se calcula la participaci\u00f3n de aproximadamente 30 jueces y magistrados interesados. Tambi\u00e9n [&hellip;]\" \/>\n<meta property=\"og:url\" content=\"https:\/\/canal7slp.tv\/2025\/al-menos-30-perfiles-del-pjeslp-buscan-contender-por-un-cargo-en-el-pjf\/\" \/>\n<meta property=\"og:site_name\" content=\"Canal 7 SLP - 2025\" \/>\n<meta property=\"article:publisher\" content=\"https:\/\/www.facebook.com\/noticieroscanal7atencionciudadana\/\" \/>\n<meta property=\"article:published_time\" content=\"2025-01-26T23:38:37+00:00\" \/>\n<meta property=\"og:image\" content=\"https:\/\/canal7slp.tv\/2025\/wp-content\/uploads\/2025\/01\/Vazquez02Participacion.jpg\" \/>\n\t<meta property=\"og:image:width\" content=\"1280\" \/>\n\t<meta property=\"og:image:height\" content=\"720\" \/>\n\t<meta property=\"og:image:type\" content=\"image\/jpeg\" \/>\n<meta name=\"author\" content=\"Edici\u00f3n Web\" \/>\n<meta name=\"twitter:card\" content=\"summary_large_image\" \/>\n<meta name=\"twitter:creator\" content=\"@NOTICIEROS7\" \/>\n<meta name=\"twitter:site\" content=\"@NOTICIEROS7\" \/>\n<meta name=\"twitter:label1\" content=\"Escrito por\" \/>\n\t<meta name=\"twitter:data1\" content=\"Edici\u00f3n Web\" \/>\n\t<meta name=\"twitter:label2\" content=\"Tiempo de lectura\" \/>\n\t<meta name=\"twitter:data2\" content=\"2 minutos\" \/>\n<script type=\"application\/ld+json\" class=\"yoast-schema-graph\">{\"@context\":\"https:\\\/\\\/schema.org\",\"@graph\":[{\"@type\":\"Article\",\"@id\":\"https:\\\/\\\/canal7slp.tv\\\/2025\\\/al-menos-30-perfiles-del-pjeslp-buscan-contender-por-un-cargo-en-el-pjf\\\/#article\",\"isPartOf\":{\"@id\":\"https:\\\/\\\/canal7slp.tv\\\/2025\\\/al-menos-30-perfiles-del-pjeslp-buscan-contender-por-un-cargo-en-el-pjf\\\/\"},\"author\":{\"name\":\"Edici\u00f3n Web\",\"@id\":\"https:\\\/\\\/canal7slp.tv\\\/2025\\\/#\\\/schema\\\/person\\\/271e2b60a96e7cc9d9ac296f4d7e414b\"},\"headline\":\"Al menos 30 perfiles del PJESLP buscan contender por un cargo en el PJF\",\"datePublished\":\"2025-01-26T23:38:37+00:00\",\"mainEntityOfPage\":{\"@id\":\"https:\\\/\\\/canal7slp.tv\\\/2025\\\/al-menos-30-perfiles-del-pjeslp-buscan-contender-por-un-cargo-en-el-pjf\\\/\"},\"wordCount\":257,\"publisher\":{\"@id\":\"https:\\\/\\\/canal7slp.tv\\\/2025\\\/#organization\"},\"image\":{\"@id\":\"https:\\\/\\\/canal7slp.tv\\\/2025\\\/al-menos-30-perfiles-del-pjeslp-buscan-contender-por-un-cargo-en-el-pjf\\\/#primaryimage\"},\"thumbnailUrl\":\"https:\\\/\\\/canal7slp.tv\\\/2025\\\/wp-content\\\/uploads\\\/2025\\\/01\\\/Vazquez02Participacion.jpg\",\"articleSection\":[\"DESTACADAS\",\"LOCALES Y REGIONALES\"],\"inLanguage\":\"es\"},{\"@type\":\"WebPage\",\"@id\":\"https:\\\/\\\/canal7slp.tv\\\/2025\\\/al-menos-30-perfiles-del-pjeslp-buscan-contender-por-un-cargo-en-el-pjf\\\/\",\"url\":\"https:\\\/\\\/canal7slp.tv\\\/2025\\\/al-menos-30-perfiles-del-pjeslp-buscan-contender-por-un-cargo-en-el-pjf\\\/\",\"name\":\"Al menos 30 perfiles del PJESLP buscan contender por un cargo en el PJF - Canal 7 SLP - 2025\",\"isPartOf\":{\"@id\":\"https:\\\/\\\/canal7slp.tv\\\/2025\\\/#website\"},\"primaryImageOfPage\":{\"@id\":\"https:\\\/\\\/canal7slp.tv\\\/2025\\\/al-menos-30-perfiles-del-pjeslp-buscan-contender-por-un-cargo-en-el-pjf\\\/#primaryimage\"},\"image\":{\"@id\":\"https:\\\/\\\/canal7slp.tv\\\/2025\\\/al-menos-30-perfiles-del-pjeslp-buscan-contender-por-un-cargo-en-el-pjf\\\/#primaryimage\"},\"thumbnailUrl\":\"https:\\\/\\\/canal7slp.tv\\\/2025\\\/wp-content\\\/uploads\\\/2025\\\/01\\\/Vazquez02Participacion.jpg\",\"datePublished\":\"2025-01-26T23:38:37+00:00\",\"breadcrumb\":{\"@id\":\"https:\\\/\\\/canal7slp.tv\\\/2025\\\/al-menos-30-perfiles-del-pjeslp-buscan-contender-por-un-cargo-en-el-pjf\\\/#breadcrumb\"},\"inLanguage\":\"es\",\"potentialAction\":[{\"@type\":\"ReadAction\",\"target\":[\"https:\\\/\\\/canal7slp.tv\\\/2025\\\/al-menos-30-perfiles-del-pjeslp-buscan-contender-por-un-cargo-en-el-pjf\\\/\"]}]},{\"@type\":\"ImageObject\",\"inLanguage\":\"es\",\"@id\":\"https:\\\/\\\/canal7slp.tv\\\/2025\\\/al-menos-30-perfiles-del-pjeslp-buscan-contender-por-un-cargo-en-el-pjf\\\/#primaryimage\",\"url\":\"https:\\\/\\\/canal7slp.tv\\\/2025\\\/wp-content\\\/uploads\\\/2025\\\/01\\\/Vazquez02Participacion.jpg\",\"contentUrl\":\"https:\\\/\\\/canal7slp.tv\\\/2025\\\/wp-content\\\/uploads\\\/2025\\\/01\\\/Vazquez02Participacion.jpg\",\"width\":1280,\"height\":720},{\"@type\":\"BreadcrumbList\",\"@id\":\"https:\\\/\\\/canal7slp.tv\\\/2025\\\/al-menos-30-perfiles-del-pjeslp-buscan-contender-por-un-cargo-en-el-pjf\\\/#breadcrumb\",\"itemListElement\":[{\"@type\":\"ListItem\",\"position\":1,\"name\":\"Portada\",\"item\":\"https:\\\/\\\/canal7slp.tv\\\/2025\\\/\"},{\"@type\":\"ListItem\",\"position\":2,\"name\":\"Al menos 30 perfiles del PJESLP buscan contender por un cargo en el PJF\"}]},{\"@type\":\"WebSite\",\"@id\":\"https:\\\/\\\/canal7slp.tv\\\/2025\\\/#website\",\"url\":\"https:\\\/\\\/canal7slp.tv\\\/2025\\\/\",\"name\":\"N7 - Noticieros Canal 7\",\"description\":\"Somos el Medio\",\"publisher\":{\"@id\":\"https:\\\/\\\/canal7slp.tv\\\/2025\\\/#organization\"},\"potentialAction\":[{\"@type\":\"SearchAction\",\"target\":{\"@type\":\"EntryPoint\",\"urlTemplate\":\"https:\\\/\\\/canal7slp.tv\\\/2025\\\/?s={search_term_string}\"},\"query-input\":{\"@type\":\"PropertyValueSpecification\",\"valueRequired\":true,\"valueName\":\"search_term_string\"}}],\"inLanguage\":\"es\"},{\"@type\":\"Organization\",\"@id\":\"https:\\\/\\\/canal7slp.tv\\\/2025\\\/#organization\",\"name\":\"Noticieros Canal 7\",\"url\":\"https:\\\/\\\/canal7slp.tv\\\/2025\\\/\",\"logo\":{\"@type\":\"ImageObject\",\"inLanguage\":\"es\",\"@id\":\"https:\\\/\\\/canal7slp.tv\\\/2025\\\/#\\\/schema\\\/logo\\\/image\\\/\",\"url\":\"https:\\\/\\\/canal7slp.tv\\\/2025\\\/wp-content\\\/uploads\\\/2021\\\/01\\\/logo-noticieros@2x.png\",\"contentUrl\":\"https:\\\/\\\/canal7slp.tv\\\/2025\\\/wp-content\\\/uploads\\\/2021\\\/01\\\/logo-noticieros@2x.png\",\"width\":1017,\"height\":268,\"caption\":\"Noticieros Canal 7\"},\"image\":{\"@id\":\"https:\\\/\\\/canal7slp.tv\\\/2025\\\/#\\\/schema\\\/logo\\\/image\\\/\"},\"sameAs\":[\"https:\\\/\\\/www.facebook.com\\\/noticieroscanal7atencionciudadana\\\/\",\"https:\\\/\\\/x.com\\\/NOTICIEROS7\",\"https:\\\/\\\/www.instagram.com\\\/canal7_slp\",\"https:\\\/\\\/www.youtube.com\\\/channel\\\/UCliiYs-gP3JfJeqdPrNdd5A\"]},{\"@type\":\"Person\",\"@id\":\"https:\\\/\\\/canal7slp.tv\\\/2025\\\/#\\\/schema\\\/person\\\/271e2b60a96e7cc9d9ac296f4d7e414b\",\"name\":\"Edici\u00f3n Web\",\"image\":{\"@type\":\"ImageObject\",\"inLanguage\":\"es\",\"@id\":\"https:\\\/\\\/secure.gravatar.com\\\/avatar\\\/eee448fc3f7164808013b816ba91ac7e43bbe82a70bebac296f8bc6f0addaa1a?s=96&d=mm&r=g\",\"url\":\"https:\\\/\\\/secure.gravatar.com\\\/avatar\\\/eee448fc3f7164808013b816ba91ac7e43bbe82a70bebac296f8bc6f0addaa1a?s=96&d=mm&r=g\",\"contentUrl\":\"https:\\\/\\\/secure.gravatar.com\\\/avatar\\\/eee448fc3f7164808013b816ba91ac7e43bbe82a70bebac296f8bc6f0addaa1a?s=96&d=mm&r=g\",\"caption\":\"Edici\u00f3n Web\"},\"url\":\"https:\\\/\\\/canal7slp.tv\\\/2025\\\/author\\\/edicionweb\\\/\"}]}<\/script>\n<!-- \/ Yoast SEO plugin. -->","yoast_head_json":{"title":"Al menos 30 perfiles del PJESLP buscan contender por un cargo en el PJF - Canal 7 SLP - 2025","robots":{"index":"index","follow":"follow","max-snippet":"max-snippet:-1","max-image-preview":"max-image-preview:large","max-video-preview":"max-video-preview:-1"},"canonical":"https:\/\/canal7slp.tv\/2025\/al-menos-30-perfiles-del-pjeslp-buscan-contender-por-un-cargo-en-el-pjf\/","og_locale":"es_ES","og_type":"article","og_title":"Al menos 30 perfiles del PJESLP buscan contender por un cargo en el PJF - Canal 7 SLP - 2025","og_description":"SLP.- El magistrado presidente del Poder Judicial en San Luis Potos\u00ed, Arturo Morales Silva, dio m\u00e1s detalles sobre el proceso de elecci\u00f3n correspondiente al Poder Judicial de la Federaci\u00f3n, en los que abord\u00f3 el numero de magistrados que buscan contender y las limitaciones legales que deben cumplir quienes busquen contender. \u201cTenemos una estimaci\u00f3n, sin embargo, en los siguientes 10 d\u00edas ya tendremos los n\u00fameros oficiales de las personas que deseen participar y de los que finalmente van a optar por otra forma\u201d, se\u00f1al\u00f3. De acuerdo con el magistrado, se calcula la participaci\u00f3n de aproximadamente 30 jueces y magistrados interesados. Tambi\u00e9n [&hellip;]","og_url":"https:\/\/canal7slp.tv\/2025\/al-menos-30-perfiles-del-pjeslp-buscan-contender-por-un-cargo-en-el-pjf\/","og_site_name":"Canal 7 SLP - 2025","article_publisher":"https:\/\/www.facebook.com\/noticieroscanal7atencionciudadana\/","article_published_time":"2025-01-26T23:38:37+00:00","og_image":[{"width":1280,"height":720,"url":"https:\/\/canal7slp.tv\/2025\/wp-content\/uploads\/2025\/01\/Vazquez02Participacion.jpg","type":"image\/jpeg"}],"author":"Edici\u00f3n Web","twitter_card":"summary_large_image","twitter_creator":"@NOTICIEROS7","twitter_site":"@NOTICIEROS7","twitter_misc":{"Escrito por":"Edici\u00f3n Web","Tiempo de lectura":"2 minutos"},"schema":{"@context":"https:\/\/schema.org","@graph":[{"@type":"Article","@id":"https:\/\/canal7slp.tv\/2025\/al-menos-30-perfiles-del-pjeslp-buscan-contender-por-un-cargo-en-el-pjf\/#article","isPartOf":{"@id":"https:\/\/canal7slp.tv\/2025\/al-menos-30-perfiles-del-pjeslp-buscan-contender-por-un-cargo-en-el-pjf\/"},"author":{"name":"Edici\u00f3n Web","@id":"https:\/\/canal7slp.tv\/2025\/#\/schema\/person\/271e2b60a96e7cc9d9ac296f4d7e414b"},"headline":"Al menos 30 perfiles del PJESLP buscan contender por un cargo en el PJF","datePublished":"2025-01-26T23:38:37+00:00","mainEntityOfPage":{"@id":"https:\/\/canal7slp.tv\/2025\/al-menos-30-perfiles-del-pjeslp-buscan-contender-por-un-cargo-en-el-pjf\/"},"wordCount":257,"publisher":{"@id":"https:\/\/canal7slp.tv\/2025\/#organization"},"image":{"@id":"https:\/\/canal7slp.tv\/2025\/al-menos-30-perfiles-del-pjeslp-buscan-contender-por-un-cargo-en-el-pjf\/#primaryimage"},"thumbnailUrl":"https:\/\/canal7slp.tv\/2025\/wp-content\/uploads\/2025\/01\/Vazquez02Participacion.jpg","articleSection":["DESTACADAS","LOCALES Y REGIONALES"],"inLanguage":"es"},{"@type":"WebPage","@id":"https:\/\/canal7slp.tv\/2025\/al-menos-30-perfiles-del-pjeslp-buscan-contender-por-un-cargo-en-el-pjf\/","url":"https:\/\/canal7slp.tv\/2025\/al-menos-30-perfiles-del-pjeslp-buscan-contender-por-un-cargo-en-el-pjf\/","name":"Al menos 30 perfiles del PJESLP buscan contender por un cargo en el PJF - Canal 7 SLP - 2025","isPartOf":{"@id":"https:\/\/canal7slp.tv\/2025\/#website"},"primaryImageOfPage":{"@id":"https:\/\/canal7slp.tv\/2025\/al-menos-30-perfiles-del-pjeslp-buscan-contender-por-un-cargo-en-el-pjf\/#primaryimage"},"image":{"@id":"https:\/\/canal7slp.tv\/2025\/al-menos-30-perfiles-del-pjeslp-buscan-contender-por-un-cargo-en-el-pjf\/#primaryimage"},"thumbnailUrl":"https:\/\/canal7slp.tv\/2025\/wp-content\/uploads\/2025\/01\/Vazquez02Participacion.jpg","datePublished":"2025-01-26T23:38:37+00:00","breadcrumb":{"@id":"https:\/\/canal7slp.tv\/2025\/al-menos-30-perfiles-del-pjeslp-buscan-contender-por-un-cargo-en-el-pjf\/#breadcrumb"},"inLanguage":"es","potentialAction":[{"@type":"ReadAction","target":["https:\/\/canal7slp.tv\/2025\/al-menos-30-perfiles-del-pjeslp-buscan-contender-por-un-cargo-en-el-pjf\/"]}]},{"@type":"ImageObject","inLanguage":"es","@id":"https:\/\/canal7slp.tv\/2025\/al-menos-30-perfiles-del-pjeslp-buscan-contender-por-un-cargo-en-el-pjf\/#primaryimage","url":"https:\/\/canal7slp.tv\/2025\/wp-content\/uploads\/2025\/01\/Vazquez02Participacion.jpg","contentUrl":"https:\/\/canal7slp.tv\/2025\/wp-content\/uploads\/2025\/01\/Vazquez02Participacion.jpg","width":1280,"height":720},{"@type":"BreadcrumbList","@id":"https:\/\/canal7slp.tv\/2025\/al-menos-30-perfiles-del-pjeslp-buscan-contender-por-un-cargo-en-el-pjf\/#breadcrumb","itemListElement":[{"@type":"ListItem","position":1,"name":"Portada","item":"https:\/\/canal7slp.tv\/2025\/"},{"@type":"ListItem","position":2,"name":"Al menos 30 perfiles del PJESLP buscan contender por un cargo en el PJF"}]},{"@type":"WebSite","@id":"https:\/\/canal7slp.tv\/2025\/#website","url":"https:\/\/canal7slp.tv\/2025\/","name":"N7 - Noticieros Canal 7","description":"Somos el Medio","publisher":{"@id":"https:\/\/canal7slp.tv\/2025\/#organization"},"potentialAction":[{"@type":"SearchAction","target":{"@type":"EntryPoint","urlTemplate":"https:\/\/canal7slp.tv\/2025\/?s={search_term_string}"},"query-input":{"@type":"PropertyValueSpecification","valueRequired":true,"valueName":"search_term_string"}}],"inLanguage":"es"},{"@type":"Organization","@id":"https:\/\/canal7slp.tv\/2025\/#organization","name":"Noticieros Canal 7","url":"https:\/\/canal7slp.tv\/2025\/","logo":{"@type":"ImageObject","inLanguage":"es","@id":"https:\/\/canal7slp.tv\/2025\/#\/schema\/logo\/image\/","url":"https:\/\/canal7slp.tv\/2025\/wp-content\/uploads\/2021\/01\/logo-noticieros@2x.png","contentUrl":"https:\/\/canal7slp.tv\/2025\/wp-content\/uploads\/2021\/01\/logo-noticieros@2x.png","width":1017,"height":268,"caption":"Noticieros Canal 7"},"image":{"@id":"https:\/\/canal7slp.tv\/2025\/#\/schema\/logo\/image\/"},"sameAs":["https:\/\/www.facebook.com\/noticieroscanal7atencionciudadana\/","https:\/\/x.com\/NOTICIEROS7","https:\/\/www.instagram.com\/canal7_slp","https:\/\/www.youtube.com\/channel\/UCliiYs-gP3JfJeqdPrNdd5A"]},{"@type":"Person","@id":"https:\/\/canal7slp.tv\/2025\/#\/schema\/person\/271e2b60a96e7cc9d9ac296f4d7e414b","name":"Edici\u00f3n Web","image":{"@type":"ImageObject","inLanguage":"es","@id":"https:\/\/secure.gravatar.com\/avatar\/eee448fc3f7164808013b816ba91ac7e43bbe82a70bebac296f8bc6f0addaa1a?s=96&d=mm&r=g","url":"https:\/\/secure.gravatar.com\/avatar\/eee448fc3f7164808013b816ba91ac7e43bbe82a70bebac296f8bc6f0addaa1a?s=96&d=mm&r=g","contentUrl":"https:\/\/secure.gravatar.com\/avatar\/eee448fc3f7164808013b816ba91ac7e43bbe82a70bebac296f8bc6f0addaa1a?s=96&d=mm&r=g","caption":"Edici\u00f3n Web"},"url":"https:\/\/canal7slp.tv\/2025\/author\/edicionweb\/"}]}},"_links":{"self":[{"href":"https:\/\/canal7slp.tv\/2025\/wp-json\/wp\/v2\/posts\/155525","targetHints":{"allow":["GET"]}}],"collection":[{"href":"https:\/\/canal7slp.tv\/2025\/wp-json\/wp\/v2\/posts"}],"about":[{"href":"https:\/\/canal7slp.tv\/2025\/wp-json\/wp\/v2\/types\/post"}],"author":[{"embeddable":true,"href":"https:\/\/canal7slp.tv\/2025\/wp-json\/wp\/v2\/users\/2"}],"replies":[{"embeddable":true,"href":"https:\/\/canal7slp.tv\/2025\/wp-json\/wp\/v2\/comments?post=155525"}],"version-history":[{"count":2,"href":"https:\/\/canal7slp.tv\/2025\/wp-json\/wp\/v2\/posts\/155525\/revisions"}],"predecessor-version":[{"id":155533,"href":"https:\/\/canal7slp.tv\/2025\/wp-json\/wp\/v2\/posts\/155525\/revisions\/155533"}],"wp:featuredmedia":[{"embeddable":true,"href":"https:\/\/canal7slp.tv\/2025\/wp-json\/wp\/v2\/media\/155532"}],"wp:attachment":[{"href":"https:\/\/canal7slp.tv\/2025\/wp-json\/wp\/v2\/media?parent=155525"}],"wp:term":[{"taxonomy":"category","embeddable":true,"href":"https:\/\/canal7slp.tv\/2025\/wp-json\/wp\/v2\/categories?post=155525"},{"taxonomy":"post_tag","embeddable":true,"href":"https:\/\/canal7slp.tv\/2025\/wp-json\/wp\/v2\/tags?post=155525"}],"curies":[{"name":"wp","href":"https:\/\/api.w.org\/{rel}","templated":true}]}}