{"id":155520,"date":"2025-01-26T17:43:58","date_gmt":"2025-01-26T23:43:58","guid":{"rendered":"https:\/\/canal7slp.tv\/2025\/?p=155520"},"modified":"2025-01-26T17:43:58","modified_gmt":"2025-01-26T23:43:58","slug":"iglesia-pide-a-administraciones-y-poblacion-dar-apoyo-a-migrantes-deportados","status":"publish","type":"post","link":"https:\/\/canal7slp.tv\/2025\/iglesia-pide-a-administraciones-y-poblacion-dar-apoyo-a-migrantes-deportados\/","title":{"rendered":"Iglesia pide a administraciones y poblaci\u00f3n dar apoyo a migrantes deportados"},"content":{"rendered":"<p style=\"text-align: justify;\"><span style=\"font-size: 1.21429rem;\">SLP.- Iglesia cat\u00f3lica atenta a regreso de poblaci\u00f3n migrante que ser\u00e1 deportada de los Estados Unidos de Am\u00e9rica, as\u00ed lo extern\u00f3 el Arzobispo de San Luis Potos\u00ed, Jorge Alberto Cavazos Arizpe.<\/span><\/p>\n<p style=\"text-align: justify;\">\u201cEstamos muy atentos a este tema (\u2026) m\u00e1s de 700 hermanos ya en tres d\u00edas deportados a M\u00e9xico (\u2026) es una invitaci\u00f3n a que todos, las autoridades civiles, religiosas, los diferentes organismos puedan apoyar los lugares para migrantes\u201d.<\/p>\n<p style=\"text-align: justify;\">Report\u00f3 que en la Casa del Migrante no se ha registrado el arribo de personas mexicanas o extranjeras deportadas.<\/p>\n<p style=\"text-align: justify;\">\u201cEn nuestro centro que tenemos aqu\u00ed (\u2026) hasta el d\u00eda de hoy no han llegado personas deportadas (\u2026) pero aqu\u00ed tiene su casa y su hogar (\u2026) hab\u00eda alrededor de 90 personas que ya estaban ahorita, hay un n\u00famero bajo\u201d.<\/p>\n<p style=\"text-align: justify;\">Afirm\u00f3 que es necesario que el gobierno de los Estados Unidos cambie su \u00f3ptica.<\/p>\n<p style=\"text-align: justify;\">\u201cY no se puede cerrar un pa\u00eds solamente a su ciudadan\u00eda (\u2026) es parte de reconocer esa riqueza, esa diversidad y a partir de ah\u00ed aprender de la vida y hacer desarrollo, verdadero desarrollo\u201d.<\/p>\n<p>Por: Juan Carlos Contreras<\/p>\n","protected":false},"excerpt":{"rendered":"<p>SLP.- Iglesia cat\u00f3lica atenta a regreso de poblaci\u00f3n migrante que ser\u00e1 deportada de los Estados Unidos de Am\u00e9rica, as\u00ed lo extern\u00f3 el Arzobispo de San Luis Potos\u00ed, Jorge Alberto Cavazos Arizpe. \u201cEstamos muy atentos a este tema (\u2026) m\u00e1s de 700 hermanos ya en tres d\u00edas deportados a M\u00e9xico (\u2026) es una invitaci\u00f3n a que todos, las autoridades civiles, religiosas, los diferentes organismos puedan apoyar los lugares para migrantes\u201d. Report\u00f3 que en la Casa del Migrante no se ha registrado el arribo de personas mexicanas o extranjeras deportadas. \u201cEn nuestro centro que tenemos aqu\u00ed (\u2026) hasta el d\u00eda de hoy [&hellip;]<\/p>\n","protected":false},"author":2,"featured_media":155535,"comment_status":"closed","ping_status":"closed","sticky":false,"template":"","format":"video","meta":{"_monsterinsights_skip_tracking":false,"_monsterinsights_sitenote_active":false,"_monsterinsights_sitenote_note":"","_monsterinsights_sitenote_category":0,"footnotes":""},"categories":[5,45],"tags":[],"class_list":["post-155520","post","type-post","status-publish","format-video","has-post-thumbnail","hentry","category-destacadas","category-localesyregionales","post_format-post-format-video","post--single"],"yoast_head":"<!-- This site is optimized with the Yoast SEO plugin v27.4 - https:\/\/yoast.com\/product\/yoast-seo-wordpress\/ -->\n<title>Iglesia pide a administraciones y poblaci\u00f3n dar apoyo a migrantes deportados - Canal 7 SLP - 2025<\/title>\n<meta name=\"robots\" content=\"index, follow, max-snippet:-1, max-image-preview:large, max-video-preview:-1\" \/>\n<link rel=\"canonical\" href=\"https:\/\/canal7slp.tv\/2025\/iglesia-pide-a-administraciones-y-poblacion-dar-apoyo-a-migrantes-deportados\/\" \/>\n<meta property=\"og:locale\" content=\"es_ES\" \/>\n<meta property=\"og:type\" content=\"article\" \/>\n<meta property=\"og:title\" content=\"Iglesia pide a administraciones y poblaci\u00f3n dar apoyo a migrantes deportados - Canal 7 SLP - 2025\" \/>\n<meta property=\"og:description\" content=\"SLP.- Iglesia cat\u00f3lica atenta a regreso de poblaci\u00f3n migrante que ser\u00e1 deportada de los Estados Unidos de Am\u00e9rica, as\u00ed lo extern\u00f3 el Arzobispo de San Luis Potos\u00ed, Jorge Alberto Cavazos Arizpe. \u201cEstamos muy atentos a este tema (\u2026) m\u00e1s de 700 hermanos ya en tres d\u00edas deportados a M\u00e9xico (\u2026) es una invitaci\u00f3n a que todos, las autoridades civiles, religiosas, los diferentes organismos puedan apoyar los lugares para migrantes\u201d. Report\u00f3 que en la Casa del Migrante no se ha registrado el arribo de personas mexicanas o extranjeras deportadas. \u201cEn nuestro centro que tenemos aqu\u00ed (\u2026) hasta el d\u00eda de hoy [&hellip;]\" \/>\n<meta property=\"og:url\" content=\"https:\/\/canal7slp.tv\/2025\/iglesia-pide-a-administraciones-y-poblacion-dar-apoyo-a-migrantes-deportados\/\" \/>\n<meta property=\"og:site_name\" content=\"Canal 7 SLP - 2025\" \/>\n<meta property=\"article:publisher\" content=\"https:\/\/www.facebook.com\/noticieroscanal7atencionciudadana\/\" \/>\n<meta property=\"article:published_time\" content=\"2025-01-26T23:43:58+00:00\" \/>\n<meta property=\"og:image\" content=\"https:\/\/canal7slp.tv\/2025\/wp-content\/uploads\/2025\/01\/Poky01MigrantesArzobispo.jpg\" \/>\n\t<meta property=\"og:image:width\" content=\"1280\" \/>\n\t<meta property=\"og:image:height\" content=\"720\" \/>\n\t<meta property=\"og:image:type\" content=\"image\/jpeg\" \/>\n<meta name=\"author\" content=\"Edici\u00f3n Web\" \/>\n<meta name=\"twitter:card\" content=\"summary_large_image\" \/>\n<meta name=\"twitter:creator\" content=\"@NOTICIEROS7\" \/>\n<meta name=\"twitter:site\" content=\"@NOTICIEROS7\" \/>\n<meta name=\"twitter:label1\" content=\"Escrito por\" \/>\n\t<meta name=\"twitter:data1\" content=\"Edici\u00f3n Web\" \/>\n\t<meta name=\"twitter:label2\" content=\"Tiempo de lectura\" \/>\n\t<meta name=\"twitter:data2\" content=\"1 minuto\" \/>\n<script type=\"application\/ld+json\" class=\"yoast-schema-graph\">{\"@context\":\"https:\\\/\\\/schema.org\",\"@graph\":[{\"@type\":\"Article\",\"@id\":\"https:\\\/\\\/canal7slp.tv\\\/2025\\\/iglesia-pide-a-administraciones-y-poblacion-dar-apoyo-a-migrantes-deportados\\\/#article\",\"isPartOf\":{\"@id\":\"https:\\\/\\\/canal7slp.tv\\\/2025\\\/iglesia-pide-a-administraciones-y-poblacion-dar-apoyo-a-migrantes-deportados\\\/\"},\"author\":{\"name\":\"Edici\u00f3n Web\",\"@id\":\"https:\\\/\\\/canal7slp.tv\\\/2025\\\/#\\\/schema\\\/person\\\/271e2b60a96e7cc9d9ac296f4d7e414b\"},\"headline\":\"Iglesia pide a administraciones y poblaci\u00f3n dar apoyo a migrantes deportados\",\"datePublished\":\"2025-01-26T23:43:58+00:00\",\"mainEntityOfPage\":{\"@id\":\"https:\\\/\\\/canal7slp.tv\\\/2025\\\/iglesia-pide-a-administraciones-y-poblacion-dar-apoyo-a-migrantes-deportados\\\/\"},\"wordCount\":197,\"publisher\":{\"@id\":\"https:\\\/\\\/canal7slp.tv\\\/2025\\\/#organization\"},\"image\":{\"@id\":\"https:\\\/\\\/canal7slp.tv\\\/2025\\\/iglesia-pide-a-administraciones-y-poblacion-dar-apoyo-a-migrantes-deportados\\\/#primaryimage\"},\"thumbnailUrl\":\"https:\\\/\\\/canal7slp.tv\\\/2025\\\/wp-content\\\/uploads\\\/2025\\\/01\\\/Poky01MigrantesArzobispo.jpg\",\"articleSection\":[\"DESTACADAS\",\"LOCALES Y REGIONALES\"],\"inLanguage\":\"es\"},{\"@type\":\"WebPage\",\"@id\":\"https:\\\/\\\/canal7slp.tv\\\/2025\\\/iglesia-pide-a-administraciones-y-poblacion-dar-apoyo-a-migrantes-deportados\\\/\",\"url\":\"https:\\\/\\\/canal7slp.tv\\\/2025\\\/iglesia-pide-a-administraciones-y-poblacion-dar-apoyo-a-migrantes-deportados\\\/\",\"name\":\"Iglesia pide a administraciones y poblaci\u00f3n dar apoyo a migrantes deportados - Canal 7 SLP - 2025\",\"isPartOf\":{\"@id\":\"https:\\\/\\\/canal7slp.tv\\\/2025\\\/#website\"},\"primaryImageOfPage\":{\"@id\":\"https:\\\/\\\/canal7slp.tv\\\/2025\\\/iglesia-pide-a-administraciones-y-poblacion-dar-apoyo-a-migrantes-deportados\\\/#primaryimage\"},\"image\":{\"@id\":\"https:\\\/\\\/canal7slp.tv\\\/2025\\\/iglesia-pide-a-administraciones-y-poblacion-dar-apoyo-a-migrantes-deportados\\\/#primaryimage\"},\"thumbnailUrl\":\"https:\\\/\\\/canal7slp.tv\\\/2025\\\/wp-content\\\/uploads\\\/2025\\\/01\\\/Poky01MigrantesArzobispo.jpg\",\"datePublished\":\"2025-01-26T23:43:58+00:00\",\"breadcrumb\":{\"@id\":\"https:\\\/\\\/canal7slp.tv\\\/2025\\\/iglesia-pide-a-administraciones-y-poblacion-dar-apoyo-a-migrantes-deportados\\\/#breadcrumb\"},\"inLanguage\":\"es\",\"potentialAction\":[{\"@type\":\"ReadAction\",\"target\":[\"https:\\\/\\\/canal7slp.tv\\\/2025\\\/iglesia-pide-a-administraciones-y-poblacion-dar-apoyo-a-migrantes-deportados\\\/\"]}]},{\"@type\":\"ImageObject\",\"inLanguage\":\"es\",\"@id\":\"https:\\\/\\\/canal7slp.tv\\\/2025\\\/iglesia-pide-a-administraciones-y-poblacion-dar-apoyo-a-migrantes-deportados\\\/#primaryimage\",\"url\":\"https:\\\/\\\/canal7slp.tv\\\/2025\\\/wp-content\\\/uploads\\\/2025\\\/01\\\/Poky01MigrantesArzobispo.jpg\",\"contentUrl\":\"https:\\\/\\\/canal7slp.tv\\\/2025\\\/wp-content\\\/uploads\\\/2025\\\/01\\\/Poky01MigrantesArzobispo.jpg\",\"width\":1280,\"height\":720},{\"@type\":\"BreadcrumbList\",\"@id\":\"https:\\\/\\\/canal7slp.tv\\\/2025\\\/iglesia-pide-a-administraciones-y-poblacion-dar-apoyo-a-migrantes-deportados\\\/#breadcrumb\",\"itemListElement\":[{\"@type\":\"ListItem\",\"position\":1,\"name\":\"Portada\",\"item\":\"https:\\\/\\\/canal7slp.tv\\\/2025\\\/\"},{\"@type\":\"ListItem\",\"position\":2,\"name\":\"Iglesia pide a administraciones y poblaci\u00f3n dar apoyo a migrantes deportados\"}]},{\"@type\":\"WebSite\",\"@id\":\"https:\\\/\\\/canal7slp.tv\\\/2025\\\/#website\",\"url\":\"https:\\\/\\\/canal7slp.tv\\\/2025\\\/\",\"name\":\"N7 - Noticieros Canal 7\",\"description\":\"Somos el Medio\",\"publisher\":{\"@id\":\"https:\\\/\\\/canal7slp.tv\\\/2025\\\/#organization\"},\"potentialAction\":[{\"@type\":\"SearchAction\",\"target\":{\"@type\":\"EntryPoint\",\"urlTemplate\":\"https:\\\/\\\/canal7slp.tv\\\/2025\\\/?s={search_term_string}\"},\"query-input\":{\"@type\":\"PropertyValueSpecification\",\"valueRequired\":true,\"valueName\":\"search_term_string\"}}],\"inLanguage\":\"es\"},{\"@type\":\"Organization\",\"@id\":\"https:\\\/\\\/canal7slp.tv\\\/2025\\\/#organization\",\"name\":\"Noticieros Canal 7\",\"url\":\"https:\\\/\\\/canal7slp.tv\\\/2025\\\/\",\"logo\":{\"@type\":\"ImageObject\",\"inLanguage\":\"es\",\"@id\":\"https:\\\/\\\/canal7slp.tv\\\/2025\\\/#\\\/schema\\\/logo\\\/image\\\/\",\"url\":\"https:\\\/\\\/canal7slp.tv\\\/2025\\\/wp-content\\\/uploads\\\/2021\\\/01\\\/logo-noticieros@2x.png\",\"contentUrl\":\"https:\\\/\\\/canal7slp.tv\\\/2025\\\/wp-content\\\/uploads\\\/2021\\\/01\\\/logo-noticieros@2x.png\",\"width\":1017,\"height\":268,\"caption\":\"Noticieros Canal 7\"},\"image\":{\"@id\":\"https:\\\/\\\/canal7slp.tv\\\/2025\\\/#\\\/schema\\\/logo\\\/image\\\/\"},\"sameAs\":[\"https:\\\/\\\/www.facebook.com\\\/noticieroscanal7atencionciudadana\\\/\",\"https:\\\/\\\/x.com\\\/NOTICIEROS7\",\"https:\\\/\\\/www.instagram.com\\\/canal7_slp\",\"https:\\\/\\\/www.youtube.com\\\/channel\\\/UCliiYs-gP3JfJeqdPrNdd5A\"]},{\"@type\":\"Person\",\"@id\":\"https:\\\/\\\/canal7slp.tv\\\/2025\\\/#\\\/schema\\\/person\\\/271e2b60a96e7cc9d9ac296f4d7e414b\",\"name\":\"Edici\u00f3n Web\",\"image\":{\"@type\":\"ImageObject\",\"inLanguage\":\"es\",\"@id\":\"https:\\\/\\\/secure.gravatar.com\\\/avatar\\\/eee448fc3f7164808013b816ba91ac7e43bbe82a70bebac296f8bc6f0addaa1a?s=96&d=mm&r=g\",\"url\":\"https:\\\/\\\/secure.gravatar.com\\\/avatar\\\/eee448fc3f7164808013b816ba91ac7e43bbe82a70bebac296f8bc6f0addaa1a?s=96&d=mm&r=g\",\"contentUrl\":\"https:\\\/\\\/secure.gravatar.com\\\/avatar\\\/eee448fc3f7164808013b816ba91ac7e43bbe82a70bebac296f8bc6f0addaa1a?s=96&d=mm&r=g\",\"caption\":\"Edici\u00f3n Web\"},\"url\":\"https:\\\/\\\/canal7slp.tv\\\/2025\\\/author\\\/edicionweb\\\/\"}]}<\/script>\n<!-- \/ Yoast SEO plugin. -->","yoast_head_json":{"title":"Iglesia pide a administraciones y poblaci\u00f3n dar apoyo a migrantes deportados - Canal 7 SLP - 2025","robots":{"index":"index","follow":"follow","max-snippet":"max-snippet:-1","max-image-preview":"max-image-preview:large","max-video-preview":"max-video-preview:-1"},"canonical":"https:\/\/canal7slp.tv\/2025\/iglesia-pide-a-administraciones-y-poblacion-dar-apoyo-a-migrantes-deportados\/","og_locale":"es_ES","og_type":"article","og_title":"Iglesia pide a administraciones y poblaci\u00f3n dar apoyo a migrantes deportados - Canal 7 SLP - 2025","og_description":"SLP.- Iglesia cat\u00f3lica atenta a regreso de poblaci\u00f3n migrante que ser\u00e1 deportada de los Estados Unidos de Am\u00e9rica, as\u00ed lo extern\u00f3 el Arzobispo de San Luis Potos\u00ed, Jorge Alberto Cavazos Arizpe. \u201cEstamos muy atentos a este tema (\u2026) m\u00e1s de 700 hermanos ya en tres d\u00edas deportados a M\u00e9xico (\u2026) es una invitaci\u00f3n a que todos, las autoridades civiles, religiosas, los diferentes organismos puedan apoyar los lugares para migrantes\u201d. Report\u00f3 que en la Casa del Migrante no se ha registrado el arribo de personas mexicanas o extranjeras deportadas. \u201cEn nuestro centro que tenemos aqu\u00ed (\u2026) hasta el d\u00eda de hoy [&hellip;]","og_url":"https:\/\/canal7slp.tv\/2025\/iglesia-pide-a-administraciones-y-poblacion-dar-apoyo-a-migrantes-deportados\/","og_site_name":"Canal 7 SLP - 2025","article_publisher":"https:\/\/www.facebook.com\/noticieroscanal7atencionciudadana\/","article_published_time":"2025-01-26T23:43:58+00:00","og_image":[{"width":1280,"height":720,"url":"https:\/\/canal7slp.tv\/2025\/wp-content\/uploads\/2025\/01\/Poky01MigrantesArzobispo.jpg","type":"image\/jpeg"}],"author":"Edici\u00f3n Web","twitter_card":"summary_large_image","twitter_creator":"@NOTICIEROS7","twitter_site":"@NOTICIEROS7","twitter_misc":{"Escrito por":"Edici\u00f3n Web","Tiempo de lectura":"1 minuto"},"schema":{"@context":"https:\/\/schema.org","@graph":[{"@type":"Article","@id":"https:\/\/canal7slp.tv\/2025\/iglesia-pide-a-administraciones-y-poblacion-dar-apoyo-a-migrantes-deportados\/#article","isPartOf":{"@id":"https:\/\/canal7slp.tv\/2025\/iglesia-pide-a-administraciones-y-poblacion-dar-apoyo-a-migrantes-deportados\/"},"author":{"name":"Edici\u00f3n Web","@id":"https:\/\/canal7slp.tv\/2025\/#\/schema\/person\/271e2b60a96e7cc9d9ac296f4d7e414b"},"headline":"Iglesia pide a administraciones y poblaci\u00f3n dar apoyo a migrantes deportados","datePublished":"2025-01-26T23:43:58+00:00","mainEntityOfPage":{"@id":"https:\/\/canal7slp.tv\/2025\/iglesia-pide-a-administraciones-y-poblacion-dar-apoyo-a-migrantes-deportados\/"},"wordCount":197,"publisher":{"@id":"https:\/\/canal7slp.tv\/2025\/#organization"},"image":{"@id":"https:\/\/canal7slp.tv\/2025\/iglesia-pide-a-administraciones-y-poblacion-dar-apoyo-a-migrantes-deportados\/#primaryimage"},"thumbnailUrl":"https:\/\/canal7slp.tv\/2025\/wp-content\/uploads\/2025\/01\/Poky01MigrantesArzobispo.jpg","articleSection":["DESTACADAS","LOCALES Y REGIONALES"],"inLanguage":"es"},{"@type":"WebPage","@id":"https:\/\/canal7slp.tv\/2025\/iglesia-pide-a-administraciones-y-poblacion-dar-apoyo-a-migrantes-deportados\/","url":"https:\/\/canal7slp.tv\/2025\/iglesia-pide-a-administraciones-y-poblacion-dar-apoyo-a-migrantes-deportados\/","name":"Iglesia pide a administraciones y poblaci\u00f3n dar apoyo a migrantes deportados - Canal 7 SLP - 2025","isPartOf":{"@id":"https:\/\/canal7slp.tv\/2025\/#website"},"primaryImageOfPage":{"@id":"https:\/\/canal7slp.tv\/2025\/iglesia-pide-a-administraciones-y-poblacion-dar-apoyo-a-migrantes-deportados\/#primaryimage"},"image":{"@id":"https:\/\/canal7slp.tv\/2025\/iglesia-pide-a-administraciones-y-poblacion-dar-apoyo-a-migrantes-deportados\/#primaryimage"},"thumbnailUrl":"https:\/\/canal7slp.tv\/2025\/wp-content\/uploads\/2025\/01\/Poky01MigrantesArzobispo.jpg","datePublished":"2025-01-26T23:43:58+00:00","breadcrumb":{"@id":"https:\/\/canal7slp.tv\/2025\/iglesia-pide-a-administraciones-y-poblacion-dar-apoyo-a-migrantes-deportados\/#breadcrumb"},"inLanguage":"es","potentialAction":[{"@type":"ReadAction","target":["https:\/\/canal7slp.tv\/2025\/iglesia-pide-a-administraciones-y-poblacion-dar-apoyo-a-migrantes-deportados\/"]}]},{"@type":"ImageObject","inLanguage":"es","@id":"https:\/\/canal7slp.tv\/2025\/iglesia-pide-a-administraciones-y-poblacion-dar-apoyo-a-migrantes-deportados\/#primaryimage","url":"https:\/\/canal7slp.tv\/2025\/wp-content\/uploads\/2025\/01\/Poky01MigrantesArzobispo.jpg","contentUrl":"https:\/\/canal7slp.tv\/2025\/wp-content\/uploads\/2025\/01\/Poky01MigrantesArzobispo.jpg","width":1280,"height":720},{"@type":"BreadcrumbList","@id":"https:\/\/canal7slp.tv\/2025\/iglesia-pide-a-administraciones-y-poblacion-dar-apoyo-a-migrantes-deportados\/#breadcrumb","itemListElement":[{"@type":"ListItem","position":1,"name":"Portada","item":"https:\/\/canal7slp.tv\/2025\/"},{"@type":"ListItem","position":2,"name":"Iglesia pide a administraciones y poblaci\u00f3n dar apoyo a migrantes deportados"}]},{"@type":"WebSite","@id":"https:\/\/canal7slp.tv\/2025\/#website","url":"https:\/\/canal7slp.tv\/2025\/","name":"N7 - Noticieros Canal 7","description":"Somos el Medio","publisher":{"@id":"https:\/\/canal7slp.tv\/2025\/#organization"},"potentialAction":[{"@type":"SearchAction","target":{"@type":"EntryPoint","urlTemplate":"https:\/\/canal7slp.tv\/2025\/?s={search_term_string}"},"query-input":{"@type":"PropertyValueSpecification","valueRequired":true,"valueName":"search_term_string"}}],"inLanguage":"es"},{"@type":"Organization","@id":"https:\/\/canal7slp.tv\/2025\/#organization","name":"Noticieros Canal 7","url":"https:\/\/canal7slp.tv\/2025\/","logo":{"@type":"ImageObject","inLanguage":"es","@id":"https:\/\/canal7slp.tv\/2025\/#\/schema\/logo\/image\/","url":"https:\/\/canal7slp.tv\/2025\/wp-content\/uploads\/2021\/01\/logo-noticieros@2x.png","contentUrl":"https:\/\/canal7slp.tv\/2025\/wp-content\/uploads\/2021\/01\/logo-noticieros@2x.png","width":1017,"height":268,"caption":"Noticieros Canal 7"},"image":{"@id":"https:\/\/canal7slp.tv\/2025\/#\/schema\/logo\/image\/"},"sameAs":["https:\/\/www.facebook.com\/noticieroscanal7atencionciudadana\/","https:\/\/x.com\/NOTICIEROS7","https:\/\/www.instagram.com\/canal7_slp","https:\/\/www.youtube.com\/channel\/UCliiYs-gP3JfJeqdPrNdd5A"]},{"@type":"Person","@id":"https:\/\/canal7slp.tv\/2025\/#\/schema\/person\/271e2b60a96e7cc9d9ac296f4d7e414b","name":"Edici\u00f3n Web","image":{"@type":"ImageObject","inLanguage":"es","@id":"https:\/\/secure.gravatar.com\/avatar\/eee448fc3f7164808013b816ba91ac7e43bbe82a70bebac296f8bc6f0addaa1a?s=96&d=mm&r=g","url":"https:\/\/secure.gravatar.com\/avatar\/eee448fc3f7164808013b816ba91ac7e43bbe82a70bebac296f8bc6f0addaa1a?s=96&d=mm&r=g","contentUrl":"https:\/\/secure.gravatar.com\/avatar\/eee448fc3f7164808013b816ba91ac7e43bbe82a70bebac296f8bc6f0addaa1a?s=96&d=mm&r=g","caption":"Edici\u00f3n Web"},"url":"https:\/\/canal7slp.tv\/2025\/author\/edicionweb\/"}]}},"_links":{"self":[{"href":"https:\/\/canal7slp.tv\/2025\/wp-json\/wp\/v2\/posts\/155520","targetHints":{"allow":["GET"]}}],"collection":[{"href":"https:\/\/canal7slp.tv\/2025\/wp-json\/wp\/v2\/posts"}],"about":[{"href":"https:\/\/canal7slp.tv\/2025\/wp-json\/wp\/v2\/types\/post"}],"author":[{"embeddable":true,"href":"https:\/\/canal7slp.tv\/2025\/wp-json\/wp\/v2\/users\/2"}],"replies":[{"embeddable":true,"href":"https:\/\/canal7slp.tv\/2025\/wp-json\/wp\/v2\/comments?post=155520"}],"version-history":[{"count":2,"href":"https:\/\/canal7slp.tv\/2025\/wp-json\/wp\/v2\/posts\/155520\/revisions"}],"predecessor-version":[{"id":155536,"href":"https:\/\/canal7slp.tv\/2025\/wp-json\/wp\/v2\/posts\/155520\/revisions\/155536"}],"wp:featuredmedia":[{"embeddable":true,"href":"https:\/\/canal7slp.tv\/2025\/wp-json\/wp\/v2\/media\/155535"}],"wp:attachment":[{"href":"https:\/\/canal7slp.tv\/2025\/wp-json\/wp\/v2\/media?parent=155520"}],"wp:term":[{"taxonomy":"category","embeddable":true,"href":"https:\/\/canal7slp.tv\/2025\/wp-json\/wp\/v2\/categories?post=155520"},{"taxonomy":"post_tag","embeddable":true,"href":"https:\/\/canal7slp.tv\/2025\/wp-json\/wp\/v2\/tags?post=155520"}],"curies":[{"name":"wp","href":"https:\/\/api.w.org\/{rel}","templated":true}]}}