{"id":155519,"date":"2025-01-26T17:55:58","date_gmt":"2025-01-26T23:55:58","guid":{"rendered":"https:\/\/canal7slp.tv\/2025\/?p=155519"},"modified":"2025-01-26T17:55:58","modified_gmt":"2025-01-26T23:55:58","slug":"primer-jubileo-dedicado-a-comunicadores-en-slp","status":"publish","type":"post","link":"https:\/\/canal7slp.tv\/2025\/primer-jubileo-dedicado-a-comunicadores-en-slp\/","title":{"rendered":"Primer jubileo dedicado a comunicadores en SLP"},"content":{"rendered":"<p style=\"text-align: justify;\">SLP.- Se realiz\u00f3 el primer jubileo de parte de la Iglesia Cat\u00f3lica en San Luis Potos\u00ed y fue dedicado a los trabajadores de la Comunicaci\u00f3n, esta acci\u00f3n fue celebrada por el arzobispo Jorge Alberto Cavazos Arizpe en compa\u00f1\u00eda de trabajadoras y trabajadores de los medios con una misa en Catedral.<\/p>\n<p style=\"text-align: justify;\">\u201cPidiendo por aquellos familiares, amistades, conocidos quienes aqu\u00ed en San Luis Potos\u00ed han estado en los medios de comunicaci\u00f3n que ya han cerrado sus ojos a este mundo para que el se\u00f1or les conceda la paz y la alegr\u00eda eterna, agradecemos todo lo que ellos han hechos y agradecemos lo que actualmente cada una y cada uno hermanos comunicadores en la iglesia y en todas las dem\u00e1s \u00e1reas de comunicaci\u00f3n en la sociedad, van llevando\u201d.<\/p>\n<p style=\"text-align: justify;\">Pidi\u00f3 por igual por las personas afectadas por realizar su labor.<\/p>\n<p style=\"text-align: justify;\">\u201cPedimos as\u00ed por todos aquellos que por llevar la verdad, las noticias, tambi\u00e9n han padecido persecuci\u00f3n y algunos como lo sabemos, en nuestro pa\u00eds es algo que se destaca, algunos reportero, periodistas tambi\u00e9n han sido asesinados, pedimos por su eterno descanso, pedimos que su vida, su obra, su labor, est\u00e9 en nuestra conciencia y en nuestra forma de construir la sociedad\u201d.<\/p>\n<p style=\"text-align: justify;\">A lo largo de este a\u00f1o y hasta el 6 de enero de 2026, se dedicar\u00e1n jubileos a diferentes \u00e1mbitos, como el cultural, acad\u00e9mico, deportivo, de migrantes y otros.<\/p>\n<p>Por: Juan Carlos Contreras<\/p>\n","protected":false},"excerpt":{"rendered":"<p>SLP.- Se realiz\u00f3 el primer jubileo de parte de la Iglesia Cat\u00f3lica en San Luis Potos\u00ed y fue dedicado a los trabajadores de la Comunicaci\u00f3n, esta acci\u00f3n fue celebrada por el arzobispo Jorge Alberto Cavazos Arizpe en compa\u00f1\u00eda de trabajadoras y trabajadores de los medios con una misa en Catedral. \u201cPidiendo por aquellos familiares, amistades, conocidos quienes aqu\u00ed en San Luis Potos\u00ed han estado en los medios de comunicaci\u00f3n que ya han cerrado sus ojos a este mundo para que el se\u00f1or les conceda la paz y la alegr\u00eda eterna, agradecemos todo lo que ellos han hechos y agradecemos lo [&hellip;]<\/p>\n","protected":false},"author":2,"featured_media":155538,"comment_status":"closed","ping_status":"closed","sticky":false,"template":"","format":"video","meta":{"_monsterinsights_skip_tracking":false,"_monsterinsights_sitenote_active":false,"_monsterinsights_sitenote_note":"","_monsterinsights_sitenote_category":0,"footnotes":""},"categories":[5,45],"tags":[],"class_list":["post-155519","post","type-post","status-publish","format-video","has-post-thumbnail","hentry","category-destacadas","category-localesyregionales","post_format-post-format-video","post--single"],"yoast_head":"<!-- This site is optimized with the Yoast SEO plugin v27.4 - https:\/\/yoast.com\/product\/yoast-seo-wordpress\/ -->\n<title>Primer jubileo dedicado a comunicadores en SLP - Canal 7 SLP - 2025<\/title>\n<meta name=\"robots\" content=\"index, follow, max-snippet:-1, max-image-preview:large, max-video-preview:-1\" \/>\n<link rel=\"canonical\" href=\"https:\/\/canal7slp.tv\/2025\/primer-jubileo-dedicado-a-comunicadores-en-slp\/\" \/>\n<meta property=\"og:locale\" content=\"es_ES\" \/>\n<meta property=\"og:type\" content=\"article\" \/>\n<meta property=\"og:title\" content=\"Primer jubileo dedicado a comunicadores en SLP - Canal 7 SLP - 2025\" \/>\n<meta property=\"og:description\" content=\"SLP.- Se realiz\u00f3 el primer jubileo de parte de la Iglesia Cat\u00f3lica en San Luis Potos\u00ed y fue dedicado a los trabajadores de la Comunicaci\u00f3n, esta acci\u00f3n fue celebrada por el arzobispo Jorge Alberto Cavazos Arizpe en compa\u00f1\u00eda de trabajadoras y trabajadores de los medios con una misa en Catedral. \u201cPidiendo por aquellos familiares, amistades, conocidos quienes aqu\u00ed en San Luis Potos\u00ed han estado en los medios de comunicaci\u00f3n que ya han cerrado sus ojos a este mundo para que el se\u00f1or les conceda la paz y la alegr\u00eda eterna, agradecemos todo lo que ellos han hechos y agradecemos lo [&hellip;]\" \/>\n<meta property=\"og:url\" content=\"https:\/\/canal7slp.tv\/2025\/primer-jubileo-dedicado-a-comunicadores-en-slp\/\" \/>\n<meta property=\"og:site_name\" content=\"Canal 7 SLP - 2025\" \/>\n<meta property=\"article:publisher\" content=\"https:\/\/www.facebook.com\/noticieroscanal7atencionciudadana\/\" \/>\n<meta property=\"article:published_time\" content=\"2025-01-26T23:55:58+00:00\" \/>\n<meta property=\"og:image\" content=\"https:\/\/canal7slp.tv\/2025\/wp-content\/uploads\/2025\/01\/Poky02JubileoComunicadores.jpg\" \/>\n\t<meta property=\"og:image:width\" content=\"1280\" \/>\n\t<meta property=\"og:image:height\" content=\"720\" \/>\n\t<meta property=\"og:image:type\" content=\"image\/jpeg\" \/>\n<meta name=\"author\" content=\"Edici\u00f3n Web\" \/>\n<meta name=\"twitter:card\" content=\"summary_large_image\" \/>\n<meta name=\"twitter:creator\" content=\"@NOTICIEROS7\" \/>\n<meta name=\"twitter:site\" content=\"@NOTICIEROS7\" \/>\n<meta name=\"twitter:label1\" content=\"Escrito por\" \/>\n\t<meta name=\"twitter:data1\" content=\"Edici\u00f3n Web\" \/>\n\t<meta name=\"twitter:label2\" content=\"Tiempo de lectura\" \/>\n\t<meta name=\"twitter:data2\" content=\"2 minutos\" \/>\n<script type=\"application\/ld+json\" class=\"yoast-schema-graph\">{\"@context\":\"https:\\\/\\\/schema.org\",\"@graph\":[{\"@type\":\"Article\",\"@id\":\"https:\\\/\\\/canal7slp.tv\\\/2025\\\/primer-jubileo-dedicado-a-comunicadores-en-slp\\\/#article\",\"isPartOf\":{\"@id\":\"https:\\\/\\\/canal7slp.tv\\\/2025\\\/primer-jubileo-dedicado-a-comunicadores-en-slp\\\/\"},\"author\":{\"name\":\"Edici\u00f3n Web\",\"@id\":\"https:\\\/\\\/canal7slp.tv\\\/2025\\\/#\\\/schema\\\/person\\\/271e2b60a96e7cc9d9ac296f4d7e414b\"},\"headline\":\"Primer jubileo dedicado a comunicadores en SLP\",\"datePublished\":\"2025-01-26T23:55:58+00:00\",\"mainEntityOfPage\":{\"@id\":\"https:\\\/\\\/canal7slp.tv\\\/2025\\\/primer-jubileo-dedicado-a-comunicadores-en-slp\\\/\"},\"wordCount\":252,\"publisher\":{\"@id\":\"https:\\\/\\\/canal7slp.tv\\\/2025\\\/#organization\"},\"image\":{\"@id\":\"https:\\\/\\\/canal7slp.tv\\\/2025\\\/primer-jubileo-dedicado-a-comunicadores-en-slp\\\/#primaryimage\"},\"thumbnailUrl\":\"https:\\\/\\\/canal7slp.tv\\\/2025\\\/wp-content\\\/uploads\\\/2025\\\/01\\\/Poky02JubileoComunicadores.jpg\",\"articleSection\":[\"DESTACADAS\",\"LOCALES Y REGIONALES\"],\"inLanguage\":\"es\"},{\"@type\":\"WebPage\",\"@id\":\"https:\\\/\\\/canal7slp.tv\\\/2025\\\/primer-jubileo-dedicado-a-comunicadores-en-slp\\\/\",\"url\":\"https:\\\/\\\/canal7slp.tv\\\/2025\\\/primer-jubileo-dedicado-a-comunicadores-en-slp\\\/\",\"name\":\"Primer jubileo dedicado a comunicadores en SLP - Canal 7 SLP - 2025\",\"isPartOf\":{\"@id\":\"https:\\\/\\\/canal7slp.tv\\\/2025\\\/#website\"},\"primaryImageOfPage\":{\"@id\":\"https:\\\/\\\/canal7slp.tv\\\/2025\\\/primer-jubileo-dedicado-a-comunicadores-en-slp\\\/#primaryimage\"},\"image\":{\"@id\":\"https:\\\/\\\/canal7slp.tv\\\/2025\\\/primer-jubileo-dedicado-a-comunicadores-en-slp\\\/#primaryimage\"},\"thumbnailUrl\":\"https:\\\/\\\/canal7slp.tv\\\/2025\\\/wp-content\\\/uploads\\\/2025\\\/01\\\/Poky02JubileoComunicadores.jpg\",\"datePublished\":\"2025-01-26T23:55:58+00:00\",\"breadcrumb\":{\"@id\":\"https:\\\/\\\/canal7slp.tv\\\/2025\\\/primer-jubileo-dedicado-a-comunicadores-en-slp\\\/#breadcrumb\"},\"inLanguage\":\"es\",\"potentialAction\":[{\"@type\":\"ReadAction\",\"target\":[\"https:\\\/\\\/canal7slp.tv\\\/2025\\\/primer-jubileo-dedicado-a-comunicadores-en-slp\\\/\"]}]},{\"@type\":\"ImageObject\",\"inLanguage\":\"es\",\"@id\":\"https:\\\/\\\/canal7slp.tv\\\/2025\\\/primer-jubileo-dedicado-a-comunicadores-en-slp\\\/#primaryimage\",\"url\":\"https:\\\/\\\/canal7slp.tv\\\/2025\\\/wp-content\\\/uploads\\\/2025\\\/01\\\/Poky02JubileoComunicadores.jpg\",\"contentUrl\":\"https:\\\/\\\/canal7slp.tv\\\/2025\\\/wp-content\\\/uploads\\\/2025\\\/01\\\/Poky02JubileoComunicadores.jpg\",\"width\":1280,\"height\":720},{\"@type\":\"BreadcrumbList\",\"@id\":\"https:\\\/\\\/canal7slp.tv\\\/2025\\\/primer-jubileo-dedicado-a-comunicadores-en-slp\\\/#breadcrumb\",\"itemListElement\":[{\"@type\":\"ListItem\",\"position\":1,\"name\":\"Portada\",\"item\":\"https:\\\/\\\/canal7slp.tv\\\/2025\\\/\"},{\"@type\":\"ListItem\",\"position\":2,\"name\":\"Primer jubileo dedicado a comunicadores en SLP\"}]},{\"@type\":\"WebSite\",\"@id\":\"https:\\\/\\\/canal7slp.tv\\\/2025\\\/#website\",\"url\":\"https:\\\/\\\/canal7slp.tv\\\/2025\\\/\",\"name\":\"N7 - Noticieros Canal 7\",\"description\":\"Somos el Medio\",\"publisher\":{\"@id\":\"https:\\\/\\\/canal7slp.tv\\\/2025\\\/#organization\"},\"potentialAction\":[{\"@type\":\"SearchAction\",\"target\":{\"@type\":\"EntryPoint\",\"urlTemplate\":\"https:\\\/\\\/canal7slp.tv\\\/2025\\\/?s={search_term_string}\"},\"query-input\":{\"@type\":\"PropertyValueSpecification\",\"valueRequired\":true,\"valueName\":\"search_term_string\"}}],\"inLanguage\":\"es\"},{\"@type\":\"Organization\",\"@id\":\"https:\\\/\\\/canal7slp.tv\\\/2025\\\/#organization\",\"name\":\"Noticieros Canal 7\",\"url\":\"https:\\\/\\\/canal7slp.tv\\\/2025\\\/\",\"logo\":{\"@type\":\"ImageObject\",\"inLanguage\":\"es\",\"@id\":\"https:\\\/\\\/canal7slp.tv\\\/2025\\\/#\\\/schema\\\/logo\\\/image\\\/\",\"url\":\"https:\\\/\\\/canal7slp.tv\\\/2025\\\/wp-content\\\/uploads\\\/2021\\\/01\\\/logo-noticieros@2x.png\",\"contentUrl\":\"https:\\\/\\\/canal7slp.tv\\\/2025\\\/wp-content\\\/uploads\\\/2021\\\/01\\\/logo-noticieros@2x.png\",\"width\":1017,\"height\":268,\"caption\":\"Noticieros Canal 7\"},\"image\":{\"@id\":\"https:\\\/\\\/canal7slp.tv\\\/2025\\\/#\\\/schema\\\/logo\\\/image\\\/\"},\"sameAs\":[\"https:\\\/\\\/www.facebook.com\\\/noticieroscanal7atencionciudadana\\\/\",\"https:\\\/\\\/x.com\\\/NOTICIEROS7\",\"https:\\\/\\\/www.instagram.com\\\/canal7_slp\",\"https:\\\/\\\/www.youtube.com\\\/channel\\\/UCliiYs-gP3JfJeqdPrNdd5A\"]},{\"@type\":\"Person\",\"@id\":\"https:\\\/\\\/canal7slp.tv\\\/2025\\\/#\\\/schema\\\/person\\\/271e2b60a96e7cc9d9ac296f4d7e414b\",\"name\":\"Edici\u00f3n Web\",\"image\":{\"@type\":\"ImageObject\",\"inLanguage\":\"es\",\"@id\":\"https:\\\/\\\/secure.gravatar.com\\\/avatar\\\/eee448fc3f7164808013b816ba91ac7e43bbe82a70bebac296f8bc6f0addaa1a?s=96&d=mm&r=g\",\"url\":\"https:\\\/\\\/secure.gravatar.com\\\/avatar\\\/eee448fc3f7164808013b816ba91ac7e43bbe82a70bebac296f8bc6f0addaa1a?s=96&d=mm&r=g\",\"contentUrl\":\"https:\\\/\\\/secure.gravatar.com\\\/avatar\\\/eee448fc3f7164808013b816ba91ac7e43bbe82a70bebac296f8bc6f0addaa1a?s=96&d=mm&r=g\",\"caption\":\"Edici\u00f3n Web\"},\"url\":\"https:\\\/\\\/canal7slp.tv\\\/2025\\\/author\\\/edicionweb\\\/\"}]}<\/script>\n<!-- \/ Yoast SEO plugin. -->","yoast_head_json":{"title":"Primer jubileo dedicado a comunicadores en SLP - Canal 7 SLP - 2025","robots":{"index":"index","follow":"follow","max-snippet":"max-snippet:-1","max-image-preview":"max-image-preview:large","max-video-preview":"max-video-preview:-1"},"canonical":"https:\/\/canal7slp.tv\/2025\/primer-jubileo-dedicado-a-comunicadores-en-slp\/","og_locale":"es_ES","og_type":"article","og_title":"Primer jubileo dedicado a comunicadores en SLP - Canal 7 SLP - 2025","og_description":"SLP.- Se realiz\u00f3 el primer jubileo de parte de la Iglesia Cat\u00f3lica en San Luis Potos\u00ed y fue dedicado a los trabajadores de la Comunicaci\u00f3n, esta acci\u00f3n fue celebrada por el arzobispo Jorge Alberto Cavazos Arizpe en compa\u00f1\u00eda de trabajadoras y trabajadores de los medios con una misa en Catedral. \u201cPidiendo por aquellos familiares, amistades, conocidos quienes aqu\u00ed en San Luis Potos\u00ed han estado en los medios de comunicaci\u00f3n que ya han cerrado sus ojos a este mundo para que el se\u00f1or les conceda la paz y la alegr\u00eda eterna, agradecemos todo lo que ellos han hechos y agradecemos lo [&hellip;]","og_url":"https:\/\/canal7slp.tv\/2025\/primer-jubileo-dedicado-a-comunicadores-en-slp\/","og_site_name":"Canal 7 SLP - 2025","article_publisher":"https:\/\/www.facebook.com\/noticieroscanal7atencionciudadana\/","article_published_time":"2025-01-26T23:55:58+00:00","og_image":[{"width":1280,"height":720,"url":"https:\/\/canal7slp.tv\/2025\/wp-content\/uploads\/2025\/01\/Poky02JubileoComunicadores.jpg","type":"image\/jpeg"}],"author":"Edici\u00f3n Web","twitter_card":"summary_large_image","twitter_creator":"@NOTICIEROS7","twitter_site":"@NOTICIEROS7","twitter_misc":{"Escrito por":"Edici\u00f3n Web","Tiempo de lectura":"2 minutos"},"schema":{"@context":"https:\/\/schema.org","@graph":[{"@type":"Article","@id":"https:\/\/canal7slp.tv\/2025\/primer-jubileo-dedicado-a-comunicadores-en-slp\/#article","isPartOf":{"@id":"https:\/\/canal7slp.tv\/2025\/primer-jubileo-dedicado-a-comunicadores-en-slp\/"},"author":{"name":"Edici\u00f3n Web","@id":"https:\/\/canal7slp.tv\/2025\/#\/schema\/person\/271e2b60a96e7cc9d9ac296f4d7e414b"},"headline":"Primer jubileo dedicado a comunicadores en SLP","datePublished":"2025-01-26T23:55:58+00:00","mainEntityOfPage":{"@id":"https:\/\/canal7slp.tv\/2025\/primer-jubileo-dedicado-a-comunicadores-en-slp\/"},"wordCount":252,"publisher":{"@id":"https:\/\/canal7slp.tv\/2025\/#organization"},"image":{"@id":"https:\/\/canal7slp.tv\/2025\/primer-jubileo-dedicado-a-comunicadores-en-slp\/#primaryimage"},"thumbnailUrl":"https:\/\/canal7slp.tv\/2025\/wp-content\/uploads\/2025\/01\/Poky02JubileoComunicadores.jpg","articleSection":["DESTACADAS","LOCALES Y REGIONALES"],"inLanguage":"es"},{"@type":"WebPage","@id":"https:\/\/canal7slp.tv\/2025\/primer-jubileo-dedicado-a-comunicadores-en-slp\/","url":"https:\/\/canal7slp.tv\/2025\/primer-jubileo-dedicado-a-comunicadores-en-slp\/","name":"Primer jubileo dedicado a comunicadores en SLP - Canal 7 SLP - 2025","isPartOf":{"@id":"https:\/\/canal7slp.tv\/2025\/#website"},"primaryImageOfPage":{"@id":"https:\/\/canal7slp.tv\/2025\/primer-jubileo-dedicado-a-comunicadores-en-slp\/#primaryimage"},"image":{"@id":"https:\/\/canal7slp.tv\/2025\/primer-jubileo-dedicado-a-comunicadores-en-slp\/#primaryimage"},"thumbnailUrl":"https:\/\/canal7slp.tv\/2025\/wp-content\/uploads\/2025\/01\/Poky02JubileoComunicadores.jpg","datePublished":"2025-01-26T23:55:58+00:00","breadcrumb":{"@id":"https:\/\/canal7slp.tv\/2025\/primer-jubileo-dedicado-a-comunicadores-en-slp\/#breadcrumb"},"inLanguage":"es","potentialAction":[{"@type":"ReadAction","target":["https:\/\/canal7slp.tv\/2025\/primer-jubileo-dedicado-a-comunicadores-en-slp\/"]}]},{"@type":"ImageObject","inLanguage":"es","@id":"https:\/\/canal7slp.tv\/2025\/primer-jubileo-dedicado-a-comunicadores-en-slp\/#primaryimage","url":"https:\/\/canal7slp.tv\/2025\/wp-content\/uploads\/2025\/01\/Poky02JubileoComunicadores.jpg","contentUrl":"https:\/\/canal7slp.tv\/2025\/wp-content\/uploads\/2025\/01\/Poky02JubileoComunicadores.jpg","width":1280,"height":720},{"@type":"BreadcrumbList","@id":"https:\/\/canal7slp.tv\/2025\/primer-jubileo-dedicado-a-comunicadores-en-slp\/#breadcrumb","itemListElement":[{"@type":"ListItem","position":1,"name":"Portada","item":"https:\/\/canal7slp.tv\/2025\/"},{"@type":"ListItem","position":2,"name":"Primer jubileo dedicado a comunicadores en SLP"}]},{"@type":"WebSite","@id":"https:\/\/canal7slp.tv\/2025\/#website","url":"https:\/\/canal7slp.tv\/2025\/","name":"N7 - Noticieros Canal 7","description":"Somos el Medio","publisher":{"@id":"https:\/\/canal7slp.tv\/2025\/#organization"},"potentialAction":[{"@type":"SearchAction","target":{"@type":"EntryPoint","urlTemplate":"https:\/\/canal7slp.tv\/2025\/?s={search_term_string}"},"query-input":{"@type":"PropertyValueSpecification","valueRequired":true,"valueName":"search_term_string"}}],"inLanguage":"es"},{"@type":"Organization","@id":"https:\/\/canal7slp.tv\/2025\/#organization","name":"Noticieros Canal 7","url":"https:\/\/canal7slp.tv\/2025\/","logo":{"@type":"ImageObject","inLanguage":"es","@id":"https:\/\/canal7slp.tv\/2025\/#\/schema\/logo\/image\/","url":"https:\/\/canal7slp.tv\/2025\/wp-content\/uploads\/2021\/01\/logo-noticieros@2x.png","contentUrl":"https:\/\/canal7slp.tv\/2025\/wp-content\/uploads\/2021\/01\/logo-noticieros@2x.png","width":1017,"height":268,"caption":"Noticieros Canal 7"},"image":{"@id":"https:\/\/canal7slp.tv\/2025\/#\/schema\/logo\/image\/"},"sameAs":["https:\/\/www.facebook.com\/noticieroscanal7atencionciudadana\/","https:\/\/x.com\/NOTICIEROS7","https:\/\/www.instagram.com\/canal7_slp","https:\/\/www.youtube.com\/channel\/UCliiYs-gP3JfJeqdPrNdd5A"]},{"@type":"Person","@id":"https:\/\/canal7slp.tv\/2025\/#\/schema\/person\/271e2b60a96e7cc9d9ac296f4d7e414b","name":"Edici\u00f3n Web","image":{"@type":"ImageObject","inLanguage":"es","@id":"https:\/\/secure.gravatar.com\/avatar\/eee448fc3f7164808013b816ba91ac7e43bbe82a70bebac296f8bc6f0addaa1a?s=96&d=mm&r=g","url":"https:\/\/secure.gravatar.com\/avatar\/eee448fc3f7164808013b816ba91ac7e43bbe82a70bebac296f8bc6f0addaa1a?s=96&d=mm&r=g","contentUrl":"https:\/\/secure.gravatar.com\/avatar\/eee448fc3f7164808013b816ba91ac7e43bbe82a70bebac296f8bc6f0addaa1a?s=96&d=mm&r=g","caption":"Edici\u00f3n Web"},"url":"https:\/\/canal7slp.tv\/2025\/author\/edicionweb\/"}]}},"_links":{"self":[{"href":"https:\/\/canal7slp.tv\/2025\/wp-json\/wp\/v2\/posts\/155519","targetHints":{"allow":["GET"]}}],"collection":[{"href":"https:\/\/canal7slp.tv\/2025\/wp-json\/wp\/v2\/posts"}],"about":[{"href":"https:\/\/canal7slp.tv\/2025\/wp-json\/wp\/v2\/types\/post"}],"author":[{"embeddable":true,"href":"https:\/\/canal7slp.tv\/2025\/wp-json\/wp\/v2\/users\/2"}],"replies":[{"embeddable":true,"href":"https:\/\/canal7slp.tv\/2025\/wp-json\/wp\/v2\/comments?post=155519"}],"version-history":[{"count":2,"href":"https:\/\/canal7slp.tv\/2025\/wp-json\/wp\/v2\/posts\/155519\/revisions"}],"predecessor-version":[{"id":155539,"href":"https:\/\/canal7slp.tv\/2025\/wp-json\/wp\/v2\/posts\/155519\/revisions\/155539"}],"wp:featuredmedia":[{"embeddable":true,"href":"https:\/\/canal7slp.tv\/2025\/wp-json\/wp\/v2\/media\/155538"}],"wp:attachment":[{"href":"https:\/\/canal7slp.tv\/2025\/wp-json\/wp\/v2\/media?parent=155519"}],"wp:term":[{"taxonomy":"category","embeddable":true,"href":"https:\/\/canal7slp.tv\/2025\/wp-json\/wp\/v2\/categories?post=155519"},{"taxonomy":"post_tag","embeddable":true,"href":"https:\/\/canal7slp.tv\/2025\/wp-json\/wp\/v2\/tags?post=155519"}],"curies":[{"name":"wp","href":"https:\/\/api.w.org\/{rel}","templated":true}]}}