{"id":155518,"date":"2025-01-26T21:29:15","date_gmt":"2025-01-27T03:29:15","guid":{"rendered":"https:\/\/canal7slp.tv\/2025\/?p=155518"},"modified":"2025-01-26T21:29:15","modified_gmt":"2025-01-27T03:29:15","slug":"alarmante-caso-de-jovenes-futbolistas-desaparecidos-y-localizados","status":"publish","type":"post","link":"https:\/\/canal7slp.tv\/2025\/alarmante-caso-de-jovenes-futbolistas-desaparecidos-y-localizados\/","title":{"rendered":"Alarmante caso de j\u00f3venes futbolistas desaparecidos y localizados"},"content":{"rendered":"<p style=\"text-align: justify;\"><span style=\"font-size: 1.21429rem;\">SLP.- Es necesario mejorar la educaci\u00f3n en casa para evitar que a futuro las poblaciones prefieran realizar actos il\u00edcitos como m\u00e9todo de vida, as\u00ed lo indic\u00f3 el Arzobispo de San Luis Potos\u00ed, Jorge Alberto Cavazos Arizpe.<\/span><\/p>\n<p style=\"text-align: justify;\">Cabe recordar que durante el pasado s\u00e1bado se report\u00f3 la no localizaci\u00f3n de j\u00f3venes deportistas y sus acompa\u00f1antes quienes viajaban en un autob\u00fas por la carretera federal 49 SLP-Zacatecas, para posteriormente encontrarles en el estado de Aguascalientes gracias a un reporte realizado s las instancias de seguridad.<\/p>\n<p style=\"text-align: justify;\">\u201cQue cada familia pueda colaborar para que sus hijos sea buenos ciudadanos, no vamos a complicar la vida de nadie, por Dios, nos podremos equivocare, pero no podemos dedicarnos al mal\u201d.<\/p>\n<p style=\"text-align: justify;\">Exhort\u00f3 a las autoridades de seguridad a mejorar la prevenci\u00f3n.<\/p>\n<p style=\"text-align: justify;\">\u201cObviamente las instituciones encargadas de la seguridad tienen una responsabilidad muy fuerte\u201d.<\/p>\n<p>Por: Juan Carlos Contreras<\/p>\n","protected":false},"excerpt":{"rendered":"<p>SLP.- Es necesario mejorar la educaci\u00f3n en casa para evitar que a futuro las poblaciones prefieran realizar actos il\u00edcitos como m\u00e9todo de vida, as\u00ed lo indic\u00f3 el Arzobispo de San Luis Potos\u00ed, Jorge Alberto Cavazos Arizpe. Cabe recordar que durante el pasado s\u00e1bado se report\u00f3 la no localizaci\u00f3n de j\u00f3venes deportistas y sus acompa\u00f1antes quienes viajaban en un autob\u00fas por la carretera federal 49 SLP-Zacatecas, para posteriormente encontrarles en el estado de Aguascalientes gracias a un reporte realizado s las instancias de seguridad. \u201cQue cada familia pueda colaborar para que sus hijos sea buenos ciudadanos, no vamos a complicar la [&hellip;]<\/p>\n","protected":false},"author":2,"featured_media":155545,"comment_status":"closed","ping_status":"closed","sticky":false,"template":"","format":"video","meta":{"_monsterinsights_skip_tracking":false,"_monsterinsights_sitenote_active":false,"_monsterinsights_sitenote_note":"","_monsterinsights_sitenote_category":0,"footnotes":""},"categories":[5,45],"tags":[],"class_list":["post-155518","post","type-post","status-publish","format-video","has-post-thumbnail","hentry","category-destacadas","category-localesyregionales","post_format-post-format-video","post--single"],"yoast_head":"<!-- This site is optimized with the Yoast SEO plugin v27.5 - https:\/\/yoast.com\/product\/yoast-seo-wordpress\/ -->\n<title>Alarmante caso de j\u00f3venes futbolistas desaparecidos y localizados - Canal 7 SLP - 2025<\/title>\n<meta name=\"robots\" content=\"index, follow, max-snippet:-1, max-image-preview:large, max-video-preview:-1\" \/>\n<link rel=\"canonical\" href=\"https:\/\/canal7slp.tv\/2025\/alarmante-caso-de-jovenes-futbolistas-desaparecidos-y-localizados\/\" \/>\n<meta property=\"og:locale\" content=\"es_ES\" \/>\n<meta property=\"og:type\" content=\"article\" \/>\n<meta property=\"og:title\" content=\"Alarmante caso de j\u00f3venes futbolistas desaparecidos y localizados - Canal 7 SLP - 2025\" \/>\n<meta property=\"og:description\" content=\"SLP.- Es necesario mejorar la educaci\u00f3n en casa para evitar que a futuro las poblaciones prefieran realizar actos il\u00edcitos como m\u00e9todo de vida, as\u00ed lo indic\u00f3 el Arzobispo de San Luis Potos\u00ed, Jorge Alberto Cavazos Arizpe. Cabe recordar que durante el pasado s\u00e1bado se report\u00f3 la no localizaci\u00f3n de j\u00f3venes deportistas y sus acompa\u00f1antes quienes viajaban en un autob\u00fas por la carretera federal 49 SLP-Zacatecas, para posteriormente encontrarles en el estado de Aguascalientes gracias a un reporte realizado s las instancias de seguridad. \u201cQue cada familia pueda colaborar para que sus hijos sea buenos ciudadanos, no vamos a complicar la [&hellip;]\" \/>\n<meta property=\"og:url\" content=\"https:\/\/canal7slp.tv\/2025\/alarmante-caso-de-jovenes-futbolistas-desaparecidos-y-localizados\/\" \/>\n<meta property=\"og:site_name\" content=\"Canal 7 SLP - 2025\" \/>\n<meta property=\"article:publisher\" content=\"https:\/\/www.facebook.com\/noticieroscanal7atencionciudadana\/\" \/>\n<meta property=\"article:published_time\" content=\"2025-01-27T03:29:15+00:00\" \/>\n<meta property=\"og:image\" content=\"https:\/\/canal7slp.tv\/2025\/wp-content\/uploads\/2025\/01\/Poky03AutobusNinios.jpg\" \/>\n\t<meta property=\"og:image:width\" content=\"1280\" \/>\n\t<meta property=\"og:image:height\" content=\"720\" \/>\n\t<meta property=\"og:image:type\" content=\"image\/jpeg\" \/>\n<meta name=\"author\" content=\"Edici\u00f3n Web\" \/>\n<meta name=\"twitter:card\" content=\"summary_large_image\" \/>\n<meta name=\"twitter:creator\" content=\"@NOTICIEROS7\" \/>\n<meta name=\"twitter:site\" content=\"@NOTICIEROS7\" \/>\n<meta name=\"twitter:label1\" content=\"Escrito por\" \/>\n\t<meta name=\"twitter:data1\" content=\"Edici\u00f3n Web\" \/>\n\t<meta name=\"twitter:label2\" content=\"Tiempo de lectura\" \/>\n\t<meta name=\"twitter:data2\" content=\"1 minuto\" \/>\n<script type=\"application\/ld+json\" class=\"yoast-schema-graph\">{\"@context\":\"https:\\\/\\\/schema.org\",\"@graph\":[{\"@type\":\"Article\",\"@id\":\"https:\\\/\\\/canal7slp.tv\\\/2025\\\/alarmante-caso-de-jovenes-futbolistas-desaparecidos-y-localizados\\\/#article\",\"isPartOf\":{\"@id\":\"https:\\\/\\\/canal7slp.tv\\\/2025\\\/alarmante-caso-de-jovenes-futbolistas-desaparecidos-y-localizados\\\/\"},\"author\":{\"name\":\"Edici\u00f3n Web\",\"@id\":\"https:\\\/\\\/canal7slp.tv\\\/2025\\\/#\\\/schema\\\/person\\\/271e2b60a96e7cc9d9ac296f4d7e414b\"},\"headline\":\"Alarmante caso de j\u00f3venes futbolistas desaparecidos y localizados\",\"datePublished\":\"2025-01-27T03:29:15+00:00\",\"mainEntityOfPage\":{\"@id\":\"https:\\\/\\\/canal7slp.tv\\\/2025\\\/alarmante-caso-de-jovenes-futbolistas-desaparecidos-y-localizados\\\/\"},\"wordCount\":158,\"publisher\":{\"@id\":\"https:\\\/\\\/canal7slp.tv\\\/2025\\\/#organization\"},\"image\":{\"@id\":\"https:\\\/\\\/canal7slp.tv\\\/2025\\\/alarmante-caso-de-jovenes-futbolistas-desaparecidos-y-localizados\\\/#primaryimage\"},\"thumbnailUrl\":\"https:\\\/\\\/canal7slp.tv\\\/2025\\\/wp-content\\\/uploads\\\/2025\\\/01\\\/Poky03AutobusNinios.jpg\",\"articleSection\":[\"DESTACADAS\",\"LOCALES Y REGIONALES\"],\"inLanguage\":\"es\"},{\"@type\":\"WebPage\",\"@id\":\"https:\\\/\\\/canal7slp.tv\\\/2025\\\/alarmante-caso-de-jovenes-futbolistas-desaparecidos-y-localizados\\\/\",\"url\":\"https:\\\/\\\/canal7slp.tv\\\/2025\\\/alarmante-caso-de-jovenes-futbolistas-desaparecidos-y-localizados\\\/\",\"name\":\"Alarmante caso de j\u00f3venes futbolistas desaparecidos y localizados - Canal 7 SLP - 2025\",\"isPartOf\":{\"@id\":\"https:\\\/\\\/canal7slp.tv\\\/2025\\\/#website\"},\"primaryImageOfPage\":{\"@id\":\"https:\\\/\\\/canal7slp.tv\\\/2025\\\/alarmante-caso-de-jovenes-futbolistas-desaparecidos-y-localizados\\\/#primaryimage\"},\"image\":{\"@id\":\"https:\\\/\\\/canal7slp.tv\\\/2025\\\/alarmante-caso-de-jovenes-futbolistas-desaparecidos-y-localizados\\\/#primaryimage\"},\"thumbnailUrl\":\"https:\\\/\\\/canal7slp.tv\\\/2025\\\/wp-content\\\/uploads\\\/2025\\\/01\\\/Poky03AutobusNinios.jpg\",\"datePublished\":\"2025-01-27T03:29:15+00:00\",\"breadcrumb\":{\"@id\":\"https:\\\/\\\/canal7slp.tv\\\/2025\\\/alarmante-caso-de-jovenes-futbolistas-desaparecidos-y-localizados\\\/#breadcrumb\"},\"inLanguage\":\"es\",\"potentialAction\":[{\"@type\":\"ReadAction\",\"target\":[\"https:\\\/\\\/canal7slp.tv\\\/2025\\\/alarmante-caso-de-jovenes-futbolistas-desaparecidos-y-localizados\\\/\"]}]},{\"@type\":\"ImageObject\",\"inLanguage\":\"es\",\"@id\":\"https:\\\/\\\/canal7slp.tv\\\/2025\\\/alarmante-caso-de-jovenes-futbolistas-desaparecidos-y-localizados\\\/#primaryimage\",\"url\":\"https:\\\/\\\/canal7slp.tv\\\/2025\\\/wp-content\\\/uploads\\\/2025\\\/01\\\/Poky03AutobusNinios.jpg\",\"contentUrl\":\"https:\\\/\\\/canal7slp.tv\\\/2025\\\/wp-content\\\/uploads\\\/2025\\\/01\\\/Poky03AutobusNinios.jpg\",\"width\":1280,\"height\":720},{\"@type\":\"BreadcrumbList\",\"@id\":\"https:\\\/\\\/canal7slp.tv\\\/2025\\\/alarmante-caso-de-jovenes-futbolistas-desaparecidos-y-localizados\\\/#breadcrumb\",\"itemListElement\":[{\"@type\":\"ListItem\",\"position\":1,\"name\":\"Portada\",\"item\":\"https:\\\/\\\/canal7slp.tv\\\/2025\\\/\"},{\"@type\":\"ListItem\",\"position\":2,\"name\":\"Alarmante caso de j\u00f3venes futbolistas desaparecidos y localizados\"}]},{\"@type\":\"WebSite\",\"@id\":\"https:\\\/\\\/canal7slp.tv\\\/2025\\\/#website\",\"url\":\"https:\\\/\\\/canal7slp.tv\\\/2025\\\/\",\"name\":\"N7 - Noticieros Canal 7\",\"description\":\"Somos el Medio\",\"publisher\":{\"@id\":\"https:\\\/\\\/canal7slp.tv\\\/2025\\\/#organization\"},\"potentialAction\":[{\"@type\":\"SearchAction\",\"target\":{\"@type\":\"EntryPoint\",\"urlTemplate\":\"https:\\\/\\\/canal7slp.tv\\\/2025\\\/?s={search_term_string}\"},\"query-input\":{\"@type\":\"PropertyValueSpecification\",\"valueRequired\":true,\"valueName\":\"search_term_string\"}}],\"inLanguage\":\"es\"},{\"@type\":\"Organization\",\"@id\":\"https:\\\/\\\/canal7slp.tv\\\/2025\\\/#organization\",\"name\":\"Noticieros Canal 7\",\"url\":\"https:\\\/\\\/canal7slp.tv\\\/2025\\\/\",\"logo\":{\"@type\":\"ImageObject\",\"inLanguage\":\"es\",\"@id\":\"https:\\\/\\\/canal7slp.tv\\\/2025\\\/#\\\/schema\\\/logo\\\/image\\\/\",\"url\":\"https:\\\/\\\/canal7slp.tv\\\/2025\\\/wp-content\\\/uploads\\\/2021\\\/01\\\/logo-noticieros@2x.png\",\"contentUrl\":\"https:\\\/\\\/canal7slp.tv\\\/2025\\\/wp-content\\\/uploads\\\/2021\\\/01\\\/logo-noticieros@2x.png\",\"width\":1017,\"height\":268,\"caption\":\"Noticieros Canal 7\"},\"image\":{\"@id\":\"https:\\\/\\\/canal7slp.tv\\\/2025\\\/#\\\/schema\\\/logo\\\/image\\\/\"},\"sameAs\":[\"https:\\\/\\\/www.facebook.com\\\/noticieroscanal7atencionciudadana\\\/\",\"https:\\\/\\\/x.com\\\/NOTICIEROS7\",\"https:\\\/\\\/www.instagram.com\\\/canal7_slp\",\"https:\\\/\\\/www.youtube.com\\\/channel\\\/UCliiYs-gP3JfJeqdPrNdd5A\"]},{\"@type\":\"Person\",\"@id\":\"https:\\\/\\\/canal7slp.tv\\\/2025\\\/#\\\/schema\\\/person\\\/271e2b60a96e7cc9d9ac296f4d7e414b\",\"name\":\"Edici\u00f3n Web\",\"image\":{\"@type\":\"ImageObject\",\"inLanguage\":\"es\",\"@id\":\"https:\\\/\\\/secure.gravatar.com\\\/avatar\\\/eee448fc3f7164808013b816ba91ac7e43bbe82a70bebac296f8bc6f0addaa1a?s=96&d=mm&r=g\",\"url\":\"https:\\\/\\\/secure.gravatar.com\\\/avatar\\\/eee448fc3f7164808013b816ba91ac7e43bbe82a70bebac296f8bc6f0addaa1a?s=96&d=mm&r=g\",\"contentUrl\":\"https:\\\/\\\/secure.gravatar.com\\\/avatar\\\/eee448fc3f7164808013b816ba91ac7e43bbe82a70bebac296f8bc6f0addaa1a?s=96&d=mm&r=g\",\"caption\":\"Edici\u00f3n Web\"},\"url\":\"https:\\\/\\\/canal7slp.tv\\\/2025\\\/author\\\/edicionweb\\\/\"}]}<\/script>\n<!-- \/ Yoast SEO plugin. -->","yoast_head_json":{"title":"Alarmante caso de j\u00f3venes futbolistas desaparecidos y localizados - Canal 7 SLP - 2025","robots":{"index":"index","follow":"follow","max-snippet":"max-snippet:-1","max-image-preview":"max-image-preview:large","max-video-preview":"max-video-preview:-1"},"canonical":"https:\/\/canal7slp.tv\/2025\/alarmante-caso-de-jovenes-futbolistas-desaparecidos-y-localizados\/","og_locale":"es_ES","og_type":"article","og_title":"Alarmante caso de j\u00f3venes futbolistas desaparecidos y localizados - Canal 7 SLP - 2025","og_description":"SLP.- Es necesario mejorar la educaci\u00f3n en casa para evitar que a futuro las poblaciones prefieran realizar actos il\u00edcitos como m\u00e9todo de vida, as\u00ed lo indic\u00f3 el Arzobispo de San Luis Potos\u00ed, Jorge Alberto Cavazos Arizpe. Cabe recordar que durante el pasado s\u00e1bado se report\u00f3 la no localizaci\u00f3n de j\u00f3venes deportistas y sus acompa\u00f1antes quienes viajaban en un autob\u00fas por la carretera federal 49 SLP-Zacatecas, para posteriormente encontrarles en el estado de Aguascalientes gracias a un reporte realizado s las instancias de seguridad. \u201cQue cada familia pueda colaborar para que sus hijos sea buenos ciudadanos, no vamos a complicar la [&hellip;]","og_url":"https:\/\/canal7slp.tv\/2025\/alarmante-caso-de-jovenes-futbolistas-desaparecidos-y-localizados\/","og_site_name":"Canal 7 SLP - 2025","article_publisher":"https:\/\/www.facebook.com\/noticieroscanal7atencionciudadana\/","article_published_time":"2025-01-27T03:29:15+00:00","og_image":[{"width":1280,"height":720,"url":"https:\/\/canal7slp.tv\/2025\/wp-content\/uploads\/2025\/01\/Poky03AutobusNinios.jpg","type":"image\/jpeg"}],"author":"Edici\u00f3n Web","twitter_card":"summary_large_image","twitter_creator":"@NOTICIEROS7","twitter_site":"@NOTICIEROS7","twitter_misc":{"Escrito por":"Edici\u00f3n Web","Tiempo de lectura":"1 minuto"},"schema":{"@context":"https:\/\/schema.org","@graph":[{"@type":"Article","@id":"https:\/\/canal7slp.tv\/2025\/alarmante-caso-de-jovenes-futbolistas-desaparecidos-y-localizados\/#article","isPartOf":{"@id":"https:\/\/canal7slp.tv\/2025\/alarmante-caso-de-jovenes-futbolistas-desaparecidos-y-localizados\/"},"author":{"name":"Edici\u00f3n Web","@id":"https:\/\/canal7slp.tv\/2025\/#\/schema\/person\/271e2b60a96e7cc9d9ac296f4d7e414b"},"headline":"Alarmante caso de j\u00f3venes futbolistas desaparecidos y localizados","datePublished":"2025-01-27T03:29:15+00:00","mainEntityOfPage":{"@id":"https:\/\/canal7slp.tv\/2025\/alarmante-caso-de-jovenes-futbolistas-desaparecidos-y-localizados\/"},"wordCount":158,"publisher":{"@id":"https:\/\/canal7slp.tv\/2025\/#organization"},"image":{"@id":"https:\/\/canal7slp.tv\/2025\/alarmante-caso-de-jovenes-futbolistas-desaparecidos-y-localizados\/#primaryimage"},"thumbnailUrl":"https:\/\/canal7slp.tv\/2025\/wp-content\/uploads\/2025\/01\/Poky03AutobusNinios.jpg","articleSection":["DESTACADAS","LOCALES Y REGIONALES"],"inLanguage":"es"},{"@type":"WebPage","@id":"https:\/\/canal7slp.tv\/2025\/alarmante-caso-de-jovenes-futbolistas-desaparecidos-y-localizados\/","url":"https:\/\/canal7slp.tv\/2025\/alarmante-caso-de-jovenes-futbolistas-desaparecidos-y-localizados\/","name":"Alarmante caso de j\u00f3venes futbolistas desaparecidos y localizados - Canal 7 SLP - 2025","isPartOf":{"@id":"https:\/\/canal7slp.tv\/2025\/#website"},"primaryImageOfPage":{"@id":"https:\/\/canal7slp.tv\/2025\/alarmante-caso-de-jovenes-futbolistas-desaparecidos-y-localizados\/#primaryimage"},"image":{"@id":"https:\/\/canal7slp.tv\/2025\/alarmante-caso-de-jovenes-futbolistas-desaparecidos-y-localizados\/#primaryimage"},"thumbnailUrl":"https:\/\/canal7slp.tv\/2025\/wp-content\/uploads\/2025\/01\/Poky03AutobusNinios.jpg","datePublished":"2025-01-27T03:29:15+00:00","breadcrumb":{"@id":"https:\/\/canal7slp.tv\/2025\/alarmante-caso-de-jovenes-futbolistas-desaparecidos-y-localizados\/#breadcrumb"},"inLanguage":"es","potentialAction":[{"@type":"ReadAction","target":["https:\/\/canal7slp.tv\/2025\/alarmante-caso-de-jovenes-futbolistas-desaparecidos-y-localizados\/"]}]},{"@type":"ImageObject","inLanguage":"es","@id":"https:\/\/canal7slp.tv\/2025\/alarmante-caso-de-jovenes-futbolistas-desaparecidos-y-localizados\/#primaryimage","url":"https:\/\/canal7slp.tv\/2025\/wp-content\/uploads\/2025\/01\/Poky03AutobusNinios.jpg","contentUrl":"https:\/\/canal7slp.tv\/2025\/wp-content\/uploads\/2025\/01\/Poky03AutobusNinios.jpg","width":1280,"height":720},{"@type":"BreadcrumbList","@id":"https:\/\/canal7slp.tv\/2025\/alarmante-caso-de-jovenes-futbolistas-desaparecidos-y-localizados\/#breadcrumb","itemListElement":[{"@type":"ListItem","position":1,"name":"Portada","item":"https:\/\/canal7slp.tv\/2025\/"},{"@type":"ListItem","position":2,"name":"Alarmante caso de j\u00f3venes futbolistas desaparecidos y localizados"}]},{"@type":"WebSite","@id":"https:\/\/canal7slp.tv\/2025\/#website","url":"https:\/\/canal7slp.tv\/2025\/","name":"N7 - Noticieros Canal 7","description":"Somos el Medio","publisher":{"@id":"https:\/\/canal7slp.tv\/2025\/#organization"},"potentialAction":[{"@type":"SearchAction","target":{"@type":"EntryPoint","urlTemplate":"https:\/\/canal7slp.tv\/2025\/?s={search_term_string}"},"query-input":{"@type":"PropertyValueSpecification","valueRequired":true,"valueName":"search_term_string"}}],"inLanguage":"es"},{"@type":"Organization","@id":"https:\/\/canal7slp.tv\/2025\/#organization","name":"Noticieros Canal 7","url":"https:\/\/canal7slp.tv\/2025\/","logo":{"@type":"ImageObject","inLanguage":"es","@id":"https:\/\/canal7slp.tv\/2025\/#\/schema\/logo\/image\/","url":"https:\/\/canal7slp.tv\/2025\/wp-content\/uploads\/2021\/01\/logo-noticieros@2x.png","contentUrl":"https:\/\/canal7slp.tv\/2025\/wp-content\/uploads\/2021\/01\/logo-noticieros@2x.png","width":1017,"height":268,"caption":"Noticieros Canal 7"},"image":{"@id":"https:\/\/canal7slp.tv\/2025\/#\/schema\/logo\/image\/"},"sameAs":["https:\/\/www.facebook.com\/noticieroscanal7atencionciudadana\/","https:\/\/x.com\/NOTICIEROS7","https:\/\/www.instagram.com\/canal7_slp","https:\/\/www.youtube.com\/channel\/UCliiYs-gP3JfJeqdPrNdd5A"]},{"@type":"Person","@id":"https:\/\/canal7slp.tv\/2025\/#\/schema\/person\/271e2b60a96e7cc9d9ac296f4d7e414b","name":"Edici\u00f3n Web","image":{"@type":"ImageObject","inLanguage":"es","@id":"https:\/\/secure.gravatar.com\/avatar\/eee448fc3f7164808013b816ba91ac7e43bbe82a70bebac296f8bc6f0addaa1a?s=96&d=mm&r=g","url":"https:\/\/secure.gravatar.com\/avatar\/eee448fc3f7164808013b816ba91ac7e43bbe82a70bebac296f8bc6f0addaa1a?s=96&d=mm&r=g","contentUrl":"https:\/\/secure.gravatar.com\/avatar\/eee448fc3f7164808013b816ba91ac7e43bbe82a70bebac296f8bc6f0addaa1a?s=96&d=mm&r=g","caption":"Edici\u00f3n Web"},"url":"https:\/\/canal7slp.tv\/2025\/author\/edicionweb\/"}]}},"_links":{"self":[{"href":"https:\/\/canal7slp.tv\/2025\/wp-json\/wp\/v2\/posts\/155518","targetHints":{"allow":["GET"]}}],"collection":[{"href":"https:\/\/canal7slp.tv\/2025\/wp-json\/wp\/v2\/posts"}],"about":[{"href":"https:\/\/canal7slp.tv\/2025\/wp-json\/wp\/v2\/types\/post"}],"author":[{"embeddable":true,"href":"https:\/\/canal7slp.tv\/2025\/wp-json\/wp\/v2\/users\/2"}],"replies":[{"embeddable":true,"href":"https:\/\/canal7slp.tv\/2025\/wp-json\/wp\/v2\/comments?post=155518"}],"version-history":[{"count":2,"href":"https:\/\/canal7slp.tv\/2025\/wp-json\/wp\/v2\/posts\/155518\/revisions"}],"predecessor-version":[{"id":155546,"href":"https:\/\/canal7slp.tv\/2025\/wp-json\/wp\/v2\/posts\/155518\/revisions\/155546"}],"wp:featuredmedia":[{"embeddable":true,"href":"https:\/\/canal7slp.tv\/2025\/wp-json\/wp\/v2\/media\/155545"}],"wp:attachment":[{"href":"https:\/\/canal7slp.tv\/2025\/wp-json\/wp\/v2\/media?parent=155518"}],"wp:term":[{"taxonomy":"category","embeddable":true,"href":"https:\/\/canal7slp.tv\/2025\/wp-json\/wp\/v2\/categories?post=155518"},{"taxonomy":"post_tag","embeddable":true,"href":"https:\/\/canal7slp.tv\/2025\/wp-json\/wp\/v2\/tags?post=155518"}],"curies":[{"name":"wp","href":"https:\/\/api.w.org\/{rel}","templated":true}]}}