{"id":155512,"date":"2025-01-26T15:08:17","date_gmt":"2025-01-26T21:08:17","guid":{"rendered":"https:\/\/canal7slp.tv\/2025\/?p=155512"},"modified":"2025-01-26T15:08:17","modified_gmt":"2025-01-26T21:08:17","slug":"fiscalia-imputa-al-presidente-surcoreano-por-insurreccion-y-conspiracion-militar","status":"publish","type":"post","link":"https:\/\/canal7slp.tv\/2025\/fiscalia-imputa-al-presidente-surcoreano-por-insurreccion-y-conspiracion-militar\/","title":{"rendered":"Fiscal\u00eda imputa al presidente surcoreano por insurrecci\u00f3n y conspiraci\u00f3n militar"},"content":{"rendered":"<p style=\"text-align: justify;\">\n<p style=\"text-align: justify;\">Se\u00fal.- La Fiscal\u00eda de Corea del Sur ha imputado al presidente Yoon Suk-yeol por presuntamente liderar una insurrecci\u00f3n y abusar de su poder al declarar la ley marcial el pasado 3 de diciembre. Este hecho marca un momento hist\u00f3rico, ya que es la primera vez que un presidente en funciones es acusado penalmente en el pa\u00eds.<\/p>\n<p style=\"text-align: justify;\">Yoon, bajo arresto preventivo desde el 15 de enero, fue se\u00f1alado por la Oficina para la Investigaci\u00f3n de Casos de Corrupci\u00f3n de Altos Funcionarios (CIO). Aunque esta entidad no puede formalizar la imputaci\u00f3n de un presidente, remiti\u00f3 el caso a la Fiscal\u00eda, que tom\u00f3 la decisi\u00f3n tras evaluar las pruebas disponibles antes del vencimiento del plazo de detenci\u00f3n.<\/p>\n<p style=\"text-align: justify;\">El presidente enfrenta cargos por conspirar con el exministro de Defensa y altos mandos militares para declarar la ley marcial y desplegar tropas en el Parlamento, con el objetivo de evitar la revocaci\u00f3n de su decreto. Si es declarado culpable de insurrecci\u00f3n, podr\u00eda enfrentar cadena perpetua o incluso la pena de muerte, aunque esta \u00faltima tiene una moratoria en Corea del Sur desde 1997.<\/p>\n<p style=\"text-align: justify;\">En paralelo, el Tribunal Constitucional est\u00e1 revisando el juicio pol\u00edtico aprobado por el Parlamento el 14 de diciembre para ratificar la destituci\u00f3n de Yoon. De confirmarse su inhabilitaci\u00f3n, Corea del Sur deber\u00e1 convocar elecciones anticipadas en un plazo m\u00e1ximo de 60 d\u00edas.<\/p>\n","protected":false},"excerpt":{"rendered":"<p>Se\u00fal.- La Fiscal\u00eda de Corea del Sur ha imputado al presidente Yoon Suk-yeol por presuntamente liderar una insurrecci\u00f3n y abusar de su poder al declarar la ley marcial el pasado 3 de diciembre. Este hecho marca un momento hist\u00f3rico, ya que es la primera vez que un presidente en funciones es acusado penalmente en el pa\u00eds. Yoon, bajo arresto preventivo desde el 15 de enero, fue se\u00f1alado por la Oficina para la Investigaci\u00f3n de Casos de Corrupci\u00f3n de Altos Funcionarios (CIO). Aunque esta entidad no puede formalizar la imputaci\u00f3n de un presidente, remiti\u00f3 el caso a la Fiscal\u00eda, que tom\u00f3 [&hellip;]<\/p>\n","protected":false},"author":2,"featured_media":155513,"comment_status":"closed","ping_status":"closed","sticky":false,"template":"","format":"standard","meta":{"_monsterinsights_skip_tracking":false,"_monsterinsights_sitenote_active":false,"_monsterinsights_sitenote_note":"","_monsterinsights_sitenote_category":0,"footnotes":""},"categories":[44],"tags":[],"class_list":["post-155512","post","type-post","status-publish","format-standard","has-post-thumbnail","hentry","category-internacional","post--single"],"yoast_head":"<!-- This site is optimized with the Yoast SEO plugin v27.4 - https:\/\/yoast.com\/product\/yoast-seo-wordpress\/ -->\n<title>Fiscal\u00eda imputa al presidente surcoreano por insurrecci\u00f3n y conspiraci\u00f3n militar - Canal 7 SLP - 2025<\/title>\n<meta name=\"robots\" content=\"index, follow, max-snippet:-1, max-image-preview:large, max-video-preview:-1\" \/>\n<link rel=\"canonical\" href=\"https:\/\/canal7slp.tv\/2025\/fiscalia-imputa-al-presidente-surcoreano-por-insurreccion-y-conspiracion-militar\/\" \/>\n<meta property=\"og:locale\" content=\"es_ES\" \/>\n<meta property=\"og:type\" content=\"article\" \/>\n<meta property=\"og:title\" content=\"Fiscal\u00eda imputa al presidente surcoreano por insurrecci\u00f3n y conspiraci\u00f3n militar - Canal 7 SLP - 2025\" \/>\n<meta property=\"og:description\" content=\"Se\u00fal.- La Fiscal\u00eda de Corea del Sur ha imputado al presidente Yoon Suk-yeol por presuntamente liderar una insurrecci\u00f3n y abusar de su poder al declarar la ley marcial el pasado 3 de diciembre. Este hecho marca un momento hist\u00f3rico, ya que es la primera vez que un presidente en funciones es acusado penalmente en el pa\u00eds. Yoon, bajo arresto preventivo desde el 15 de enero, fue se\u00f1alado por la Oficina para la Investigaci\u00f3n de Casos de Corrupci\u00f3n de Altos Funcionarios (CIO). Aunque esta entidad no puede formalizar la imputaci\u00f3n de un presidente, remiti\u00f3 el caso a la Fiscal\u00eda, que tom\u00f3 [&hellip;]\" \/>\n<meta property=\"og:url\" content=\"https:\/\/canal7slp.tv\/2025\/fiscalia-imputa-al-presidente-surcoreano-por-insurreccion-y-conspiracion-militar\/\" \/>\n<meta property=\"og:site_name\" content=\"Canal 7 SLP - 2025\" \/>\n<meta property=\"article:publisher\" content=\"https:\/\/www.facebook.com\/noticieroscanal7atencionciudadana\/\" \/>\n<meta property=\"article:published_time\" content=\"2025-01-26T21:08:17+00:00\" \/>\n<meta property=\"og:image\" content=\"https:\/\/canal7slp.tv\/2025\/wp-content\/uploads\/2025\/01\/09-23.jpg\" \/>\n\t<meta property=\"og:image:width\" content=\"888\" \/>\n\t<meta property=\"og:image:height\" content=\"500\" \/>\n\t<meta property=\"og:image:type\" content=\"image\/jpeg\" \/>\n<meta name=\"author\" content=\"Edici\u00f3n Web\" \/>\n<meta name=\"twitter:card\" content=\"summary_large_image\" \/>\n<meta name=\"twitter:creator\" content=\"@NOTICIEROS7\" \/>\n<meta name=\"twitter:site\" content=\"@NOTICIEROS7\" \/>\n<meta name=\"twitter:label1\" content=\"Escrito por\" \/>\n\t<meta name=\"twitter:data1\" content=\"Edici\u00f3n Web\" \/>\n\t<meta name=\"twitter:label2\" content=\"Tiempo de lectura\" \/>\n\t<meta name=\"twitter:data2\" content=\"2 minutos\" \/>\n<script type=\"application\/ld+json\" class=\"yoast-schema-graph\">{\"@context\":\"https:\\\/\\\/schema.org\",\"@graph\":[{\"@type\":\"Article\",\"@id\":\"https:\\\/\\\/canal7slp.tv\\\/2025\\\/fiscalia-imputa-al-presidente-surcoreano-por-insurreccion-y-conspiracion-militar\\\/#article\",\"isPartOf\":{\"@id\":\"https:\\\/\\\/canal7slp.tv\\\/2025\\\/fiscalia-imputa-al-presidente-surcoreano-por-insurreccion-y-conspiracion-militar\\\/\"},\"author\":{\"name\":\"Edici\u00f3n Web\",\"@id\":\"https:\\\/\\\/canal7slp.tv\\\/2025\\\/#\\\/schema\\\/person\\\/271e2b60a96e7cc9d9ac296f4d7e414b\"},\"headline\":\"Fiscal\u00eda imputa al presidente surcoreano por insurrecci\u00f3n y conspiraci\u00f3n militar\",\"datePublished\":\"2025-01-26T21:08:17+00:00\",\"mainEntityOfPage\":{\"@id\":\"https:\\\/\\\/canal7slp.tv\\\/2025\\\/fiscalia-imputa-al-presidente-surcoreano-por-insurreccion-y-conspiracion-militar\\\/\"},\"wordCount\":249,\"publisher\":{\"@id\":\"https:\\\/\\\/canal7slp.tv\\\/2025\\\/#organization\"},\"image\":{\"@id\":\"https:\\\/\\\/canal7slp.tv\\\/2025\\\/fiscalia-imputa-al-presidente-surcoreano-por-insurreccion-y-conspiracion-militar\\\/#primaryimage\"},\"thumbnailUrl\":\"https:\\\/\\\/canal7slp.tv\\\/2025\\\/wp-content\\\/uploads\\\/2025\\\/01\\\/09-23.jpg\",\"articleSection\":[\"INTERNACIONALES\"],\"inLanguage\":\"es\"},{\"@type\":\"WebPage\",\"@id\":\"https:\\\/\\\/canal7slp.tv\\\/2025\\\/fiscalia-imputa-al-presidente-surcoreano-por-insurreccion-y-conspiracion-militar\\\/\",\"url\":\"https:\\\/\\\/canal7slp.tv\\\/2025\\\/fiscalia-imputa-al-presidente-surcoreano-por-insurreccion-y-conspiracion-militar\\\/\",\"name\":\"Fiscal\u00eda imputa al presidente surcoreano por insurrecci\u00f3n y conspiraci\u00f3n militar - Canal 7 SLP - 2025\",\"isPartOf\":{\"@id\":\"https:\\\/\\\/canal7slp.tv\\\/2025\\\/#website\"},\"primaryImageOfPage\":{\"@id\":\"https:\\\/\\\/canal7slp.tv\\\/2025\\\/fiscalia-imputa-al-presidente-surcoreano-por-insurreccion-y-conspiracion-militar\\\/#primaryimage\"},\"image\":{\"@id\":\"https:\\\/\\\/canal7slp.tv\\\/2025\\\/fiscalia-imputa-al-presidente-surcoreano-por-insurreccion-y-conspiracion-militar\\\/#primaryimage\"},\"thumbnailUrl\":\"https:\\\/\\\/canal7slp.tv\\\/2025\\\/wp-content\\\/uploads\\\/2025\\\/01\\\/09-23.jpg\",\"datePublished\":\"2025-01-26T21:08:17+00:00\",\"breadcrumb\":{\"@id\":\"https:\\\/\\\/canal7slp.tv\\\/2025\\\/fiscalia-imputa-al-presidente-surcoreano-por-insurreccion-y-conspiracion-militar\\\/#breadcrumb\"},\"inLanguage\":\"es\",\"potentialAction\":[{\"@type\":\"ReadAction\",\"target\":[\"https:\\\/\\\/canal7slp.tv\\\/2025\\\/fiscalia-imputa-al-presidente-surcoreano-por-insurreccion-y-conspiracion-militar\\\/\"]}]},{\"@type\":\"ImageObject\",\"inLanguage\":\"es\",\"@id\":\"https:\\\/\\\/canal7slp.tv\\\/2025\\\/fiscalia-imputa-al-presidente-surcoreano-por-insurreccion-y-conspiracion-militar\\\/#primaryimage\",\"url\":\"https:\\\/\\\/canal7slp.tv\\\/2025\\\/wp-content\\\/uploads\\\/2025\\\/01\\\/09-23.jpg\",\"contentUrl\":\"https:\\\/\\\/canal7slp.tv\\\/2025\\\/wp-content\\\/uploads\\\/2025\\\/01\\\/09-23.jpg\",\"width\":888,\"height\":500},{\"@type\":\"BreadcrumbList\",\"@id\":\"https:\\\/\\\/canal7slp.tv\\\/2025\\\/fiscalia-imputa-al-presidente-surcoreano-por-insurreccion-y-conspiracion-militar\\\/#breadcrumb\",\"itemListElement\":[{\"@type\":\"ListItem\",\"position\":1,\"name\":\"Portada\",\"item\":\"https:\\\/\\\/canal7slp.tv\\\/2025\\\/\"},{\"@type\":\"ListItem\",\"position\":2,\"name\":\"Fiscal\u00eda imputa al presidente surcoreano por insurrecci\u00f3n y conspiraci\u00f3n militar\"}]},{\"@type\":\"WebSite\",\"@id\":\"https:\\\/\\\/canal7slp.tv\\\/2025\\\/#website\",\"url\":\"https:\\\/\\\/canal7slp.tv\\\/2025\\\/\",\"name\":\"N7 - Noticieros Canal 7\",\"description\":\"Somos el Medio\",\"publisher\":{\"@id\":\"https:\\\/\\\/canal7slp.tv\\\/2025\\\/#organization\"},\"potentialAction\":[{\"@type\":\"SearchAction\",\"target\":{\"@type\":\"EntryPoint\",\"urlTemplate\":\"https:\\\/\\\/canal7slp.tv\\\/2025\\\/?s={search_term_string}\"},\"query-input\":{\"@type\":\"PropertyValueSpecification\",\"valueRequired\":true,\"valueName\":\"search_term_string\"}}],\"inLanguage\":\"es\"},{\"@type\":\"Organization\",\"@id\":\"https:\\\/\\\/canal7slp.tv\\\/2025\\\/#organization\",\"name\":\"Noticieros Canal 7\",\"url\":\"https:\\\/\\\/canal7slp.tv\\\/2025\\\/\",\"logo\":{\"@type\":\"ImageObject\",\"inLanguage\":\"es\",\"@id\":\"https:\\\/\\\/canal7slp.tv\\\/2025\\\/#\\\/schema\\\/logo\\\/image\\\/\",\"url\":\"https:\\\/\\\/canal7slp.tv\\\/2025\\\/wp-content\\\/uploads\\\/2021\\\/01\\\/logo-noticieros@2x.png\",\"contentUrl\":\"https:\\\/\\\/canal7slp.tv\\\/2025\\\/wp-content\\\/uploads\\\/2021\\\/01\\\/logo-noticieros@2x.png\",\"width\":1017,\"height\":268,\"caption\":\"Noticieros Canal 7\"},\"image\":{\"@id\":\"https:\\\/\\\/canal7slp.tv\\\/2025\\\/#\\\/schema\\\/logo\\\/image\\\/\"},\"sameAs\":[\"https:\\\/\\\/www.facebook.com\\\/noticieroscanal7atencionciudadana\\\/\",\"https:\\\/\\\/x.com\\\/NOTICIEROS7\",\"https:\\\/\\\/www.instagram.com\\\/canal7_slp\",\"https:\\\/\\\/www.youtube.com\\\/channel\\\/UCliiYs-gP3JfJeqdPrNdd5A\"]},{\"@type\":\"Person\",\"@id\":\"https:\\\/\\\/canal7slp.tv\\\/2025\\\/#\\\/schema\\\/person\\\/271e2b60a96e7cc9d9ac296f4d7e414b\",\"name\":\"Edici\u00f3n Web\",\"image\":{\"@type\":\"ImageObject\",\"inLanguage\":\"es\",\"@id\":\"https:\\\/\\\/secure.gravatar.com\\\/avatar\\\/eee448fc3f7164808013b816ba91ac7e43bbe82a70bebac296f8bc6f0addaa1a?s=96&d=mm&r=g\",\"url\":\"https:\\\/\\\/secure.gravatar.com\\\/avatar\\\/eee448fc3f7164808013b816ba91ac7e43bbe82a70bebac296f8bc6f0addaa1a?s=96&d=mm&r=g\",\"contentUrl\":\"https:\\\/\\\/secure.gravatar.com\\\/avatar\\\/eee448fc3f7164808013b816ba91ac7e43bbe82a70bebac296f8bc6f0addaa1a?s=96&d=mm&r=g\",\"caption\":\"Edici\u00f3n Web\"},\"url\":\"https:\\\/\\\/canal7slp.tv\\\/2025\\\/author\\\/edicionweb\\\/\"}]}<\/script>\n<!-- \/ Yoast SEO plugin. -->","yoast_head_json":{"title":"Fiscal\u00eda imputa al presidente surcoreano por insurrecci\u00f3n y conspiraci\u00f3n militar - Canal 7 SLP - 2025","robots":{"index":"index","follow":"follow","max-snippet":"max-snippet:-1","max-image-preview":"max-image-preview:large","max-video-preview":"max-video-preview:-1"},"canonical":"https:\/\/canal7slp.tv\/2025\/fiscalia-imputa-al-presidente-surcoreano-por-insurreccion-y-conspiracion-militar\/","og_locale":"es_ES","og_type":"article","og_title":"Fiscal\u00eda imputa al presidente surcoreano por insurrecci\u00f3n y conspiraci\u00f3n militar - Canal 7 SLP - 2025","og_description":"Se\u00fal.- La Fiscal\u00eda de Corea del Sur ha imputado al presidente Yoon Suk-yeol por presuntamente liderar una insurrecci\u00f3n y abusar de su poder al declarar la ley marcial el pasado 3 de diciembre. Este hecho marca un momento hist\u00f3rico, ya que es la primera vez que un presidente en funciones es acusado penalmente en el pa\u00eds. Yoon, bajo arresto preventivo desde el 15 de enero, fue se\u00f1alado por la Oficina para la Investigaci\u00f3n de Casos de Corrupci\u00f3n de Altos Funcionarios (CIO). Aunque esta entidad no puede formalizar la imputaci\u00f3n de un presidente, remiti\u00f3 el caso a la Fiscal\u00eda, que tom\u00f3 [&hellip;]","og_url":"https:\/\/canal7slp.tv\/2025\/fiscalia-imputa-al-presidente-surcoreano-por-insurreccion-y-conspiracion-militar\/","og_site_name":"Canal 7 SLP - 2025","article_publisher":"https:\/\/www.facebook.com\/noticieroscanal7atencionciudadana\/","article_published_time":"2025-01-26T21:08:17+00:00","og_image":[{"width":888,"height":500,"url":"https:\/\/canal7slp.tv\/2025\/wp-content\/uploads\/2025\/01\/09-23.jpg","type":"image\/jpeg"}],"author":"Edici\u00f3n Web","twitter_card":"summary_large_image","twitter_creator":"@NOTICIEROS7","twitter_site":"@NOTICIEROS7","twitter_misc":{"Escrito por":"Edici\u00f3n Web","Tiempo de lectura":"2 minutos"},"schema":{"@context":"https:\/\/schema.org","@graph":[{"@type":"Article","@id":"https:\/\/canal7slp.tv\/2025\/fiscalia-imputa-al-presidente-surcoreano-por-insurreccion-y-conspiracion-militar\/#article","isPartOf":{"@id":"https:\/\/canal7slp.tv\/2025\/fiscalia-imputa-al-presidente-surcoreano-por-insurreccion-y-conspiracion-militar\/"},"author":{"name":"Edici\u00f3n Web","@id":"https:\/\/canal7slp.tv\/2025\/#\/schema\/person\/271e2b60a96e7cc9d9ac296f4d7e414b"},"headline":"Fiscal\u00eda imputa al presidente surcoreano por insurrecci\u00f3n y conspiraci\u00f3n militar","datePublished":"2025-01-26T21:08:17+00:00","mainEntityOfPage":{"@id":"https:\/\/canal7slp.tv\/2025\/fiscalia-imputa-al-presidente-surcoreano-por-insurreccion-y-conspiracion-militar\/"},"wordCount":249,"publisher":{"@id":"https:\/\/canal7slp.tv\/2025\/#organization"},"image":{"@id":"https:\/\/canal7slp.tv\/2025\/fiscalia-imputa-al-presidente-surcoreano-por-insurreccion-y-conspiracion-militar\/#primaryimage"},"thumbnailUrl":"https:\/\/canal7slp.tv\/2025\/wp-content\/uploads\/2025\/01\/09-23.jpg","articleSection":["INTERNACIONALES"],"inLanguage":"es"},{"@type":"WebPage","@id":"https:\/\/canal7slp.tv\/2025\/fiscalia-imputa-al-presidente-surcoreano-por-insurreccion-y-conspiracion-militar\/","url":"https:\/\/canal7slp.tv\/2025\/fiscalia-imputa-al-presidente-surcoreano-por-insurreccion-y-conspiracion-militar\/","name":"Fiscal\u00eda imputa al presidente surcoreano por insurrecci\u00f3n y conspiraci\u00f3n militar - Canal 7 SLP - 2025","isPartOf":{"@id":"https:\/\/canal7slp.tv\/2025\/#website"},"primaryImageOfPage":{"@id":"https:\/\/canal7slp.tv\/2025\/fiscalia-imputa-al-presidente-surcoreano-por-insurreccion-y-conspiracion-militar\/#primaryimage"},"image":{"@id":"https:\/\/canal7slp.tv\/2025\/fiscalia-imputa-al-presidente-surcoreano-por-insurreccion-y-conspiracion-militar\/#primaryimage"},"thumbnailUrl":"https:\/\/canal7slp.tv\/2025\/wp-content\/uploads\/2025\/01\/09-23.jpg","datePublished":"2025-01-26T21:08:17+00:00","breadcrumb":{"@id":"https:\/\/canal7slp.tv\/2025\/fiscalia-imputa-al-presidente-surcoreano-por-insurreccion-y-conspiracion-militar\/#breadcrumb"},"inLanguage":"es","potentialAction":[{"@type":"ReadAction","target":["https:\/\/canal7slp.tv\/2025\/fiscalia-imputa-al-presidente-surcoreano-por-insurreccion-y-conspiracion-militar\/"]}]},{"@type":"ImageObject","inLanguage":"es","@id":"https:\/\/canal7slp.tv\/2025\/fiscalia-imputa-al-presidente-surcoreano-por-insurreccion-y-conspiracion-militar\/#primaryimage","url":"https:\/\/canal7slp.tv\/2025\/wp-content\/uploads\/2025\/01\/09-23.jpg","contentUrl":"https:\/\/canal7slp.tv\/2025\/wp-content\/uploads\/2025\/01\/09-23.jpg","width":888,"height":500},{"@type":"BreadcrumbList","@id":"https:\/\/canal7slp.tv\/2025\/fiscalia-imputa-al-presidente-surcoreano-por-insurreccion-y-conspiracion-militar\/#breadcrumb","itemListElement":[{"@type":"ListItem","position":1,"name":"Portada","item":"https:\/\/canal7slp.tv\/2025\/"},{"@type":"ListItem","position":2,"name":"Fiscal\u00eda imputa al presidente surcoreano por insurrecci\u00f3n y conspiraci\u00f3n militar"}]},{"@type":"WebSite","@id":"https:\/\/canal7slp.tv\/2025\/#website","url":"https:\/\/canal7slp.tv\/2025\/","name":"N7 - Noticieros Canal 7","description":"Somos el Medio","publisher":{"@id":"https:\/\/canal7slp.tv\/2025\/#organization"},"potentialAction":[{"@type":"SearchAction","target":{"@type":"EntryPoint","urlTemplate":"https:\/\/canal7slp.tv\/2025\/?s={search_term_string}"},"query-input":{"@type":"PropertyValueSpecification","valueRequired":true,"valueName":"search_term_string"}}],"inLanguage":"es"},{"@type":"Organization","@id":"https:\/\/canal7slp.tv\/2025\/#organization","name":"Noticieros Canal 7","url":"https:\/\/canal7slp.tv\/2025\/","logo":{"@type":"ImageObject","inLanguage":"es","@id":"https:\/\/canal7slp.tv\/2025\/#\/schema\/logo\/image\/","url":"https:\/\/canal7slp.tv\/2025\/wp-content\/uploads\/2021\/01\/logo-noticieros@2x.png","contentUrl":"https:\/\/canal7slp.tv\/2025\/wp-content\/uploads\/2021\/01\/logo-noticieros@2x.png","width":1017,"height":268,"caption":"Noticieros Canal 7"},"image":{"@id":"https:\/\/canal7slp.tv\/2025\/#\/schema\/logo\/image\/"},"sameAs":["https:\/\/www.facebook.com\/noticieroscanal7atencionciudadana\/","https:\/\/x.com\/NOTICIEROS7","https:\/\/www.instagram.com\/canal7_slp","https:\/\/www.youtube.com\/channel\/UCliiYs-gP3JfJeqdPrNdd5A"]},{"@type":"Person","@id":"https:\/\/canal7slp.tv\/2025\/#\/schema\/person\/271e2b60a96e7cc9d9ac296f4d7e414b","name":"Edici\u00f3n Web","image":{"@type":"ImageObject","inLanguage":"es","@id":"https:\/\/secure.gravatar.com\/avatar\/eee448fc3f7164808013b816ba91ac7e43bbe82a70bebac296f8bc6f0addaa1a?s=96&d=mm&r=g","url":"https:\/\/secure.gravatar.com\/avatar\/eee448fc3f7164808013b816ba91ac7e43bbe82a70bebac296f8bc6f0addaa1a?s=96&d=mm&r=g","contentUrl":"https:\/\/secure.gravatar.com\/avatar\/eee448fc3f7164808013b816ba91ac7e43bbe82a70bebac296f8bc6f0addaa1a?s=96&d=mm&r=g","caption":"Edici\u00f3n Web"},"url":"https:\/\/canal7slp.tv\/2025\/author\/edicionweb\/"}]}},"_links":{"self":[{"href":"https:\/\/canal7slp.tv\/2025\/wp-json\/wp\/v2\/posts\/155512","targetHints":{"allow":["GET"]}}],"collection":[{"href":"https:\/\/canal7slp.tv\/2025\/wp-json\/wp\/v2\/posts"}],"about":[{"href":"https:\/\/canal7slp.tv\/2025\/wp-json\/wp\/v2\/types\/post"}],"author":[{"embeddable":true,"href":"https:\/\/canal7slp.tv\/2025\/wp-json\/wp\/v2\/users\/2"}],"replies":[{"embeddable":true,"href":"https:\/\/canal7slp.tv\/2025\/wp-json\/wp\/v2\/comments?post=155512"}],"version-history":[{"count":1,"href":"https:\/\/canal7slp.tv\/2025\/wp-json\/wp\/v2\/posts\/155512\/revisions"}],"predecessor-version":[{"id":155514,"href":"https:\/\/canal7slp.tv\/2025\/wp-json\/wp\/v2\/posts\/155512\/revisions\/155514"}],"wp:featuredmedia":[{"embeddable":true,"href":"https:\/\/canal7slp.tv\/2025\/wp-json\/wp\/v2\/media\/155513"}],"wp:attachment":[{"href":"https:\/\/canal7slp.tv\/2025\/wp-json\/wp\/v2\/media?parent=155512"}],"wp:term":[{"taxonomy":"category","embeddable":true,"href":"https:\/\/canal7slp.tv\/2025\/wp-json\/wp\/v2\/categories?post=155512"},{"taxonomy":"post_tag","embeddable":true,"href":"https:\/\/canal7slp.tv\/2025\/wp-json\/wp\/v2\/tags?post=155512"}],"curies":[{"name":"wp","href":"https:\/\/api.w.org\/{rel}","templated":true}]}}