{"id":155509,"date":"2025-01-26T14:51:19","date_gmt":"2025-01-26T20:51:19","guid":{"rendered":"https:\/\/canal7slp.tv\/2025\/?p=155509"},"modified":"2025-01-26T14:51:19","modified_gmt":"2025-01-26T20:51:19","slug":"francisco-garduno-se-declara-inocente-del-incendio-en-ciudad-juarez","status":"publish","type":"post","link":"https:\/\/canal7slp.tv\/2025\/francisco-garduno-se-declara-inocente-del-incendio-en-ciudad-juarez\/","title":{"rendered":"Francisco Gardu\u00f1o se declara inocente del incendio en Ciudad Ju\u00e1rez"},"content":{"rendered":"<p style=\"text-align: justify;\">\n<p style=\"text-align: justify;\">M\u00e9xico.- El comisionado del Instituto Nacional de Migraci\u00f3n (INM), Francisco Gardu\u00f1o Y\u00e1\u00f1ez, reiter\u00f3 su inocencia respecto al incendio ocurrido el 27 de marzo de 2023 en Ciudad Ju\u00e1rez, Chihuahua, que result\u00f3 en la muerte de 40 migrantes.<\/p>\n<p style=\"text-align: justify;\">Gardu\u00f1o subray\u00f3 que se encontraba a mil 800 kil\u00f3metros del lugar al momento de los hechos y afirm\u00f3 su compromiso con la justicia retributiva para las v\u00edctimas y sus familias.<\/p>\n<p style=\"text-align: justify;\">Durante la audiencia celebrada el 25 de enero de 2024, un juez otorg\u00f3 a Gardu\u00f1o una suspensi\u00f3n condicional del proceso penal. Las medidas impuestas incluyen la obligaci\u00f3n de ofrecer una disculpa p\u00fablica, permanecer en su domicilio actual y participar en cursos sobre derechos humanos.<\/p>\n<p style=\"text-align: justify;\">El comisionado expres\u00f3 su conformidad con el fallo, aunque admiti\u00f3 que la situaci\u00f3n sigue gener\u00e1ndole inquietud.<\/p>\n","protected":false},"excerpt":{"rendered":"<p>M\u00e9xico.- El comisionado del Instituto Nacional de Migraci\u00f3n (INM), Francisco Gardu\u00f1o Y\u00e1\u00f1ez, reiter\u00f3 su inocencia respecto al incendio ocurrido el 27 de marzo de 2023 en Ciudad Ju\u00e1rez, Chihuahua, que result\u00f3 en la muerte de 40 migrantes. Gardu\u00f1o subray\u00f3 que se encontraba a mil 800 kil\u00f3metros del lugar al momento de los hechos y afirm\u00f3 su compromiso con la justicia retributiva para las v\u00edctimas y sus familias. Durante la audiencia celebrada el 25 de enero de 2024, un juez otorg\u00f3 a Gardu\u00f1o una suspensi\u00f3n condicional del proceso penal. Las medidas impuestas incluyen la obligaci\u00f3n de ofrecer una disculpa p\u00fablica, permanecer [&hellip;]<\/p>\n","protected":false},"author":2,"featured_media":155510,"comment_status":"closed","ping_status":"closed","sticky":false,"template":"","format":"standard","meta":{"_monsterinsights_skip_tracking":false,"_monsterinsights_sitenote_active":false,"_monsterinsights_sitenote_note":"","_monsterinsights_sitenote_category":0,"footnotes":""},"categories":[46],"tags":[],"class_list":["post-155509","post","type-post","status-publish","format-standard","has-post-thumbnail","hentry","category-nacional","post--single"],"yoast_head":"<!-- This site is optimized with the Yoast SEO plugin v27.4 - https:\/\/yoast.com\/product\/yoast-seo-wordpress\/ -->\n<title>Francisco Gardu\u00f1o se declara inocente del incendio en Ciudad Ju\u00e1rez - Canal 7 SLP - 2025<\/title>\n<meta name=\"robots\" content=\"index, follow, max-snippet:-1, max-image-preview:large, max-video-preview:-1\" \/>\n<link rel=\"canonical\" href=\"https:\/\/canal7slp.tv\/2025\/francisco-garduno-se-declara-inocente-del-incendio-en-ciudad-juarez\/\" \/>\n<meta property=\"og:locale\" content=\"es_ES\" \/>\n<meta property=\"og:type\" content=\"article\" \/>\n<meta property=\"og:title\" content=\"Francisco Gardu\u00f1o se declara inocente del incendio en Ciudad Ju\u00e1rez - Canal 7 SLP - 2025\" \/>\n<meta property=\"og:description\" content=\"M\u00e9xico.- El comisionado del Instituto Nacional de Migraci\u00f3n (INM), Francisco Gardu\u00f1o Y\u00e1\u00f1ez, reiter\u00f3 su inocencia respecto al incendio ocurrido el 27 de marzo de 2023 en Ciudad Ju\u00e1rez, Chihuahua, que result\u00f3 en la muerte de 40 migrantes. Gardu\u00f1o subray\u00f3 que se encontraba a mil 800 kil\u00f3metros del lugar al momento de los hechos y afirm\u00f3 su compromiso con la justicia retributiva para las v\u00edctimas y sus familias. Durante la audiencia celebrada el 25 de enero de 2024, un juez otorg\u00f3 a Gardu\u00f1o una suspensi\u00f3n condicional del proceso penal. Las medidas impuestas incluyen la obligaci\u00f3n de ofrecer una disculpa p\u00fablica, permanecer [&hellip;]\" \/>\n<meta property=\"og:url\" content=\"https:\/\/canal7slp.tv\/2025\/francisco-garduno-se-declara-inocente-del-incendio-en-ciudad-juarez\/\" \/>\n<meta property=\"og:site_name\" content=\"Canal 7 SLP - 2025\" \/>\n<meta property=\"article:publisher\" content=\"https:\/\/www.facebook.com\/noticieroscanal7atencionciudadana\/\" \/>\n<meta property=\"article:published_time\" content=\"2025-01-26T20:51:19+00:00\" \/>\n<meta property=\"og:image\" content=\"https:\/\/canal7slp.tv\/2025\/wp-content\/uploads\/2025\/01\/08-24.jpg\" \/>\n\t<meta property=\"og:image:width\" content=\"666\" \/>\n\t<meta property=\"og:image:height\" content=\"500\" \/>\n\t<meta property=\"og:image:type\" content=\"image\/jpeg\" \/>\n<meta name=\"author\" content=\"Edici\u00f3n Web\" \/>\n<meta name=\"twitter:card\" content=\"summary_large_image\" \/>\n<meta name=\"twitter:creator\" content=\"@NOTICIEROS7\" \/>\n<meta name=\"twitter:site\" content=\"@NOTICIEROS7\" \/>\n<meta name=\"twitter:label1\" content=\"Escrito por\" \/>\n\t<meta name=\"twitter:data1\" content=\"Edici\u00f3n Web\" \/>\n\t<meta name=\"twitter:label2\" content=\"Tiempo de lectura\" \/>\n\t<meta name=\"twitter:data2\" content=\"1 minuto\" \/>\n<script type=\"application\/ld+json\" class=\"yoast-schema-graph\">{\"@context\":\"https:\\\/\\\/schema.org\",\"@graph\":[{\"@type\":\"Article\",\"@id\":\"https:\\\/\\\/canal7slp.tv\\\/2025\\\/francisco-garduno-se-declara-inocente-del-incendio-en-ciudad-juarez\\\/#article\",\"isPartOf\":{\"@id\":\"https:\\\/\\\/canal7slp.tv\\\/2025\\\/francisco-garduno-se-declara-inocente-del-incendio-en-ciudad-juarez\\\/\"},\"author\":{\"name\":\"Edici\u00f3n Web\",\"@id\":\"https:\\\/\\\/canal7slp.tv\\\/2025\\\/#\\\/schema\\\/person\\\/271e2b60a96e7cc9d9ac296f4d7e414b\"},\"headline\":\"Francisco Gardu\u00f1o se declara inocente del incendio en Ciudad Ju\u00e1rez\",\"datePublished\":\"2025-01-26T20:51:19+00:00\",\"mainEntityOfPage\":{\"@id\":\"https:\\\/\\\/canal7slp.tv\\\/2025\\\/francisco-garduno-se-declara-inocente-del-incendio-en-ciudad-juarez\\\/\"},\"wordCount\":148,\"publisher\":{\"@id\":\"https:\\\/\\\/canal7slp.tv\\\/2025\\\/#organization\"},\"image\":{\"@id\":\"https:\\\/\\\/canal7slp.tv\\\/2025\\\/francisco-garduno-se-declara-inocente-del-incendio-en-ciudad-juarez\\\/#primaryimage\"},\"thumbnailUrl\":\"https:\\\/\\\/canal7slp.tv\\\/2025\\\/wp-content\\\/uploads\\\/2025\\\/01\\\/08-24.jpg\",\"articleSection\":[\"NACIONALES\"],\"inLanguage\":\"es\"},{\"@type\":\"WebPage\",\"@id\":\"https:\\\/\\\/canal7slp.tv\\\/2025\\\/francisco-garduno-se-declara-inocente-del-incendio-en-ciudad-juarez\\\/\",\"url\":\"https:\\\/\\\/canal7slp.tv\\\/2025\\\/francisco-garduno-se-declara-inocente-del-incendio-en-ciudad-juarez\\\/\",\"name\":\"Francisco Gardu\u00f1o se declara inocente del incendio en Ciudad Ju\u00e1rez - Canal 7 SLP - 2025\",\"isPartOf\":{\"@id\":\"https:\\\/\\\/canal7slp.tv\\\/2025\\\/#website\"},\"primaryImageOfPage\":{\"@id\":\"https:\\\/\\\/canal7slp.tv\\\/2025\\\/francisco-garduno-se-declara-inocente-del-incendio-en-ciudad-juarez\\\/#primaryimage\"},\"image\":{\"@id\":\"https:\\\/\\\/canal7slp.tv\\\/2025\\\/francisco-garduno-se-declara-inocente-del-incendio-en-ciudad-juarez\\\/#primaryimage\"},\"thumbnailUrl\":\"https:\\\/\\\/canal7slp.tv\\\/2025\\\/wp-content\\\/uploads\\\/2025\\\/01\\\/08-24.jpg\",\"datePublished\":\"2025-01-26T20:51:19+00:00\",\"breadcrumb\":{\"@id\":\"https:\\\/\\\/canal7slp.tv\\\/2025\\\/francisco-garduno-se-declara-inocente-del-incendio-en-ciudad-juarez\\\/#breadcrumb\"},\"inLanguage\":\"es\",\"potentialAction\":[{\"@type\":\"ReadAction\",\"target\":[\"https:\\\/\\\/canal7slp.tv\\\/2025\\\/francisco-garduno-se-declara-inocente-del-incendio-en-ciudad-juarez\\\/\"]}]},{\"@type\":\"ImageObject\",\"inLanguage\":\"es\",\"@id\":\"https:\\\/\\\/canal7slp.tv\\\/2025\\\/francisco-garduno-se-declara-inocente-del-incendio-en-ciudad-juarez\\\/#primaryimage\",\"url\":\"https:\\\/\\\/canal7slp.tv\\\/2025\\\/wp-content\\\/uploads\\\/2025\\\/01\\\/08-24.jpg\",\"contentUrl\":\"https:\\\/\\\/canal7slp.tv\\\/2025\\\/wp-content\\\/uploads\\\/2025\\\/01\\\/08-24.jpg\",\"width\":666,\"height\":500},{\"@type\":\"BreadcrumbList\",\"@id\":\"https:\\\/\\\/canal7slp.tv\\\/2025\\\/francisco-garduno-se-declara-inocente-del-incendio-en-ciudad-juarez\\\/#breadcrumb\",\"itemListElement\":[{\"@type\":\"ListItem\",\"position\":1,\"name\":\"Portada\",\"item\":\"https:\\\/\\\/canal7slp.tv\\\/2025\\\/\"},{\"@type\":\"ListItem\",\"position\":2,\"name\":\"Francisco Gardu\u00f1o se declara inocente del incendio en Ciudad Ju\u00e1rez\"}]},{\"@type\":\"WebSite\",\"@id\":\"https:\\\/\\\/canal7slp.tv\\\/2025\\\/#website\",\"url\":\"https:\\\/\\\/canal7slp.tv\\\/2025\\\/\",\"name\":\"N7 - Noticieros Canal 7\",\"description\":\"Somos el Medio\",\"publisher\":{\"@id\":\"https:\\\/\\\/canal7slp.tv\\\/2025\\\/#organization\"},\"potentialAction\":[{\"@type\":\"SearchAction\",\"target\":{\"@type\":\"EntryPoint\",\"urlTemplate\":\"https:\\\/\\\/canal7slp.tv\\\/2025\\\/?s={search_term_string}\"},\"query-input\":{\"@type\":\"PropertyValueSpecification\",\"valueRequired\":true,\"valueName\":\"search_term_string\"}}],\"inLanguage\":\"es\"},{\"@type\":\"Organization\",\"@id\":\"https:\\\/\\\/canal7slp.tv\\\/2025\\\/#organization\",\"name\":\"Noticieros Canal 7\",\"url\":\"https:\\\/\\\/canal7slp.tv\\\/2025\\\/\",\"logo\":{\"@type\":\"ImageObject\",\"inLanguage\":\"es\",\"@id\":\"https:\\\/\\\/canal7slp.tv\\\/2025\\\/#\\\/schema\\\/logo\\\/image\\\/\",\"url\":\"https:\\\/\\\/canal7slp.tv\\\/2025\\\/wp-content\\\/uploads\\\/2021\\\/01\\\/logo-noticieros@2x.png\",\"contentUrl\":\"https:\\\/\\\/canal7slp.tv\\\/2025\\\/wp-content\\\/uploads\\\/2021\\\/01\\\/logo-noticieros@2x.png\",\"width\":1017,\"height\":268,\"caption\":\"Noticieros Canal 7\"},\"image\":{\"@id\":\"https:\\\/\\\/canal7slp.tv\\\/2025\\\/#\\\/schema\\\/logo\\\/image\\\/\"},\"sameAs\":[\"https:\\\/\\\/www.facebook.com\\\/noticieroscanal7atencionciudadana\\\/\",\"https:\\\/\\\/x.com\\\/NOTICIEROS7\",\"https:\\\/\\\/www.instagram.com\\\/canal7_slp\",\"https:\\\/\\\/www.youtube.com\\\/channel\\\/UCliiYs-gP3JfJeqdPrNdd5A\"]},{\"@type\":\"Person\",\"@id\":\"https:\\\/\\\/canal7slp.tv\\\/2025\\\/#\\\/schema\\\/person\\\/271e2b60a96e7cc9d9ac296f4d7e414b\",\"name\":\"Edici\u00f3n Web\",\"image\":{\"@type\":\"ImageObject\",\"inLanguage\":\"es\",\"@id\":\"https:\\\/\\\/secure.gravatar.com\\\/avatar\\\/eee448fc3f7164808013b816ba91ac7e43bbe82a70bebac296f8bc6f0addaa1a?s=96&d=mm&r=g\",\"url\":\"https:\\\/\\\/secure.gravatar.com\\\/avatar\\\/eee448fc3f7164808013b816ba91ac7e43bbe82a70bebac296f8bc6f0addaa1a?s=96&d=mm&r=g\",\"contentUrl\":\"https:\\\/\\\/secure.gravatar.com\\\/avatar\\\/eee448fc3f7164808013b816ba91ac7e43bbe82a70bebac296f8bc6f0addaa1a?s=96&d=mm&r=g\",\"caption\":\"Edici\u00f3n Web\"},\"url\":\"https:\\\/\\\/canal7slp.tv\\\/2025\\\/author\\\/edicionweb\\\/\"}]}<\/script>\n<!-- \/ Yoast SEO plugin. -->","yoast_head_json":{"title":"Francisco Gardu\u00f1o se declara inocente del incendio en Ciudad Ju\u00e1rez - Canal 7 SLP - 2025","robots":{"index":"index","follow":"follow","max-snippet":"max-snippet:-1","max-image-preview":"max-image-preview:large","max-video-preview":"max-video-preview:-1"},"canonical":"https:\/\/canal7slp.tv\/2025\/francisco-garduno-se-declara-inocente-del-incendio-en-ciudad-juarez\/","og_locale":"es_ES","og_type":"article","og_title":"Francisco Gardu\u00f1o se declara inocente del incendio en Ciudad Ju\u00e1rez - Canal 7 SLP - 2025","og_description":"M\u00e9xico.- El comisionado del Instituto Nacional de Migraci\u00f3n (INM), Francisco Gardu\u00f1o Y\u00e1\u00f1ez, reiter\u00f3 su inocencia respecto al incendio ocurrido el 27 de marzo de 2023 en Ciudad Ju\u00e1rez, Chihuahua, que result\u00f3 en la muerte de 40 migrantes. Gardu\u00f1o subray\u00f3 que se encontraba a mil 800 kil\u00f3metros del lugar al momento de los hechos y afirm\u00f3 su compromiso con la justicia retributiva para las v\u00edctimas y sus familias. Durante la audiencia celebrada el 25 de enero de 2024, un juez otorg\u00f3 a Gardu\u00f1o una suspensi\u00f3n condicional del proceso penal. Las medidas impuestas incluyen la obligaci\u00f3n de ofrecer una disculpa p\u00fablica, permanecer [&hellip;]","og_url":"https:\/\/canal7slp.tv\/2025\/francisco-garduno-se-declara-inocente-del-incendio-en-ciudad-juarez\/","og_site_name":"Canal 7 SLP - 2025","article_publisher":"https:\/\/www.facebook.com\/noticieroscanal7atencionciudadana\/","article_published_time":"2025-01-26T20:51:19+00:00","og_image":[{"width":666,"height":500,"url":"https:\/\/canal7slp.tv\/2025\/wp-content\/uploads\/2025\/01\/08-24.jpg","type":"image\/jpeg"}],"author":"Edici\u00f3n Web","twitter_card":"summary_large_image","twitter_creator":"@NOTICIEROS7","twitter_site":"@NOTICIEROS7","twitter_misc":{"Escrito por":"Edici\u00f3n Web","Tiempo de lectura":"1 minuto"},"schema":{"@context":"https:\/\/schema.org","@graph":[{"@type":"Article","@id":"https:\/\/canal7slp.tv\/2025\/francisco-garduno-se-declara-inocente-del-incendio-en-ciudad-juarez\/#article","isPartOf":{"@id":"https:\/\/canal7slp.tv\/2025\/francisco-garduno-se-declara-inocente-del-incendio-en-ciudad-juarez\/"},"author":{"name":"Edici\u00f3n Web","@id":"https:\/\/canal7slp.tv\/2025\/#\/schema\/person\/271e2b60a96e7cc9d9ac296f4d7e414b"},"headline":"Francisco Gardu\u00f1o se declara inocente del incendio en Ciudad Ju\u00e1rez","datePublished":"2025-01-26T20:51:19+00:00","mainEntityOfPage":{"@id":"https:\/\/canal7slp.tv\/2025\/francisco-garduno-se-declara-inocente-del-incendio-en-ciudad-juarez\/"},"wordCount":148,"publisher":{"@id":"https:\/\/canal7slp.tv\/2025\/#organization"},"image":{"@id":"https:\/\/canal7slp.tv\/2025\/francisco-garduno-se-declara-inocente-del-incendio-en-ciudad-juarez\/#primaryimage"},"thumbnailUrl":"https:\/\/canal7slp.tv\/2025\/wp-content\/uploads\/2025\/01\/08-24.jpg","articleSection":["NACIONALES"],"inLanguage":"es"},{"@type":"WebPage","@id":"https:\/\/canal7slp.tv\/2025\/francisco-garduno-se-declara-inocente-del-incendio-en-ciudad-juarez\/","url":"https:\/\/canal7slp.tv\/2025\/francisco-garduno-se-declara-inocente-del-incendio-en-ciudad-juarez\/","name":"Francisco Gardu\u00f1o se declara inocente del incendio en Ciudad Ju\u00e1rez - Canal 7 SLP - 2025","isPartOf":{"@id":"https:\/\/canal7slp.tv\/2025\/#website"},"primaryImageOfPage":{"@id":"https:\/\/canal7slp.tv\/2025\/francisco-garduno-se-declara-inocente-del-incendio-en-ciudad-juarez\/#primaryimage"},"image":{"@id":"https:\/\/canal7slp.tv\/2025\/francisco-garduno-se-declara-inocente-del-incendio-en-ciudad-juarez\/#primaryimage"},"thumbnailUrl":"https:\/\/canal7slp.tv\/2025\/wp-content\/uploads\/2025\/01\/08-24.jpg","datePublished":"2025-01-26T20:51:19+00:00","breadcrumb":{"@id":"https:\/\/canal7slp.tv\/2025\/francisco-garduno-se-declara-inocente-del-incendio-en-ciudad-juarez\/#breadcrumb"},"inLanguage":"es","potentialAction":[{"@type":"ReadAction","target":["https:\/\/canal7slp.tv\/2025\/francisco-garduno-se-declara-inocente-del-incendio-en-ciudad-juarez\/"]}]},{"@type":"ImageObject","inLanguage":"es","@id":"https:\/\/canal7slp.tv\/2025\/francisco-garduno-se-declara-inocente-del-incendio-en-ciudad-juarez\/#primaryimage","url":"https:\/\/canal7slp.tv\/2025\/wp-content\/uploads\/2025\/01\/08-24.jpg","contentUrl":"https:\/\/canal7slp.tv\/2025\/wp-content\/uploads\/2025\/01\/08-24.jpg","width":666,"height":500},{"@type":"BreadcrumbList","@id":"https:\/\/canal7slp.tv\/2025\/francisco-garduno-se-declara-inocente-del-incendio-en-ciudad-juarez\/#breadcrumb","itemListElement":[{"@type":"ListItem","position":1,"name":"Portada","item":"https:\/\/canal7slp.tv\/2025\/"},{"@type":"ListItem","position":2,"name":"Francisco Gardu\u00f1o se declara inocente del incendio en Ciudad Ju\u00e1rez"}]},{"@type":"WebSite","@id":"https:\/\/canal7slp.tv\/2025\/#website","url":"https:\/\/canal7slp.tv\/2025\/","name":"N7 - Noticieros Canal 7","description":"Somos el Medio","publisher":{"@id":"https:\/\/canal7slp.tv\/2025\/#organization"},"potentialAction":[{"@type":"SearchAction","target":{"@type":"EntryPoint","urlTemplate":"https:\/\/canal7slp.tv\/2025\/?s={search_term_string}"},"query-input":{"@type":"PropertyValueSpecification","valueRequired":true,"valueName":"search_term_string"}}],"inLanguage":"es"},{"@type":"Organization","@id":"https:\/\/canal7slp.tv\/2025\/#organization","name":"Noticieros Canal 7","url":"https:\/\/canal7slp.tv\/2025\/","logo":{"@type":"ImageObject","inLanguage":"es","@id":"https:\/\/canal7slp.tv\/2025\/#\/schema\/logo\/image\/","url":"https:\/\/canal7slp.tv\/2025\/wp-content\/uploads\/2021\/01\/logo-noticieros@2x.png","contentUrl":"https:\/\/canal7slp.tv\/2025\/wp-content\/uploads\/2021\/01\/logo-noticieros@2x.png","width":1017,"height":268,"caption":"Noticieros Canal 7"},"image":{"@id":"https:\/\/canal7slp.tv\/2025\/#\/schema\/logo\/image\/"},"sameAs":["https:\/\/www.facebook.com\/noticieroscanal7atencionciudadana\/","https:\/\/x.com\/NOTICIEROS7","https:\/\/www.instagram.com\/canal7_slp","https:\/\/www.youtube.com\/channel\/UCliiYs-gP3JfJeqdPrNdd5A"]},{"@type":"Person","@id":"https:\/\/canal7slp.tv\/2025\/#\/schema\/person\/271e2b60a96e7cc9d9ac296f4d7e414b","name":"Edici\u00f3n Web","image":{"@type":"ImageObject","inLanguage":"es","@id":"https:\/\/secure.gravatar.com\/avatar\/eee448fc3f7164808013b816ba91ac7e43bbe82a70bebac296f8bc6f0addaa1a?s=96&d=mm&r=g","url":"https:\/\/secure.gravatar.com\/avatar\/eee448fc3f7164808013b816ba91ac7e43bbe82a70bebac296f8bc6f0addaa1a?s=96&d=mm&r=g","contentUrl":"https:\/\/secure.gravatar.com\/avatar\/eee448fc3f7164808013b816ba91ac7e43bbe82a70bebac296f8bc6f0addaa1a?s=96&d=mm&r=g","caption":"Edici\u00f3n Web"},"url":"https:\/\/canal7slp.tv\/2025\/author\/edicionweb\/"}]}},"_links":{"self":[{"href":"https:\/\/canal7slp.tv\/2025\/wp-json\/wp\/v2\/posts\/155509","targetHints":{"allow":["GET"]}}],"collection":[{"href":"https:\/\/canal7slp.tv\/2025\/wp-json\/wp\/v2\/posts"}],"about":[{"href":"https:\/\/canal7slp.tv\/2025\/wp-json\/wp\/v2\/types\/post"}],"author":[{"embeddable":true,"href":"https:\/\/canal7slp.tv\/2025\/wp-json\/wp\/v2\/users\/2"}],"replies":[{"embeddable":true,"href":"https:\/\/canal7slp.tv\/2025\/wp-json\/wp\/v2\/comments?post=155509"}],"version-history":[{"count":1,"href":"https:\/\/canal7slp.tv\/2025\/wp-json\/wp\/v2\/posts\/155509\/revisions"}],"predecessor-version":[{"id":155511,"href":"https:\/\/canal7slp.tv\/2025\/wp-json\/wp\/v2\/posts\/155509\/revisions\/155511"}],"wp:featuredmedia":[{"embeddable":true,"href":"https:\/\/canal7slp.tv\/2025\/wp-json\/wp\/v2\/media\/155510"}],"wp:attachment":[{"href":"https:\/\/canal7slp.tv\/2025\/wp-json\/wp\/v2\/media?parent=155509"}],"wp:term":[{"taxonomy":"category","embeddable":true,"href":"https:\/\/canal7slp.tv\/2025\/wp-json\/wp\/v2\/categories?post=155509"},{"taxonomy":"post_tag","embeddable":true,"href":"https:\/\/canal7slp.tv\/2025\/wp-json\/wp\/v2\/tags?post=155509"}],"curies":[{"name":"wp","href":"https:\/\/api.w.org\/{rel}","templated":true}]}}