{"id":155506,"date":"2025-01-26T14:34:02","date_gmt":"2025-01-26T20:34:02","guid":{"rendered":"https:\/\/canal7slp.tv\/2025\/?p=155506"},"modified":"2025-01-26T14:34:02","modified_gmt":"2025-01-26T20:34:02","slug":"trump-rebautiza-el-golfo-de-mexico-como-golfo-de-america","status":"publish","type":"post","link":"https:\/\/canal7slp.tv\/2025\/trump-rebautiza-el-golfo-de-mexico-como-golfo-de-america\/","title":{"rendered":"Trump rebautiza el Golfo de M\u00e9xico como \u00abGolfo de Am\u00e9rica\u00bb"},"content":{"rendered":"<p style=\"text-align: justify;\">\n<p style=\"text-align: justify;\">EUA.- El Departamento del Interior de Estados Unidos ha iniciado el proceso de cambiar oficialmente el nombre del \u00abGolfo de M\u00e9xico\u00bb a \u00abGolfo de Am\u00e9rica\u00bb. Esta medida se enmarca en una orden ejecutiva del expresidente Donald Trump, quien busca restaurar nombres hist\u00f3ricos que, seg\u00fan \u00e9l, enaltecen la grandeza estadounidense. Como parte de esta iniciativa, tambi\u00e9n se ha decidido renombrar el monte Denali en Alaska como monte McKinley.<\/p>\n<p style=\"text-align: justify;\">Algunos estados, como Florida, ya han comenzado a utilizar el nuevo nombre en documentos oficiales. Sin embargo, especialistas advierten que este cambio no ser\u00e1 reconocido autom\u00e1ticamente a nivel internacional. Innisfree McKinnon, profesora de Geograf\u00eda, explic\u00f3 que, aunque la Junta de Nombres Geogr\u00e1ficos de EUA tiene la autoridad para modificar nombres en mapas nacionales, no existe un organismo global que regule estos cambios.<\/p>\n<p style=\"text-align: justify;\">La presidenta de M\u00e9xico, Claudia Sheinbaum, respondi\u00f3 con firmeza, subrayando que el Golfo continuar\u00e1 siendo conocido como Golfo de M\u00e9xico en el \u00e1mbito internacional. En su mensaje, destac\u00f3 su importancia hist\u00f3rica y geogr\u00e1fica, recordando que el nombre ha sido utilizado desde el siglo XVI.<\/p>\n<p style=\"text-align: justify;\">La propuesta ha generado cr\u00edticas en varios sectores. La historiadora Karina Busto calific\u00f3 el cambio como un acto de desconocimiento hist\u00f3rico, mientras que Lorenzo Meyer Cos\u00edo, tambi\u00e9n historiador, lo consider\u00f3 un \u00abinfantilismo imperial\u00bb que refleja las intenciones expansionistas de la administraci\u00f3n Trump.<\/p>\n<p style=\"text-align: justify;\">\n","protected":false},"excerpt":{"rendered":"<p>EUA.- El Departamento del Interior de Estados Unidos ha iniciado el proceso de cambiar oficialmente el nombre del \u00abGolfo de M\u00e9xico\u00bb a \u00abGolfo de Am\u00e9rica\u00bb. Esta medida se enmarca en una orden ejecutiva del expresidente Donald Trump, quien busca restaurar nombres hist\u00f3ricos que, seg\u00fan \u00e9l, enaltecen la grandeza estadounidense. Como parte de esta iniciativa, tambi\u00e9n se ha decidido renombrar el monte Denali en Alaska como monte McKinley. Algunos estados, como Florida, ya han comenzado a utilizar el nuevo nombre en documentos oficiales. Sin embargo, especialistas advierten que este cambio no ser\u00e1 reconocido autom\u00e1ticamente a nivel internacional. Innisfree McKinnon, profesora de [&hellip;]<\/p>\n","protected":false},"author":2,"featured_media":155507,"comment_status":"closed","ping_status":"closed","sticky":false,"template":"","format":"standard","meta":{"_monsterinsights_skip_tracking":false,"_monsterinsights_sitenote_active":false,"_monsterinsights_sitenote_note":"","_monsterinsights_sitenote_category":0,"footnotes":""},"categories":[44],"tags":[],"class_list":["post-155506","post","type-post","status-publish","format-standard","has-post-thumbnail","hentry","category-internacional","post--single"],"yoast_head":"<!-- This site is optimized with the Yoast SEO plugin v27.5 - https:\/\/yoast.com\/product\/yoast-seo-wordpress\/ -->\n<title>Trump rebautiza el Golfo de M\u00e9xico como &quot;Golfo de Am\u00e9rica&quot; - Canal 7 SLP - 2025<\/title>\n<meta name=\"robots\" content=\"index, follow, max-snippet:-1, max-image-preview:large, max-video-preview:-1\" \/>\n<link rel=\"canonical\" href=\"https:\/\/canal7slp.tv\/2025\/trump-rebautiza-el-golfo-de-mexico-como-golfo-de-america\/\" \/>\n<meta property=\"og:locale\" content=\"es_ES\" \/>\n<meta property=\"og:type\" content=\"article\" \/>\n<meta property=\"og:title\" content=\"Trump rebautiza el Golfo de M\u00e9xico como &quot;Golfo de Am\u00e9rica&quot; - Canal 7 SLP - 2025\" \/>\n<meta property=\"og:description\" content=\"EUA.- El Departamento del Interior de Estados Unidos ha iniciado el proceso de cambiar oficialmente el nombre del \u00abGolfo de M\u00e9xico\u00bb a \u00abGolfo de Am\u00e9rica\u00bb. Esta medida se enmarca en una orden ejecutiva del expresidente Donald Trump, quien busca restaurar nombres hist\u00f3ricos que, seg\u00fan \u00e9l, enaltecen la grandeza estadounidense. Como parte de esta iniciativa, tambi\u00e9n se ha decidido renombrar el monte Denali en Alaska como monte McKinley. Algunos estados, como Florida, ya han comenzado a utilizar el nuevo nombre en documentos oficiales. Sin embargo, especialistas advierten que este cambio no ser\u00e1 reconocido autom\u00e1ticamente a nivel internacional. Innisfree McKinnon, profesora de [&hellip;]\" \/>\n<meta property=\"og:url\" content=\"https:\/\/canal7slp.tv\/2025\/trump-rebautiza-el-golfo-de-mexico-como-golfo-de-america\/\" \/>\n<meta property=\"og:site_name\" content=\"Canal 7 SLP - 2025\" \/>\n<meta property=\"article:publisher\" content=\"https:\/\/www.facebook.com\/noticieroscanal7atencionciudadana\/\" \/>\n<meta property=\"article:published_time\" content=\"2025-01-26T20:34:02+00:00\" \/>\n<meta property=\"og:image\" content=\"https:\/\/canal7slp.tv\/2025\/wp-content\/uploads\/2025\/01\/07-23.jpg\" \/>\n\t<meta property=\"og:image:width\" content=\"920\" \/>\n\t<meta property=\"og:image:height\" content=\"500\" \/>\n\t<meta property=\"og:image:type\" content=\"image\/jpeg\" \/>\n<meta name=\"author\" content=\"Edici\u00f3n Web\" \/>\n<meta name=\"twitter:card\" content=\"summary_large_image\" \/>\n<meta name=\"twitter:creator\" content=\"@NOTICIEROS7\" \/>\n<meta name=\"twitter:site\" content=\"@NOTICIEROS7\" \/>\n<meta name=\"twitter:label1\" content=\"Escrito por\" \/>\n\t<meta name=\"twitter:data1\" content=\"Edici\u00f3n Web\" \/>\n\t<meta name=\"twitter:label2\" content=\"Tiempo de lectura\" \/>\n\t<meta name=\"twitter:data2\" content=\"2 minutos\" \/>\n<script type=\"application\/ld+json\" class=\"yoast-schema-graph\">{\"@context\":\"https:\\\/\\\/schema.org\",\"@graph\":[{\"@type\":\"Article\",\"@id\":\"https:\\\/\\\/canal7slp.tv\\\/2025\\\/trump-rebautiza-el-golfo-de-mexico-como-golfo-de-america\\\/#article\",\"isPartOf\":{\"@id\":\"https:\\\/\\\/canal7slp.tv\\\/2025\\\/trump-rebautiza-el-golfo-de-mexico-como-golfo-de-america\\\/\"},\"author\":{\"name\":\"Edici\u00f3n Web\",\"@id\":\"https:\\\/\\\/canal7slp.tv\\\/2025\\\/#\\\/schema\\\/person\\\/271e2b60a96e7cc9d9ac296f4d7e414b\"},\"headline\":\"Trump rebautiza el Golfo de M\u00e9xico como \u00abGolfo de Am\u00e9rica\u00bb\",\"datePublished\":\"2025-01-26T20:34:02+00:00\",\"mainEntityOfPage\":{\"@id\":\"https:\\\/\\\/canal7slp.tv\\\/2025\\\/trump-rebautiza-el-golfo-de-mexico-como-golfo-de-america\\\/\"},\"wordCount\":245,\"publisher\":{\"@id\":\"https:\\\/\\\/canal7slp.tv\\\/2025\\\/#organization\"},\"image\":{\"@id\":\"https:\\\/\\\/canal7slp.tv\\\/2025\\\/trump-rebautiza-el-golfo-de-mexico-como-golfo-de-america\\\/#primaryimage\"},\"thumbnailUrl\":\"https:\\\/\\\/canal7slp.tv\\\/2025\\\/wp-content\\\/uploads\\\/2025\\\/01\\\/07-23.jpg\",\"articleSection\":[\"INTERNACIONALES\"],\"inLanguage\":\"es\"},{\"@type\":\"WebPage\",\"@id\":\"https:\\\/\\\/canal7slp.tv\\\/2025\\\/trump-rebautiza-el-golfo-de-mexico-como-golfo-de-america\\\/\",\"url\":\"https:\\\/\\\/canal7slp.tv\\\/2025\\\/trump-rebautiza-el-golfo-de-mexico-como-golfo-de-america\\\/\",\"name\":\"Trump rebautiza el Golfo de M\u00e9xico como \\\"Golfo de Am\u00e9rica\\\" - Canal 7 SLP - 2025\",\"isPartOf\":{\"@id\":\"https:\\\/\\\/canal7slp.tv\\\/2025\\\/#website\"},\"primaryImageOfPage\":{\"@id\":\"https:\\\/\\\/canal7slp.tv\\\/2025\\\/trump-rebautiza-el-golfo-de-mexico-como-golfo-de-america\\\/#primaryimage\"},\"image\":{\"@id\":\"https:\\\/\\\/canal7slp.tv\\\/2025\\\/trump-rebautiza-el-golfo-de-mexico-como-golfo-de-america\\\/#primaryimage\"},\"thumbnailUrl\":\"https:\\\/\\\/canal7slp.tv\\\/2025\\\/wp-content\\\/uploads\\\/2025\\\/01\\\/07-23.jpg\",\"datePublished\":\"2025-01-26T20:34:02+00:00\",\"breadcrumb\":{\"@id\":\"https:\\\/\\\/canal7slp.tv\\\/2025\\\/trump-rebautiza-el-golfo-de-mexico-como-golfo-de-america\\\/#breadcrumb\"},\"inLanguage\":\"es\",\"potentialAction\":[{\"@type\":\"ReadAction\",\"target\":[\"https:\\\/\\\/canal7slp.tv\\\/2025\\\/trump-rebautiza-el-golfo-de-mexico-como-golfo-de-america\\\/\"]}]},{\"@type\":\"ImageObject\",\"inLanguage\":\"es\",\"@id\":\"https:\\\/\\\/canal7slp.tv\\\/2025\\\/trump-rebautiza-el-golfo-de-mexico-como-golfo-de-america\\\/#primaryimage\",\"url\":\"https:\\\/\\\/canal7slp.tv\\\/2025\\\/wp-content\\\/uploads\\\/2025\\\/01\\\/07-23.jpg\",\"contentUrl\":\"https:\\\/\\\/canal7slp.tv\\\/2025\\\/wp-content\\\/uploads\\\/2025\\\/01\\\/07-23.jpg\",\"width\":920,\"height\":500},{\"@type\":\"BreadcrumbList\",\"@id\":\"https:\\\/\\\/canal7slp.tv\\\/2025\\\/trump-rebautiza-el-golfo-de-mexico-como-golfo-de-america\\\/#breadcrumb\",\"itemListElement\":[{\"@type\":\"ListItem\",\"position\":1,\"name\":\"Portada\",\"item\":\"https:\\\/\\\/canal7slp.tv\\\/2025\\\/\"},{\"@type\":\"ListItem\",\"position\":2,\"name\":\"Trump rebautiza el Golfo de M\u00e9xico como \u00abGolfo de Am\u00e9rica\u00bb\"}]},{\"@type\":\"WebSite\",\"@id\":\"https:\\\/\\\/canal7slp.tv\\\/2025\\\/#website\",\"url\":\"https:\\\/\\\/canal7slp.tv\\\/2025\\\/\",\"name\":\"N7 - Noticieros Canal 7\",\"description\":\"Somos el Medio\",\"publisher\":{\"@id\":\"https:\\\/\\\/canal7slp.tv\\\/2025\\\/#organization\"},\"potentialAction\":[{\"@type\":\"SearchAction\",\"target\":{\"@type\":\"EntryPoint\",\"urlTemplate\":\"https:\\\/\\\/canal7slp.tv\\\/2025\\\/?s={search_term_string}\"},\"query-input\":{\"@type\":\"PropertyValueSpecification\",\"valueRequired\":true,\"valueName\":\"search_term_string\"}}],\"inLanguage\":\"es\"},{\"@type\":\"Organization\",\"@id\":\"https:\\\/\\\/canal7slp.tv\\\/2025\\\/#organization\",\"name\":\"Noticieros Canal 7\",\"url\":\"https:\\\/\\\/canal7slp.tv\\\/2025\\\/\",\"logo\":{\"@type\":\"ImageObject\",\"inLanguage\":\"es\",\"@id\":\"https:\\\/\\\/canal7slp.tv\\\/2025\\\/#\\\/schema\\\/logo\\\/image\\\/\",\"url\":\"https:\\\/\\\/canal7slp.tv\\\/2025\\\/wp-content\\\/uploads\\\/2021\\\/01\\\/logo-noticieros@2x.png\",\"contentUrl\":\"https:\\\/\\\/canal7slp.tv\\\/2025\\\/wp-content\\\/uploads\\\/2021\\\/01\\\/logo-noticieros@2x.png\",\"width\":1017,\"height\":268,\"caption\":\"Noticieros Canal 7\"},\"image\":{\"@id\":\"https:\\\/\\\/canal7slp.tv\\\/2025\\\/#\\\/schema\\\/logo\\\/image\\\/\"},\"sameAs\":[\"https:\\\/\\\/www.facebook.com\\\/noticieroscanal7atencionciudadana\\\/\",\"https:\\\/\\\/x.com\\\/NOTICIEROS7\",\"https:\\\/\\\/www.instagram.com\\\/canal7_slp\",\"https:\\\/\\\/www.youtube.com\\\/channel\\\/UCliiYs-gP3JfJeqdPrNdd5A\"]},{\"@type\":\"Person\",\"@id\":\"https:\\\/\\\/canal7slp.tv\\\/2025\\\/#\\\/schema\\\/person\\\/271e2b60a96e7cc9d9ac296f4d7e414b\",\"name\":\"Edici\u00f3n Web\",\"image\":{\"@type\":\"ImageObject\",\"inLanguage\":\"es\",\"@id\":\"https:\\\/\\\/secure.gravatar.com\\\/avatar\\\/eee448fc3f7164808013b816ba91ac7e43bbe82a70bebac296f8bc6f0addaa1a?s=96&d=mm&r=g\",\"url\":\"https:\\\/\\\/secure.gravatar.com\\\/avatar\\\/eee448fc3f7164808013b816ba91ac7e43bbe82a70bebac296f8bc6f0addaa1a?s=96&d=mm&r=g\",\"contentUrl\":\"https:\\\/\\\/secure.gravatar.com\\\/avatar\\\/eee448fc3f7164808013b816ba91ac7e43bbe82a70bebac296f8bc6f0addaa1a?s=96&d=mm&r=g\",\"caption\":\"Edici\u00f3n Web\"},\"url\":\"https:\\\/\\\/canal7slp.tv\\\/2025\\\/author\\\/edicionweb\\\/\"}]}<\/script>\n<!-- \/ Yoast SEO plugin. -->","yoast_head_json":{"title":"Trump rebautiza el Golfo de M\u00e9xico como \"Golfo de Am\u00e9rica\" - Canal 7 SLP - 2025","robots":{"index":"index","follow":"follow","max-snippet":"max-snippet:-1","max-image-preview":"max-image-preview:large","max-video-preview":"max-video-preview:-1"},"canonical":"https:\/\/canal7slp.tv\/2025\/trump-rebautiza-el-golfo-de-mexico-como-golfo-de-america\/","og_locale":"es_ES","og_type":"article","og_title":"Trump rebautiza el Golfo de M\u00e9xico como \"Golfo de Am\u00e9rica\" - Canal 7 SLP - 2025","og_description":"EUA.- El Departamento del Interior de Estados Unidos ha iniciado el proceso de cambiar oficialmente el nombre del \u00abGolfo de M\u00e9xico\u00bb a \u00abGolfo de Am\u00e9rica\u00bb. Esta medida se enmarca en una orden ejecutiva del expresidente Donald Trump, quien busca restaurar nombres hist\u00f3ricos que, seg\u00fan \u00e9l, enaltecen la grandeza estadounidense. Como parte de esta iniciativa, tambi\u00e9n se ha decidido renombrar el monte Denali en Alaska como monte McKinley. Algunos estados, como Florida, ya han comenzado a utilizar el nuevo nombre en documentos oficiales. Sin embargo, especialistas advierten que este cambio no ser\u00e1 reconocido autom\u00e1ticamente a nivel internacional. Innisfree McKinnon, profesora de [&hellip;]","og_url":"https:\/\/canal7slp.tv\/2025\/trump-rebautiza-el-golfo-de-mexico-como-golfo-de-america\/","og_site_name":"Canal 7 SLP - 2025","article_publisher":"https:\/\/www.facebook.com\/noticieroscanal7atencionciudadana\/","article_published_time":"2025-01-26T20:34:02+00:00","og_image":[{"width":920,"height":500,"url":"https:\/\/canal7slp.tv\/2025\/wp-content\/uploads\/2025\/01\/07-23.jpg","type":"image\/jpeg"}],"author":"Edici\u00f3n Web","twitter_card":"summary_large_image","twitter_creator":"@NOTICIEROS7","twitter_site":"@NOTICIEROS7","twitter_misc":{"Escrito por":"Edici\u00f3n Web","Tiempo de lectura":"2 minutos"},"schema":{"@context":"https:\/\/schema.org","@graph":[{"@type":"Article","@id":"https:\/\/canal7slp.tv\/2025\/trump-rebautiza-el-golfo-de-mexico-como-golfo-de-america\/#article","isPartOf":{"@id":"https:\/\/canal7slp.tv\/2025\/trump-rebautiza-el-golfo-de-mexico-como-golfo-de-america\/"},"author":{"name":"Edici\u00f3n Web","@id":"https:\/\/canal7slp.tv\/2025\/#\/schema\/person\/271e2b60a96e7cc9d9ac296f4d7e414b"},"headline":"Trump rebautiza el Golfo de M\u00e9xico como \u00abGolfo de Am\u00e9rica\u00bb","datePublished":"2025-01-26T20:34:02+00:00","mainEntityOfPage":{"@id":"https:\/\/canal7slp.tv\/2025\/trump-rebautiza-el-golfo-de-mexico-como-golfo-de-america\/"},"wordCount":245,"publisher":{"@id":"https:\/\/canal7slp.tv\/2025\/#organization"},"image":{"@id":"https:\/\/canal7slp.tv\/2025\/trump-rebautiza-el-golfo-de-mexico-como-golfo-de-america\/#primaryimage"},"thumbnailUrl":"https:\/\/canal7slp.tv\/2025\/wp-content\/uploads\/2025\/01\/07-23.jpg","articleSection":["INTERNACIONALES"],"inLanguage":"es"},{"@type":"WebPage","@id":"https:\/\/canal7slp.tv\/2025\/trump-rebautiza-el-golfo-de-mexico-como-golfo-de-america\/","url":"https:\/\/canal7slp.tv\/2025\/trump-rebautiza-el-golfo-de-mexico-como-golfo-de-america\/","name":"Trump rebautiza el Golfo de M\u00e9xico como \"Golfo de Am\u00e9rica\" - Canal 7 SLP - 2025","isPartOf":{"@id":"https:\/\/canal7slp.tv\/2025\/#website"},"primaryImageOfPage":{"@id":"https:\/\/canal7slp.tv\/2025\/trump-rebautiza-el-golfo-de-mexico-como-golfo-de-america\/#primaryimage"},"image":{"@id":"https:\/\/canal7slp.tv\/2025\/trump-rebautiza-el-golfo-de-mexico-como-golfo-de-america\/#primaryimage"},"thumbnailUrl":"https:\/\/canal7slp.tv\/2025\/wp-content\/uploads\/2025\/01\/07-23.jpg","datePublished":"2025-01-26T20:34:02+00:00","breadcrumb":{"@id":"https:\/\/canal7slp.tv\/2025\/trump-rebautiza-el-golfo-de-mexico-como-golfo-de-america\/#breadcrumb"},"inLanguage":"es","potentialAction":[{"@type":"ReadAction","target":["https:\/\/canal7slp.tv\/2025\/trump-rebautiza-el-golfo-de-mexico-como-golfo-de-america\/"]}]},{"@type":"ImageObject","inLanguage":"es","@id":"https:\/\/canal7slp.tv\/2025\/trump-rebautiza-el-golfo-de-mexico-como-golfo-de-america\/#primaryimage","url":"https:\/\/canal7slp.tv\/2025\/wp-content\/uploads\/2025\/01\/07-23.jpg","contentUrl":"https:\/\/canal7slp.tv\/2025\/wp-content\/uploads\/2025\/01\/07-23.jpg","width":920,"height":500},{"@type":"BreadcrumbList","@id":"https:\/\/canal7slp.tv\/2025\/trump-rebautiza-el-golfo-de-mexico-como-golfo-de-america\/#breadcrumb","itemListElement":[{"@type":"ListItem","position":1,"name":"Portada","item":"https:\/\/canal7slp.tv\/2025\/"},{"@type":"ListItem","position":2,"name":"Trump rebautiza el Golfo de M\u00e9xico como \u00abGolfo de Am\u00e9rica\u00bb"}]},{"@type":"WebSite","@id":"https:\/\/canal7slp.tv\/2025\/#website","url":"https:\/\/canal7slp.tv\/2025\/","name":"N7 - Noticieros Canal 7","description":"Somos el Medio","publisher":{"@id":"https:\/\/canal7slp.tv\/2025\/#organization"},"potentialAction":[{"@type":"SearchAction","target":{"@type":"EntryPoint","urlTemplate":"https:\/\/canal7slp.tv\/2025\/?s={search_term_string}"},"query-input":{"@type":"PropertyValueSpecification","valueRequired":true,"valueName":"search_term_string"}}],"inLanguage":"es"},{"@type":"Organization","@id":"https:\/\/canal7slp.tv\/2025\/#organization","name":"Noticieros Canal 7","url":"https:\/\/canal7slp.tv\/2025\/","logo":{"@type":"ImageObject","inLanguage":"es","@id":"https:\/\/canal7slp.tv\/2025\/#\/schema\/logo\/image\/","url":"https:\/\/canal7slp.tv\/2025\/wp-content\/uploads\/2021\/01\/logo-noticieros@2x.png","contentUrl":"https:\/\/canal7slp.tv\/2025\/wp-content\/uploads\/2021\/01\/logo-noticieros@2x.png","width":1017,"height":268,"caption":"Noticieros Canal 7"},"image":{"@id":"https:\/\/canal7slp.tv\/2025\/#\/schema\/logo\/image\/"},"sameAs":["https:\/\/www.facebook.com\/noticieroscanal7atencionciudadana\/","https:\/\/x.com\/NOTICIEROS7","https:\/\/www.instagram.com\/canal7_slp","https:\/\/www.youtube.com\/channel\/UCliiYs-gP3JfJeqdPrNdd5A"]},{"@type":"Person","@id":"https:\/\/canal7slp.tv\/2025\/#\/schema\/person\/271e2b60a96e7cc9d9ac296f4d7e414b","name":"Edici\u00f3n Web","image":{"@type":"ImageObject","inLanguage":"es","@id":"https:\/\/secure.gravatar.com\/avatar\/eee448fc3f7164808013b816ba91ac7e43bbe82a70bebac296f8bc6f0addaa1a?s=96&d=mm&r=g","url":"https:\/\/secure.gravatar.com\/avatar\/eee448fc3f7164808013b816ba91ac7e43bbe82a70bebac296f8bc6f0addaa1a?s=96&d=mm&r=g","contentUrl":"https:\/\/secure.gravatar.com\/avatar\/eee448fc3f7164808013b816ba91ac7e43bbe82a70bebac296f8bc6f0addaa1a?s=96&d=mm&r=g","caption":"Edici\u00f3n Web"},"url":"https:\/\/canal7slp.tv\/2025\/author\/edicionweb\/"}]}},"_links":{"self":[{"href":"https:\/\/canal7slp.tv\/2025\/wp-json\/wp\/v2\/posts\/155506","targetHints":{"allow":["GET"]}}],"collection":[{"href":"https:\/\/canal7slp.tv\/2025\/wp-json\/wp\/v2\/posts"}],"about":[{"href":"https:\/\/canal7slp.tv\/2025\/wp-json\/wp\/v2\/types\/post"}],"author":[{"embeddable":true,"href":"https:\/\/canal7slp.tv\/2025\/wp-json\/wp\/v2\/users\/2"}],"replies":[{"embeddable":true,"href":"https:\/\/canal7slp.tv\/2025\/wp-json\/wp\/v2\/comments?post=155506"}],"version-history":[{"count":1,"href":"https:\/\/canal7slp.tv\/2025\/wp-json\/wp\/v2\/posts\/155506\/revisions"}],"predecessor-version":[{"id":155508,"href":"https:\/\/canal7slp.tv\/2025\/wp-json\/wp\/v2\/posts\/155506\/revisions\/155508"}],"wp:featuredmedia":[{"embeddable":true,"href":"https:\/\/canal7slp.tv\/2025\/wp-json\/wp\/v2\/media\/155507"}],"wp:attachment":[{"href":"https:\/\/canal7slp.tv\/2025\/wp-json\/wp\/v2\/media?parent=155506"}],"wp:term":[{"taxonomy":"category","embeddable":true,"href":"https:\/\/canal7slp.tv\/2025\/wp-json\/wp\/v2\/categories?post=155506"},{"taxonomy":"post_tag","embeddable":true,"href":"https:\/\/canal7slp.tv\/2025\/wp-json\/wp\/v2\/tags?post=155506"}],"curies":[{"name":"wp","href":"https:\/\/api.w.org\/{rel}","templated":true}]}}