{"id":155502,"date":"2025-01-26T14:04:00","date_gmt":"2025-01-26T20:04:00","guid":{"rendered":"https:\/\/canal7slp.tv\/2025\/?p=155502"},"modified":"2025-01-26T14:04:00","modified_gmt":"2025-01-26T20:04:00","slug":"ciudadania-exige-renuncia-del-gobernador-rocha-moya","status":"publish","type":"post","link":"https:\/\/canal7slp.tv\/2025\/ciudadania-exige-renuncia-del-gobernador-rocha-moya\/","title":{"rendered":"Ciudadan\u00eda exige renuncia del gobernador Rocha Moya"},"content":{"rendered":"<p style=\"text-align: justify;\">Culiac\u00e1n.- Este domingo, miles de ciudadanos se manifestaron en Culiac\u00e1n, vistiendo de blanco como s\u00edmbolo de paz, para exigir justicia por el asesinato de dos menores, Gael y Alexander Sarmiento, junto a su padre, ocurrido el 19 de enero. La protesta tambi\u00e9n reuni\u00f3 a familiares de personas desaparecidas, quienes solicitaron apoyo para hallar a sus seres queridos.<\/p>\n<p style=\"text-align: justify;\">Los manifestantes, que partieron de la catedral hacia La Lomita, expresaron su descontento con el gobernador Rub\u00e9n Rocha Moya, a quien acusan de tener v\u00ednculos con el narcotr\u00e1fico. Durante la marcha, se corearon consignas como \u201c\u00a1Fuera Rocha!\u201d y se realizaron acciones simb\u00f3licas como la quema de pi\u00f1atas con su imagen. Algunos grupos amenazaron con quemar el Palacio de Gobierno si no se atend\u00edan sus demandas.<\/p>\n<p style=\"text-align: justify;\">La movilizaci\u00f3n se enmarca en un contexto de creciente inseguridad, con m\u00e1s de 600 asesinatos reportados en los \u00faltimos meses, tras la pugna interna del c\u00e1rtel de Sinaloa. A lo largo del recorrido, un grupo de m\u00fasicos, afectados por la violencia, interpret\u00f3 la canci\u00f3n \u201cEl buey de la barranca\u201d, la cual fue entonada por los asistentes.<\/p>\n<p style=\"text-align: justify;\">Al llegar al ayuntamiento, los participantes colocaron carteles exigiendo un alto a la violencia y recordando a las personas desaparecidas. Sin embargo, un grupo de encapuchados realiz\u00f3 pintas en el Palacio Municipal, acciones que fueron desaprobadas por otros manifestantes, quienes insistieron en que la protesta deb\u00eda mantenerse pac\u00edfica. A pesar de los esfuerzos por desalentar estas acciones, la presencia de estos individuos gener\u00f3 molestia y distrajo moment\u00e1neamente de los objetivos principales de la movilizaci\u00f3n.<\/p>\n","protected":false},"excerpt":{"rendered":"<p>Culiac\u00e1n.- Este domingo, miles de ciudadanos se manifestaron en Culiac\u00e1n, vistiendo de blanco como s\u00edmbolo de paz, para exigir justicia por el asesinato de dos menores, Gael y Alexander Sarmiento, junto a su padre, ocurrido el 19 de enero. La protesta tambi\u00e9n reuni\u00f3 a familiares de personas desaparecidas, quienes solicitaron apoyo para hallar a sus seres queridos. Los manifestantes, que partieron de la catedral hacia La Lomita, expresaron su descontento con el gobernador Rub\u00e9n Rocha Moya, a quien acusan de tener v\u00ednculos con el narcotr\u00e1fico. Durante la marcha, se corearon consignas como \u201c\u00a1Fuera Rocha!\u201d y se realizaron acciones simb\u00f3licas como [&hellip;]<\/p>\n","protected":false},"author":2,"featured_media":155504,"comment_status":"closed","ping_status":"closed","sticky":false,"template":"","format":"standard","meta":{"_monsterinsights_skip_tracking":false,"_monsterinsights_sitenote_active":false,"_monsterinsights_sitenote_note":"","_monsterinsights_sitenote_category":0,"footnotes":""},"categories":[46],"tags":[],"class_list":["post-155502","post","type-post","status-publish","format-standard","has-post-thumbnail","hentry","category-nacional","post--single"],"yoast_head":"<!-- This site is optimized with the Yoast SEO plugin v27.5 - https:\/\/yoast.com\/product\/yoast-seo-wordpress\/ -->\n<title>Ciudadan\u00eda exige renuncia del gobernador Rocha Moya - Canal 7 SLP - 2025<\/title>\n<meta name=\"robots\" content=\"index, follow, max-snippet:-1, max-image-preview:large, max-video-preview:-1\" \/>\n<link rel=\"canonical\" href=\"https:\/\/canal7slp.tv\/2025\/ciudadania-exige-renuncia-del-gobernador-rocha-moya\/\" \/>\n<meta property=\"og:locale\" content=\"es_ES\" \/>\n<meta property=\"og:type\" content=\"article\" \/>\n<meta property=\"og:title\" content=\"Ciudadan\u00eda exige renuncia del gobernador Rocha Moya - Canal 7 SLP - 2025\" \/>\n<meta property=\"og:description\" content=\"Culiac\u00e1n.- Este domingo, miles de ciudadanos se manifestaron en Culiac\u00e1n, vistiendo de blanco como s\u00edmbolo de paz, para exigir justicia por el asesinato de dos menores, Gael y Alexander Sarmiento, junto a su padre, ocurrido el 19 de enero. La protesta tambi\u00e9n reuni\u00f3 a familiares de personas desaparecidas, quienes solicitaron apoyo para hallar a sus seres queridos. Los manifestantes, que partieron de la catedral hacia La Lomita, expresaron su descontento con el gobernador Rub\u00e9n Rocha Moya, a quien acusan de tener v\u00ednculos con el narcotr\u00e1fico. Durante la marcha, se corearon consignas como \u201c\u00a1Fuera Rocha!\u201d y se realizaron acciones simb\u00f3licas como [&hellip;]\" \/>\n<meta property=\"og:url\" content=\"https:\/\/canal7slp.tv\/2025\/ciudadania-exige-renuncia-del-gobernador-rocha-moya\/\" \/>\n<meta property=\"og:site_name\" content=\"Canal 7 SLP - 2025\" \/>\n<meta property=\"article:publisher\" content=\"https:\/\/www.facebook.com\/noticieroscanal7atencionciudadana\/\" \/>\n<meta property=\"article:published_time\" content=\"2025-01-26T20:04:00+00:00\" \/>\n<meta property=\"og:image\" content=\"https:\/\/canal7slp.tv\/2025\/wp-content\/uploads\/2025\/01\/06-23.jpg\" \/>\n\t<meta property=\"og:image:width\" content=\"796\" \/>\n\t<meta property=\"og:image:height\" content=\"450\" \/>\n\t<meta property=\"og:image:type\" content=\"image\/jpeg\" \/>\n<meta name=\"author\" content=\"Edici\u00f3n Web\" \/>\n<meta name=\"twitter:card\" content=\"summary_large_image\" \/>\n<meta name=\"twitter:creator\" content=\"@NOTICIEROS7\" \/>\n<meta name=\"twitter:site\" content=\"@NOTICIEROS7\" \/>\n<meta name=\"twitter:label1\" content=\"Escrito por\" \/>\n\t<meta name=\"twitter:data1\" content=\"Edici\u00f3n Web\" \/>\n\t<meta name=\"twitter:label2\" content=\"Tiempo de lectura\" \/>\n\t<meta name=\"twitter:data2\" content=\"2 minutos\" \/>\n<script type=\"application\/ld+json\" class=\"yoast-schema-graph\">{\"@context\":\"https:\\\/\\\/schema.org\",\"@graph\":[{\"@type\":\"Article\",\"@id\":\"https:\\\/\\\/canal7slp.tv\\\/2025\\\/ciudadania-exige-renuncia-del-gobernador-rocha-moya\\\/#article\",\"isPartOf\":{\"@id\":\"https:\\\/\\\/canal7slp.tv\\\/2025\\\/ciudadania-exige-renuncia-del-gobernador-rocha-moya\\\/\"},\"author\":{\"name\":\"Edici\u00f3n Web\",\"@id\":\"https:\\\/\\\/canal7slp.tv\\\/2025\\\/#\\\/schema\\\/person\\\/271e2b60a96e7cc9d9ac296f4d7e414b\"},\"headline\":\"Ciudadan\u00eda exige renuncia del gobernador Rocha Moya\",\"datePublished\":\"2025-01-26T20:04:00+00:00\",\"mainEntityOfPage\":{\"@id\":\"https:\\\/\\\/canal7slp.tv\\\/2025\\\/ciudadania-exige-renuncia-del-gobernador-rocha-moya\\\/\"},\"wordCount\":278,\"publisher\":{\"@id\":\"https:\\\/\\\/canal7slp.tv\\\/2025\\\/#organization\"},\"image\":{\"@id\":\"https:\\\/\\\/canal7slp.tv\\\/2025\\\/ciudadania-exige-renuncia-del-gobernador-rocha-moya\\\/#primaryimage\"},\"thumbnailUrl\":\"https:\\\/\\\/canal7slp.tv\\\/2025\\\/wp-content\\\/uploads\\\/2025\\\/01\\\/06-23.jpg\",\"articleSection\":[\"NACIONALES\"],\"inLanguage\":\"es\"},{\"@type\":\"WebPage\",\"@id\":\"https:\\\/\\\/canal7slp.tv\\\/2025\\\/ciudadania-exige-renuncia-del-gobernador-rocha-moya\\\/\",\"url\":\"https:\\\/\\\/canal7slp.tv\\\/2025\\\/ciudadania-exige-renuncia-del-gobernador-rocha-moya\\\/\",\"name\":\"Ciudadan\u00eda exige renuncia del gobernador Rocha Moya - Canal 7 SLP - 2025\",\"isPartOf\":{\"@id\":\"https:\\\/\\\/canal7slp.tv\\\/2025\\\/#website\"},\"primaryImageOfPage\":{\"@id\":\"https:\\\/\\\/canal7slp.tv\\\/2025\\\/ciudadania-exige-renuncia-del-gobernador-rocha-moya\\\/#primaryimage\"},\"image\":{\"@id\":\"https:\\\/\\\/canal7slp.tv\\\/2025\\\/ciudadania-exige-renuncia-del-gobernador-rocha-moya\\\/#primaryimage\"},\"thumbnailUrl\":\"https:\\\/\\\/canal7slp.tv\\\/2025\\\/wp-content\\\/uploads\\\/2025\\\/01\\\/06-23.jpg\",\"datePublished\":\"2025-01-26T20:04:00+00:00\",\"breadcrumb\":{\"@id\":\"https:\\\/\\\/canal7slp.tv\\\/2025\\\/ciudadania-exige-renuncia-del-gobernador-rocha-moya\\\/#breadcrumb\"},\"inLanguage\":\"es\",\"potentialAction\":[{\"@type\":\"ReadAction\",\"target\":[\"https:\\\/\\\/canal7slp.tv\\\/2025\\\/ciudadania-exige-renuncia-del-gobernador-rocha-moya\\\/\"]}]},{\"@type\":\"ImageObject\",\"inLanguage\":\"es\",\"@id\":\"https:\\\/\\\/canal7slp.tv\\\/2025\\\/ciudadania-exige-renuncia-del-gobernador-rocha-moya\\\/#primaryimage\",\"url\":\"https:\\\/\\\/canal7slp.tv\\\/2025\\\/wp-content\\\/uploads\\\/2025\\\/01\\\/06-23.jpg\",\"contentUrl\":\"https:\\\/\\\/canal7slp.tv\\\/2025\\\/wp-content\\\/uploads\\\/2025\\\/01\\\/06-23.jpg\",\"width\":796,\"height\":450},{\"@type\":\"BreadcrumbList\",\"@id\":\"https:\\\/\\\/canal7slp.tv\\\/2025\\\/ciudadania-exige-renuncia-del-gobernador-rocha-moya\\\/#breadcrumb\",\"itemListElement\":[{\"@type\":\"ListItem\",\"position\":1,\"name\":\"Portada\",\"item\":\"https:\\\/\\\/canal7slp.tv\\\/2025\\\/\"},{\"@type\":\"ListItem\",\"position\":2,\"name\":\"Ciudadan\u00eda exige renuncia del gobernador Rocha Moya\"}]},{\"@type\":\"WebSite\",\"@id\":\"https:\\\/\\\/canal7slp.tv\\\/2025\\\/#website\",\"url\":\"https:\\\/\\\/canal7slp.tv\\\/2025\\\/\",\"name\":\"N7 - Noticieros Canal 7\",\"description\":\"Somos el Medio\",\"publisher\":{\"@id\":\"https:\\\/\\\/canal7slp.tv\\\/2025\\\/#organization\"},\"potentialAction\":[{\"@type\":\"SearchAction\",\"target\":{\"@type\":\"EntryPoint\",\"urlTemplate\":\"https:\\\/\\\/canal7slp.tv\\\/2025\\\/?s={search_term_string}\"},\"query-input\":{\"@type\":\"PropertyValueSpecification\",\"valueRequired\":true,\"valueName\":\"search_term_string\"}}],\"inLanguage\":\"es\"},{\"@type\":\"Organization\",\"@id\":\"https:\\\/\\\/canal7slp.tv\\\/2025\\\/#organization\",\"name\":\"Noticieros Canal 7\",\"url\":\"https:\\\/\\\/canal7slp.tv\\\/2025\\\/\",\"logo\":{\"@type\":\"ImageObject\",\"inLanguage\":\"es\",\"@id\":\"https:\\\/\\\/canal7slp.tv\\\/2025\\\/#\\\/schema\\\/logo\\\/image\\\/\",\"url\":\"https:\\\/\\\/canal7slp.tv\\\/2025\\\/wp-content\\\/uploads\\\/2021\\\/01\\\/logo-noticieros@2x.png\",\"contentUrl\":\"https:\\\/\\\/canal7slp.tv\\\/2025\\\/wp-content\\\/uploads\\\/2021\\\/01\\\/logo-noticieros@2x.png\",\"width\":1017,\"height\":268,\"caption\":\"Noticieros Canal 7\"},\"image\":{\"@id\":\"https:\\\/\\\/canal7slp.tv\\\/2025\\\/#\\\/schema\\\/logo\\\/image\\\/\"},\"sameAs\":[\"https:\\\/\\\/www.facebook.com\\\/noticieroscanal7atencionciudadana\\\/\",\"https:\\\/\\\/x.com\\\/NOTICIEROS7\",\"https:\\\/\\\/www.instagram.com\\\/canal7_slp\",\"https:\\\/\\\/www.youtube.com\\\/channel\\\/UCliiYs-gP3JfJeqdPrNdd5A\"]},{\"@type\":\"Person\",\"@id\":\"https:\\\/\\\/canal7slp.tv\\\/2025\\\/#\\\/schema\\\/person\\\/271e2b60a96e7cc9d9ac296f4d7e414b\",\"name\":\"Edici\u00f3n Web\",\"image\":{\"@type\":\"ImageObject\",\"inLanguage\":\"es\",\"@id\":\"https:\\\/\\\/secure.gravatar.com\\\/avatar\\\/eee448fc3f7164808013b816ba91ac7e43bbe82a70bebac296f8bc6f0addaa1a?s=96&d=mm&r=g\",\"url\":\"https:\\\/\\\/secure.gravatar.com\\\/avatar\\\/eee448fc3f7164808013b816ba91ac7e43bbe82a70bebac296f8bc6f0addaa1a?s=96&d=mm&r=g\",\"contentUrl\":\"https:\\\/\\\/secure.gravatar.com\\\/avatar\\\/eee448fc3f7164808013b816ba91ac7e43bbe82a70bebac296f8bc6f0addaa1a?s=96&d=mm&r=g\",\"caption\":\"Edici\u00f3n Web\"},\"url\":\"https:\\\/\\\/canal7slp.tv\\\/2025\\\/author\\\/edicionweb\\\/\"}]}<\/script>\n<!-- \/ Yoast SEO plugin. -->","yoast_head_json":{"title":"Ciudadan\u00eda exige renuncia del gobernador Rocha Moya - Canal 7 SLP - 2025","robots":{"index":"index","follow":"follow","max-snippet":"max-snippet:-1","max-image-preview":"max-image-preview:large","max-video-preview":"max-video-preview:-1"},"canonical":"https:\/\/canal7slp.tv\/2025\/ciudadania-exige-renuncia-del-gobernador-rocha-moya\/","og_locale":"es_ES","og_type":"article","og_title":"Ciudadan\u00eda exige renuncia del gobernador Rocha Moya - Canal 7 SLP - 2025","og_description":"Culiac\u00e1n.- Este domingo, miles de ciudadanos se manifestaron en Culiac\u00e1n, vistiendo de blanco como s\u00edmbolo de paz, para exigir justicia por el asesinato de dos menores, Gael y Alexander Sarmiento, junto a su padre, ocurrido el 19 de enero. La protesta tambi\u00e9n reuni\u00f3 a familiares de personas desaparecidas, quienes solicitaron apoyo para hallar a sus seres queridos. Los manifestantes, que partieron de la catedral hacia La Lomita, expresaron su descontento con el gobernador Rub\u00e9n Rocha Moya, a quien acusan de tener v\u00ednculos con el narcotr\u00e1fico. Durante la marcha, se corearon consignas como \u201c\u00a1Fuera Rocha!\u201d y se realizaron acciones simb\u00f3licas como [&hellip;]","og_url":"https:\/\/canal7slp.tv\/2025\/ciudadania-exige-renuncia-del-gobernador-rocha-moya\/","og_site_name":"Canal 7 SLP - 2025","article_publisher":"https:\/\/www.facebook.com\/noticieroscanal7atencionciudadana\/","article_published_time":"2025-01-26T20:04:00+00:00","og_image":[{"width":796,"height":450,"url":"https:\/\/canal7slp.tv\/2025\/wp-content\/uploads\/2025\/01\/06-23.jpg","type":"image\/jpeg"}],"author":"Edici\u00f3n Web","twitter_card":"summary_large_image","twitter_creator":"@NOTICIEROS7","twitter_site":"@NOTICIEROS7","twitter_misc":{"Escrito por":"Edici\u00f3n Web","Tiempo de lectura":"2 minutos"},"schema":{"@context":"https:\/\/schema.org","@graph":[{"@type":"Article","@id":"https:\/\/canal7slp.tv\/2025\/ciudadania-exige-renuncia-del-gobernador-rocha-moya\/#article","isPartOf":{"@id":"https:\/\/canal7slp.tv\/2025\/ciudadania-exige-renuncia-del-gobernador-rocha-moya\/"},"author":{"name":"Edici\u00f3n Web","@id":"https:\/\/canal7slp.tv\/2025\/#\/schema\/person\/271e2b60a96e7cc9d9ac296f4d7e414b"},"headline":"Ciudadan\u00eda exige renuncia del gobernador Rocha Moya","datePublished":"2025-01-26T20:04:00+00:00","mainEntityOfPage":{"@id":"https:\/\/canal7slp.tv\/2025\/ciudadania-exige-renuncia-del-gobernador-rocha-moya\/"},"wordCount":278,"publisher":{"@id":"https:\/\/canal7slp.tv\/2025\/#organization"},"image":{"@id":"https:\/\/canal7slp.tv\/2025\/ciudadania-exige-renuncia-del-gobernador-rocha-moya\/#primaryimage"},"thumbnailUrl":"https:\/\/canal7slp.tv\/2025\/wp-content\/uploads\/2025\/01\/06-23.jpg","articleSection":["NACIONALES"],"inLanguage":"es"},{"@type":"WebPage","@id":"https:\/\/canal7slp.tv\/2025\/ciudadania-exige-renuncia-del-gobernador-rocha-moya\/","url":"https:\/\/canal7slp.tv\/2025\/ciudadania-exige-renuncia-del-gobernador-rocha-moya\/","name":"Ciudadan\u00eda exige renuncia del gobernador Rocha Moya - Canal 7 SLP - 2025","isPartOf":{"@id":"https:\/\/canal7slp.tv\/2025\/#website"},"primaryImageOfPage":{"@id":"https:\/\/canal7slp.tv\/2025\/ciudadania-exige-renuncia-del-gobernador-rocha-moya\/#primaryimage"},"image":{"@id":"https:\/\/canal7slp.tv\/2025\/ciudadania-exige-renuncia-del-gobernador-rocha-moya\/#primaryimage"},"thumbnailUrl":"https:\/\/canal7slp.tv\/2025\/wp-content\/uploads\/2025\/01\/06-23.jpg","datePublished":"2025-01-26T20:04:00+00:00","breadcrumb":{"@id":"https:\/\/canal7slp.tv\/2025\/ciudadania-exige-renuncia-del-gobernador-rocha-moya\/#breadcrumb"},"inLanguage":"es","potentialAction":[{"@type":"ReadAction","target":["https:\/\/canal7slp.tv\/2025\/ciudadania-exige-renuncia-del-gobernador-rocha-moya\/"]}]},{"@type":"ImageObject","inLanguage":"es","@id":"https:\/\/canal7slp.tv\/2025\/ciudadania-exige-renuncia-del-gobernador-rocha-moya\/#primaryimage","url":"https:\/\/canal7slp.tv\/2025\/wp-content\/uploads\/2025\/01\/06-23.jpg","contentUrl":"https:\/\/canal7slp.tv\/2025\/wp-content\/uploads\/2025\/01\/06-23.jpg","width":796,"height":450},{"@type":"BreadcrumbList","@id":"https:\/\/canal7slp.tv\/2025\/ciudadania-exige-renuncia-del-gobernador-rocha-moya\/#breadcrumb","itemListElement":[{"@type":"ListItem","position":1,"name":"Portada","item":"https:\/\/canal7slp.tv\/2025\/"},{"@type":"ListItem","position":2,"name":"Ciudadan\u00eda exige renuncia del gobernador Rocha Moya"}]},{"@type":"WebSite","@id":"https:\/\/canal7slp.tv\/2025\/#website","url":"https:\/\/canal7slp.tv\/2025\/","name":"N7 - Noticieros Canal 7","description":"Somos el Medio","publisher":{"@id":"https:\/\/canal7slp.tv\/2025\/#organization"},"potentialAction":[{"@type":"SearchAction","target":{"@type":"EntryPoint","urlTemplate":"https:\/\/canal7slp.tv\/2025\/?s={search_term_string}"},"query-input":{"@type":"PropertyValueSpecification","valueRequired":true,"valueName":"search_term_string"}}],"inLanguage":"es"},{"@type":"Organization","@id":"https:\/\/canal7slp.tv\/2025\/#organization","name":"Noticieros Canal 7","url":"https:\/\/canal7slp.tv\/2025\/","logo":{"@type":"ImageObject","inLanguage":"es","@id":"https:\/\/canal7slp.tv\/2025\/#\/schema\/logo\/image\/","url":"https:\/\/canal7slp.tv\/2025\/wp-content\/uploads\/2021\/01\/logo-noticieros@2x.png","contentUrl":"https:\/\/canal7slp.tv\/2025\/wp-content\/uploads\/2021\/01\/logo-noticieros@2x.png","width":1017,"height":268,"caption":"Noticieros Canal 7"},"image":{"@id":"https:\/\/canal7slp.tv\/2025\/#\/schema\/logo\/image\/"},"sameAs":["https:\/\/www.facebook.com\/noticieroscanal7atencionciudadana\/","https:\/\/x.com\/NOTICIEROS7","https:\/\/www.instagram.com\/canal7_slp","https:\/\/www.youtube.com\/channel\/UCliiYs-gP3JfJeqdPrNdd5A"]},{"@type":"Person","@id":"https:\/\/canal7slp.tv\/2025\/#\/schema\/person\/271e2b60a96e7cc9d9ac296f4d7e414b","name":"Edici\u00f3n Web","image":{"@type":"ImageObject","inLanguage":"es","@id":"https:\/\/secure.gravatar.com\/avatar\/eee448fc3f7164808013b816ba91ac7e43bbe82a70bebac296f8bc6f0addaa1a?s=96&d=mm&r=g","url":"https:\/\/secure.gravatar.com\/avatar\/eee448fc3f7164808013b816ba91ac7e43bbe82a70bebac296f8bc6f0addaa1a?s=96&d=mm&r=g","contentUrl":"https:\/\/secure.gravatar.com\/avatar\/eee448fc3f7164808013b816ba91ac7e43bbe82a70bebac296f8bc6f0addaa1a?s=96&d=mm&r=g","caption":"Edici\u00f3n Web"},"url":"https:\/\/canal7slp.tv\/2025\/author\/edicionweb\/"}]}},"_links":{"self":[{"href":"https:\/\/canal7slp.tv\/2025\/wp-json\/wp\/v2\/posts\/155502","targetHints":{"allow":["GET"]}}],"collection":[{"href":"https:\/\/canal7slp.tv\/2025\/wp-json\/wp\/v2\/posts"}],"about":[{"href":"https:\/\/canal7slp.tv\/2025\/wp-json\/wp\/v2\/types\/post"}],"author":[{"embeddable":true,"href":"https:\/\/canal7slp.tv\/2025\/wp-json\/wp\/v2\/users\/2"}],"replies":[{"embeddable":true,"href":"https:\/\/canal7slp.tv\/2025\/wp-json\/wp\/v2\/comments?post=155502"}],"version-history":[{"count":2,"href":"https:\/\/canal7slp.tv\/2025\/wp-json\/wp\/v2\/posts\/155502\/revisions"}],"predecessor-version":[{"id":155505,"href":"https:\/\/canal7slp.tv\/2025\/wp-json\/wp\/v2\/posts\/155502\/revisions\/155505"}],"wp:featuredmedia":[{"embeddable":true,"href":"https:\/\/canal7slp.tv\/2025\/wp-json\/wp\/v2\/media\/155504"}],"wp:attachment":[{"href":"https:\/\/canal7slp.tv\/2025\/wp-json\/wp\/v2\/media?parent=155502"}],"wp:term":[{"taxonomy":"category","embeddable":true,"href":"https:\/\/canal7slp.tv\/2025\/wp-json\/wp\/v2\/categories?post=155502"},{"taxonomy":"post_tag","embeddable":true,"href":"https:\/\/canal7slp.tv\/2025\/wp-json\/wp\/v2\/tags?post=155502"}],"curies":[{"name":"wp","href":"https:\/\/api.w.org\/{rel}","templated":true}]}}