{"id":155499,"date":"2025-01-26T13:39:35","date_gmt":"2025-01-26T19:39:35","guid":{"rendered":"https:\/\/canal7slp.tv\/2025\/?p=155499"},"modified":"2025-01-26T13:39:35","modified_gmt":"2025-01-26T19:39:35","slug":"tabasquenos-exigen-tranquilidad-y-seguridad-en-villahermosa","status":"publish","type":"post","link":"https:\/\/canal7slp.tv\/2025\/tabasquenos-exigen-tranquilidad-y-seguridad-en-villahermosa\/","title":{"rendered":"Tabasque\u00f1os exigen tranquilidad y seguridad en Villahermosa"},"content":{"rendered":"<p style=\"text-align: justify;\">\n<p style=\"text-align: justify;\">Villahermosa.- Miles de ciudadanos se reunieron en Villahermosa, Tabasco, para participar en la movilizaci\u00f3n titulada \u201cUnidos por la paz y la seguridad de Tabasco\u201d, convocada por el partido Morena. El objetivo fue respaldar las acciones del gobernador Javier May Rodr\u00edguez en materia de seguridad y exigir mayores esfuerzos para combatir la violencia en una de las ciudades con m\u00e1s alta percepci\u00f3n de inseguridad del pa\u00eds.<\/p>\n<p style=\"text-align: justify;\">La marcha inici\u00f3 en el parque Tom\u00e1s Garrido y culmin\u00f3 en la Plaza de Armas, donde l\u00edderes partidistas y funcionarios ofrecieron un mitin. Jes\u00fas S\u00e1n Garc\u00eda, dirigente estatal de Morena, destac\u00f3 el compromiso del gobierno estatal en la lucha contra la delincuencia, asegurando que las autoridades trabajan para proteger a las familias tabasque\u00f1as.<\/p>\n<p style=\"text-align: justify;\">Este evento se realiz\u00f3 en un clima de creciente preocupaci\u00f3n. Seg\u00fan la Encuesta Nacional de Seguridad P\u00fablica Urbana, el 61.7% de los habitantes de Villahermosa consideran que vivir en la ciudad es inseguro. La violencia reciente, como el ataque armado frente a la terminal de autobuses ADO, que dej\u00f3 un muerto y tres heridos, ha intensificado esta percepci\u00f3n de vulnerabilidad.<\/p>\n<p style=\"text-align: justify;\">En su mensaje, el gobernador Javier May Rodr\u00edguez acus\u00f3 a administraciones pasadas de haber permitido la infiltraci\u00f3n del crimen organizado en el estado. Incluso se\u00f1al\u00f3 al exsecretario de Seguridad P\u00fablica, Hern\u00e1n Berm\u00fadez Requena, como presunto l\u00edder del grupo criminal \u201cLa Barredora\u201d.<\/p>\n<p style=\"text-align: justify;\">Con la participaci\u00f3n de m\u00e1s de dos mil personas, la marcha tambi\u00e9n evidenci\u00f3 el descontento social y el deseo colectivo de recuperar la paz. Los asistentes portaron pancartas con mensajes como \u201cTabasco quiere paz\u201d y \u201cSeguridad para todos\u201d, exigiendo un compromiso firme de las autoridades para garantizar la tranquilidad en la regi\u00f3n.<\/p>\n","protected":false},"excerpt":{"rendered":"<p>Villahermosa.- Miles de ciudadanos se reunieron en Villahermosa, Tabasco, para participar en la movilizaci\u00f3n titulada \u201cUnidos por la paz y la seguridad de Tabasco\u201d, convocada por el partido Morena. El objetivo fue respaldar las acciones del gobernador Javier May Rodr\u00edguez en materia de seguridad y exigir mayores esfuerzos para combatir la violencia en una de las ciudades con m\u00e1s alta percepci\u00f3n de inseguridad del pa\u00eds. La marcha inici\u00f3 en el parque Tom\u00e1s Garrido y culmin\u00f3 en la Plaza de Armas, donde l\u00edderes partidistas y funcionarios ofrecieron un mitin. Jes\u00fas S\u00e1n Garc\u00eda, dirigente estatal de Morena, destac\u00f3 el compromiso del gobierno [&hellip;]<\/p>\n","protected":false},"author":2,"featured_media":155500,"comment_status":"closed","ping_status":"closed","sticky":false,"template":"","format":"standard","meta":{"_monsterinsights_skip_tracking":false,"_monsterinsights_sitenote_active":false,"_monsterinsights_sitenote_note":"","_monsterinsights_sitenote_category":0,"footnotes":""},"categories":[46],"tags":[],"class_list":["post-155499","post","type-post","status-publish","format-standard","has-post-thumbnail","hentry","category-nacional","post--single"],"yoast_head":"<!-- This site is optimized with the Yoast SEO plugin v27.5 - https:\/\/yoast.com\/product\/yoast-seo-wordpress\/ -->\n<title>Tabasque\u00f1os exigen tranquilidad y seguridad en Villahermosa - Canal 7 SLP - 2025<\/title>\n<meta name=\"robots\" content=\"index, follow, max-snippet:-1, max-image-preview:large, max-video-preview:-1\" \/>\n<link rel=\"canonical\" href=\"https:\/\/canal7slp.tv\/2025\/tabasquenos-exigen-tranquilidad-y-seguridad-en-villahermosa\/\" \/>\n<meta property=\"og:locale\" content=\"es_ES\" \/>\n<meta property=\"og:type\" content=\"article\" \/>\n<meta property=\"og:title\" content=\"Tabasque\u00f1os exigen tranquilidad y seguridad en Villahermosa - Canal 7 SLP - 2025\" \/>\n<meta property=\"og:description\" content=\"Villahermosa.- Miles de ciudadanos se reunieron en Villahermosa, Tabasco, para participar en la movilizaci\u00f3n titulada \u201cUnidos por la paz y la seguridad de Tabasco\u201d, convocada por el partido Morena. El objetivo fue respaldar las acciones del gobernador Javier May Rodr\u00edguez en materia de seguridad y exigir mayores esfuerzos para combatir la violencia en una de las ciudades con m\u00e1s alta percepci\u00f3n de inseguridad del pa\u00eds. La marcha inici\u00f3 en el parque Tom\u00e1s Garrido y culmin\u00f3 en la Plaza de Armas, donde l\u00edderes partidistas y funcionarios ofrecieron un mitin. Jes\u00fas S\u00e1n Garc\u00eda, dirigente estatal de Morena, destac\u00f3 el compromiso del gobierno [&hellip;]\" \/>\n<meta property=\"og:url\" content=\"https:\/\/canal7slp.tv\/2025\/tabasquenos-exigen-tranquilidad-y-seguridad-en-villahermosa\/\" \/>\n<meta property=\"og:site_name\" content=\"Canal 7 SLP - 2025\" \/>\n<meta property=\"article:publisher\" content=\"https:\/\/www.facebook.com\/noticieroscanal7atencionciudadana\/\" \/>\n<meta property=\"article:published_time\" content=\"2025-01-26T19:39:35+00:00\" \/>\n<meta property=\"og:image\" content=\"https:\/\/canal7slp.tv\/2025\/wp-content\/uploads\/2025\/01\/05-24.jpg\" \/>\n\t<meta property=\"og:image:width\" content=\"666\" \/>\n\t<meta property=\"og:image:height\" content=\"500\" \/>\n\t<meta property=\"og:image:type\" content=\"image\/jpeg\" \/>\n<meta name=\"author\" content=\"Edici\u00f3n Web\" \/>\n<meta name=\"twitter:card\" content=\"summary_large_image\" \/>\n<meta name=\"twitter:creator\" content=\"@NOTICIEROS7\" \/>\n<meta name=\"twitter:site\" content=\"@NOTICIEROS7\" \/>\n<meta name=\"twitter:label1\" content=\"Escrito por\" \/>\n\t<meta name=\"twitter:data1\" content=\"Edici\u00f3n Web\" \/>\n\t<meta name=\"twitter:label2\" content=\"Tiempo de lectura\" \/>\n\t<meta name=\"twitter:data2\" content=\"2 minutos\" \/>\n<script type=\"application\/ld+json\" class=\"yoast-schema-graph\">{\"@context\":\"https:\\\/\\\/schema.org\",\"@graph\":[{\"@type\":\"Article\",\"@id\":\"https:\\\/\\\/canal7slp.tv\\\/2025\\\/tabasquenos-exigen-tranquilidad-y-seguridad-en-villahermosa\\\/#article\",\"isPartOf\":{\"@id\":\"https:\\\/\\\/canal7slp.tv\\\/2025\\\/tabasquenos-exigen-tranquilidad-y-seguridad-en-villahermosa\\\/\"},\"author\":{\"name\":\"Edici\u00f3n Web\",\"@id\":\"https:\\\/\\\/canal7slp.tv\\\/2025\\\/#\\\/schema\\\/person\\\/271e2b60a96e7cc9d9ac296f4d7e414b\"},\"headline\":\"Tabasque\u00f1os exigen tranquilidad y seguridad en Villahermosa\",\"datePublished\":\"2025-01-26T19:39:35+00:00\",\"mainEntityOfPage\":{\"@id\":\"https:\\\/\\\/canal7slp.tv\\\/2025\\\/tabasquenos-exigen-tranquilidad-y-seguridad-en-villahermosa\\\/\"},\"wordCount\":305,\"publisher\":{\"@id\":\"https:\\\/\\\/canal7slp.tv\\\/2025\\\/#organization\"},\"image\":{\"@id\":\"https:\\\/\\\/canal7slp.tv\\\/2025\\\/tabasquenos-exigen-tranquilidad-y-seguridad-en-villahermosa\\\/#primaryimage\"},\"thumbnailUrl\":\"https:\\\/\\\/canal7slp.tv\\\/2025\\\/wp-content\\\/uploads\\\/2025\\\/01\\\/05-24.jpg\",\"articleSection\":[\"NACIONALES\"],\"inLanguage\":\"es\"},{\"@type\":\"WebPage\",\"@id\":\"https:\\\/\\\/canal7slp.tv\\\/2025\\\/tabasquenos-exigen-tranquilidad-y-seguridad-en-villahermosa\\\/\",\"url\":\"https:\\\/\\\/canal7slp.tv\\\/2025\\\/tabasquenos-exigen-tranquilidad-y-seguridad-en-villahermosa\\\/\",\"name\":\"Tabasque\u00f1os exigen tranquilidad y seguridad en Villahermosa - Canal 7 SLP - 2025\",\"isPartOf\":{\"@id\":\"https:\\\/\\\/canal7slp.tv\\\/2025\\\/#website\"},\"primaryImageOfPage\":{\"@id\":\"https:\\\/\\\/canal7slp.tv\\\/2025\\\/tabasquenos-exigen-tranquilidad-y-seguridad-en-villahermosa\\\/#primaryimage\"},\"image\":{\"@id\":\"https:\\\/\\\/canal7slp.tv\\\/2025\\\/tabasquenos-exigen-tranquilidad-y-seguridad-en-villahermosa\\\/#primaryimage\"},\"thumbnailUrl\":\"https:\\\/\\\/canal7slp.tv\\\/2025\\\/wp-content\\\/uploads\\\/2025\\\/01\\\/05-24.jpg\",\"datePublished\":\"2025-01-26T19:39:35+00:00\",\"breadcrumb\":{\"@id\":\"https:\\\/\\\/canal7slp.tv\\\/2025\\\/tabasquenos-exigen-tranquilidad-y-seguridad-en-villahermosa\\\/#breadcrumb\"},\"inLanguage\":\"es\",\"potentialAction\":[{\"@type\":\"ReadAction\",\"target\":[\"https:\\\/\\\/canal7slp.tv\\\/2025\\\/tabasquenos-exigen-tranquilidad-y-seguridad-en-villahermosa\\\/\"]}]},{\"@type\":\"ImageObject\",\"inLanguage\":\"es\",\"@id\":\"https:\\\/\\\/canal7slp.tv\\\/2025\\\/tabasquenos-exigen-tranquilidad-y-seguridad-en-villahermosa\\\/#primaryimage\",\"url\":\"https:\\\/\\\/canal7slp.tv\\\/2025\\\/wp-content\\\/uploads\\\/2025\\\/01\\\/05-24.jpg\",\"contentUrl\":\"https:\\\/\\\/canal7slp.tv\\\/2025\\\/wp-content\\\/uploads\\\/2025\\\/01\\\/05-24.jpg\",\"width\":666,\"height\":500},{\"@type\":\"BreadcrumbList\",\"@id\":\"https:\\\/\\\/canal7slp.tv\\\/2025\\\/tabasquenos-exigen-tranquilidad-y-seguridad-en-villahermosa\\\/#breadcrumb\",\"itemListElement\":[{\"@type\":\"ListItem\",\"position\":1,\"name\":\"Portada\",\"item\":\"https:\\\/\\\/canal7slp.tv\\\/2025\\\/\"},{\"@type\":\"ListItem\",\"position\":2,\"name\":\"Tabasque\u00f1os exigen tranquilidad y seguridad en Villahermosa\"}]},{\"@type\":\"WebSite\",\"@id\":\"https:\\\/\\\/canal7slp.tv\\\/2025\\\/#website\",\"url\":\"https:\\\/\\\/canal7slp.tv\\\/2025\\\/\",\"name\":\"N7 - Noticieros Canal 7\",\"description\":\"Somos el Medio\",\"publisher\":{\"@id\":\"https:\\\/\\\/canal7slp.tv\\\/2025\\\/#organization\"},\"potentialAction\":[{\"@type\":\"SearchAction\",\"target\":{\"@type\":\"EntryPoint\",\"urlTemplate\":\"https:\\\/\\\/canal7slp.tv\\\/2025\\\/?s={search_term_string}\"},\"query-input\":{\"@type\":\"PropertyValueSpecification\",\"valueRequired\":true,\"valueName\":\"search_term_string\"}}],\"inLanguage\":\"es\"},{\"@type\":\"Organization\",\"@id\":\"https:\\\/\\\/canal7slp.tv\\\/2025\\\/#organization\",\"name\":\"Noticieros Canal 7\",\"url\":\"https:\\\/\\\/canal7slp.tv\\\/2025\\\/\",\"logo\":{\"@type\":\"ImageObject\",\"inLanguage\":\"es\",\"@id\":\"https:\\\/\\\/canal7slp.tv\\\/2025\\\/#\\\/schema\\\/logo\\\/image\\\/\",\"url\":\"https:\\\/\\\/canal7slp.tv\\\/2025\\\/wp-content\\\/uploads\\\/2021\\\/01\\\/logo-noticieros@2x.png\",\"contentUrl\":\"https:\\\/\\\/canal7slp.tv\\\/2025\\\/wp-content\\\/uploads\\\/2021\\\/01\\\/logo-noticieros@2x.png\",\"width\":1017,\"height\":268,\"caption\":\"Noticieros Canal 7\"},\"image\":{\"@id\":\"https:\\\/\\\/canal7slp.tv\\\/2025\\\/#\\\/schema\\\/logo\\\/image\\\/\"},\"sameAs\":[\"https:\\\/\\\/www.facebook.com\\\/noticieroscanal7atencionciudadana\\\/\",\"https:\\\/\\\/x.com\\\/NOTICIEROS7\",\"https:\\\/\\\/www.instagram.com\\\/canal7_slp\",\"https:\\\/\\\/www.youtube.com\\\/channel\\\/UCliiYs-gP3JfJeqdPrNdd5A\"]},{\"@type\":\"Person\",\"@id\":\"https:\\\/\\\/canal7slp.tv\\\/2025\\\/#\\\/schema\\\/person\\\/271e2b60a96e7cc9d9ac296f4d7e414b\",\"name\":\"Edici\u00f3n Web\",\"image\":{\"@type\":\"ImageObject\",\"inLanguage\":\"es\",\"@id\":\"https:\\\/\\\/secure.gravatar.com\\\/avatar\\\/eee448fc3f7164808013b816ba91ac7e43bbe82a70bebac296f8bc6f0addaa1a?s=96&d=mm&r=g\",\"url\":\"https:\\\/\\\/secure.gravatar.com\\\/avatar\\\/eee448fc3f7164808013b816ba91ac7e43bbe82a70bebac296f8bc6f0addaa1a?s=96&d=mm&r=g\",\"contentUrl\":\"https:\\\/\\\/secure.gravatar.com\\\/avatar\\\/eee448fc3f7164808013b816ba91ac7e43bbe82a70bebac296f8bc6f0addaa1a?s=96&d=mm&r=g\",\"caption\":\"Edici\u00f3n Web\"},\"url\":\"https:\\\/\\\/canal7slp.tv\\\/2025\\\/author\\\/edicionweb\\\/\"}]}<\/script>\n<!-- \/ Yoast SEO plugin. -->","yoast_head_json":{"title":"Tabasque\u00f1os exigen tranquilidad y seguridad en Villahermosa - Canal 7 SLP - 2025","robots":{"index":"index","follow":"follow","max-snippet":"max-snippet:-1","max-image-preview":"max-image-preview:large","max-video-preview":"max-video-preview:-1"},"canonical":"https:\/\/canal7slp.tv\/2025\/tabasquenos-exigen-tranquilidad-y-seguridad-en-villahermosa\/","og_locale":"es_ES","og_type":"article","og_title":"Tabasque\u00f1os exigen tranquilidad y seguridad en Villahermosa - Canal 7 SLP - 2025","og_description":"Villahermosa.- Miles de ciudadanos se reunieron en Villahermosa, Tabasco, para participar en la movilizaci\u00f3n titulada \u201cUnidos por la paz y la seguridad de Tabasco\u201d, convocada por el partido Morena. El objetivo fue respaldar las acciones del gobernador Javier May Rodr\u00edguez en materia de seguridad y exigir mayores esfuerzos para combatir la violencia en una de las ciudades con m\u00e1s alta percepci\u00f3n de inseguridad del pa\u00eds. La marcha inici\u00f3 en el parque Tom\u00e1s Garrido y culmin\u00f3 en la Plaza de Armas, donde l\u00edderes partidistas y funcionarios ofrecieron un mitin. Jes\u00fas S\u00e1n Garc\u00eda, dirigente estatal de Morena, destac\u00f3 el compromiso del gobierno [&hellip;]","og_url":"https:\/\/canal7slp.tv\/2025\/tabasquenos-exigen-tranquilidad-y-seguridad-en-villahermosa\/","og_site_name":"Canal 7 SLP - 2025","article_publisher":"https:\/\/www.facebook.com\/noticieroscanal7atencionciudadana\/","article_published_time":"2025-01-26T19:39:35+00:00","og_image":[{"width":666,"height":500,"url":"https:\/\/canal7slp.tv\/2025\/wp-content\/uploads\/2025\/01\/05-24.jpg","type":"image\/jpeg"}],"author":"Edici\u00f3n Web","twitter_card":"summary_large_image","twitter_creator":"@NOTICIEROS7","twitter_site":"@NOTICIEROS7","twitter_misc":{"Escrito por":"Edici\u00f3n Web","Tiempo de lectura":"2 minutos"},"schema":{"@context":"https:\/\/schema.org","@graph":[{"@type":"Article","@id":"https:\/\/canal7slp.tv\/2025\/tabasquenos-exigen-tranquilidad-y-seguridad-en-villahermosa\/#article","isPartOf":{"@id":"https:\/\/canal7slp.tv\/2025\/tabasquenos-exigen-tranquilidad-y-seguridad-en-villahermosa\/"},"author":{"name":"Edici\u00f3n Web","@id":"https:\/\/canal7slp.tv\/2025\/#\/schema\/person\/271e2b60a96e7cc9d9ac296f4d7e414b"},"headline":"Tabasque\u00f1os exigen tranquilidad y seguridad en Villahermosa","datePublished":"2025-01-26T19:39:35+00:00","mainEntityOfPage":{"@id":"https:\/\/canal7slp.tv\/2025\/tabasquenos-exigen-tranquilidad-y-seguridad-en-villahermosa\/"},"wordCount":305,"publisher":{"@id":"https:\/\/canal7slp.tv\/2025\/#organization"},"image":{"@id":"https:\/\/canal7slp.tv\/2025\/tabasquenos-exigen-tranquilidad-y-seguridad-en-villahermosa\/#primaryimage"},"thumbnailUrl":"https:\/\/canal7slp.tv\/2025\/wp-content\/uploads\/2025\/01\/05-24.jpg","articleSection":["NACIONALES"],"inLanguage":"es"},{"@type":"WebPage","@id":"https:\/\/canal7slp.tv\/2025\/tabasquenos-exigen-tranquilidad-y-seguridad-en-villahermosa\/","url":"https:\/\/canal7slp.tv\/2025\/tabasquenos-exigen-tranquilidad-y-seguridad-en-villahermosa\/","name":"Tabasque\u00f1os exigen tranquilidad y seguridad en Villahermosa - Canal 7 SLP - 2025","isPartOf":{"@id":"https:\/\/canal7slp.tv\/2025\/#website"},"primaryImageOfPage":{"@id":"https:\/\/canal7slp.tv\/2025\/tabasquenos-exigen-tranquilidad-y-seguridad-en-villahermosa\/#primaryimage"},"image":{"@id":"https:\/\/canal7slp.tv\/2025\/tabasquenos-exigen-tranquilidad-y-seguridad-en-villahermosa\/#primaryimage"},"thumbnailUrl":"https:\/\/canal7slp.tv\/2025\/wp-content\/uploads\/2025\/01\/05-24.jpg","datePublished":"2025-01-26T19:39:35+00:00","breadcrumb":{"@id":"https:\/\/canal7slp.tv\/2025\/tabasquenos-exigen-tranquilidad-y-seguridad-en-villahermosa\/#breadcrumb"},"inLanguage":"es","potentialAction":[{"@type":"ReadAction","target":["https:\/\/canal7slp.tv\/2025\/tabasquenos-exigen-tranquilidad-y-seguridad-en-villahermosa\/"]}]},{"@type":"ImageObject","inLanguage":"es","@id":"https:\/\/canal7slp.tv\/2025\/tabasquenos-exigen-tranquilidad-y-seguridad-en-villahermosa\/#primaryimage","url":"https:\/\/canal7slp.tv\/2025\/wp-content\/uploads\/2025\/01\/05-24.jpg","contentUrl":"https:\/\/canal7slp.tv\/2025\/wp-content\/uploads\/2025\/01\/05-24.jpg","width":666,"height":500},{"@type":"BreadcrumbList","@id":"https:\/\/canal7slp.tv\/2025\/tabasquenos-exigen-tranquilidad-y-seguridad-en-villahermosa\/#breadcrumb","itemListElement":[{"@type":"ListItem","position":1,"name":"Portada","item":"https:\/\/canal7slp.tv\/2025\/"},{"@type":"ListItem","position":2,"name":"Tabasque\u00f1os exigen tranquilidad y seguridad en Villahermosa"}]},{"@type":"WebSite","@id":"https:\/\/canal7slp.tv\/2025\/#website","url":"https:\/\/canal7slp.tv\/2025\/","name":"N7 - Noticieros Canal 7","description":"Somos el Medio","publisher":{"@id":"https:\/\/canal7slp.tv\/2025\/#organization"},"potentialAction":[{"@type":"SearchAction","target":{"@type":"EntryPoint","urlTemplate":"https:\/\/canal7slp.tv\/2025\/?s={search_term_string}"},"query-input":{"@type":"PropertyValueSpecification","valueRequired":true,"valueName":"search_term_string"}}],"inLanguage":"es"},{"@type":"Organization","@id":"https:\/\/canal7slp.tv\/2025\/#organization","name":"Noticieros Canal 7","url":"https:\/\/canal7slp.tv\/2025\/","logo":{"@type":"ImageObject","inLanguage":"es","@id":"https:\/\/canal7slp.tv\/2025\/#\/schema\/logo\/image\/","url":"https:\/\/canal7slp.tv\/2025\/wp-content\/uploads\/2021\/01\/logo-noticieros@2x.png","contentUrl":"https:\/\/canal7slp.tv\/2025\/wp-content\/uploads\/2021\/01\/logo-noticieros@2x.png","width":1017,"height":268,"caption":"Noticieros Canal 7"},"image":{"@id":"https:\/\/canal7slp.tv\/2025\/#\/schema\/logo\/image\/"},"sameAs":["https:\/\/www.facebook.com\/noticieroscanal7atencionciudadana\/","https:\/\/x.com\/NOTICIEROS7","https:\/\/www.instagram.com\/canal7_slp","https:\/\/www.youtube.com\/channel\/UCliiYs-gP3JfJeqdPrNdd5A"]},{"@type":"Person","@id":"https:\/\/canal7slp.tv\/2025\/#\/schema\/person\/271e2b60a96e7cc9d9ac296f4d7e414b","name":"Edici\u00f3n Web","image":{"@type":"ImageObject","inLanguage":"es","@id":"https:\/\/secure.gravatar.com\/avatar\/eee448fc3f7164808013b816ba91ac7e43bbe82a70bebac296f8bc6f0addaa1a?s=96&d=mm&r=g","url":"https:\/\/secure.gravatar.com\/avatar\/eee448fc3f7164808013b816ba91ac7e43bbe82a70bebac296f8bc6f0addaa1a?s=96&d=mm&r=g","contentUrl":"https:\/\/secure.gravatar.com\/avatar\/eee448fc3f7164808013b816ba91ac7e43bbe82a70bebac296f8bc6f0addaa1a?s=96&d=mm&r=g","caption":"Edici\u00f3n Web"},"url":"https:\/\/canal7slp.tv\/2025\/author\/edicionweb\/"}]}},"_links":{"self":[{"href":"https:\/\/canal7slp.tv\/2025\/wp-json\/wp\/v2\/posts\/155499","targetHints":{"allow":["GET"]}}],"collection":[{"href":"https:\/\/canal7slp.tv\/2025\/wp-json\/wp\/v2\/posts"}],"about":[{"href":"https:\/\/canal7slp.tv\/2025\/wp-json\/wp\/v2\/types\/post"}],"author":[{"embeddable":true,"href":"https:\/\/canal7slp.tv\/2025\/wp-json\/wp\/v2\/users\/2"}],"replies":[{"embeddable":true,"href":"https:\/\/canal7slp.tv\/2025\/wp-json\/wp\/v2\/comments?post=155499"}],"version-history":[{"count":1,"href":"https:\/\/canal7slp.tv\/2025\/wp-json\/wp\/v2\/posts\/155499\/revisions"}],"predecessor-version":[{"id":155501,"href":"https:\/\/canal7slp.tv\/2025\/wp-json\/wp\/v2\/posts\/155499\/revisions\/155501"}],"wp:featuredmedia":[{"embeddable":true,"href":"https:\/\/canal7slp.tv\/2025\/wp-json\/wp\/v2\/media\/155500"}],"wp:attachment":[{"href":"https:\/\/canal7slp.tv\/2025\/wp-json\/wp\/v2\/media?parent=155499"}],"wp:term":[{"taxonomy":"category","embeddable":true,"href":"https:\/\/canal7slp.tv\/2025\/wp-json\/wp\/v2\/categories?post=155499"},{"taxonomy":"post_tag","embeddable":true,"href":"https:\/\/canal7slp.tv\/2025\/wp-json\/wp\/v2\/tags?post=155499"}],"curies":[{"name":"wp","href":"https:\/\/api.w.org\/{rel}","templated":true}]}}