{"id":155455,"date":"2025-01-25T14:31:30","date_gmt":"2025-01-25T20:31:30","guid":{"rendered":"https:\/\/canal7slp.tv\/2025\/?p=155455"},"modified":"2025-01-25T14:31:30","modified_gmt":"2025-01-25T20:31:30","slug":"tammy-bruce-desmiente-rechazo-de-mexico-a-vuelos-de-deportacion-de-eua","status":"publish","type":"post","link":"https:\/\/canal7slp.tv\/2025\/tammy-bruce-desmiente-rechazo-de-mexico-a-vuelos-de-deportacion-de-eua\/","title":{"rendered":"Tammy Bruce desmiente rechazo de M\u00e9xico a vuelos de deportaci\u00f3n de EUA"},"content":{"rendered":"<p style=\"text-align: justify;\">EUA.- El pasado viernes, circul\u00f3 un informe que suger\u00eda que M\u00e9xico hab\u00eda rechazado una solicitud del gobierno de Donald Trump para permitir el aterrizaje de un avi\u00f3n militar estadounidense destinado a deportar migrantes.<\/p>\n<p style=\"text-align: justify;\">No obstante, Tammy Bruce, portavoz del Departamento de Estado, desminti\u00f3 esta versi\u00f3n en su cuenta oficial de X, calific\u00e1ndola como \u00abmentiras\u00bb dise\u00f1adas para desacreditar la colaboraci\u00f3n entre ambos pa\u00edses.<\/p>\n<p style=\"text-align: justify;\">Bruce aclar\u00f3 que recientemente cuatro vuelos de deportaci\u00f3n de la agencia de Inmigraci\u00f3n y Aduanas de Estados Unidos (ICE) aterrizaron en M\u00e9xico. Adem\u00e1s, mencion\u00f3 que dos vuelos adicionales se dirigieron a Guatemala, transportando migrantes originarios de ese pa\u00eds.<\/p>\n<p style=\"text-align: justify;\">La portavoz destac\u00f3 tambi\u00e9n que el jueves se deportaron aproximadamente dos mil migrantes a M\u00e9xico, tanto por v\u00eda a\u00e9rea como terrestre, lo que refuerza el compromiso del gobierno estadounidense de cumplir con las pol\u00edticas y acuerdos migratorios bilaterales.<\/p>\n<p style=\"text-align: justify;\">\n","protected":false},"excerpt":{"rendered":"<p>EUA.- El pasado viernes, circul\u00f3 un informe que suger\u00eda que M\u00e9xico hab\u00eda rechazado una solicitud del gobierno de Donald Trump para permitir el aterrizaje de un avi\u00f3n militar estadounidense destinado a deportar migrantes. No obstante, Tammy Bruce, portavoz del Departamento de Estado, desminti\u00f3 esta versi\u00f3n en su cuenta oficial de X, calific\u00e1ndola como \u00abmentiras\u00bb dise\u00f1adas para desacreditar la colaboraci\u00f3n entre ambos pa\u00edses. Bruce aclar\u00f3 que recientemente cuatro vuelos de deportaci\u00f3n de la agencia de Inmigraci\u00f3n y Aduanas de Estados Unidos (ICE) aterrizaron en M\u00e9xico. Adem\u00e1s, mencion\u00f3 que dos vuelos adicionales se dirigieron a Guatemala, transportando migrantes originarios de ese pa\u00eds. [&hellip;]<\/p>\n","protected":false},"author":2,"featured_media":155456,"comment_status":"closed","ping_status":"closed","sticky":false,"template":"","format":"standard","meta":{"_monsterinsights_skip_tracking":false,"_monsterinsights_sitenote_active":false,"_monsterinsights_sitenote_note":"","_monsterinsights_sitenote_category":0,"footnotes":""},"categories":[44],"tags":[],"class_list":["post-155455","post","type-post","status-publish","format-standard","has-post-thumbnail","hentry","category-internacional","post--single"],"yoast_head":"<!-- This site is optimized with the Yoast SEO plugin v27.5 - https:\/\/yoast.com\/product\/yoast-seo-wordpress\/ -->\n<title>Tammy Bruce desmiente rechazo de M\u00e9xico a vuelos de deportaci\u00f3n de EUA - Canal 7 SLP - 2025<\/title>\n<meta name=\"robots\" content=\"index, follow, max-snippet:-1, max-image-preview:large, max-video-preview:-1\" \/>\n<link rel=\"canonical\" href=\"https:\/\/canal7slp.tv\/2025\/tammy-bruce-desmiente-rechazo-de-mexico-a-vuelos-de-deportacion-de-eua\/\" \/>\n<meta property=\"og:locale\" content=\"es_ES\" \/>\n<meta property=\"og:type\" content=\"article\" \/>\n<meta property=\"og:title\" content=\"Tammy Bruce desmiente rechazo de M\u00e9xico a vuelos de deportaci\u00f3n de EUA - Canal 7 SLP - 2025\" \/>\n<meta property=\"og:description\" content=\"EUA.- El pasado viernes, circul\u00f3 un informe que suger\u00eda que M\u00e9xico hab\u00eda rechazado una solicitud del gobierno de Donald Trump para permitir el aterrizaje de un avi\u00f3n militar estadounidense destinado a deportar migrantes. No obstante, Tammy Bruce, portavoz del Departamento de Estado, desminti\u00f3 esta versi\u00f3n en su cuenta oficial de X, calific\u00e1ndola como \u00abmentiras\u00bb dise\u00f1adas para desacreditar la colaboraci\u00f3n entre ambos pa\u00edses. Bruce aclar\u00f3 que recientemente cuatro vuelos de deportaci\u00f3n de la agencia de Inmigraci\u00f3n y Aduanas de Estados Unidos (ICE) aterrizaron en M\u00e9xico. Adem\u00e1s, mencion\u00f3 que dos vuelos adicionales se dirigieron a Guatemala, transportando migrantes originarios de ese pa\u00eds. [&hellip;]\" \/>\n<meta property=\"og:url\" content=\"https:\/\/canal7slp.tv\/2025\/tammy-bruce-desmiente-rechazo-de-mexico-a-vuelos-de-deportacion-de-eua\/\" \/>\n<meta property=\"og:site_name\" content=\"Canal 7 SLP - 2025\" \/>\n<meta property=\"article:publisher\" content=\"https:\/\/www.facebook.com\/noticieroscanal7atencionciudadana\/\" \/>\n<meta property=\"article:published_time\" content=\"2025-01-25T20:31:30+00:00\" \/>\n<meta property=\"og:image\" content=\"https:\/\/canal7slp.tv\/2025\/wp-content\/uploads\/2025\/01\/08-23.jpg\" \/>\n\t<meta property=\"og:image:width\" content=\"800\" \/>\n\t<meta property=\"og:image:height\" content=\"500\" \/>\n\t<meta property=\"og:image:type\" content=\"image\/jpeg\" \/>\n<meta name=\"author\" content=\"Edici\u00f3n Web\" \/>\n<meta name=\"twitter:card\" content=\"summary_large_image\" \/>\n<meta name=\"twitter:creator\" content=\"@NOTICIEROS7\" \/>\n<meta name=\"twitter:site\" content=\"@NOTICIEROS7\" \/>\n<meta name=\"twitter:label1\" content=\"Escrito por\" \/>\n\t<meta name=\"twitter:data1\" content=\"Edici\u00f3n Web\" \/>\n\t<meta name=\"twitter:label2\" content=\"Tiempo de lectura\" \/>\n\t<meta name=\"twitter:data2\" content=\"1 minuto\" \/>\n<script type=\"application\/ld+json\" class=\"yoast-schema-graph\">{\"@context\":\"https:\\\/\\\/schema.org\",\"@graph\":[{\"@type\":\"Article\",\"@id\":\"https:\\\/\\\/canal7slp.tv\\\/2025\\\/tammy-bruce-desmiente-rechazo-de-mexico-a-vuelos-de-deportacion-de-eua\\\/#article\",\"isPartOf\":{\"@id\":\"https:\\\/\\\/canal7slp.tv\\\/2025\\\/tammy-bruce-desmiente-rechazo-de-mexico-a-vuelos-de-deportacion-de-eua\\\/\"},\"author\":{\"name\":\"Edici\u00f3n Web\",\"@id\":\"https:\\\/\\\/canal7slp.tv\\\/2025\\\/#\\\/schema\\\/person\\\/271e2b60a96e7cc9d9ac296f4d7e414b\"},\"headline\":\"Tammy Bruce desmiente rechazo de M\u00e9xico a vuelos de deportaci\u00f3n de EUA\",\"datePublished\":\"2025-01-25T20:31:30+00:00\",\"mainEntityOfPage\":{\"@id\":\"https:\\\/\\\/canal7slp.tv\\\/2025\\\/tammy-bruce-desmiente-rechazo-de-mexico-a-vuelos-de-deportacion-de-eua\\\/\"},\"wordCount\":172,\"publisher\":{\"@id\":\"https:\\\/\\\/canal7slp.tv\\\/2025\\\/#organization\"},\"image\":{\"@id\":\"https:\\\/\\\/canal7slp.tv\\\/2025\\\/tammy-bruce-desmiente-rechazo-de-mexico-a-vuelos-de-deportacion-de-eua\\\/#primaryimage\"},\"thumbnailUrl\":\"https:\\\/\\\/canal7slp.tv\\\/2025\\\/wp-content\\\/uploads\\\/2025\\\/01\\\/08-23.jpg\",\"articleSection\":[\"INTERNACIONALES\"],\"inLanguage\":\"es\"},{\"@type\":\"WebPage\",\"@id\":\"https:\\\/\\\/canal7slp.tv\\\/2025\\\/tammy-bruce-desmiente-rechazo-de-mexico-a-vuelos-de-deportacion-de-eua\\\/\",\"url\":\"https:\\\/\\\/canal7slp.tv\\\/2025\\\/tammy-bruce-desmiente-rechazo-de-mexico-a-vuelos-de-deportacion-de-eua\\\/\",\"name\":\"Tammy Bruce desmiente rechazo de M\u00e9xico a vuelos de deportaci\u00f3n de EUA - Canal 7 SLP - 2025\",\"isPartOf\":{\"@id\":\"https:\\\/\\\/canal7slp.tv\\\/2025\\\/#website\"},\"primaryImageOfPage\":{\"@id\":\"https:\\\/\\\/canal7slp.tv\\\/2025\\\/tammy-bruce-desmiente-rechazo-de-mexico-a-vuelos-de-deportacion-de-eua\\\/#primaryimage\"},\"image\":{\"@id\":\"https:\\\/\\\/canal7slp.tv\\\/2025\\\/tammy-bruce-desmiente-rechazo-de-mexico-a-vuelos-de-deportacion-de-eua\\\/#primaryimage\"},\"thumbnailUrl\":\"https:\\\/\\\/canal7slp.tv\\\/2025\\\/wp-content\\\/uploads\\\/2025\\\/01\\\/08-23.jpg\",\"datePublished\":\"2025-01-25T20:31:30+00:00\",\"breadcrumb\":{\"@id\":\"https:\\\/\\\/canal7slp.tv\\\/2025\\\/tammy-bruce-desmiente-rechazo-de-mexico-a-vuelos-de-deportacion-de-eua\\\/#breadcrumb\"},\"inLanguage\":\"es\",\"potentialAction\":[{\"@type\":\"ReadAction\",\"target\":[\"https:\\\/\\\/canal7slp.tv\\\/2025\\\/tammy-bruce-desmiente-rechazo-de-mexico-a-vuelos-de-deportacion-de-eua\\\/\"]}]},{\"@type\":\"ImageObject\",\"inLanguage\":\"es\",\"@id\":\"https:\\\/\\\/canal7slp.tv\\\/2025\\\/tammy-bruce-desmiente-rechazo-de-mexico-a-vuelos-de-deportacion-de-eua\\\/#primaryimage\",\"url\":\"https:\\\/\\\/canal7slp.tv\\\/2025\\\/wp-content\\\/uploads\\\/2025\\\/01\\\/08-23.jpg\",\"contentUrl\":\"https:\\\/\\\/canal7slp.tv\\\/2025\\\/wp-content\\\/uploads\\\/2025\\\/01\\\/08-23.jpg\",\"width\":800,\"height\":500},{\"@type\":\"BreadcrumbList\",\"@id\":\"https:\\\/\\\/canal7slp.tv\\\/2025\\\/tammy-bruce-desmiente-rechazo-de-mexico-a-vuelos-de-deportacion-de-eua\\\/#breadcrumb\",\"itemListElement\":[{\"@type\":\"ListItem\",\"position\":1,\"name\":\"Portada\",\"item\":\"https:\\\/\\\/canal7slp.tv\\\/2025\\\/\"},{\"@type\":\"ListItem\",\"position\":2,\"name\":\"Tammy Bruce desmiente rechazo de M\u00e9xico a vuelos de deportaci\u00f3n de EUA\"}]},{\"@type\":\"WebSite\",\"@id\":\"https:\\\/\\\/canal7slp.tv\\\/2025\\\/#website\",\"url\":\"https:\\\/\\\/canal7slp.tv\\\/2025\\\/\",\"name\":\"N7 - Noticieros Canal 7\",\"description\":\"Somos el Medio\",\"publisher\":{\"@id\":\"https:\\\/\\\/canal7slp.tv\\\/2025\\\/#organization\"},\"potentialAction\":[{\"@type\":\"SearchAction\",\"target\":{\"@type\":\"EntryPoint\",\"urlTemplate\":\"https:\\\/\\\/canal7slp.tv\\\/2025\\\/?s={search_term_string}\"},\"query-input\":{\"@type\":\"PropertyValueSpecification\",\"valueRequired\":true,\"valueName\":\"search_term_string\"}}],\"inLanguage\":\"es\"},{\"@type\":\"Organization\",\"@id\":\"https:\\\/\\\/canal7slp.tv\\\/2025\\\/#organization\",\"name\":\"Noticieros Canal 7\",\"url\":\"https:\\\/\\\/canal7slp.tv\\\/2025\\\/\",\"logo\":{\"@type\":\"ImageObject\",\"inLanguage\":\"es\",\"@id\":\"https:\\\/\\\/canal7slp.tv\\\/2025\\\/#\\\/schema\\\/logo\\\/image\\\/\",\"url\":\"https:\\\/\\\/canal7slp.tv\\\/2025\\\/wp-content\\\/uploads\\\/2021\\\/01\\\/logo-noticieros@2x.png\",\"contentUrl\":\"https:\\\/\\\/canal7slp.tv\\\/2025\\\/wp-content\\\/uploads\\\/2021\\\/01\\\/logo-noticieros@2x.png\",\"width\":1017,\"height\":268,\"caption\":\"Noticieros Canal 7\"},\"image\":{\"@id\":\"https:\\\/\\\/canal7slp.tv\\\/2025\\\/#\\\/schema\\\/logo\\\/image\\\/\"},\"sameAs\":[\"https:\\\/\\\/www.facebook.com\\\/noticieroscanal7atencionciudadana\\\/\",\"https:\\\/\\\/x.com\\\/NOTICIEROS7\",\"https:\\\/\\\/www.instagram.com\\\/canal7_slp\",\"https:\\\/\\\/www.youtube.com\\\/channel\\\/UCliiYs-gP3JfJeqdPrNdd5A\"]},{\"@type\":\"Person\",\"@id\":\"https:\\\/\\\/canal7slp.tv\\\/2025\\\/#\\\/schema\\\/person\\\/271e2b60a96e7cc9d9ac296f4d7e414b\",\"name\":\"Edici\u00f3n Web\",\"image\":{\"@type\":\"ImageObject\",\"inLanguage\":\"es\",\"@id\":\"https:\\\/\\\/secure.gravatar.com\\\/avatar\\\/eee448fc3f7164808013b816ba91ac7e43bbe82a70bebac296f8bc6f0addaa1a?s=96&d=mm&r=g\",\"url\":\"https:\\\/\\\/secure.gravatar.com\\\/avatar\\\/eee448fc3f7164808013b816ba91ac7e43bbe82a70bebac296f8bc6f0addaa1a?s=96&d=mm&r=g\",\"contentUrl\":\"https:\\\/\\\/secure.gravatar.com\\\/avatar\\\/eee448fc3f7164808013b816ba91ac7e43bbe82a70bebac296f8bc6f0addaa1a?s=96&d=mm&r=g\",\"caption\":\"Edici\u00f3n Web\"},\"url\":\"https:\\\/\\\/canal7slp.tv\\\/2025\\\/author\\\/edicionweb\\\/\"}]}<\/script>\n<!-- \/ Yoast SEO plugin. -->","yoast_head_json":{"title":"Tammy Bruce desmiente rechazo de M\u00e9xico a vuelos de deportaci\u00f3n de EUA - Canal 7 SLP - 2025","robots":{"index":"index","follow":"follow","max-snippet":"max-snippet:-1","max-image-preview":"max-image-preview:large","max-video-preview":"max-video-preview:-1"},"canonical":"https:\/\/canal7slp.tv\/2025\/tammy-bruce-desmiente-rechazo-de-mexico-a-vuelos-de-deportacion-de-eua\/","og_locale":"es_ES","og_type":"article","og_title":"Tammy Bruce desmiente rechazo de M\u00e9xico a vuelos de deportaci\u00f3n de EUA - Canal 7 SLP - 2025","og_description":"EUA.- El pasado viernes, circul\u00f3 un informe que suger\u00eda que M\u00e9xico hab\u00eda rechazado una solicitud del gobierno de Donald Trump para permitir el aterrizaje de un avi\u00f3n militar estadounidense destinado a deportar migrantes. No obstante, Tammy Bruce, portavoz del Departamento de Estado, desminti\u00f3 esta versi\u00f3n en su cuenta oficial de X, calific\u00e1ndola como \u00abmentiras\u00bb dise\u00f1adas para desacreditar la colaboraci\u00f3n entre ambos pa\u00edses. Bruce aclar\u00f3 que recientemente cuatro vuelos de deportaci\u00f3n de la agencia de Inmigraci\u00f3n y Aduanas de Estados Unidos (ICE) aterrizaron en M\u00e9xico. Adem\u00e1s, mencion\u00f3 que dos vuelos adicionales se dirigieron a Guatemala, transportando migrantes originarios de ese pa\u00eds. [&hellip;]","og_url":"https:\/\/canal7slp.tv\/2025\/tammy-bruce-desmiente-rechazo-de-mexico-a-vuelos-de-deportacion-de-eua\/","og_site_name":"Canal 7 SLP - 2025","article_publisher":"https:\/\/www.facebook.com\/noticieroscanal7atencionciudadana\/","article_published_time":"2025-01-25T20:31:30+00:00","og_image":[{"width":800,"height":500,"url":"https:\/\/canal7slp.tv\/2025\/wp-content\/uploads\/2025\/01\/08-23.jpg","type":"image\/jpeg"}],"author":"Edici\u00f3n Web","twitter_card":"summary_large_image","twitter_creator":"@NOTICIEROS7","twitter_site":"@NOTICIEROS7","twitter_misc":{"Escrito por":"Edici\u00f3n Web","Tiempo de lectura":"1 minuto"},"schema":{"@context":"https:\/\/schema.org","@graph":[{"@type":"Article","@id":"https:\/\/canal7slp.tv\/2025\/tammy-bruce-desmiente-rechazo-de-mexico-a-vuelos-de-deportacion-de-eua\/#article","isPartOf":{"@id":"https:\/\/canal7slp.tv\/2025\/tammy-bruce-desmiente-rechazo-de-mexico-a-vuelos-de-deportacion-de-eua\/"},"author":{"name":"Edici\u00f3n Web","@id":"https:\/\/canal7slp.tv\/2025\/#\/schema\/person\/271e2b60a96e7cc9d9ac296f4d7e414b"},"headline":"Tammy Bruce desmiente rechazo de M\u00e9xico a vuelos de deportaci\u00f3n de EUA","datePublished":"2025-01-25T20:31:30+00:00","mainEntityOfPage":{"@id":"https:\/\/canal7slp.tv\/2025\/tammy-bruce-desmiente-rechazo-de-mexico-a-vuelos-de-deportacion-de-eua\/"},"wordCount":172,"publisher":{"@id":"https:\/\/canal7slp.tv\/2025\/#organization"},"image":{"@id":"https:\/\/canal7slp.tv\/2025\/tammy-bruce-desmiente-rechazo-de-mexico-a-vuelos-de-deportacion-de-eua\/#primaryimage"},"thumbnailUrl":"https:\/\/canal7slp.tv\/2025\/wp-content\/uploads\/2025\/01\/08-23.jpg","articleSection":["INTERNACIONALES"],"inLanguage":"es"},{"@type":"WebPage","@id":"https:\/\/canal7slp.tv\/2025\/tammy-bruce-desmiente-rechazo-de-mexico-a-vuelos-de-deportacion-de-eua\/","url":"https:\/\/canal7slp.tv\/2025\/tammy-bruce-desmiente-rechazo-de-mexico-a-vuelos-de-deportacion-de-eua\/","name":"Tammy Bruce desmiente rechazo de M\u00e9xico a vuelos de deportaci\u00f3n de EUA - Canal 7 SLP - 2025","isPartOf":{"@id":"https:\/\/canal7slp.tv\/2025\/#website"},"primaryImageOfPage":{"@id":"https:\/\/canal7slp.tv\/2025\/tammy-bruce-desmiente-rechazo-de-mexico-a-vuelos-de-deportacion-de-eua\/#primaryimage"},"image":{"@id":"https:\/\/canal7slp.tv\/2025\/tammy-bruce-desmiente-rechazo-de-mexico-a-vuelos-de-deportacion-de-eua\/#primaryimage"},"thumbnailUrl":"https:\/\/canal7slp.tv\/2025\/wp-content\/uploads\/2025\/01\/08-23.jpg","datePublished":"2025-01-25T20:31:30+00:00","breadcrumb":{"@id":"https:\/\/canal7slp.tv\/2025\/tammy-bruce-desmiente-rechazo-de-mexico-a-vuelos-de-deportacion-de-eua\/#breadcrumb"},"inLanguage":"es","potentialAction":[{"@type":"ReadAction","target":["https:\/\/canal7slp.tv\/2025\/tammy-bruce-desmiente-rechazo-de-mexico-a-vuelos-de-deportacion-de-eua\/"]}]},{"@type":"ImageObject","inLanguage":"es","@id":"https:\/\/canal7slp.tv\/2025\/tammy-bruce-desmiente-rechazo-de-mexico-a-vuelos-de-deportacion-de-eua\/#primaryimage","url":"https:\/\/canal7slp.tv\/2025\/wp-content\/uploads\/2025\/01\/08-23.jpg","contentUrl":"https:\/\/canal7slp.tv\/2025\/wp-content\/uploads\/2025\/01\/08-23.jpg","width":800,"height":500},{"@type":"BreadcrumbList","@id":"https:\/\/canal7slp.tv\/2025\/tammy-bruce-desmiente-rechazo-de-mexico-a-vuelos-de-deportacion-de-eua\/#breadcrumb","itemListElement":[{"@type":"ListItem","position":1,"name":"Portada","item":"https:\/\/canal7slp.tv\/2025\/"},{"@type":"ListItem","position":2,"name":"Tammy Bruce desmiente rechazo de M\u00e9xico a vuelos de deportaci\u00f3n de EUA"}]},{"@type":"WebSite","@id":"https:\/\/canal7slp.tv\/2025\/#website","url":"https:\/\/canal7slp.tv\/2025\/","name":"N7 - Noticieros Canal 7","description":"Somos el Medio","publisher":{"@id":"https:\/\/canal7slp.tv\/2025\/#organization"},"potentialAction":[{"@type":"SearchAction","target":{"@type":"EntryPoint","urlTemplate":"https:\/\/canal7slp.tv\/2025\/?s={search_term_string}"},"query-input":{"@type":"PropertyValueSpecification","valueRequired":true,"valueName":"search_term_string"}}],"inLanguage":"es"},{"@type":"Organization","@id":"https:\/\/canal7slp.tv\/2025\/#organization","name":"Noticieros Canal 7","url":"https:\/\/canal7slp.tv\/2025\/","logo":{"@type":"ImageObject","inLanguage":"es","@id":"https:\/\/canal7slp.tv\/2025\/#\/schema\/logo\/image\/","url":"https:\/\/canal7slp.tv\/2025\/wp-content\/uploads\/2021\/01\/logo-noticieros@2x.png","contentUrl":"https:\/\/canal7slp.tv\/2025\/wp-content\/uploads\/2021\/01\/logo-noticieros@2x.png","width":1017,"height":268,"caption":"Noticieros Canal 7"},"image":{"@id":"https:\/\/canal7slp.tv\/2025\/#\/schema\/logo\/image\/"},"sameAs":["https:\/\/www.facebook.com\/noticieroscanal7atencionciudadana\/","https:\/\/x.com\/NOTICIEROS7","https:\/\/www.instagram.com\/canal7_slp","https:\/\/www.youtube.com\/channel\/UCliiYs-gP3JfJeqdPrNdd5A"]},{"@type":"Person","@id":"https:\/\/canal7slp.tv\/2025\/#\/schema\/person\/271e2b60a96e7cc9d9ac296f4d7e414b","name":"Edici\u00f3n Web","image":{"@type":"ImageObject","inLanguage":"es","@id":"https:\/\/secure.gravatar.com\/avatar\/eee448fc3f7164808013b816ba91ac7e43bbe82a70bebac296f8bc6f0addaa1a?s=96&d=mm&r=g","url":"https:\/\/secure.gravatar.com\/avatar\/eee448fc3f7164808013b816ba91ac7e43bbe82a70bebac296f8bc6f0addaa1a?s=96&d=mm&r=g","contentUrl":"https:\/\/secure.gravatar.com\/avatar\/eee448fc3f7164808013b816ba91ac7e43bbe82a70bebac296f8bc6f0addaa1a?s=96&d=mm&r=g","caption":"Edici\u00f3n Web"},"url":"https:\/\/canal7slp.tv\/2025\/author\/edicionweb\/"}]}},"_links":{"self":[{"href":"https:\/\/canal7slp.tv\/2025\/wp-json\/wp\/v2\/posts\/155455","targetHints":{"allow":["GET"]}}],"collection":[{"href":"https:\/\/canal7slp.tv\/2025\/wp-json\/wp\/v2\/posts"}],"about":[{"href":"https:\/\/canal7slp.tv\/2025\/wp-json\/wp\/v2\/types\/post"}],"author":[{"embeddable":true,"href":"https:\/\/canal7slp.tv\/2025\/wp-json\/wp\/v2\/users\/2"}],"replies":[{"embeddable":true,"href":"https:\/\/canal7slp.tv\/2025\/wp-json\/wp\/v2\/comments?post=155455"}],"version-history":[{"count":1,"href":"https:\/\/canal7slp.tv\/2025\/wp-json\/wp\/v2\/posts\/155455\/revisions"}],"predecessor-version":[{"id":155457,"href":"https:\/\/canal7slp.tv\/2025\/wp-json\/wp\/v2\/posts\/155455\/revisions\/155457"}],"wp:featuredmedia":[{"embeddable":true,"href":"https:\/\/canal7slp.tv\/2025\/wp-json\/wp\/v2\/media\/155456"}],"wp:attachment":[{"href":"https:\/\/canal7slp.tv\/2025\/wp-json\/wp\/v2\/media?parent=155455"}],"wp:term":[{"taxonomy":"category","embeddable":true,"href":"https:\/\/canal7slp.tv\/2025\/wp-json\/wp\/v2\/categories?post=155455"},{"taxonomy":"post_tag","embeddable":true,"href":"https:\/\/canal7slp.tv\/2025\/wp-json\/wp\/v2\/tags?post=155455"}],"curies":[{"name":"wp","href":"https:\/\/api.w.org\/{rel}","templated":true}]}}