{"id":155167,"date":"2025-01-23T18:33:20","date_gmt":"2025-01-24T00:33:20","guid":{"rendered":"https:\/\/canal7slp.tv\/2025\/?p=155167"},"modified":"2025-01-23T18:33:20","modified_gmt":"2025-01-24T00:33:20","slug":"escuela-secundaria-tecnica-y-primaria-tipo-21-de-agosto-no-cierran-sus-instalaciones","status":"publish","type":"post","link":"https:\/\/canal7slp.tv\/2025\/escuela-secundaria-tecnica-y-primaria-tipo-21-de-agosto-no-cierran-sus-instalaciones\/","title":{"rendered":"Escuela Secundaria T\u00e9cnica y Primaria Tipo 21 de Agosto no cierran sus instalaciones"},"content":{"rendered":"<p style=\"text-align: justify;\"><span style=\"font-size: 1.21429rem;\">SLP.- En el tercer d\u00eda del conflicto en la escuela Secundaria T\u00e9cnica #1 y la escuela primaria Tipo 21 de Agosto, padres de familia sostuvieron una reuni\u00f3n con el secretario de Educaci\u00f3n del gobierno del estado, Juan Carlos Torres Cedillo.<\/span><\/p>\n<p style=\"text-align: justify;\">En lo que respecta a la secundaria se acord\u00f3 que los padres de familia realizar\u00e1n una campa\u00f1a de promoci\u00f3n para la inscripci\u00f3n al plantel educativo, aunque la presidenta de la mesa directiva afirm\u00f3 que solo fue un acuerdo verbal.<\/p>\n<p style=\"text-align: justify;\">El acuerdo incluye un censo de la poblaci\u00f3n estudiantil y mejoras en el ciclo escolar para incrementar la matr\u00edcula, por lo que la escuela de momento no se cierra.<\/p>\n<p style=\"text-align: justify;\">En lo que respecta a la escuela primaria Tipo 21 de Agosto, se acord\u00f3 que \u00e9sta tambi\u00e9n seguir\u00e1 abierta al establecerse el compromiso que mantendr\u00e1 un rango de de entre 21 y 24 alumnos por docente, para asegurar la viabilidad del plantel.<\/p>\n<p style=\"text-align: justify;\">Por lo que respecta a la escuela primaria esto fue lo que dijo el funcionario estatal.<\/p>\n<p style=\"text-align: justify;\">Al decir que el proyecto de la Universidad \u201cRosario Castellanos\u201d sigue siendo una prioridad el titular de la SEGE, dijo sin embargo que la prioridad principal es el derecho a la educaci\u00f3n de los ni\u00f1os.<\/p>\n<p>Por: Claudio Ibarra<\/p>\n","protected":false},"excerpt":{"rendered":"<p>SLP.- En el tercer d\u00eda del conflicto en la escuela Secundaria T\u00e9cnica #1 y la escuela primaria Tipo 21 de Agosto, padres de familia sostuvieron una reuni\u00f3n con el secretario de Educaci\u00f3n del gobierno del estado, Juan Carlos Torres Cedillo. En lo que respecta a la secundaria se acord\u00f3 que los padres de familia realizar\u00e1n una campa\u00f1a de promoci\u00f3n para la inscripci\u00f3n al plantel educativo, aunque la presidenta de la mesa directiva afirm\u00f3 que solo fue un acuerdo verbal. El acuerdo incluye un censo de la poblaci\u00f3n estudiantil y mejoras en el ciclo escolar para incrementar la matr\u00edcula, por lo [&hellip;]<\/p>\n","protected":false},"author":2,"featured_media":155178,"comment_status":"closed","ping_status":"closed","sticky":false,"template":"","format":"video","meta":{"_monsterinsights_skip_tracking":false,"_monsterinsights_sitenote_active":false,"_monsterinsights_sitenote_note":"","_monsterinsights_sitenote_category":0,"footnotes":""},"categories":[5,510,45],"tags":[],"class_list":["post-155167","post","type-post","status-publish","format-video","has-post-thumbnail","hentry","category-destacadas","category-gobedoslp","category-localesyregionales","post_format-post-format-video","post--single"],"yoast_head":"<!-- This site is optimized with the Yoast SEO plugin v27.5 - https:\/\/yoast.com\/product\/yoast-seo-wordpress\/ -->\n<title>Escuela Secundaria T\u00e9cnica y Primaria Tipo 21 de Agosto no cierran sus instalaciones - Canal 7 SLP - 2025<\/title>\n<meta name=\"robots\" content=\"index, follow, max-snippet:-1, max-image-preview:large, max-video-preview:-1\" \/>\n<link rel=\"canonical\" href=\"https:\/\/canal7slp.tv\/2025\/escuela-secundaria-tecnica-y-primaria-tipo-21-de-agosto-no-cierran-sus-instalaciones\/\" \/>\n<meta property=\"og:locale\" content=\"es_ES\" \/>\n<meta property=\"og:type\" content=\"article\" \/>\n<meta property=\"og:title\" content=\"Escuela Secundaria T\u00e9cnica y Primaria Tipo 21 de Agosto no cierran sus instalaciones - Canal 7 SLP - 2025\" \/>\n<meta property=\"og:description\" content=\"SLP.- En el tercer d\u00eda del conflicto en la escuela Secundaria T\u00e9cnica #1 y la escuela primaria Tipo 21 de Agosto, padres de familia sostuvieron una reuni\u00f3n con el secretario de Educaci\u00f3n del gobierno del estado, Juan Carlos Torres Cedillo. En lo que respecta a la secundaria se acord\u00f3 que los padres de familia realizar\u00e1n una campa\u00f1a de promoci\u00f3n para la inscripci\u00f3n al plantel educativo, aunque la presidenta de la mesa directiva afirm\u00f3 que solo fue un acuerdo verbal. El acuerdo incluye un censo de la poblaci\u00f3n estudiantil y mejoras en el ciclo escolar para incrementar la matr\u00edcula, por lo [&hellip;]\" \/>\n<meta property=\"og:url\" content=\"https:\/\/canal7slp.tv\/2025\/escuela-secundaria-tecnica-y-primaria-tipo-21-de-agosto-no-cierran-sus-instalaciones\/\" \/>\n<meta property=\"og:site_name\" content=\"Canal 7 SLP - 2025\" \/>\n<meta property=\"article:publisher\" content=\"https:\/\/www.facebook.com\/noticieroscanal7atencionciudadana\/\" \/>\n<meta property=\"article:published_time\" content=\"2025-01-24T00:33:20+00:00\" \/>\n<meta property=\"og:image\" content=\"https:\/\/canal7slp.tv\/2025\/wp-content\/uploads\/2025\/01\/Claudio01Acuerdos.jpg\" \/>\n\t<meta property=\"og:image:width\" content=\"1280\" \/>\n\t<meta property=\"og:image:height\" content=\"720\" \/>\n\t<meta property=\"og:image:type\" content=\"image\/jpeg\" \/>\n<meta name=\"author\" content=\"Edici\u00f3n Web\" \/>\n<meta name=\"twitter:card\" content=\"summary_large_image\" \/>\n<meta name=\"twitter:creator\" content=\"@NOTICIEROS7\" \/>\n<meta name=\"twitter:site\" content=\"@NOTICIEROS7\" \/>\n<meta name=\"twitter:label1\" content=\"Escrito por\" \/>\n\t<meta name=\"twitter:data1\" content=\"Edici\u00f3n Web\" \/>\n\t<meta name=\"twitter:label2\" content=\"Tiempo de lectura\" \/>\n\t<meta name=\"twitter:data2\" content=\"1 minuto\" \/>\n<script type=\"application\/ld+json\" class=\"yoast-schema-graph\">{\"@context\":\"https:\\\/\\\/schema.org\",\"@graph\":[{\"@type\":\"Article\",\"@id\":\"https:\\\/\\\/canal7slp.tv\\\/2025\\\/escuela-secundaria-tecnica-y-primaria-tipo-21-de-agosto-no-cierran-sus-instalaciones\\\/#article\",\"isPartOf\":{\"@id\":\"https:\\\/\\\/canal7slp.tv\\\/2025\\\/escuela-secundaria-tecnica-y-primaria-tipo-21-de-agosto-no-cierran-sus-instalaciones\\\/\"},\"author\":{\"name\":\"Edici\u00f3n Web\",\"@id\":\"https:\\\/\\\/canal7slp.tv\\\/2025\\\/#\\\/schema\\\/person\\\/271e2b60a96e7cc9d9ac296f4d7e414b\"},\"headline\":\"Escuela Secundaria T\u00e9cnica y Primaria Tipo 21 de Agosto no cierran sus instalaciones\",\"datePublished\":\"2025-01-24T00:33:20+00:00\",\"mainEntityOfPage\":{\"@id\":\"https:\\\/\\\/canal7slp.tv\\\/2025\\\/escuela-secundaria-tecnica-y-primaria-tipo-21-de-agosto-no-cierran-sus-instalaciones\\\/\"},\"wordCount\":226,\"publisher\":{\"@id\":\"https:\\\/\\\/canal7slp.tv\\\/2025\\\/#organization\"},\"image\":{\"@id\":\"https:\\\/\\\/canal7slp.tv\\\/2025\\\/escuela-secundaria-tecnica-y-primaria-tipo-21-de-agosto-no-cierran-sus-instalaciones\\\/#primaryimage\"},\"thumbnailUrl\":\"https:\\\/\\\/canal7slp.tv\\\/2025\\\/wp-content\\\/uploads\\\/2025\\\/01\\\/Claudio01Acuerdos.jpg\",\"articleSection\":[\"DESTACADAS\",\"GOBEDOSLP\",\"LOCALES Y REGIONALES\"],\"inLanguage\":\"es\"},{\"@type\":\"WebPage\",\"@id\":\"https:\\\/\\\/canal7slp.tv\\\/2025\\\/escuela-secundaria-tecnica-y-primaria-tipo-21-de-agosto-no-cierran-sus-instalaciones\\\/\",\"url\":\"https:\\\/\\\/canal7slp.tv\\\/2025\\\/escuela-secundaria-tecnica-y-primaria-tipo-21-de-agosto-no-cierran-sus-instalaciones\\\/\",\"name\":\"Escuela Secundaria T\u00e9cnica y Primaria Tipo 21 de Agosto no cierran sus instalaciones - Canal 7 SLP - 2025\",\"isPartOf\":{\"@id\":\"https:\\\/\\\/canal7slp.tv\\\/2025\\\/#website\"},\"primaryImageOfPage\":{\"@id\":\"https:\\\/\\\/canal7slp.tv\\\/2025\\\/escuela-secundaria-tecnica-y-primaria-tipo-21-de-agosto-no-cierran-sus-instalaciones\\\/#primaryimage\"},\"image\":{\"@id\":\"https:\\\/\\\/canal7slp.tv\\\/2025\\\/escuela-secundaria-tecnica-y-primaria-tipo-21-de-agosto-no-cierran-sus-instalaciones\\\/#primaryimage\"},\"thumbnailUrl\":\"https:\\\/\\\/canal7slp.tv\\\/2025\\\/wp-content\\\/uploads\\\/2025\\\/01\\\/Claudio01Acuerdos.jpg\",\"datePublished\":\"2025-01-24T00:33:20+00:00\",\"breadcrumb\":{\"@id\":\"https:\\\/\\\/canal7slp.tv\\\/2025\\\/escuela-secundaria-tecnica-y-primaria-tipo-21-de-agosto-no-cierran-sus-instalaciones\\\/#breadcrumb\"},\"inLanguage\":\"es\",\"potentialAction\":[{\"@type\":\"ReadAction\",\"target\":[\"https:\\\/\\\/canal7slp.tv\\\/2025\\\/escuela-secundaria-tecnica-y-primaria-tipo-21-de-agosto-no-cierran-sus-instalaciones\\\/\"]}]},{\"@type\":\"ImageObject\",\"inLanguage\":\"es\",\"@id\":\"https:\\\/\\\/canal7slp.tv\\\/2025\\\/escuela-secundaria-tecnica-y-primaria-tipo-21-de-agosto-no-cierran-sus-instalaciones\\\/#primaryimage\",\"url\":\"https:\\\/\\\/canal7slp.tv\\\/2025\\\/wp-content\\\/uploads\\\/2025\\\/01\\\/Claudio01Acuerdos.jpg\",\"contentUrl\":\"https:\\\/\\\/canal7slp.tv\\\/2025\\\/wp-content\\\/uploads\\\/2025\\\/01\\\/Claudio01Acuerdos.jpg\",\"width\":1280,\"height\":720},{\"@type\":\"BreadcrumbList\",\"@id\":\"https:\\\/\\\/canal7slp.tv\\\/2025\\\/escuela-secundaria-tecnica-y-primaria-tipo-21-de-agosto-no-cierran-sus-instalaciones\\\/#breadcrumb\",\"itemListElement\":[{\"@type\":\"ListItem\",\"position\":1,\"name\":\"Portada\",\"item\":\"https:\\\/\\\/canal7slp.tv\\\/2025\\\/\"},{\"@type\":\"ListItem\",\"position\":2,\"name\":\"Escuela Secundaria T\u00e9cnica y Primaria Tipo 21 de Agosto no cierran sus instalaciones\"}]},{\"@type\":\"WebSite\",\"@id\":\"https:\\\/\\\/canal7slp.tv\\\/2025\\\/#website\",\"url\":\"https:\\\/\\\/canal7slp.tv\\\/2025\\\/\",\"name\":\"N7 - Noticieros Canal 7\",\"description\":\"Somos el Medio\",\"publisher\":{\"@id\":\"https:\\\/\\\/canal7slp.tv\\\/2025\\\/#organization\"},\"potentialAction\":[{\"@type\":\"SearchAction\",\"target\":{\"@type\":\"EntryPoint\",\"urlTemplate\":\"https:\\\/\\\/canal7slp.tv\\\/2025\\\/?s={search_term_string}\"},\"query-input\":{\"@type\":\"PropertyValueSpecification\",\"valueRequired\":true,\"valueName\":\"search_term_string\"}}],\"inLanguage\":\"es\"},{\"@type\":\"Organization\",\"@id\":\"https:\\\/\\\/canal7slp.tv\\\/2025\\\/#organization\",\"name\":\"Noticieros Canal 7\",\"url\":\"https:\\\/\\\/canal7slp.tv\\\/2025\\\/\",\"logo\":{\"@type\":\"ImageObject\",\"inLanguage\":\"es\",\"@id\":\"https:\\\/\\\/canal7slp.tv\\\/2025\\\/#\\\/schema\\\/logo\\\/image\\\/\",\"url\":\"https:\\\/\\\/canal7slp.tv\\\/2025\\\/wp-content\\\/uploads\\\/2021\\\/01\\\/logo-noticieros@2x.png\",\"contentUrl\":\"https:\\\/\\\/canal7slp.tv\\\/2025\\\/wp-content\\\/uploads\\\/2021\\\/01\\\/logo-noticieros@2x.png\",\"width\":1017,\"height\":268,\"caption\":\"Noticieros Canal 7\"},\"image\":{\"@id\":\"https:\\\/\\\/canal7slp.tv\\\/2025\\\/#\\\/schema\\\/logo\\\/image\\\/\"},\"sameAs\":[\"https:\\\/\\\/www.facebook.com\\\/noticieroscanal7atencionciudadana\\\/\",\"https:\\\/\\\/x.com\\\/NOTICIEROS7\",\"https:\\\/\\\/www.instagram.com\\\/canal7_slp\",\"https:\\\/\\\/www.youtube.com\\\/channel\\\/UCliiYs-gP3JfJeqdPrNdd5A\"]},{\"@type\":\"Person\",\"@id\":\"https:\\\/\\\/canal7slp.tv\\\/2025\\\/#\\\/schema\\\/person\\\/271e2b60a96e7cc9d9ac296f4d7e414b\",\"name\":\"Edici\u00f3n Web\",\"image\":{\"@type\":\"ImageObject\",\"inLanguage\":\"es\",\"@id\":\"https:\\\/\\\/secure.gravatar.com\\\/avatar\\\/eee448fc3f7164808013b816ba91ac7e43bbe82a70bebac296f8bc6f0addaa1a?s=96&d=mm&r=g\",\"url\":\"https:\\\/\\\/secure.gravatar.com\\\/avatar\\\/eee448fc3f7164808013b816ba91ac7e43bbe82a70bebac296f8bc6f0addaa1a?s=96&d=mm&r=g\",\"contentUrl\":\"https:\\\/\\\/secure.gravatar.com\\\/avatar\\\/eee448fc3f7164808013b816ba91ac7e43bbe82a70bebac296f8bc6f0addaa1a?s=96&d=mm&r=g\",\"caption\":\"Edici\u00f3n Web\"},\"url\":\"https:\\\/\\\/canal7slp.tv\\\/2025\\\/author\\\/edicionweb\\\/\"}]}<\/script>\n<!-- \/ Yoast SEO plugin. -->","yoast_head_json":{"title":"Escuela Secundaria T\u00e9cnica y Primaria Tipo 21 de Agosto no cierran sus instalaciones - Canal 7 SLP - 2025","robots":{"index":"index","follow":"follow","max-snippet":"max-snippet:-1","max-image-preview":"max-image-preview:large","max-video-preview":"max-video-preview:-1"},"canonical":"https:\/\/canal7slp.tv\/2025\/escuela-secundaria-tecnica-y-primaria-tipo-21-de-agosto-no-cierran-sus-instalaciones\/","og_locale":"es_ES","og_type":"article","og_title":"Escuela Secundaria T\u00e9cnica y Primaria Tipo 21 de Agosto no cierran sus instalaciones - Canal 7 SLP - 2025","og_description":"SLP.- En el tercer d\u00eda del conflicto en la escuela Secundaria T\u00e9cnica #1 y la escuela primaria Tipo 21 de Agosto, padres de familia sostuvieron una reuni\u00f3n con el secretario de Educaci\u00f3n del gobierno del estado, Juan Carlos Torres Cedillo. En lo que respecta a la secundaria se acord\u00f3 que los padres de familia realizar\u00e1n una campa\u00f1a de promoci\u00f3n para la inscripci\u00f3n al plantel educativo, aunque la presidenta de la mesa directiva afirm\u00f3 que solo fue un acuerdo verbal. El acuerdo incluye un censo de la poblaci\u00f3n estudiantil y mejoras en el ciclo escolar para incrementar la matr\u00edcula, por lo [&hellip;]","og_url":"https:\/\/canal7slp.tv\/2025\/escuela-secundaria-tecnica-y-primaria-tipo-21-de-agosto-no-cierran-sus-instalaciones\/","og_site_name":"Canal 7 SLP - 2025","article_publisher":"https:\/\/www.facebook.com\/noticieroscanal7atencionciudadana\/","article_published_time":"2025-01-24T00:33:20+00:00","og_image":[{"width":1280,"height":720,"url":"https:\/\/canal7slp.tv\/2025\/wp-content\/uploads\/2025\/01\/Claudio01Acuerdos.jpg","type":"image\/jpeg"}],"author":"Edici\u00f3n Web","twitter_card":"summary_large_image","twitter_creator":"@NOTICIEROS7","twitter_site":"@NOTICIEROS7","twitter_misc":{"Escrito por":"Edici\u00f3n Web","Tiempo de lectura":"1 minuto"},"schema":{"@context":"https:\/\/schema.org","@graph":[{"@type":"Article","@id":"https:\/\/canal7slp.tv\/2025\/escuela-secundaria-tecnica-y-primaria-tipo-21-de-agosto-no-cierran-sus-instalaciones\/#article","isPartOf":{"@id":"https:\/\/canal7slp.tv\/2025\/escuela-secundaria-tecnica-y-primaria-tipo-21-de-agosto-no-cierran-sus-instalaciones\/"},"author":{"name":"Edici\u00f3n Web","@id":"https:\/\/canal7slp.tv\/2025\/#\/schema\/person\/271e2b60a96e7cc9d9ac296f4d7e414b"},"headline":"Escuela Secundaria T\u00e9cnica y Primaria Tipo 21 de Agosto no cierran sus instalaciones","datePublished":"2025-01-24T00:33:20+00:00","mainEntityOfPage":{"@id":"https:\/\/canal7slp.tv\/2025\/escuela-secundaria-tecnica-y-primaria-tipo-21-de-agosto-no-cierran-sus-instalaciones\/"},"wordCount":226,"publisher":{"@id":"https:\/\/canal7slp.tv\/2025\/#organization"},"image":{"@id":"https:\/\/canal7slp.tv\/2025\/escuela-secundaria-tecnica-y-primaria-tipo-21-de-agosto-no-cierran-sus-instalaciones\/#primaryimage"},"thumbnailUrl":"https:\/\/canal7slp.tv\/2025\/wp-content\/uploads\/2025\/01\/Claudio01Acuerdos.jpg","articleSection":["DESTACADAS","GOBEDOSLP","LOCALES Y REGIONALES"],"inLanguage":"es"},{"@type":"WebPage","@id":"https:\/\/canal7slp.tv\/2025\/escuela-secundaria-tecnica-y-primaria-tipo-21-de-agosto-no-cierran-sus-instalaciones\/","url":"https:\/\/canal7slp.tv\/2025\/escuela-secundaria-tecnica-y-primaria-tipo-21-de-agosto-no-cierran-sus-instalaciones\/","name":"Escuela Secundaria T\u00e9cnica y Primaria Tipo 21 de Agosto no cierran sus instalaciones - Canal 7 SLP - 2025","isPartOf":{"@id":"https:\/\/canal7slp.tv\/2025\/#website"},"primaryImageOfPage":{"@id":"https:\/\/canal7slp.tv\/2025\/escuela-secundaria-tecnica-y-primaria-tipo-21-de-agosto-no-cierran-sus-instalaciones\/#primaryimage"},"image":{"@id":"https:\/\/canal7slp.tv\/2025\/escuela-secundaria-tecnica-y-primaria-tipo-21-de-agosto-no-cierran-sus-instalaciones\/#primaryimage"},"thumbnailUrl":"https:\/\/canal7slp.tv\/2025\/wp-content\/uploads\/2025\/01\/Claudio01Acuerdos.jpg","datePublished":"2025-01-24T00:33:20+00:00","breadcrumb":{"@id":"https:\/\/canal7slp.tv\/2025\/escuela-secundaria-tecnica-y-primaria-tipo-21-de-agosto-no-cierran-sus-instalaciones\/#breadcrumb"},"inLanguage":"es","potentialAction":[{"@type":"ReadAction","target":["https:\/\/canal7slp.tv\/2025\/escuela-secundaria-tecnica-y-primaria-tipo-21-de-agosto-no-cierran-sus-instalaciones\/"]}]},{"@type":"ImageObject","inLanguage":"es","@id":"https:\/\/canal7slp.tv\/2025\/escuela-secundaria-tecnica-y-primaria-tipo-21-de-agosto-no-cierran-sus-instalaciones\/#primaryimage","url":"https:\/\/canal7slp.tv\/2025\/wp-content\/uploads\/2025\/01\/Claudio01Acuerdos.jpg","contentUrl":"https:\/\/canal7slp.tv\/2025\/wp-content\/uploads\/2025\/01\/Claudio01Acuerdos.jpg","width":1280,"height":720},{"@type":"BreadcrumbList","@id":"https:\/\/canal7slp.tv\/2025\/escuela-secundaria-tecnica-y-primaria-tipo-21-de-agosto-no-cierran-sus-instalaciones\/#breadcrumb","itemListElement":[{"@type":"ListItem","position":1,"name":"Portada","item":"https:\/\/canal7slp.tv\/2025\/"},{"@type":"ListItem","position":2,"name":"Escuela Secundaria T\u00e9cnica y Primaria Tipo 21 de Agosto no cierran sus instalaciones"}]},{"@type":"WebSite","@id":"https:\/\/canal7slp.tv\/2025\/#website","url":"https:\/\/canal7slp.tv\/2025\/","name":"N7 - Noticieros Canal 7","description":"Somos el Medio","publisher":{"@id":"https:\/\/canal7slp.tv\/2025\/#organization"},"potentialAction":[{"@type":"SearchAction","target":{"@type":"EntryPoint","urlTemplate":"https:\/\/canal7slp.tv\/2025\/?s={search_term_string}"},"query-input":{"@type":"PropertyValueSpecification","valueRequired":true,"valueName":"search_term_string"}}],"inLanguage":"es"},{"@type":"Organization","@id":"https:\/\/canal7slp.tv\/2025\/#organization","name":"Noticieros Canal 7","url":"https:\/\/canal7slp.tv\/2025\/","logo":{"@type":"ImageObject","inLanguage":"es","@id":"https:\/\/canal7slp.tv\/2025\/#\/schema\/logo\/image\/","url":"https:\/\/canal7slp.tv\/2025\/wp-content\/uploads\/2021\/01\/logo-noticieros@2x.png","contentUrl":"https:\/\/canal7slp.tv\/2025\/wp-content\/uploads\/2021\/01\/logo-noticieros@2x.png","width":1017,"height":268,"caption":"Noticieros Canal 7"},"image":{"@id":"https:\/\/canal7slp.tv\/2025\/#\/schema\/logo\/image\/"},"sameAs":["https:\/\/www.facebook.com\/noticieroscanal7atencionciudadana\/","https:\/\/x.com\/NOTICIEROS7","https:\/\/www.instagram.com\/canal7_slp","https:\/\/www.youtube.com\/channel\/UCliiYs-gP3JfJeqdPrNdd5A"]},{"@type":"Person","@id":"https:\/\/canal7slp.tv\/2025\/#\/schema\/person\/271e2b60a96e7cc9d9ac296f4d7e414b","name":"Edici\u00f3n Web","image":{"@type":"ImageObject","inLanguage":"es","@id":"https:\/\/secure.gravatar.com\/avatar\/eee448fc3f7164808013b816ba91ac7e43bbe82a70bebac296f8bc6f0addaa1a?s=96&d=mm&r=g","url":"https:\/\/secure.gravatar.com\/avatar\/eee448fc3f7164808013b816ba91ac7e43bbe82a70bebac296f8bc6f0addaa1a?s=96&d=mm&r=g","contentUrl":"https:\/\/secure.gravatar.com\/avatar\/eee448fc3f7164808013b816ba91ac7e43bbe82a70bebac296f8bc6f0addaa1a?s=96&d=mm&r=g","caption":"Edici\u00f3n Web"},"url":"https:\/\/canal7slp.tv\/2025\/author\/edicionweb\/"}]}},"_links":{"self":[{"href":"https:\/\/canal7slp.tv\/2025\/wp-json\/wp\/v2\/posts\/155167","targetHints":{"allow":["GET"]}}],"collection":[{"href":"https:\/\/canal7slp.tv\/2025\/wp-json\/wp\/v2\/posts"}],"about":[{"href":"https:\/\/canal7slp.tv\/2025\/wp-json\/wp\/v2\/types\/post"}],"author":[{"embeddable":true,"href":"https:\/\/canal7slp.tv\/2025\/wp-json\/wp\/v2\/users\/2"}],"replies":[{"embeddable":true,"href":"https:\/\/canal7slp.tv\/2025\/wp-json\/wp\/v2\/comments?post=155167"}],"version-history":[{"count":2,"href":"https:\/\/canal7slp.tv\/2025\/wp-json\/wp\/v2\/posts\/155167\/revisions"}],"predecessor-version":[{"id":155179,"href":"https:\/\/canal7slp.tv\/2025\/wp-json\/wp\/v2\/posts\/155167\/revisions\/155179"}],"wp:featuredmedia":[{"embeddable":true,"href":"https:\/\/canal7slp.tv\/2025\/wp-json\/wp\/v2\/media\/155178"}],"wp:attachment":[{"href":"https:\/\/canal7slp.tv\/2025\/wp-json\/wp\/v2\/media?parent=155167"}],"wp:term":[{"taxonomy":"category","embeddable":true,"href":"https:\/\/canal7slp.tv\/2025\/wp-json\/wp\/v2\/categories?post=155167"},{"taxonomy":"post_tag","embeddable":true,"href":"https:\/\/canal7slp.tv\/2025\/wp-json\/wp\/v2\/tags?post=155167"}],"curies":[{"name":"wp","href":"https:\/\/api.w.org\/{rel}","templated":true}]}}