{"id":155157,"date":"2025-01-23T18:10:41","date_gmt":"2025-01-24T00:10:41","guid":{"rendered":"https:\/\/canal7slp.tv\/2025\/?p=155157"},"modified":"2025-01-23T18:10:41","modified_gmt":"2025-01-24T00:10:41","slug":"ipac-realizo-el-panel-perspectivas-economicas","status":"publish","type":"post","link":"https:\/\/canal7slp.tv\/2025\/ipac-realizo-el-panel-perspectivas-economicas\/","title":{"rendered":"IPAC realiz\u00f3 el panel \u201cPerspectivas Econ\u00f3micas\u201d"},"content":{"rendered":"<p style=\"text-align: justify;\"><span style=\"font-size: 1.21429rem;\">SLP.- El panel \u201cPerspectivas Econ\u00f3micas\u201d se realiz\u00f3 por Industriales Potosinos A.C., en el mismo se registr\u00f3 la participaci\u00f3n de Gustavo Puente Estrada, empresario y ex servidor p\u00fablico en San Luis Potos\u00ed.<\/span><\/p>\n<p style=\"text-align: justify;\">El empresario Puente Estrada se\u00f1al\u00f3 que es necesario activar la econom\u00eda mexicana en aras de evitar repercusiones por el gobierno de Estados Unidos de Am\u00e9rica del cual reci\u00e9n tom\u00f3 las riendas Donald Trump.<\/p>\n<p style=\"text-align: justify;\">\u201cNosotros tenemos necesidad de traer empleos porque Trump nos puede acabar y m\u00e1s en la industria automotriz si realmente avanzan las intensiones de Trump\u201d.<\/p>\n<p style=\"text-align: justify;\">Destac\u00f3 que en la entidad potosina es el eje principal de la comunicaci\u00f3n terrestre en el pa\u00eds, por lo que tambi\u00e9n la infraestructura deber\u00eda mejorarse.<\/p>\n<p style=\"text-align: justify;\">\u201cCinco horas de Quer\u00e9taro hasta cinco horas y no hab\u00eda ni un coche descompuesto, no hab\u00eda arreglando nada, no hab\u00eda nada, entonces \u00bfpor qu\u00e9 cinco horas?, porque est\u00e1 invadido de coches, est\u00e1 invadido de autos (\u2026) y las aver\u00edas todos hemos visto al carretera, como se tiene pero porque nos ha faltado participar c\u00edvicamente\u201d.<\/p>\n<p>Por: Juan Carlos Contreras<\/p>\n","protected":false},"excerpt":{"rendered":"<p>SLP.- El panel \u201cPerspectivas Econ\u00f3micas\u201d se realiz\u00f3 por Industriales Potosinos A.C., en el mismo se registr\u00f3 la participaci\u00f3n de Gustavo Puente Estrada, empresario y ex servidor p\u00fablico en San Luis Potos\u00ed. El empresario Puente Estrada se\u00f1al\u00f3 que es necesario activar la econom\u00eda mexicana en aras de evitar repercusiones por el gobierno de Estados Unidos de Am\u00e9rica del cual reci\u00e9n tom\u00f3 las riendas Donald Trump. \u201cNosotros tenemos necesidad de traer empleos porque Trump nos puede acabar y m\u00e1s en la industria automotriz si realmente avanzan las intensiones de Trump\u201d. Destac\u00f3 que en la entidad potosina es el eje principal de la [&hellip;]<\/p>\n","protected":false},"author":2,"featured_media":155165,"comment_status":"closed","ping_status":"closed","sticky":false,"template":"","format":"video","meta":{"_monsterinsights_skip_tracking":false,"_monsterinsights_sitenote_active":false,"_monsterinsights_sitenote_note":"","_monsterinsights_sitenote_category":0,"footnotes":""},"categories":[5,45],"tags":[],"class_list":["post-155157","post","type-post","status-publish","format-video","has-post-thumbnail","hentry","category-destacadas","category-localesyregionales","post_format-post-format-video","post--single"],"yoast_head":"<!-- This site is optimized with the Yoast SEO plugin v27.5 - https:\/\/yoast.com\/product\/yoast-seo-wordpress\/ -->\n<title>IPAC realiz\u00f3 el panel \u201cPerspectivas Econ\u00f3micas\u201d - Canal 7 SLP - 2025<\/title>\n<meta name=\"robots\" content=\"index, follow, max-snippet:-1, max-image-preview:large, max-video-preview:-1\" \/>\n<link rel=\"canonical\" href=\"https:\/\/canal7slp.tv\/2025\/ipac-realizo-el-panel-perspectivas-economicas\/\" \/>\n<meta property=\"og:locale\" content=\"es_ES\" \/>\n<meta property=\"og:type\" content=\"article\" \/>\n<meta property=\"og:title\" content=\"IPAC realiz\u00f3 el panel \u201cPerspectivas Econ\u00f3micas\u201d - Canal 7 SLP - 2025\" \/>\n<meta property=\"og:description\" content=\"SLP.- El panel \u201cPerspectivas Econ\u00f3micas\u201d se realiz\u00f3 por Industriales Potosinos A.C., en el mismo se registr\u00f3 la participaci\u00f3n de Gustavo Puente Estrada, empresario y ex servidor p\u00fablico en San Luis Potos\u00ed. El empresario Puente Estrada se\u00f1al\u00f3 que es necesario activar la econom\u00eda mexicana en aras de evitar repercusiones por el gobierno de Estados Unidos de Am\u00e9rica del cual reci\u00e9n tom\u00f3 las riendas Donald Trump. \u201cNosotros tenemos necesidad de traer empleos porque Trump nos puede acabar y m\u00e1s en la industria automotriz si realmente avanzan las intensiones de Trump\u201d. Destac\u00f3 que en la entidad potosina es el eje principal de la [&hellip;]\" \/>\n<meta property=\"og:url\" content=\"https:\/\/canal7slp.tv\/2025\/ipac-realizo-el-panel-perspectivas-economicas\/\" \/>\n<meta property=\"og:site_name\" content=\"Canal 7 SLP - 2025\" \/>\n<meta property=\"article:publisher\" content=\"https:\/\/www.facebook.com\/noticieroscanal7atencionciudadana\/\" \/>\n<meta property=\"article:published_time\" content=\"2025-01-24T00:10:41+00:00\" \/>\n<meta property=\"og:image\" content=\"https:\/\/canal7slp.tv\/2025\/wp-content\/uploads\/2025\/01\/Poky04IndustrialesPotosinos.jpg\" \/>\n\t<meta property=\"og:image:width\" content=\"1280\" \/>\n\t<meta property=\"og:image:height\" content=\"720\" \/>\n\t<meta property=\"og:image:type\" content=\"image\/jpeg\" \/>\n<meta name=\"author\" content=\"Edici\u00f3n Web\" \/>\n<meta name=\"twitter:card\" content=\"summary_large_image\" \/>\n<meta name=\"twitter:creator\" content=\"@NOTICIEROS7\" \/>\n<meta name=\"twitter:site\" content=\"@NOTICIEROS7\" \/>\n<meta name=\"twitter:label1\" content=\"Escrito por\" \/>\n\t<meta name=\"twitter:data1\" content=\"Edici\u00f3n Web\" \/>\n\t<meta name=\"twitter:label2\" content=\"Tiempo de lectura\" \/>\n\t<meta name=\"twitter:data2\" content=\"1 minuto\" \/>\n<script type=\"application\/ld+json\" class=\"yoast-schema-graph\">{\"@context\":\"https:\\\/\\\/schema.org\",\"@graph\":[{\"@type\":\"Article\",\"@id\":\"https:\\\/\\\/canal7slp.tv\\\/2025\\\/ipac-realizo-el-panel-perspectivas-economicas\\\/#article\",\"isPartOf\":{\"@id\":\"https:\\\/\\\/canal7slp.tv\\\/2025\\\/ipac-realizo-el-panel-perspectivas-economicas\\\/\"},\"author\":{\"name\":\"Edici\u00f3n Web\",\"@id\":\"https:\\\/\\\/canal7slp.tv\\\/2025\\\/#\\\/schema\\\/person\\\/271e2b60a96e7cc9d9ac296f4d7e414b\"},\"headline\":\"IPAC realiz\u00f3 el panel \u201cPerspectivas Econ\u00f3micas\u201d\",\"datePublished\":\"2025-01-24T00:10:41+00:00\",\"mainEntityOfPage\":{\"@id\":\"https:\\\/\\\/canal7slp.tv\\\/2025\\\/ipac-realizo-el-panel-perspectivas-economicas\\\/\"},\"wordCount\":197,\"publisher\":{\"@id\":\"https:\\\/\\\/canal7slp.tv\\\/2025\\\/#organization\"},\"image\":{\"@id\":\"https:\\\/\\\/canal7slp.tv\\\/2025\\\/ipac-realizo-el-panel-perspectivas-economicas\\\/#primaryimage\"},\"thumbnailUrl\":\"https:\\\/\\\/canal7slp.tv\\\/2025\\\/wp-content\\\/uploads\\\/2025\\\/01\\\/Poky04IndustrialesPotosinos.jpg\",\"articleSection\":[\"DESTACADAS\",\"LOCALES Y REGIONALES\"],\"inLanguage\":\"es\"},{\"@type\":\"WebPage\",\"@id\":\"https:\\\/\\\/canal7slp.tv\\\/2025\\\/ipac-realizo-el-panel-perspectivas-economicas\\\/\",\"url\":\"https:\\\/\\\/canal7slp.tv\\\/2025\\\/ipac-realizo-el-panel-perspectivas-economicas\\\/\",\"name\":\"IPAC realiz\u00f3 el panel \u201cPerspectivas Econ\u00f3micas\u201d - Canal 7 SLP - 2025\",\"isPartOf\":{\"@id\":\"https:\\\/\\\/canal7slp.tv\\\/2025\\\/#website\"},\"primaryImageOfPage\":{\"@id\":\"https:\\\/\\\/canal7slp.tv\\\/2025\\\/ipac-realizo-el-panel-perspectivas-economicas\\\/#primaryimage\"},\"image\":{\"@id\":\"https:\\\/\\\/canal7slp.tv\\\/2025\\\/ipac-realizo-el-panel-perspectivas-economicas\\\/#primaryimage\"},\"thumbnailUrl\":\"https:\\\/\\\/canal7slp.tv\\\/2025\\\/wp-content\\\/uploads\\\/2025\\\/01\\\/Poky04IndustrialesPotosinos.jpg\",\"datePublished\":\"2025-01-24T00:10:41+00:00\",\"breadcrumb\":{\"@id\":\"https:\\\/\\\/canal7slp.tv\\\/2025\\\/ipac-realizo-el-panel-perspectivas-economicas\\\/#breadcrumb\"},\"inLanguage\":\"es\",\"potentialAction\":[{\"@type\":\"ReadAction\",\"target\":[\"https:\\\/\\\/canal7slp.tv\\\/2025\\\/ipac-realizo-el-panel-perspectivas-economicas\\\/\"]}]},{\"@type\":\"ImageObject\",\"inLanguage\":\"es\",\"@id\":\"https:\\\/\\\/canal7slp.tv\\\/2025\\\/ipac-realizo-el-panel-perspectivas-economicas\\\/#primaryimage\",\"url\":\"https:\\\/\\\/canal7slp.tv\\\/2025\\\/wp-content\\\/uploads\\\/2025\\\/01\\\/Poky04IndustrialesPotosinos.jpg\",\"contentUrl\":\"https:\\\/\\\/canal7slp.tv\\\/2025\\\/wp-content\\\/uploads\\\/2025\\\/01\\\/Poky04IndustrialesPotosinos.jpg\",\"width\":1280,\"height\":720},{\"@type\":\"BreadcrumbList\",\"@id\":\"https:\\\/\\\/canal7slp.tv\\\/2025\\\/ipac-realizo-el-panel-perspectivas-economicas\\\/#breadcrumb\",\"itemListElement\":[{\"@type\":\"ListItem\",\"position\":1,\"name\":\"Portada\",\"item\":\"https:\\\/\\\/canal7slp.tv\\\/2025\\\/\"},{\"@type\":\"ListItem\",\"position\":2,\"name\":\"IPAC realiz\u00f3 el panel \u201cPerspectivas Econ\u00f3micas\u201d\"}]},{\"@type\":\"WebSite\",\"@id\":\"https:\\\/\\\/canal7slp.tv\\\/2025\\\/#website\",\"url\":\"https:\\\/\\\/canal7slp.tv\\\/2025\\\/\",\"name\":\"N7 - Noticieros Canal 7\",\"description\":\"Somos el Medio\",\"publisher\":{\"@id\":\"https:\\\/\\\/canal7slp.tv\\\/2025\\\/#organization\"},\"potentialAction\":[{\"@type\":\"SearchAction\",\"target\":{\"@type\":\"EntryPoint\",\"urlTemplate\":\"https:\\\/\\\/canal7slp.tv\\\/2025\\\/?s={search_term_string}\"},\"query-input\":{\"@type\":\"PropertyValueSpecification\",\"valueRequired\":true,\"valueName\":\"search_term_string\"}}],\"inLanguage\":\"es\"},{\"@type\":\"Organization\",\"@id\":\"https:\\\/\\\/canal7slp.tv\\\/2025\\\/#organization\",\"name\":\"Noticieros Canal 7\",\"url\":\"https:\\\/\\\/canal7slp.tv\\\/2025\\\/\",\"logo\":{\"@type\":\"ImageObject\",\"inLanguage\":\"es\",\"@id\":\"https:\\\/\\\/canal7slp.tv\\\/2025\\\/#\\\/schema\\\/logo\\\/image\\\/\",\"url\":\"https:\\\/\\\/canal7slp.tv\\\/2025\\\/wp-content\\\/uploads\\\/2021\\\/01\\\/logo-noticieros@2x.png\",\"contentUrl\":\"https:\\\/\\\/canal7slp.tv\\\/2025\\\/wp-content\\\/uploads\\\/2021\\\/01\\\/logo-noticieros@2x.png\",\"width\":1017,\"height\":268,\"caption\":\"Noticieros Canal 7\"},\"image\":{\"@id\":\"https:\\\/\\\/canal7slp.tv\\\/2025\\\/#\\\/schema\\\/logo\\\/image\\\/\"},\"sameAs\":[\"https:\\\/\\\/www.facebook.com\\\/noticieroscanal7atencionciudadana\\\/\",\"https:\\\/\\\/x.com\\\/NOTICIEROS7\",\"https:\\\/\\\/www.instagram.com\\\/canal7_slp\",\"https:\\\/\\\/www.youtube.com\\\/channel\\\/UCliiYs-gP3JfJeqdPrNdd5A\"]},{\"@type\":\"Person\",\"@id\":\"https:\\\/\\\/canal7slp.tv\\\/2025\\\/#\\\/schema\\\/person\\\/271e2b60a96e7cc9d9ac296f4d7e414b\",\"name\":\"Edici\u00f3n Web\",\"image\":{\"@type\":\"ImageObject\",\"inLanguage\":\"es\",\"@id\":\"https:\\\/\\\/secure.gravatar.com\\\/avatar\\\/eee448fc3f7164808013b816ba91ac7e43bbe82a70bebac296f8bc6f0addaa1a?s=96&d=mm&r=g\",\"url\":\"https:\\\/\\\/secure.gravatar.com\\\/avatar\\\/eee448fc3f7164808013b816ba91ac7e43bbe82a70bebac296f8bc6f0addaa1a?s=96&d=mm&r=g\",\"contentUrl\":\"https:\\\/\\\/secure.gravatar.com\\\/avatar\\\/eee448fc3f7164808013b816ba91ac7e43bbe82a70bebac296f8bc6f0addaa1a?s=96&d=mm&r=g\",\"caption\":\"Edici\u00f3n Web\"},\"url\":\"https:\\\/\\\/canal7slp.tv\\\/2025\\\/author\\\/edicionweb\\\/\"}]}<\/script>\n<!-- \/ Yoast SEO plugin. -->","yoast_head_json":{"title":"IPAC realiz\u00f3 el panel \u201cPerspectivas Econ\u00f3micas\u201d - Canal 7 SLP - 2025","robots":{"index":"index","follow":"follow","max-snippet":"max-snippet:-1","max-image-preview":"max-image-preview:large","max-video-preview":"max-video-preview:-1"},"canonical":"https:\/\/canal7slp.tv\/2025\/ipac-realizo-el-panel-perspectivas-economicas\/","og_locale":"es_ES","og_type":"article","og_title":"IPAC realiz\u00f3 el panel \u201cPerspectivas Econ\u00f3micas\u201d - Canal 7 SLP - 2025","og_description":"SLP.- El panel \u201cPerspectivas Econ\u00f3micas\u201d se realiz\u00f3 por Industriales Potosinos A.C., en el mismo se registr\u00f3 la participaci\u00f3n de Gustavo Puente Estrada, empresario y ex servidor p\u00fablico en San Luis Potos\u00ed. El empresario Puente Estrada se\u00f1al\u00f3 que es necesario activar la econom\u00eda mexicana en aras de evitar repercusiones por el gobierno de Estados Unidos de Am\u00e9rica del cual reci\u00e9n tom\u00f3 las riendas Donald Trump. \u201cNosotros tenemos necesidad de traer empleos porque Trump nos puede acabar y m\u00e1s en la industria automotriz si realmente avanzan las intensiones de Trump\u201d. Destac\u00f3 que en la entidad potosina es el eje principal de la [&hellip;]","og_url":"https:\/\/canal7slp.tv\/2025\/ipac-realizo-el-panel-perspectivas-economicas\/","og_site_name":"Canal 7 SLP - 2025","article_publisher":"https:\/\/www.facebook.com\/noticieroscanal7atencionciudadana\/","article_published_time":"2025-01-24T00:10:41+00:00","og_image":[{"width":1280,"height":720,"url":"https:\/\/canal7slp.tv\/2025\/wp-content\/uploads\/2025\/01\/Poky04IndustrialesPotosinos.jpg","type":"image\/jpeg"}],"author":"Edici\u00f3n Web","twitter_card":"summary_large_image","twitter_creator":"@NOTICIEROS7","twitter_site":"@NOTICIEROS7","twitter_misc":{"Escrito por":"Edici\u00f3n Web","Tiempo de lectura":"1 minuto"},"schema":{"@context":"https:\/\/schema.org","@graph":[{"@type":"Article","@id":"https:\/\/canal7slp.tv\/2025\/ipac-realizo-el-panel-perspectivas-economicas\/#article","isPartOf":{"@id":"https:\/\/canal7slp.tv\/2025\/ipac-realizo-el-panel-perspectivas-economicas\/"},"author":{"name":"Edici\u00f3n Web","@id":"https:\/\/canal7slp.tv\/2025\/#\/schema\/person\/271e2b60a96e7cc9d9ac296f4d7e414b"},"headline":"IPAC realiz\u00f3 el panel \u201cPerspectivas Econ\u00f3micas\u201d","datePublished":"2025-01-24T00:10:41+00:00","mainEntityOfPage":{"@id":"https:\/\/canal7slp.tv\/2025\/ipac-realizo-el-panel-perspectivas-economicas\/"},"wordCount":197,"publisher":{"@id":"https:\/\/canal7slp.tv\/2025\/#organization"},"image":{"@id":"https:\/\/canal7slp.tv\/2025\/ipac-realizo-el-panel-perspectivas-economicas\/#primaryimage"},"thumbnailUrl":"https:\/\/canal7slp.tv\/2025\/wp-content\/uploads\/2025\/01\/Poky04IndustrialesPotosinos.jpg","articleSection":["DESTACADAS","LOCALES Y REGIONALES"],"inLanguage":"es"},{"@type":"WebPage","@id":"https:\/\/canal7slp.tv\/2025\/ipac-realizo-el-panel-perspectivas-economicas\/","url":"https:\/\/canal7slp.tv\/2025\/ipac-realizo-el-panel-perspectivas-economicas\/","name":"IPAC realiz\u00f3 el panel \u201cPerspectivas Econ\u00f3micas\u201d - Canal 7 SLP - 2025","isPartOf":{"@id":"https:\/\/canal7slp.tv\/2025\/#website"},"primaryImageOfPage":{"@id":"https:\/\/canal7slp.tv\/2025\/ipac-realizo-el-panel-perspectivas-economicas\/#primaryimage"},"image":{"@id":"https:\/\/canal7slp.tv\/2025\/ipac-realizo-el-panel-perspectivas-economicas\/#primaryimage"},"thumbnailUrl":"https:\/\/canal7slp.tv\/2025\/wp-content\/uploads\/2025\/01\/Poky04IndustrialesPotosinos.jpg","datePublished":"2025-01-24T00:10:41+00:00","breadcrumb":{"@id":"https:\/\/canal7slp.tv\/2025\/ipac-realizo-el-panel-perspectivas-economicas\/#breadcrumb"},"inLanguage":"es","potentialAction":[{"@type":"ReadAction","target":["https:\/\/canal7slp.tv\/2025\/ipac-realizo-el-panel-perspectivas-economicas\/"]}]},{"@type":"ImageObject","inLanguage":"es","@id":"https:\/\/canal7slp.tv\/2025\/ipac-realizo-el-panel-perspectivas-economicas\/#primaryimage","url":"https:\/\/canal7slp.tv\/2025\/wp-content\/uploads\/2025\/01\/Poky04IndustrialesPotosinos.jpg","contentUrl":"https:\/\/canal7slp.tv\/2025\/wp-content\/uploads\/2025\/01\/Poky04IndustrialesPotosinos.jpg","width":1280,"height":720},{"@type":"BreadcrumbList","@id":"https:\/\/canal7slp.tv\/2025\/ipac-realizo-el-panel-perspectivas-economicas\/#breadcrumb","itemListElement":[{"@type":"ListItem","position":1,"name":"Portada","item":"https:\/\/canal7slp.tv\/2025\/"},{"@type":"ListItem","position":2,"name":"IPAC realiz\u00f3 el panel \u201cPerspectivas Econ\u00f3micas\u201d"}]},{"@type":"WebSite","@id":"https:\/\/canal7slp.tv\/2025\/#website","url":"https:\/\/canal7slp.tv\/2025\/","name":"N7 - Noticieros Canal 7","description":"Somos el Medio","publisher":{"@id":"https:\/\/canal7slp.tv\/2025\/#organization"},"potentialAction":[{"@type":"SearchAction","target":{"@type":"EntryPoint","urlTemplate":"https:\/\/canal7slp.tv\/2025\/?s={search_term_string}"},"query-input":{"@type":"PropertyValueSpecification","valueRequired":true,"valueName":"search_term_string"}}],"inLanguage":"es"},{"@type":"Organization","@id":"https:\/\/canal7slp.tv\/2025\/#organization","name":"Noticieros Canal 7","url":"https:\/\/canal7slp.tv\/2025\/","logo":{"@type":"ImageObject","inLanguage":"es","@id":"https:\/\/canal7slp.tv\/2025\/#\/schema\/logo\/image\/","url":"https:\/\/canal7slp.tv\/2025\/wp-content\/uploads\/2021\/01\/logo-noticieros@2x.png","contentUrl":"https:\/\/canal7slp.tv\/2025\/wp-content\/uploads\/2021\/01\/logo-noticieros@2x.png","width":1017,"height":268,"caption":"Noticieros Canal 7"},"image":{"@id":"https:\/\/canal7slp.tv\/2025\/#\/schema\/logo\/image\/"},"sameAs":["https:\/\/www.facebook.com\/noticieroscanal7atencionciudadana\/","https:\/\/x.com\/NOTICIEROS7","https:\/\/www.instagram.com\/canal7_slp","https:\/\/www.youtube.com\/channel\/UCliiYs-gP3JfJeqdPrNdd5A"]},{"@type":"Person","@id":"https:\/\/canal7slp.tv\/2025\/#\/schema\/person\/271e2b60a96e7cc9d9ac296f4d7e414b","name":"Edici\u00f3n Web","image":{"@type":"ImageObject","inLanguage":"es","@id":"https:\/\/secure.gravatar.com\/avatar\/eee448fc3f7164808013b816ba91ac7e43bbe82a70bebac296f8bc6f0addaa1a?s=96&d=mm&r=g","url":"https:\/\/secure.gravatar.com\/avatar\/eee448fc3f7164808013b816ba91ac7e43bbe82a70bebac296f8bc6f0addaa1a?s=96&d=mm&r=g","contentUrl":"https:\/\/secure.gravatar.com\/avatar\/eee448fc3f7164808013b816ba91ac7e43bbe82a70bebac296f8bc6f0addaa1a?s=96&d=mm&r=g","caption":"Edici\u00f3n Web"},"url":"https:\/\/canal7slp.tv\/2025\/author\/edicionweb\/"}]}},"_links":{"self":[{"href":"https:\/\/canal7slp.tv\/2025\/wp-json\/wp\/v2\/posts\/155157","targetHints":{"allow":["GET"]}}],"collection":[{"href":"https:\/\/canal7slp.tv\/2025\/wp-json\/wp\/v2\/posts"}],"about":[{"href":"https:\/\/canal7slp.tv\/2025\/wp-json\/wp\/v2\/types\/post"}],"author":[{"embeddable":true,"href":"https:\/\/canal7slp.tv\/2025\/wp-json\/wp\/v2\/users\/2"}],"replies":[{"embeddable":true,"href":"https:\/\/canal7slp.tv\/2025\/wp-json\/wp\/v2\/comments?post=155157"}],"version-history":[{"count":2,"href":"https:\/\/canal7slp.tv\/2025\/wp-json\/wp\/v2\/posts\/155157\/revisions"}],"predecessor-version":[{"id":155166,"href":"https:\/\/canal7slp.tv\/2025\/wp-json\/wp\/v2\/posts\/155157\/revisions\/155166"}],"wp:featuredmedia":[{"embeddable":true,"href":"https:\/\/canal7slp.tv\/2025\/wp-json\/wp\/v2\/media\/155165"}],"wp:attachment":[{"href":"https:\/\/canal7slp.tv\/2025\/wp-json\/wp\/v2\/media?parent=155157"}],"wp:term":[{"taxonomy":"category","embeddable":true,"href":"https:\/\/canal7slp.tv\/2025\/wp-json\/wp\/v2\/categories?post=155157"},{"taxonomy":"post_tag","embeddable":true,"href":"https:\/\/canal7slp.tv\/2025\/wp-json\/wp\/v2\/tags?post=155157"}],"curies":[{"name":"wp","href":"https:\/\/api.w.org\/{rel}","templated":true}]}}