{"id":155094,"date":"2025-01-23T01:30:29","date_gmt":"2025-01-23T07:30:29","guid":{"rendered":"https:\/\/canal7slp.tv\/2025\/?p=155094"},"modified":"2025-01-22T19:38:59","modified_gmt":"2025-01-23T01:38:59","slug":"fatal-accidente-dejo-un-conductor-fallecido-en-la-carretera-57","status":"publish","type":"post","link":"https:\/\/canal7slp.tv\/2025\/fatal-accidente-dejo-un-conductor-fallecido-en-la-carretera-57\/","title":{"rendered":"Fatal accidente dej\u00f3 un conductor fallecido en la carretera 57"},"content":{"rendered":"<p style=\"text-align: justify;\">Matehuala.-\u00a0Un accidente se registr\u00f3 en la carretera 57, en el kil\u00f3metro 141, cerca del ejido San Jos\u00e9 de Ra\u00edces, en el tramo Matehuala a Saltillo, luego de que dos unidades de carga pesada chocaron por alcance, lo que provoc\u00f3 que una de ellas se incendiara de manera inmediata.<\/p>\n<p style=\"text-align: justify;\">La intensa movilizaci\u00f3n de cuerpos de emergencia permiti\u00f3 controlar las llamas horas despu\u00e9s, sin embargo, al sofocar el fuego, se encontr\u00f3 el cuerpo calcinado del conductor de uno de los tr\u00e1ileres involucrados, quien no pudo escapar tras el impacto. Seg\u00fan testigos, el chofer del segundo veh\u00edculo se dio a la fuga tras el accidente, lo que ha complicado las investigaciones.<\/p>\n<p style=\"text-align: justify;\">El incendio consumi\u00f3 ambas unidades por completo, eliminando cualquier evidencia que permita identificar a las empresas responsables de los veh\u00edculos, por lo que peritos viales trabajaron en el lugar para recabar informaci\u00f3n sobre las causas del siniestro y recolectar los restos del conductor fallecido. Mientras tanto, un carril en direcci\u00f3n a San Roberto se mantuvo cerrado al tr\u00e1nsito vehicular, lo que gener\u00f3 congestionamiento en la zona.<\/p>\n<p style=\"text-align: justify;\">Autoridades de la Guardia Nacional Divisi\u00f3n Camino quedaron a cargo del suceso, a fin de esclarecer los hechos e intentar adjudicar responsabilidades por este lamentable accidente.<\/p>\n<p>Por: Jes\u00fas Valencia<\/p>\n","protected":false},"excerpt":{"rendered":"<p>Matehuala.-\u00a0Un accidente se registr\u00f3 en la carretera 57, en el kil\u00f3metro 141, cerca del ejido San Jos\u00e9 de Ra\u00edces, en el tramo Matehuala a Saltillo, luego de que dos unidades de carga pesada chocaron por alcance, lo que provoc\u00f3 que una de ellas se incendiara de manera inmediata. La intensa movilizaci\u00f3n de cuerpos de emergencia permiti\u00f3 controlar las llamas horas despu\u00e9s, sin embargo, al sofocar el fuego, se encontr\u00f3 el cuerpo calcinado del conductor de uno de los tr\u00e1ileres involucrados, quien no pudo escapar tras el impacto. Seg\u00fan testigos, el chofer del segundo veh\u00edculo se dio a la fuga tras [&hellip;]<\/p>\n","protected":false},"author":2,"featured_media":155096,"comment_status":"closed","ping_status":"closed","sticky":false,"template":"","format":"video","meta":{"_monsterinsights_skip_tracking":false,"_monsterinsights_sitenote_active":false,"_monsterinsights_sitenote_note":"","_monsterinsights_sitenote_category":0,"footnotes":""},"categories":[5,43],"tags":[],"class_list":["post-155094","post","type-post","status-publish","format-video","has-post-thumbnail","hentry","category-destacadas","category-interior","post_format-post-format-video","post--single"],"yoast_head":"<!-- This site is optimized with the Yoast SEO plugin v27.5 - https:\/\/yoast.com\/product\/yoast-seo-wordpress\/ -->\n<title>Fatal accidente dej\u00f3 un conductor fallecido en la carretera 57 - Canal 7 SLP - 2025<\/title>\n<meta name=\"robots\" content=\"index, follow, max-snippet:-1, max-image-preview:large, max-video-preview:-1\" \/>\n<link rel=\"canonical\" href=\"https:\/\/canal7slp.tv\/2025\/fatal-accidente-dejo-un-conductor-fallecido-en-la-carretera-57\/\" \/>\n<meta property=\"og:locale\" content=\"es_ES\" \/>\n<meta property=\"og:type\" content=\"article\" \/>\n<meta property=\"og:title\" content=\"Fatal accidente dej\u00f3 un conductor fallecido en la carretera 57 - Canal 7 SLP - 2025\" \/>\n<meta property=\"og:description\" content=\"Matehuala.-\u00a0Un accidente se registr\u00f3 en la carretera 57, en el kil\u00f3metro 141, cerca del ejido San Jos\u00e9 de Ra\u00edces, en el tramo Matehuala a Saltillo, luego de que dos unidades de carga pesada chocaron por alcance, lo que provoc\u00f3 que una de ellas se incendiara de manera inmediata. La intensa movilizaci\u00f3n de cuerpos de emergencia permiti\u00f3 controlar las llamas horas despu\u00e9s, sin embargo, al sofocar el fuego, se encontr\u00f3 el cuerpo calcinado del conductor de uno de los tr\u00e1ileres involucrados, quien no pudo escapar tras el impacto. Seg\u00fan testigos, el chofer del segundo veh\u00edculo se dio a la fuga tras [&hellip;]\" \/>\n<meta property=\"og:url\" content=\"https:\/\/canal7slp.tv\/2025\/fatal-accidente-dejo-un-conductor-fallecido-en-la-carretera-57\/\" \/>\n<meta property=\"og:site_name\" content=\"Canal 7 SLP - 2025\" \/>\n<meta property=\"article:publisher\" content=\"https:\/\/www.facebook.com\/noticieroscanal7atencionciudadana\/\" \/>\n<meta property=\"article:published_time\" content=\"2025-01-23T07:30:29+00:00\" \/>\n<meta property=\"og:image\" content=\"https:\/\/canal7slp.tv\/2025\/wp-content\/uploads\/2025\/01\/Valencia02Fatal.jpg\" \/>\n\t<meta property=\"og:image:width\" content=\"1920\" \/>\n\t<meta property=\"og:image:height\" content=\"1080\" \/>\n\t<meta property=\"og:image:type\" content=\"image\/jpeg\" \/>\n<meta name=\"author\" content=\"Edici\u00f3n Web\" \/>\n<meta name=\"twitter:card\" content=\"summary_large_image\" \/>\n<meta name=\"twitter:creator\" content=\"@NOTICIEROS7\" \/>\n<meta name=\"twitter:site\" content=\"@NOTICIEROS7\" \/>\n<meta name=\"twitter:label1\" content=\"Escrito por\" \/>\n\t<meta name=\"twitter:data1\" content=\"Edici\u00f3n Web\" \/>\n\t<meta name=\"twitter:label2\" content=\"Tiempo de lectura\" \/>\n\t<meta name=\"twitter:data2\" content=\"2 minutos\" \/>\n<script type=\"application\/ld+json\" class=\"yoast-schema-graph\">{\"@context\":\"https:\\\/\\\/schema.org\",\"@graph\":[{\"@type\":\"Article\",\"@id\":\"https:\\\/\\\/canal7slp.tv\\\/2025\\\/fatal-accidente-dejo-un-conductor-fallecido-en-la-carretera-57\\\/#article\",\"isPartOf\":{\"@id\":\"https:\\\/\\\/canal7slp.tv\\\/2025\\\/fatal-accidente-dejo-un-conductor-fallecido-en-la-carretera-57\\\/\"},\"author\":{\"name\":\"Edici\u00f3n Web\",\"@id\":\"https:\\\/\\\/canal7slp.tv\\\/2025\\\/#\\\/schema\\\/person\\\/271e2b60a96e7cc9d9ac296f4d7e414b\"},\"headline\":\"Fatal accidente dej\u00f3 un conductor fallecido en la carretera 57\",\"datePublished\":\"2025-01-23T07:30:29+00:00\",\"mainEntityOfPage\":{\"@id\":\"https:\\\/\\\/canal7slp.tv\\\/2025\\\/fatal-accidente-dejo-un-conductor-fallecido-en-la-carretera-57\\\/\"},\"wordCount\":225,\"publisher\":{\"@id\":\"https:\\\/\\\/canal7slp.tv\\\/2025\\\/#organization\"},\"image\":{\"@id\":\"https:\\\/\\\/canal7slp.tv\\\/2025\\\/fatal-accidente-dejo-un-conductor-fallecido-en-la-carretera-57\\\/#primaryimage\"},\"thumbnailUrl\":\"https:\\\/\\\/canal7slp.tv\\\/2025\\\/wp-content\\\/uploads\\\/2025\\\/01\\\/Valencia02Fatal.jpg\",\"articleSection\":[\"DESTACADAS\",\"INTERIOR DEL ESTADO\"],\"inLanguage\":\"es\"},{\"@type\":\"WebPage\",\"@id\":\"https:\\\/\\\/canal7slp.tv\\\/2025\\\/fatal-accidente-dejo-un-conductor-fallecido-en-la-carretera-57\\\/\",\"url\":\"https:\\\/\\\/canal7slp.tv\\\/2025\\\/fatal-accidente-dejo-un-conductor-fallecido-en-la-carretera-57\\\/\",\"name\":\"Fatal accidente dej\u00f3 un conductor fallecido en la carretera 57 - Canal 7 SLP - 2025\",\"isPartOf\":{\"@id\":\"https:\\\/\\\/canal7slp.tv\\\/2025\\\/#website\"},\"primaryImageOfPage\":{\"@id\":\"https:\\\/\\\/canal7slp.tv\\\/2025\\\/fatal-accidente-dejo-un-conductor-fallecido-en-la-carretera-57\\\/#primaryimage\"},\"image\":{\"@id\":\"https:\\\/\\\/canal7slp.tv\\\/2025\\\/fatal-accidente-dejo-un-conductor-fallecido-en-la-carretera-57\\\/#primaryimage\"},\"thumbnailUrl\":\"https:\\\/\\\/canal7slp.tv\\\/2025\\\/wp-content\\\/uploads\\\/2025\\\/01\\\/Valencia02Fatal.jpg\",\"datePublished\":\"2025-01-23T07:30:29+00:00\",\"breadcrumb\":{\"@id\":\"https:\\\/\\\/canal7slp.tv\\\/2025\\\/fatal-accidente-dejo-un-conductor-fallecido-en-la-carretera-57\\\/#breadcrumb\"},\"inLanguage\":\"es\",\"potentialAction\":[{\"@type\":\"ReadAction\",\"target\":[\"https:\\\/\\\/canal7slp.tv\\\/2025\\\/fatal-accidente-dejo-un-conductor-fallecido-en-la-carretera-57\\\/\"]}]},{\"@type\":\"ImageObject\",\"inLanguage\":\"es\",\"@id\":\"https:\\\/\\\/canal7slp.tv\\\/2025\\\/fatal-accidente-dejo-un-conductor-fallecido-en-la-carretera-57\\\/#primaryimage\",\"url\":\"https:\\\/\\\/canal7slp.tv\\\/2025\\\/wp-content\\\/uploads\\\/2025\\\/01\\\/Valencia02Fatal.jpg\",\"contentUrl\":\"https:\\\/\\\/canal7slp.tv\\\/2025\\\/wp-content\\\/uploads\\\/2025\\\/01\\\/Valencia02Fatal.jpg\",\"width\":1920,\"height\":1080},{\"@type\":\"BreadcrumbList\",\"@id\":\"https:\\\/\\\/canal7slp.tv\\\/2025\\\/fatal-accidente-dejo-un-conductor-fallecido-en-la-carretera-57\\\/#breadcrumb\",\"itemListElement\":[{\"@type\":\"ListItem\",\"position\":1,\"name\":\"Portada\",\"item\":\"https:\\\/\\\/canal7slp.tv\\\/2025\\\/\"},{\"@type\":\"ListItem\",\"position\":2,\"name\":\"Fatal accidente dej\u00f3 un conductor fallecido en la carretera 57\"}]},{\"@type\":\"WebSite\",\"@id\":\"https:\\\/\\\/canal7slp.tv\\\/2025\\\/#website\",\"url\":\"https:\\\/\\\/canal7slp.tv\\\/2025\\\/\",\"name\":\"N7 - Noticieros Canal 7\",\"description\":\"Somos el Medio\",\"publisher\":{\"@id\":\"https:\\\/\\\/canal7slp.tv\\\/2025\\\/#organization\"},\"potentialAction\":[{\"@type\":\"SearchAction\",\"target\":{\"@type\":\"EntryPoint\",\"urlTemplate\":\"https:\\\/\\\/canal7slp.tv\\\/2025\\\/?s={search_term_string}\"},\"query-input\":{\"@type\":\"PropertyValueSpecification\",\"valueRequired\":true,\"valueName\":\"search_term_string\"}}],\"inLanguage\":\"es\"},{\"@type\":\"Organization\",\"@id\":\"https:\\\/\\\/canal7slp.tv\\\/2025\\\/#organization\",\"name\":\"Noticieros Canal 7\",\"url\":\"https:\\\/\\\/canal7slp.tv\\\/2025\\\/\",\"logo\":{\"@type\":\"ImageObject\",\"inLanguage\":\"es\",\"@id\":\"https:\\\/\\\/canal7slp.tv\\\/2025\\\/#\\\/schema\\\/logo\\\/image\\\/\",\"url\":\"https:\\\/\\\/canal7slp.tv\\\/2025\\\/wp-content\\\/uploads\\\/2021\\\/01\\\/logo-noticieros@2x.png\",\"contentUrl\":\"https:\\\/\\\/canal7slp.tv\\\/2025\\\/wp-content\\\/uploads\\\/2021\\\/01\\\/logo-noticieros@2x.png\",\"width\":1017,\"height\":268,\"caption\":\"Noticieros Canal 7\"},\"image\":{\"@id\":\"https:\\\/\\\/canal7slp.tv\\\/2025\\\/#\\\/schema\\\/logo\\\/image\\\/\"},\"sameAs\":[\"https:\\\/\\\/www.facebook.com\\\/noticieroscanal7atencionciudadana\\\/\",\"https:\\\/\\\/x.com\\\/NOTICIEROS7\",\"https:\\\/\\\/www.instagram.com\\\/canal7_slp\",\"https:\\\/\\\/www.youtube.com\\\/channel\\\/UCliiYs-gP3JfJeqdPrNdd5A\"]},{\"@type\":\"Person\",\"@id\":\"https:\\\/\\\/canal7slp.tv\\\/2025\\\/#\\\/schema\\\/person\\\/271e2b60a96e7cc9d9ac296f4d7e414b\",\"name\":\"Edici\u00f3n Web\",\"image\":{\"@type\":\"ImageObject\",\"inLanguage\":\"es\",\"@id\":\"https:\\\/\\\/secure.gravatar.com\\\/avatar\\\/eee448fc3f7164808013b816ba91ac7e43bbe82a70bebac296f8bc6f0addaa1a?s=96&d=mm&r=g\",\"url\":\"https:\\\/\\\/secure.gravatar.com\\\/avatar\\\/eee448fc3f7164808013b816ba91ac7e43bbe82a70bebac296f8bc6f0addaa1a?s=96&d=mm&r=g\",\"contentUrl\":\"https:\\\/\\\/secure.gravatar.com\\\/avatar\\\/eee448fc3f7164808013b816ba91ac7e43bbe82a70bebac296f8bc6f0addaa1a?s=96&d=mm&r=g\",\"caption\":\"Edici\u00f3n Web\"},\"url\":\"https:\\\/\\\/canal7slp.tv\\\/2025\\\/author\\\/edicionweb\\\/\"}]}<\/script>\n<!-- \/ Yoast SEO plugin. -->","yoast_head_json":{"title":"Fatal accidente dej\u00f3 un conductor fallecido en la carretera 57 - Canal 7 SLP - 2025","robots":{"index":"index","follow":"follow","max-snippet":"max-snippet:-1","max-image-preview":"max-image-preview:large","max-video-preview":"max-video-preview:-1"},"canonical":"https:\/\/canal7slp.tv\/2025\/fatal-accidente-dejo-un-conductor-fallecido-en-la-carretera-57\/","og_locale":"es_ES","og_type":"article","og_title":"Fatal accidente dej\u00f3 un conductor fallecido en la carretera 57 - Canal 7 SLP - 2025","og_description":"Matehuala.-\u00a0Un accidente se registr\u00f3 en la carretera 57, en el kil\u00f3metro 141, cerca del ejido San Jos\u00e9 de Ra\u00edces, en el tramo Matehuala a Saltillo, luego de que dos unidades de carga pesada chocaron por alcance, lo que provoc\u00f3 que una de ellas se incendiara de manera inmediata. La intensa movilizaci\u00f3n de cuerpos de emergencia permiti\u00f3 controlar las llamas horas despu\u00e9s, sin embargo, al sofocar el fuego, se encontr\u00f3 el cuerpo calcinado del conductor de uno de los tr\u00e1ileres involucrados, quien no pudo escapar tras el impacto. Seg\u00fan testigos, el chofer del segundo veh\u00edculo se dio a la fuga tras [&hellip;]","og_url":"https:\/\/canal7slp.tv\/2025\/fatal-accidente-dejo-un-conductor-fallecido-en-la-carretera-57\/","og_site_name":"Canal 7 SLP - 2025","article_publisher":"https:\/\/www.facebook.com\/noticieroscanal7atencionciudadana\/","article_published_time":"2025-01-23T07:30:29+00:00","og_image":[{"width":1920,"height":1080,"url":"https:\/\/canal7slp.tv\/2025\/wp-content\/uploads\/2025\/01\/Valencia02Fatal.jpg","type":"image\/jpeg"}],"author":"Edici\u00f3n Web","twitter_card":"summary_large_image","twitter_creator":"@NOTICIEROS7","twitter_site":"@NOTICIEROS7","twitter_misc":{"Escrito por":"Edici\u00f3n Web","Tiempo de lectura":"2 minutos"},"schema":{"@context":"https:\/\/schema.org","@graph":[{"@type":"Article","@id":"https:\/\/canal7slp.tv\/2025\/fatal-accidente-dejo-un-conductor-fallecido-en-la-carretera-57\/#article","isPartOf":{"@id":"https:\/\/canal7slp.tv\/2025\/fatal-accidente-dejo-un-conductor-fallecido-en-la-carretera-57\/"},"author":{"name":"Edici\u00f3n Web","@id":"https:\/\/canal7slp.tv\/2025\/#\/schema\/person\/271e2b60a96e7cc9d9ac296f4d7e414b"},"headline":"Fatal accidente dej\u00f3 un conductor fallecido en la carretera 57","datePublished":"2025-01-23T07:30:29+00:00","mainEntityOfPage":{"@id":"https:\/\/canal7slp.tv\/2025\/fatal-accidente-dejo-un-conductor-fallecido-en-la-carretera-57\/"},"wordCount":225,"publisher":{"@id":"https:\/\/canal7slp.tv\/2025\/#organization"},"image":{"@id":"https:\/\/canal7slp.tv\/2025\/fatal-accidente-dejo-un-conductor-fallecido-en-la-carretera-57\/#primaryimage"},"thumbnailUrl":"https:\/\/canal7slp.tv\/2025\/wp-content\/uploads\/2025\/01\/Valencia02Fatal.jpg","articleSection":["DESTACADAS","INTERIOR DEL ESTADO"],"inLanguage":"es"},{"@type":"WebPage","@id":"https:\/\/canal7slp.tv\/2025\/fatal-accidente-dejo-un-conductor-fallecido-en-la-carretera-57\/","url":"https:\/\/canal7slp.tv\/2025\/fatal-accidente-dejo-un-conductor-fallecido-en-la-carretera-57\/","name":"Fatal accidente dej\u00f3 un conductor fallecido en la carretera 57 - Canal 7 SLP - 2025","isPartOf":{"@id":"https:\/\/canal7slp.tv\/2025\/#website"},"primaryImageOfPage":{"@id":"https:\/\/canal7slp.tv\/2025\/fatal-accidente-dejo-un-conductor-fallecido-en-la-carretera-57\/#primaryimage"},"image":{"@id":"https:\/\/canal7slp.tv\/2025\/fatal-accidente-dejo-un-conductor-fallecido-en-la-carretera-57\/#primaryimage"},"thumbnailUrl":"https:\/\/canal7slp.tv\/2025\/wp-content\/uploads\/2025\/01\/Valencia02Fatal.jpg","datePublished":"2025-01-23T07:30:29+00:00","breadcrumb":{"@id":"https:\/\/canal7slp.tv\/2025\/fatal-accidente-dejo-un-conductor-fallecido-en-la-carretera-57\/#breadcrumb"},"inLanguage":"es","potentialAction":[{"@type":"ReadAction","target":["https:\/\/canal7slp.tv\/2025\/fatal-accidente-dejo-un-conductor-fallecido-en-la-carretera-57\/"]}]},{"@type":"ImageObject","inLanguage":"es","@id":"https:\/\/canal7slp.tv\/2025\/fatal-accidente-dejo-un-conductor-fallecido-en-la-carretera-57\/#primaryimage","url":"https:\/\/canal7slp.tv\/2025\/wp-content\/uploads\/2025\/01\/Valencia02Fatal.jpg","contentUrl":"https:\/\/canal7slp.tv\/2025\/wp-content\/uploads\/2025\/01\/Valencia02Fatal.jpg","width":1920,"height":1080},{"@type":"BreadcrumbList","@id":"https:\/\/canal7slp.tv\/2025\/fatal-accidente-dejo-un-conductor-fallecido-en-la-carretera-57\/#breadcrumb","itemListElement":[{"@type":"ListItem","position":1,"name":"Portada","item":"https:\/\/canal7slp.tv\/2025\/"},{"@type":"ListItem","position":2,"name":"Fatal accidente dej\u00f3 un conductor fallecido en la carretera 57"}]},{"@type":"WebSite","@id":"https:\/\/canal7slp.tv\/2025\/#website","url":"https:\/\/canal7slp.tv\/2025\/","name":"N7 - Noticieros Canal 7","description":"Somos el Medio","publisher":{"@id":"https:\/\/canal7slp.tv\/2025\/#organization"},"potentialAction":[{"@type":"SearchAction","target":{"@type":"EntryPoint","urlTemplate":"https:\/\/canal7slp.tv\/2025\/?s={search_term_string}"},"query-input":{"@type":"PropertyValueSpecification","valueRequired":true,"valueName":"search_term_string"}}],"inLanguage":"es"},{"@type":"Organization","@id":"https:\/\/canal7slp.tv\/2025\/#organization","name":"Noticieros Canal 7","url":"https:\/\/canal7slp.tv\/2025\/","logo":{"@type":"ImageObject","inLanguage":"es","@id":"https:\/\/canal7slp.tv\/2025\/#\/schema\/logo\/image\/","url":"https:\/\/canal7slp.tv\/2025\/wp-content\/uploads\/2021\/01\/logo-noticieros@2x.png","contentUrl":"https:\/\/canal7slp.tv\/2025\/wp-content\/uploads\/2021\/01\/logo-noticieros@2x.png","width":1017,"height":268,"caption":"Noticieros Canal 7"},"image":{"@id":"https:\/\/canal7slp.tv\/2025\/#\/schema\/logo\/image\/"},"sameAs":["https:\/\/www.facebook.com\/noticieroscanal7atencionciudadana\/","https:\/\/x.com\/NOTICIEROS7","https:\/\/www.instagram.com\/canal7_slp","https:\/\/www.youtube.com\/channel\/UCliiYs-gP3JfJeqdPrNdd5A"]},{"@type":"Person","@id":"https:\/\/canal7slp.tv\/2025\/#\/schema\/person\/271e2b60a96e7cc9d9ac296f4d7e414b","name":"Edici\u00f3n Web","image":{"@type":"ImageObject","inLanguage":"es","@id":"https:\/\/secure.gravatar.com\/avatar\/eee448fc3f7164808013b816ba91ac7e43bbe82a70bebac296f8bc6f0addaa1a?s=96&d=mm&r=g","url":"https:\/\/secure.gravatar.com\/avatar\/eee448fc3f7164808013b816ba91ac7e43bbe82a70bebac296f8bc6f0addaa1a?s=96&d=mm&r=g","contentUrl":"https:\/\/secure.gravatar.com\/avatar\/eee448fc3f7164808013b816ba91ac7e43bbe82a70bebac296f8bc6f0addaa1a?s=96&d=mm&r=g","caption":"Edici\u00f3n Web"},"url":"https:\/\/canal7slp.tv\/2025\/author\/edicionweb\/"}]}},"_links":{"self":[{"href":"https:\/\/canal7slp.tv\/2025\/wp-json\/wp\/v2\/posts\/155094","targetHints":{"allow":["GET"]}}],"collection":[{"href":"https:\/\/canal7slp.tv\/2025\/wp-json\/wp\/v2\/posts"}],"about":[{"href":"https:\/\/canal7slp.tv\/2025\/wp-json\/wp\/v2\/types\/post"}],"author":[{"embeddable":true,"href":"https:\/\/canal7slp.tv\/2025\/wp-json\/wp\/v2\/users\/2"}],"replies":[{"embeddable":true,"href":"https:\/\/canal7slp.tv\/2025\/wp-json\/wp\/v2\/comments?post=155094"}],"version-history":[{"count":1,"href":"https:\/\/canal7slp.tv\/2025\/wp-json\/wp\/v2\/posts\/155094\/revisions"}],"predecessor-version":[{"id":155095,"href":"https:\/\/canal7slp.tv\/2025\/wp-json\/wp\/v2\/posts\/155094\/revisions\/155095"}],"wp:featuredmedia":[{"embeddable":true,"href":"https:\/\/canal7slp.tv\/2025\/wp-json\/wp\/v2\/media\/155096"}],"wp:attachment":[{"href":"https:\/\/canal7slp.tv\/2025\/wp-json\/wp\/v2\/media?parent=155094"}],"wp:term":[{"taxonomy":"category","embeddable":true,"href":"https:\/\/canal7slp.tv\/2025\/wp-json\/wp\/v2\/categories?post=155094"},{"taxonomy":"post_tag","embeddable":true,"href":"https:\/\/canal7slp.tv\/2025\/wp-json\/wp\/v2\/tags?post=155094"}],"curies":[{"name":"wp","href":"https:\/\/api.w.org\/{rel}","templated":true}]}}