{"id":155088,"date":"2025-01-23T07:44:10","date_gmt":"2025-01-23T13:44:10","guid":{"rendered":"https:\/\/canal7slp.tv\/2025\/?p=155088"},"modified":"2025-01-23T09:04:11","modified_gmt":"2025-01-23T15:04:11","slug":"se-instala-cde-del-pan-para-el-periodo-2024-2027","status":"publish","type":"post","link":"https:\/\/canal7slp.tv\/2025\/se-instala-cde-del-pan-para-el-periodo-2024-2027\/","title":{"rendered":"Se instala CDE del PAN para el per\u00edodo 2024-2027"},"content":{"rendered":"<p style=\"text-align: justify;\"><span style=\"font-size: 1.21429rem;\">SLP.- La instalaci\u00f3n del Comit\u00e9 Directivo Estatal (CDE) del Partido Acci\u00f3n Nacional (PAN) se llev\u00f3 a cabo, presidido por Ver\u00f3nica Rodr\u00edguez Hern\u00e1ndez, para el per\u00edodo 2024-2027.<\/span><\/p>\n<p style=\"text-align: justify;\">Adem\u00e1s de conformarse por Ver\u00f3nica Rodr\u00edguez como presidenta; Carlos Enrique Dahud Uresti es Secretario General.<\/p>\n<p style=\"text-align: justify;\">Como integrantes ser\u00edan Eugenia de Jes\u00fas El\u00edas M\u00e9ndez, Manuela Salgado Venegas, Gabriela Betancourt Dibildox, Mar\u00eda del Carmen V\u00e1zquez Salinas, Santiago Zamanillo Gonz\u00e1lez, Ulises Fabi\u00e1n Toro Reyna y Juan Marcos Garc\u00eda Hern\u00e1ndez.<\/p>\n<p style=\"text-align: justify;\">Este comit\u00e9 result\u00f3 electo el pasado ocho de diciembre y fue el 16 de enero del presente cuando inici\u00f3 el proceso de entrega-recepci\u00f3n,\u00a0al ratificarse el triunfo.<\/p>\n<p style=\"text-align: justify;\">Durante la instalaci\u00f3n fue destacado que el objetivo principal ser\u00e1 recuperar espacios y ganar la gubernatura en 2027.<\/p>\n<p style=\"text-align: justify;\">Por otro lado, se asegur\u00f3 que existe compromiso de trabajar por la uni\u00f3n del partido.<\/p>\n<p>Por: Paulina Rodr\u00edguez<\/p>\n","protected":false},"excerpt":{"rendered":"<p>SLP.- La instalaci\u00f3n del Comit\u00e9 Directivo Estatal (CDE) del Partido Acci\u00f3n Nacional (PAN) se llev\u00f3 a cabo, presidido por Ver\u00f3nica Rodr\u00edguez Hern\u00e1ndez, para el per\u00edodo 2024-2027. Adem\u00e1s de conformarse por Ver\u00f3nica Rodr\u00edguez como presidenta; Carlos Enrique Dahud Uresti es Secretario General. Como integrantes ser\u00edan Eugenia de Jes\u00fas El\u00edas M\u00e9ndez, Manuela Salgado Venegas, Gabriela Betancourt Dibildox, Mar\u00eda del Carmen V\u00e1zquez Salinas, Santiago Zamanillo Gonz\u00e1lez, Ulises Fabi\u00e1n Toro Reyna y Juan Marcos Garc\u00eda Hern\u00e1ndez. Este comit\u00e9 result\u00f3 electo el pasado ocho de diciembre y fue el 16 de enero del presente cuando inici\u00f3 el proceso de entrega-recepci\u00f3n,\u00a0al ratificarse el triunfo. Durante la [&hellip;]<\/p>\n","protected":false},"author":2,"featured_media":155097,"comment_status":"closed","ping_status":"closed","sticky":false,"template":"","format":"video","meta":{"_monsterinsights_skip_tracking":false,"_monsterinsights_sitenote_active":false,"_monsterinsights_sitenote_note":"","_monsterinsights_sitenote_category":0,"footnotes":""},"categories":[5,45],"tags":[],"class_list":["post-155088","post","type-post","status-publish","format-video","has-post-thumbnail","hentry","category-destacadas","category-localesyregionales","post_format-post-format-video","post--single"],"yoast_head":"<!-- This site is optimized with the Yoast SEO plugin v27.5 - https:\/\/yoast.com\/product\/yoast-seo-wordpress\/ -->\n<title>Se instala CDE del PAN para el per\u00edodo 2024-2027 - Canal 7 SLP - 2025<\/title>\n<meta name=\"robots\" content=\"index, follow, max-snippet:-1, max-image-preview:large, max-video-preview:-1\" \/>\n<link rel=\"canonical\" href=\"https:\/\/canal7slp.tv\/2025\/se-instala-cde-del-pan-para-el-periodo-2024-2027\/\" \/>\n<meta property=\"og:locale\" content=\"es_ES\" \/>\n<meta property=\"og:type\" content=\"article\" \/>\n<meta property=\"og:title\" content=\"Se instala CDE del PAN para el per\u00edodo 2024-2027 - Canal 7 SLP - 2025\" \/>\n<meta property=\"og:description\" content=\"SLP.- La instalaci\u00f3n del Comit\u00e9 Directivo Estatal (CDE) del Partido Acci\u00f3n Nacional (PAN) se llev\u00f3 a cabo, presidido por Ver\u00f3nica Rodr\u00edguez Hern\u00e1ndez, para el per\u00edodo 2024-2027. Adem\u00e1s de conformarse por Ver\u00f3nica Rodr\u00edguez como presidenta; Carlos Enrique Dahud Uresti es Secretario General. Como integrantes ser\u00edan Eugenia de Jes\u00fas El\u00edas M\u00e9ndez, Manuela Salgado Venegas, Gabriela Betancourt Dibildox, Mar\u00eda del Carmen V\u00e1zquez Salinas, Santiago Zamanillo Gonz\u00e1lez, Ulises Fabi\u00e1n Toro Reyna y Juan Marcos Garc\u00eda Hern\u00e1ndez. Este comit\u00e9 result\u00f3 electo el pasado ocho de diciembre y fue el 16 de enero del presente cuando inici\u00f3 el proceso de entrega-recepci\u00f3n,\u00a0al ratificarse el triunfo. Durante la [&hellip;]\" \/>\n<meta property=\"og:url\" content=\"https:\/\/canal7slp.tv\/2025\/se-instala-cde-del-pan-para-el-periodo-2024-2027\/\" \/>\n<meta property=\"og:site_name\" content=\"Canal 7 SLP - 2025\" \/>\n<meta property=\"article:publisher\" content=\"https:\/\/www.facebook.com\/noticieroscanal7atencionciudadana\/\" \/>\n<meta property=\"article:published_time\" content=\"2025-01-23T13:44:10+00:00\" \/>\n<meta property=\"article:modified_time\" content=\"2025-01-23T15:04:11+00:00\" \/>\n<meta property=\"og:image\" content=\"https:\/\/canal7slp.tv\/2025\/wp-content\/uploads\/2025\/01\/Pau01Comite.jpg\" \/>\n\t<meta property=\"og:image:width\" content=\"1280\" \/>\n\t<meta property=\"og:image:height\" content=\"720\" \/>\n\t<meta property=\"og:image:type\" content=\"image\/jpeg\" \/>\n<meta name=\"author\" content=\"Edici\u00f3n Web\" \/>\n<meta name=\"twitter:card\" content=\"summary_large_image\" \/>\n<meta name=\"twitter:creator\" content=\"@NOTICIEROS7\" \/>\n<meta name=\"twitter:site\" content=\"@NOTICIEROS7\" \/>\n<meta name=\"twitter:label1\" content=\"Escrito por\" \/>\n\t<meta name=\"twitter:data1\" content=\"Edici\u00f3n Web\" \/>\n\t<meta name=\"twitter:label2\" content=\"Tiempo de lectura\" \/>\n\t<meta name=\"twitter:data2\" content=\"1 minuto\" \/>\n<script type=\"application\/ld+json\" class=\"yoast-schema-graph\">{\"@context\":\"https:\\\/\\\/schema.org\",\"@graph\":[{\"@type\":\"Article\",\"@id\":\"https:\\\/\\\/canal7slp.tv\\\/2025\\\/se-instala-cde-del-pan-para-el-periodo-2024-2027\\\/#article\",\"isPartOf\":{\"@id\":\"https:\\\/\\\/canal7slp.tv\\\/2025\\\/se-instala-cde-del-pan-para-el-periodo-2024-2027\\\/\"},\"author\":{\"name\":\"Edici\u00f3n Web\",\"@id\":\"https:\\\/\\\/canal7slp.tv\\\/2025\\\/#\\\/schema\\\/person\\\/271e2b60a96e7cc9d9ac296f4d7e414b\"},\"headline\":\"Se instala CDE del PAN para el per\u00edodo 2024-2027\",\"datePublished\":\"2025-01-23T13:44:10+00:00\",\"dateModified\":\"2025-01-23T15:04:11+00:00\",\"mainEntityOfPage\":{\"@id\":\"https:\\\/\\\/canal7slp.tv\\\/2025\\\/se-instala-cde-del-pan-para-el-periodo-2024-2027\\\/\"},\"wordCount\":167,\"publisher\":{\"@id\":\"https:\\\/\\\/canal7slp.tv\\\/2025\\\/#organization\"},\"image\":{\"@id\":\"https:\\\/\\\/canal7slp.tv\\\/2025\\\/se-instala-cde-del-pan-para-el-periodo-2024-2027\\\/#primaryimage\"},\"thumbnailUrl\":\"https:\\\/\\\/canal7slp.tv\\\/2025\\\/wp-content\\\/uploads\\\/2025\\\/01\\\/Pau01Comite.jpg\",\"articleSection\":[\"DESTACADAS\",\"LOCALES Y REGIONALES\"],\"inLanguage\":\"es\"},{\"@type\":\"WebPage\",\"@id\":\"https:\\\/\\\/canal7slp.tv\\\/2025\\\/se-instala-cde-del-pan-para-el-periodo-2024-2027\\\/\",\"url\":\"https:\\\/\\\/canal7slp.tv\\\/2025\\\/se-instala-cde-del-pan-para-el-periodo-2024-2027\\\/\",\"name\":\"Se instala CDE del PAN para el per\u00edodo 2024-2027 - Canal 7 SLP - 2025\",\"isPartOf\":{\"@id\":\"https:\\\/\\\/canal7slp.tv\\\/2025\\\/#website\"},\"primaryImageOfPage\":{\"@id\":\"https:\\\/\\\/canal7slp.tv\\\/2025\\\/se-instala-cde-del-pan-para-el-periodo-2024-2027\\\/#primaryimage\"},\"image\":{\"@id\":\"https:\\\/\\\/canal7slp.tv\\\/2025\\\/se-instala-cde-del-pan-para-el-periodo-2024-2027\\\/#primaryimage\"},\"thumbnailUrl\":\"https:\\\/\\\/canal7slp.tv\\\/2025\\\/wp-content\\\/uploads\\\/2025\\\/01\\\/Pau01Comite.jpg\",\"datePublished\":\"2025-01-23T13:44:10+00:00\",\"dateModified\":\"2025-01-23T15:04:11+00:00\",\"breadcrumb\":{\"@id\":\"https:\\\/\\\/canal7slp.tv\\\/2025\\\/se-instala-cde-del-pan-para-el-periodo-2024-2027\\\/#breadcrumb\"},\"inLanguage\":\"es\",\"potentialAction\":[{\"@type\":\"ReadAction\",\"target\":[\"https:\\\/\\\/canal7slp.tv\\\/2025\\\/se-instala-cde-del-pan-para-el-periodo-2024-2027\\\/\"]}]},{\"@type\":\"ImageObject\",\"inLanguage\":\"es\",\"@id\":\"https:\\\/\\\/canal7slp.tv\\\/2025\\\/se-instala-cde-del-pan-para-el-periodo-2024-2027\\\/#primaryimage\",\"url\":\"https:\\\/\\\/canal7slp.tv\\\/2025\\\/wp-content\\\/uploads\\\/2025\\\/01\\\/Pau01Comite.jpg\",\"contentUrl\":\"https:\\\/\\\/canal7slp.tv\\\/2025\\\/wp-content\\\/uploads\\\/2025\\\/01\\\/Pau01Comite.jpg\",\"width\":1280,\"height\":720},{\"@type\":\"BreadcrumbList\",\"@id\":\"https:\\\/\\\/canal7slp.tv\\\/2025\\\/se-instala-cde-del-pan-para-el-periodo-2024-2027\\\/#breadcrumb\",\"itemListElement\":[{\"@type\":\"ListItem\",\"position\":1,\"name\":\"Portada\",\"item\":\"https:\\\/\\\/canal7slp.tv\\\/2025\\\/\"},{\"@type\":\"ListItem\",\"position\":2,\"name\":\"Se instala CDE del PAN para el per\u00edodo 2024-2027\"}]},{\"@type\":\"WebSite\",\"@id\":\"https:\\\/\\\/canal7slp.tv\\\/2025\\\/#website\",\"url\":\"https:\\\/\\\/canal7slp.tv\\\/2025\\\/\",\"name\":\"N7 - Noticieros Canal 7\",\"description\":\"Somos el Medio\",\"publisher\":{\"@id\":\"https:\\\/\\\/canal7slp.tv\\\/2025\\\/#organization\"},\"potentialAction\":[{\"@type\":\"SearchAction\",\"target\":{\"@type\":\"EntryPoint\",\"urlTemplate\":\"https:\\\/\\\/canal7slp.tv\\\/2025\\\/?s={search_term_string}\"},\"query-input\":{\"@type\":\"PropertyValueSpecification\",\"valueRequired\":true,\"valueName\":\"search_term_string\"}}],\"inLanguage\":\"es\"},{\"@type\":\"Organization\",\"@id\":\"https:\\\/\\\/canal7slp.tv\\\/2025\\\/#organization\",\"name\":\"Noticieros Canal 7\",\"url\":\"https:\\\/\\\/canal7slp.tv\\\/2025\\\/\",\"logo\":{\"@type\":\"ImageObject\",\"inLanguage\":\"es\",\"@id\":\"https:\\\/\\\/canal7slp.tv\\\/2025\\\/#\\\/schema\\\/logo\\\/image\\\/\",\"url\":\"https:\\\/\\\/canal7slp.tv\\\/2025\\\/wp-content\\\/uploads\\\/2021\\\/01\\\/logo-noticieros@2x.png\",\"contentUrl\":\"https:\\\/\\\/canal7slp.tv\\\/2025\\\/wp-content\\\/uploads\\\/2021\\\/01\\\/logo-noticieros@2x.png\",\"width\":1017,\"height\":268,\"caption\":\"Noticieros Canal 7\"},\"image\":{\"@id\":\"https:\\\/\\\/canal7slp.tv\\\/2025\\\/#\\\/schema\\\/logo\\\/image\\\/\"},\"sameAs\":[\"https:\\\/\\\/www.facebook.com\\\/noticieroscanal7atencionciudadana\\\/\",\"https:\\\/\\\/x.com\\\/NOTICIEROS7\",\"https:\\\/\\\/www.instagram.com\\\/canal7_slp\",\"https:\\\/\\\/www.youtube.com\\\/channel\\\/UCliiYs-gP3JfJeqdPrNdd5A\"]},{\"@type\":\"Person\",\"@id\":\"https:\\\/\\\/canal7slp.tv\\\/2025\\\/#\\\/schema\\\/person\\\/271e2b60a96e7cc9d9ac296f4d7e414b\",\"name\":\"Edici\u00f3n Web\",\"image\":{\"@type\":\"ImageObject\",\"inLanguage\":\"es\",\"@id\":\"https:\\\/\\\/secure.gravatar.com\\\/avatar\\\/eee448fc3f7164808013b816ba91ac7e43bbe82a70bebac296f8bc6f0addaa1a?s=96&d=mm&r=g\",\"url\":\"https:\\\/\\\/secure.gravatar.com\\\/avatar\\\/eee448fc3f7164808013b816ba91ac7e43bbe82a70bebac296f8bc6f0addaa1a?s=96&d=mm&r=g\",\"contentUrl\":\"https:\\\/\\\/secure.gravatar.com\\\/avatar\\\/eee448fc3f7164808013b816ba91ac7e43bbe82a70bebac296f8bc6f0addaa1a?s=96&d=mm&r=g\",\"caption\":\"Edici\u00f3n Web\"},\"url\":\"https:\\\/\\\/canal7slp.tv\\\/2025\\\/author\\\/edicionweb\\\/\"}]}<\/script>\n<!-- \/ Yoast SEO plugin. -->","yoast_head_json":{"title":"Se instala CDE del PAN para el per\u00edodo 2024-2027 - Canal 7 SLP - 2025","robots":{"index":"index","follow":"follow","max-snippet":"max-snippet:-1","max-image-preview":"max-image-preview:large","max-video-preview":"max-video-preview:-1"},"canonical":"https:\/\/canal7slp.tv\/2025\/se-instala-cde-del-pan-para-el-periodo-2024-2027\/","og_locale":"es_ES","og_type":"article","og_title":"Se instala CDE del PAN para el per\u00edodo 2024-2027 - Canal 7 SLP - 2025","og_description":"SLP.- La instalaci\u00f3n del Comit\u00e9 Directivo Estatal (CDE) del Partido Acci\u00f3n Nacional (PAN) se llev\u00f3 a cabo, presidido por Ver\u00f3nica Rodr\u00edguez Hern\u00e1ndez, para el per\u00edodo 2024-2027. Adem\u00e1s de conformarse por Ver\u00f3nica Rodr\u00edguez como presidenta; Carlos Enrique Dahud Uresti es Secretario General. Como integrantes ser\u00edan Eugenia de Jes\u00fas El\u00edas M\u00e9ndez, Manuela Salgado Venegas, Gabriela Betancourt Dibildox, Mar\u00eda del Carmen V\u00e1zquez Salinas, Santiago Zamanillo Gonz\u00e1lez, Ulises Fabi\u00e1n Toro Reyna y Juan Marcos Garc\u00eda Hern\u00e1ndez. Este comit\u00e9 result\u00f3 electo el pasado ocho de diciembre y fue el 16 de enero del presente cuando inici\u00f3 el proceso de entrega-recepci\u00f3n,\u00a0al ratificarse el triunfo. Durante la [&hellip;]","og_url":"https:\/\/canal7slp.tv\/2025\/se-instala-cde-del-pan-para-el-periodo-2024-2027\/","og_site_name":"Canal 7 SLP - 2025","article_publisher":"https:\/\/www.facebook.com\/noticieroscanal7atencionciudadana\/","article_published_time":"2025-01-23T13:44:10+00:00","article_modified_time":"2025-01-23T15:04:11+00:00","og_image":[{"width":1280,"height":720,"url":"https:\/\/canal7slp.tv\/2025\/wp-content\/uploads\/2025\/01\/Pau01Comite.jpg","type":"image\/jpeg"}],"author":"Edici\u00f3n Web","twitter_card":"summary_large_image","twitter_creator":"@NOTICIEROS7","twitter_site":"@NOTICIEROS7","twitter_misc":{"Escrito por":"Edici\u00f3n Web","Tiempo de lectura":"1 minuto"},"schema":{"@context":"https:\/\/schema.org","@graph":[{"@type":"Article","@id":"https:\/\/canal7slp.tv\/2025\/se-instala-cde-del-pan-para-el-periodo-2024-2027\/#article","isPartOf":{"@id":"https:\/\/canal7slp.tv\/2025\/se-instala-cde-del-pan-para-el-periodo-2024-2027\/"},"author":{"name":"Edici\u00f3n Web","@id":"https:\/\/canal7slp.tv\/2025\/#\/schema\/person\/271e2b60a96e7cc9d9ac296f4d7e414b"},"headline":"Se instala CDE del PAN para el per\u00edodo 2024-2027","datePublished":"2025-01-23T13:44:10+00:00","dateModified":"2025-01-23T15:04:11+00:00","mainEntityOfPage":{"@id":"https:\/\/canal7slp.tv\/2025\/se-instala-cde-del-pan-para-el-periodo-2024-2027\/"},"wordCount":167,"publisher":{"@id":"https:\/\/canal7slp.tv\/2025\/#organization"},"image":{"@id":"https:\/\/canal7slp.tv\/2025\/se-instala-cde-del-pan-para-el-periodo-2024-2027\/#primaryimage"},"thumbnailUrl":"https:\/\/canal7slp.tv\/2025\/wp-content\/uploads\/2025\/01\/Pau01Comite.jpg","articleSection":["DESTACADAS","LOCALES Y REGIONALES"],"inLanguage":"es"},{"@type":"WebPage","@id":"https:\/\/canal7slp.tv\/2025\/se-instala-cde-del-pan-para-el-periodo-2024-2027\/","url":"https:\/\/canal7slp.tv\/2025\/se-instala-cde-del-pan-para-el-periodo-2024-2027\/","name":"Se instala CDE del PAN para el per\u00edodo 2024-2027 - Canal 7 SLP - 2025","isPartOf":{"@id":"https:\/\/canal7slp.tv\/2025\/#website"},"primaryImageOfPage":{"@id":"https:\/\/canal7slp.tv\/2025\/se-instala-cde-del-pan-para-el-periodo-2024-2027\/#primaryimage"},"image":{"@id":"https:\/\/canal7slp.tv\/2025\/se-instala-cde-del-pan-para-el-periodo-2024-2027\/#primaryimage"},"thumbnailUrl":"https:\/\/canal7slp.tv\/2025\/wp-content\/uploads\/2025\/01\/Pau01Comite.jpg","datePublished":"2025-01-23T13:44:10+00:00","dateModified":"2025-01-23T15:04:11+00:00","breadcrumb":{"@id":"https:\/\/canal7slp.tv\/2025\/se-instala-cde-del-pan-para-el-periodo-2024-2027\/#breadcrumb"},"inLanguage":"es","potentialAction":[{"@type":"ReadAction","target":["https:\/\/canal7slp.tv\/2025\/se-instala-cde-del-pan-para-el-periodo-2024-2027\/"]}]},{"@type":"ImageObject","inLanguage":"es","@id":"https:\/\/canal7slp.tv\/2025\/se-instala-cde-del-pan-para-el-periodo-2024-2027\/#primaryimage","url":"https:\/\/canal7slp.tv\/2025\/wp-content\/uploads\/2025\/01\/Pau01Comite.jpg","contentUrl":"https:\/\/canal7slp.tv\/2025\/wp-content\/uploads\/2025\/01\/Pau01Comite.jpg","width":1280,"height":720},{"@type":"BreadcrumbList","@id":"https:\/\/canal7slp.tv\/2025\/se-instala-cde-del-pan-para-el-periodo-2024-2027\/#breadcrumb","itemListElement":[{"@type":"ListItem","position":1,"name":"Portada","item":"https:\/\/canal7slp.tv\/2025\/"},{"@type":"ListItem","position":2,"name":"Se instala CDE del PAN para el per\u00edodo 2024-2027"}]},{"@type":"WebSite","@id":"https:\/\/canal7slp.tv\/2025\/#website","url":"https:\/\/canal7slp.tv\/2025\/","name":"N7 - Noticieros Canal 7","description":"Somos el Medio","publisher":{"@id":"https:\/\/canal7slp.tv\/2025\/#organization"},"potentialAction":[{"@type":"SearchAction","target":{"@type":"EntryPoint","urlTemplate":"https:\/\/canal7slp.tv\/2025\/?s={search_term_string}"},"query-input":{"@type":"PropertyValueSpecification","valueRequired":true,"valueName":"search_term_string"}}],"inLanguage":"es"},{"@type":"Organization","@id":"https:\/\/canal7slp.tv\/2025\/#organization","name":"Noticieros Canal 7","url":"https:\/\/canal7slp.tv\/2025\/","logo":{"@type":"ImageObject","inLanguage":"es","@id":"https:\/\/canal7slp.tv\/2025\/#\/schema\/logo\/image\/","url":"https:\/\/canal7slp.tv\/2025\/wp-content\/uploads\/2021\/01\/logo-noticieros@2x.png","contentUrl":"https:\/\/canal7slp.tv\/2025\/wp-content\/uploads\/2021\/01\/logo-noticieros@2x.png","width":1017,"height":268,"caption":"Noticieros Canal 7"},"image":{"@id":"https:\/\/canal7slp.tv\/2025\/#\/schema\/logo\/image\/"},"sameAs":["https:\/\/www.facebook.com\/noticieroscanal7atencionciudadana\/","https:\/\/x.com\/NOTICIEROS7","https:\/\/www.instagram.com\/canal7_slp","https:\/\/www.youtube.com\/channel\/UCliiYs-gP3JfJeqdPrNdd5A"]},{"@type":"Person","@id":"https:\/\/canal7slp.tv\/2025\/#\/schema\/person\/271e2b60a96e7cc9d9ac296f4d7e414b","name":"Edici\u00f3n Web","image":{"@type":"ImageObject","inLanguage":"es","@id":"https:\/\/secure.gravatar.com\/avatar\/eee448fc3f7164808013b816ba91ac7e43bbe82a70bebac296f8bc6f0addaa1a?s=96&d=mm&r=g","url":"https:\/\/secure.gravatar.com\/avatar\/eee448fc3f7164808013b816ba91ac7e43bbe82a70bebac296f8bc6f0addaa1a?s=96&d=mm&r=g","contentUrl":"https:\/\/secure.gravatar.com\/avatar\/eee448fc3f7164808013b816ba91ac7e43bbe82a70bebac296f8bc6f0addaa1a?s=96&d=mm&r=g","caption":"Edici\u00f3n Web"},"url":"https:\/\/canal7slp.tv\/2025\/author\/edicionweb\/"}]}},"_links":{"self":[{"href":"https:\/\/canal7slp.tv\/2025\/wp-json\/wp\/v2\/posts\/155088","targetHints":{"allow":["GET"]}}],"collection":[{"href":"https:\/\/canal7slp.tv\/2025\/wp-json\/wp\/v2\/posts"}],"about":[{"href":"https:\/\/canal7slp.tv\/2025\/wp-json\/wp\/v2\/types\/post"}],"author":[{"embeddable":true,"href":"https:\/\/canal7slp.tv\/2025\/wp-json\/wp\/v2\/users\/2"}],"replies":[{"embeddable":true,"href":"https:\/\/canal7slp.tv\/2025\/wp-json\/wp\/v2\/comments?post=155088"}],"version-history":[{"count":2,"href":"https:\/\/canal7slp.tv\/2025\/wp-json\/wp\/v2\/posts\/155088\/revisions"}],"predecessor-version":[{"id":155098,"href":"https:\/\/canal7slp.tv\/2025\/wp-json\/wp\/v2\/posts\/155088\/revisions\/155098"}],"wp:featuredmedia":[{"embeddable":true,"href":"https:\/\/canal7slp.tv\/2025\/wp-json\/wp\/v2\/media\/155097"}],"wp:attachment":[{"href":"https:\/\/canal7slp.tv\/2025\/wp-json\/wp\/v2\/media?parent=155088"}],"wp:term":[{"taxonomy":"category","embeddable":true,"href":"https:\/\/canal7slp.tv\/2025\/wp-json\/wp\/v2\/categories?post=155088"},{"taxonomy":"post_tag","embeddable":true,"href":"https:\/\/canal7slp.tv\/2025\/wp-json\/wp\/v2\/tags?post=155088"}],"curies":[{"name":"wp","href":"https:\/\/api.w.org\/{rel}","templated":true}]}}