{"id":155012,"date":"2025-01-23T01:00:51","date_gmt":"2025-01-23T07:00:51","guid":{"rendered":"https:\/\/canal7slp.tv\/2025\/?p=155012"},"modified":"2025-01-22T17:17:32","modified_gmt":"2025-01-22T23:17:32","slug":"padres-de-familia-de-la-primaria-tipo-21-de-agosto-se-manifiestan-en-contra-de-la-posible-reubicacion-de-sus-hijos","status":"publish","type":"post","link":"https:\/\/canal7slp.tv\/2025\/padres-de-familia-de-la-primaria-tipo-21-de-agosto-se-manifiestan-en-contra-de-la-posible-reubicacion-de-sus-hijos\/","title":{"rendered":"Padres de familia de la primaria Tipo 21 de Agosto se manifiestan en contra de la posible reubicaci\u00f3n de sus hijos"},"content":{"rendered":"<p style=\"text-align: justify;\">SLP.- Un grupo de padres de familia se reuni\u00f3 a las afueras de la escuela primaria Tipo 21 de Agosto, ubicada en la avenida Mariano Jim\u00e9nez de la capital potosina, para manifestarse en contra de la supuesta decisi\u00f3n tomada por las autoridades de desalojar a los estudiantes y reubicarlos en otras instituciones.<\/p>\n<p style=\"text-align: justify;\">Uno de los aspectos que m\u00e1s preocupa a los padres de familia es la estabilidad emocional de los infantes, ya que temen que un cambio de este tipo genere alg\u00fan da\u00f1o psicol\u00f3gico.<\/p>\n<p style=\"text-align: justify;\">La situaci\u00f3n, que llego a los afectados a trav\u00e9s de los medios de comunicaci\u00f3n, ha generado un ambiente de incertidumbre y preocupaci\u00f3n, ya que argumentan no haber recibido ninguna respuesta oficial.<\/p>\n<p style=\"text-align: justify;\">De acuerdo a los manifestantes, las autoridades mencionan que la instituci\u00f3n presenta fallos en el espacio disponible para los estudiantes, lo que justificar\u00eda su reubicaci\u00f3n.<\/p>\n<p style=\"text-align: justify;\">Los integrantes del centro educativo, que cuenta con m\u00e1s de 500 alumnos, esperan que se valore el trabajo que realizan.<\/p>\n<p style=\"text-align: justify;\">Por: Sofia Mayela Mata<\/p>\n","protected":false},"excerpt":{"rendered":"<p>SLP.- Un grupo de padres de familia se reuni\u00f3 a las afueras de la escuela primaria Tipo 21 de Agosto, ubicada en la avenida Mariano Jim\u00e9nez de la capital potosina, para manifestarse en contra de la supuesta decisi\u00f3n tomada por las autoridades de desalojar a los estudiantes y reubicarlos en otras instituciones. Uno de los aspectos que m\u00e1s preocupa a los padres de familia es la estabilidad emocional de los infantes, ya que temen que un cambio de este tipo genere alg\u00fan da\u00f1o psicol\u00f3gico. La situaci\u00f3n, que llego a los afectados a trav\u00e9s de los medios de comunicaci\u00f3n, ha generado [&hellip;]<\/p>\n","protected":false},"author":2,"featured_media":155042,"comment_status":"closed","ping_status":"closed","sticky":false,"template":"","format":"video","meta":{"_monsterinsights_skip_tracking":false,"_monsterinsights_sitenote_active":false,"_monsterinsights_sitenote_note":"","_monsterinsights_sitenote_category":0,"footnotes":""},"categories":[5,45],"tags":[],"class_list":["post-155012","post","type-post","status-publish","format-video","has-post-thumbnail","hentry","category-destacadas","category-localesyregionales","post_format-post-format-video","post--single"],"yoast_head":"<!-- This site is optimized with the Yoast SEO plugin v27.5 - https:\/\/yoast.com\/product\/yoast-seo-wordpress\/ -->\n<title>Padres de familia de la primaria Tipo 21 de Agosto se manifiestan en contra de la posible reubicaci\u00f3n de sus hijos - Canal 7 SLP - 2025<\/title>\n<meta name=\"robots\" content=\"index, follow, max-snippet:-1, max-image-preview:large, max-video-preview:-1\" \/>\n<link rel=\"canonical\" href=\"https:\/\/canal7slp.tv\/2025\/padres-de-familia-de-la-primaria-tipo-21-de-agosto-se-manifiestan-en-contra-de-la-posible-reubicacion-de-sus-hijos\/\" \/>\n<meta property=\"og:locale\" content=\"es_ES\" \/>\n<meta property=\"og:type\" content=\"article\" \/>\n<meta property=\"og:title\" content=\"Padres de familia de la primaria Tipo 21 de Agosto se manifiestan en contra de la posible reubicaci\u00f3n de sus hijos - Canal 7 SLP - 2025\" \/>\n<meta property=\"og:description\" content=\"SLP.- Un grupo de padres de familia se reuni\u00f3 a las afueras de la escuela primaria Tipo 21 de Agosto, ubicada en la avenida Mariano Jim\u00e9nez de la capital potosina, para manifestarse en contra de la supuesta decisi\u00f3n tomada por las autoridades de desalojar a los estudiantes y reubicarlos en otras instituciones. Uno de los aspectos que m\u00e1s preocupa a los padres de familia es la estabilidad emocional de los infantes, ya que temen que un cambio de este tipo genere alg\u00fan da\u00f1o psicol\u00f3gico. La situaci\u00f3n, que llego a los afectados a trav\u00e9s de los medios de comunicaci\u00f3n, ha generado [&hellip;]\" \/>\n<meta property=\"og:url\" content=\"https:\/\/canal7slp.tv\/2025\/padres-de-familia-de-la-primaria-tipo-21-de-agosto-se-manifiestan-en-contra-de-la-posible-reubicacion-de-sus-hijos\/\" \/>\n<meta property=\"og:site_name\" content=\"Canal 7 SLP - 2025\" \/>\n<meta property=\"article:publisher\" content=\"https:\/\/www.facebook.com\/noticieroscanal7atencionciudadana\/\" \/>\n<meta property=\"article:published_time\" content=\"2025-01-23T07:00:51+00:00\" \/>\n<meta property=\"og:image\" content=\"https:\/\/canal7slp.tv\/2025\/wp-content\/uploads\/2025\/01\/Sofia02ManifestacionPrimariaTipo.jpg\" \/>\n\t<meta property=\"og:image:width\" content=\"1280\" \/>\n\t<meta property=\"og:image:height\" content=\"720\" \/>\n\t<meta property=\"og:image:type\" content=\"image\/jpeg\" \/>\n<meta name=\"author\" content=\"Edici\u00f3n Web\" \/>\n<meta name=\"twitter:card\" content=\"summary_large_image\" \/>\n<meta name=\"twitter:creator\" content=\"@NOTICIEROS7\" \/>\n<meta name=\"twitter:site\" content=\"@NOTICIEROS7\" \/>\n<meta name=\"twitter:label1\" content=\"Escrito por\" \/>\n\t<meta name=\"twitter:data1\" content=\"Edici\u00f3n Web\" \/>\n\t<meta name=\"twitter:label2\" content=\"Tiempo de lectura\" \/>\n\t<meta name=\"twitter:data2\" content=\"1 minuto\" \/>\n<script type=\"application\/ld+json\" class=\"yoast-schema-graph\">{\"@context\":\"https:\\\/\\\/schema.org\",\"@graph\":[{\"@type\":\"Article\",\"@id\":\"https:\\\/\\\/canal7slp.tv\\\/2025\\\/padres-de-familia-de-la-primaria-tipo-21-de-agosto-se-manifiestan-en-contra-de-la-posible-reubicacion-de-sus-hijos\\\/#article\",\"isPartOf\":{\"@id\":\"https:\\\/\\\/canal7slp.tv\\\/2025\\\/padres-de-familia-de-la-primaria-tipo-21-de-agosto-se-manifiestan-en-contra-de-la-posible-reubicacion-de-sus-hijos\\\/\"},\"author\":{\"name\":\"Edici\u00f3n Web\",\"@id\":\"https:\\\/\\\/canal7slp.tv\\\/2025\\\/#\\\/schema\\\/person\\\/271e2b60a96e7cc9d9ac296f4d7e414b\"},\"headline\":\"Padres de familia de la primaria Tipo 21 de Agosto se manifiestan en contra de la posible reubicaci\u00f3n de sus hijos\",\"datePublished\":\"2025-01-23T07:00:51+00:00\",\"mainEntityOfPage\":{\"@id\":\"https:\\\/\\\/canal7slp.tv\\\/2025\\\/padres-de-familia-de-la-primaria-tipo-21-de-agosto-se-manifiestan-en-contra-de-la-posible-reubicacion-de-sus-hijos\\\/\"},\"wordCount\":198,\"publisher\":{\"@id\":\"https:\\\/\\\/canal7slp.tv\\\/2025\\\/#organization\"},\"image\":{\"@id\":\"https:\\\/\\\/canal7slp.tv\\\/2025\\\/padres-de-familia-de-la-primaria-tipo-21-de-agosto-se-manifiestan-en-contra-de-la-posible-reubicacion-de-sus-hijos\\\/#primaryimage\"},\"thumbnailUrl\":\"https:\\\/\\\/canal7slp.tv\\\/2025\\\/wp-content\\\/uploads\\\/2025\\\/01\\\/Sofia02ManifestacionPrimariaTipo.jpg\",\"articleSection\":[\"DESTACADAS\",\"LOCALES Y REGIONALES\"],\"inLanguage\":\"es\"},{\"@type\":\"WebPage\",\"@id\":\"https:\\\/\\\/canal7slp.tv\\\/2025\\\/padres-de-familia-de-la-primaria-tipo-21-de-agosto-se-manifiestan-en-contra-de-la-posible-reubicacion-de-sus-hijos\\\/\",\"url\":\"https:\\\/\\\/canal7slp.tv\\\/2025\\\/padres-de-familia-de-la-primaria-tipo-21-de-agosto-se-manifiestan-en-contra-de-la-posible-reubicacion-de-sus-hijos\\\/\",\"name\":\"Padres de familia de la primaria Tipo 21 de Agosto se manifiestan en contra de la posible reubicaci\u00f3n de sus hijos - Canal 7 SLP - 2025\",\"isPartOf\":{\"@id\":\"https:\\\/\\\/canal7slp.tv\\\/2025\\\/#website\"},\"primaryImageOfPage\":{\"@id\":\"https:\\\/\\\/canal7slp.tv\\\/2025\\\/padres-de-familia-de-la-primaria-tipo-21-de-agosto-se-manifiestan-en-contra-de-la-posible-reubicacion-de-sus-hijos\\\/#primaryimage\"},\"image\":{\"@id\":\"https:\\\/\\\/canal7slp.tv\\\/2025\\\/padres-de-familia-de-la-primaria-tipo-21-de-agosto-se-manifiestan-en-contra-de-la-posible-reubicacion-de-sus-hijos\\\/#primaryimage\"},\"thumbnailUrl\":\"https:\\\/\\\/canal7slp.tv\\\/2025\\\/wp-content\\\/uploads\\\/2025\\\/01\\\/Sofia02ManifestacionPrimariaTipo.jpg\",\"datePublished\":\"2025-01-23T07:00:51+00:00\",\"breadcrumb\":{\"@id\":\"https:\\\/\\\/canal7slp.tv\\\/2025\\\/padres-de-familia-de-la-primaria-tipo-21-de-agosto-se-manifiestan-en-contra-de-la-posible-reubicacion-de-sus-hijos\\\/#breadcrumb\"},\"inLanguage\":\"es\",\"potentialAction\":[{\"@type\":\"ReadAction\",\"target\":[\"https:\\\/\\\/canal7slp.tv\\\/2025\\\/padres-de-familia-de-la-primaria-tipo-21-de-agosto-se-manifiestan-en-contra-de-la-posible-reubicacion-de-sus-hijos\\\/\"]}]},{\"@type\":\"ImageObject\",\"inLanguage\":\"es\",\"@id\":\"https:\\\/\\\/canal7slp.tv\\\/2025\\\/padres-de-familia-de-la-primaria-tipo-21-de-agosto-se-manifiestan-en-contra-de-la-posible-reubicacion-de-sus-hijos\\\/#primaryimage\",\"url\":\"https:\\\/\\\/canal7slp.tv\\\/2025\\\/wp-content\\\/uploads\\\/2025\\\/01\\\/Sofia02ManifestacionPrimariaTipo.jpg\",\"contentUrl\":\"https:\\\/\\\/canal7slp.tv\\\/2025\\\/wp-content\\\/uploads\\\/2025\\\/01\\\/Sofia02ManifestacionPrimariaTipo.jpg\",\"width\":1280,\"height\":720},{\"@type\":\"BreadcrumbList\",\"@id\":\"https:\\\/\\\/canal7slp.tv\\\/2025\\\/padres-de-familia-de-la-primaria-tipo-21-de-agosto-se-manifiestan-en-contra-de-la-posible-reubicacion-de-sus-hijos\\\/#breadcrumb\",\"itemListElement\":[{\"@type\":\"ListItem\",\"position\":1,\"name\":\"Portada\",\"item\":\"https:\\\/\\\/canal7slp.tv\\\/2025\\\/\"},{\"@type\":\"ListItem\",\"position\":2,\"name\":\"Padres de familia de la primaria Tipo 21 de Agosto se manifiestan en contra de la posible reubicaci\u00f3n de sus hijos\"}]},{\"@type\":\"WebSite\",\"@id\":\"https:\\\/\\\/canal7slp.tv\\\/2025\\\/#website\",\"url\":\"https:\\\/\\\/canal7slp.tv\\\/2025\\\/\",\"name\":\"N7 - Noticieros Canal 7\",\"description\":\"Somos el Medio\",\"publisher\":{\"@id\":\"https:\\\/\\\/canal7slp.tv\\\/2025\\\/#organization\"},\"potentialAction\":[{\"@type\":\"SearchAction\",\"target\":{\"@type\":\"EntryPoint\",\"urlTemplate\":\"https:\\\/\\\/canal7slp.tv\\\/2025\\\/?s={search_term_string}\"},\"query-input\":{\"@type\":\"PropertyValueSpecification\",\"valueRequired\":true,\"valueName\":\"search_term_string\"}}],\"inLanguage\":\"es\"},{\"@type\":\"Organization\",\"@id\":\"https:\\\/\\\/canal7slp.tv\\\/2025\\\/#organization\",\"name\":\"Noticieros Canal 7\",\"url\":\"https:\\\/\\\/canal7slp.tv\\\/2025\\\/\",\"logo\":{\"@type\":\"ImageObject\",\"inLanguage\":\"es\",\"@id\":\"https:\\\/\\\/canal7slp.tv\\\/2025\\\/#\\\/schema\\\/logo\\\/image\\\/\",\"url\":\"https:\\\/\\\/canal7slp.tv\\\/2025\\\/wp-content\\\/uploads\\\/2021\\\/01\\\/logo-noticieros@2x.png\",\"contentUrl\":\"https:\\\/\\\/canal7slp.tv\\\/2025\\\/wp-content\\\/uploads\\\/2021\\\/01\\\/logo-noticieros@2x.png\",\"width\":1017,\"height\":268,\"caption\":\"Noticieros Canal 7\"},\"image\":{\"@id\":\"https:\\\/\\\/canal7slp.tv\\\/2025\\\/#\\\/schema\\\/logo\\\/image\\\/\"},\"sameAs\":[\"https:\\\/\\\/www.facebook.com\\\/noticieroscanal7atencionciudadana\\\/\",\"https:\\\/\\\/x.com\\\/NOTICIEROS7\",\"https:\\\/\\\/www.instagram.com\\\/canal7_slp\",\"https:\\\/\\\/www.youtube.com\\\/channel\\\/UCliiYs-gP3JfJeqdPrNdd5A\"]},{\"@type\":\"Person\",\"@id\":\"https:\\\/\\\/canal7slp.tv\\\/2025\\\/#\\\/schema\\\/person\\\/271e2b60a96e7cc9d9ac296f4d7e414b\",\"name\":\"Edici\u00f3n Web\",\"image\":{\"@type\":\"ImageObject\",\"inLanguage\":\"es\",\"@id\":\"https:\\\/\\\/secure.gravatar.com\\\/avatar\\\/eee448fc3f7164808013b816ba91ac7e43bbe82a70bebac296f8bc6f0addaa1a?s=96&d=mm&r=g\",\"url\":\"https:\\\/\\\/secure.gravatar.com\\\/avatar\\\/eee448fc3f7164808013b816ba91ac7e43bbe82a70bebac296f8bc6f0addaa1a?s=96&d=mm&r=g\",\"contentUrl\":\"https:\\\/\\\/secure.gravatar.com\\\/avatar\\\/eee448fc3f7164808013b816ba91ac7e43bbe82a70bebac296f8bc6f0addaa1a?s=96&d=mm&r=g\",\"caption\":\"Edici\u00f3n Web\"},\"url\":\"https:\\\/\\\/canal7slp.tv\\\/2025\\\/author\\\/edicionweb\\\/\"}]}<\/script>\n<!-- \/ Yoast SEO plugin. -->","yoast_head_json":{"title":"Padres de familia de la primaria Tipo 21 de Agosto se manifiestan en contra de la posible reubicaci\u00f3n de sus hijos - Canal 7 SLP - 2025","robots":{"index":"index","follow":"follow","max-snippet":"max-snippet:-1","max-image-preview":"max-image-preview:large","max-video-preview":"max-video-preview:-1"},"canonical":"https:\/\/canal7slp.tv\/2025\/padres-de-familia-de-la-primaria-tipo-21-de-agosto-se-manifiestan-en-contra-de-la-posible-reubicacion-de-sus-hijos\/","og_locale":"es_ES","og_type":"article","og_title":"Padres de familia de la primaria Tipo 21 de Agosto se manifiestan en contra de la posible reubicaci\u00f3n de sus hijos - Canal 7 SLP - 2025","og_description":"SLP.- Un grupo de padres de familia se reuni\u00f3 a las afueras de la escuela primaria Tipo 21 de Agosto, ubicada en la avenida Mariano Jim\u00e9nez de la capital potosina, para manifestarse en contra de la supuesta decisi\u00f3n tomada por las autoridades de desalojar a los estudiantes y reubicarlos en otras instituciones. Uno de los aspectos que m\u00e1s preocupa a los padres de familia es la estabilidad emocional de los infantes, ya que temen que un cambio de este tipo genere alg\u00fan da\u00f1o psicol\u00f3gico. La situaci\u00f3n, que llego a los afectados a trav\u00e9s de los medios de comunicaci\u00f3n, ha generado [&hellip;]","og_url":"https:\/\/canal7slp.tv\/2025\/padres-de-familia-de-la-primaria-tipo-21-de-agosto-se-manifiestan-en-contra-de-la-posible-reubicacion-de-sus-hijos\/","og_site_name":"Canal 7 SLP - 2025","article_publisher":"https:\/\/www.facebook.com\/noticieroscanal7atencionciudadana\/","article_published_time":"2025-01-23T07:00:51+00:00","og_image":[{"width":1280,"height":720,"url":"https:\/\/canal7slp.tv\/2025\/wp-content\/uploads\/2025\/01\/Sofia02ManifestacionPrimariaTipo.jpg","type":"image\/jpeg"}],"author":"Edici\u00f3n Web","twitter_card":"summary_large_image","twitter_creator":"@NOTICIEROS7","twitter_site":"@NOTICIEROS7","twitter_misc":{"Escrito por":"Edici\u00f3n Web","Tiempo de lectura":"1 minuto"},"schema":{"@context":"https:\/\/schema.org","@graph":[{"@type":"Article","@id":"https:\/\/canal7slp.tv\/2025\/padres-de-familia-de-la-primaria-tipo-21-de-agosto-se-manifiestan-en-contra-de-la-posible-reubicacion-de-sus-hijos\/#article","isPartOf":{"@id":"https:\/\/canal7slp.tv\/2025\/padres-de-familia-de-la-primaria-tipo-21-de-agosto-se-manifiestan-en-contra-de-la-posible-reubicacion-de-sus-hijos\/"},"author":{"name":"Edici\u00f3n Web","@id":"https:\/\/canal7slp.tv\/2025\/#\/schema\/person\/271e2b60a96e7cc9d9ac296f4d7e414b"},"headline":"Padres de familia de la primaria Tipo 21 de Agosto se manifiestan en contra de la posible reubicaci\u00f3n de sus hijos","datePublished":"2025-01-23T07:00:51+00:00","mainEntityOfPage":{"@id":"https:\/\/canal7slp.tv\/2025\/padres-de-familia-de-la-primaria-tipo-21-de-agosto-se-manifiestan-en-contra-de-la-posible-reubicacion-de-sus-hijos\/"},"wordCount":198,"publisher":{"@id":"https:\/\/canal7slp.tv\/2025\/#organization"},"image":{"@id":"https:\/\/canal7slp.tv\/2025\/padres-de-familia-de-la-primaria-tipo-21-de-agosto-se-manifiestan-en-contra-de-la-posible-reubicacion-de-sus-hijos\/#primaryimage"},"thumbnailUrl":"https:\/\/canal7slp.tv\/2025\/wp-content\/uploads\/2025\/01\/Sofia02ManifestacionPrimariaTipo.jpg","articleSection":["DESTACADAS","LOCALES Y REGIONALES"],"inLanguage":"es"},{"@type":"WebPage","@id":"https:\/\/canal7slp.tv\/2025\/padres-de-familia-de-la-primaria-tipo-21-de-agosto-se-manifiestan-en-contra-de-la-posible-reubicacion-de-sus-hijos\/","url":"https:\/\/canal7slp.tv\/2025\/padres-de-familia-de-la-primaria-tipo-21-de-agosto-se-manifiestan-en-contra-de-la-posible-reubicacion-de-sus-hijos\/","name":"Padres de familia de la primaria Tipo 21 de Agosto se manifiestan en contra de la posible reubicaci\u00f3n de sus hijos - Canal 7 SLP - 2025","isPartOf":{"@id":"https:\/\/canal7slp.tv\/2025\/#website"},"primaryImageOfPage":{"@id":"https:\/\/canal7slp.tv\/2025\/padres-de-familia-de-la-primaria-tipo-21-de-agosto-se-manifiestan-en-contra-de-la-posible-reubicacion-de-sus-hijos\/#primaryimage"},"image":{"@id":"https:\/\/canal7slp.tv\/2025\/padres-de-familia-de-la-primaria-tipo-21-de-agosto-se-manifiestan-en-contra-de-la-posible-reubicacion-de-sus-hijos\/#primaryimage"},"thumbnailUrl":"https:\/\/canal7slp.tv\/2025\/wp-content\/uploads\/2025\/01\/Sofia02ManifestacionPrimariaTipo.jpg","datePublished":"2025-01-23T07:00:51+00:00","breadcrumb":{"@id":"https:\/\/canal7slp.tv\/2025\/padres-de-familia-de-la-primaria-tipo-21-de-agosto-se-manifiestan-en-contra-de-la-posible-reubicacion-de-sus-hijos\/#breadcrumb"},"inLanguage":"es","potentialAction":[{"@type":"ReadAction","target":["https:\/\/canal7slp.tv\/2025\/padres-de-familia-de-la-primaria-tipo-21-de-agosto-se-manifiestan-en-contra-de-la-posible-reubicacion-de-sus-hijos\/"]}]},{"@type":"ImageObject","inLanguage":"es","@id":"https:\/\/canal7slp.tv\/2025\/padres-de-familia-de-la-primaria-tipo-21-de-agosto-se-manifiestan-en-contra-de-la-posible-reubicacion-de-sus-hijos\/#primaryimage","url":"https:\/\/canal7slp.tv\/2025\/wp-content\/uploads\/2025\/01\/Sofia02ManifestacionPrimariaTipo.jpg","contentUrl":"https:\/\/canal7slp.tv\/2025\/wp-content\/uploads\/2025\/01\/Sofia02ManifestacionPrimariaTipo.jpg","width":1280,"height":720},{"@type":"BreadcrumbList","@id":"https:\/\/canal7slp.tv\/2025\/padres-de-familia-de-la-primaria-tipo-21-de-agosto-se-manifiestan-en-contra-de-la-posible-reubicacion-de-sus-hijos\/#breadcrumb","itemListElement":[{"@type":"ListItem","position":1,"name":"Portada","item":"https:\/\/canal7slp.tv\/2025\/"},{"@type":"ListItem","position":2,"name":"Padres de familia de la primaria Tipo 21 de Agosto se manifiestan en contra de la posible reubicaci\u00f3n de sus hijos"}]},{"@type":"WebSite","@id":"https:\/\/canal7slp.tv\/2025\/#website","url":"https:\/\/canal7slp.tv\/2025\/","name":"N7 - Noticieros Canal 7","description":"Somos el Medio","publisher":{"@id":"https:\/\/canal7slp.tv\/2025\/#organization"},"potentialAction":[{"@type":"SearchAction","target":{"@type":"EntryPoint","urlTemplate":"https:\/\/canal7slp.tv\/2025\/?s={search_term_string}"},"query-input":{"@type":"PropertyValueSpecification","valueRequired":true,"valueName":"search_term_string"}}],"inLanguage":"es"},{"@type":"Organization","@id":"https:\/\/canal7slp.tv\/2025\/#organization","name":"Noticieros Canal 7","url":"https:\/\/canal7slp.tv\/2025\/","logo":{"@type":"ImageObject","inLanguage":"es","@id":"https:\/\/canal7slp.tv\/2025\/#\/schema\/logo\/image\/","url":"https:\/\/canal7slp.tv\/2025\/wp-content\/uploads\/2021\/01\/logo-noticieros@2x.png","contentUrl":"https:\/\/canal7slp.tv\/2025\/wp-content\/uploads\/2021\/01\/logo-noticieros@2x.png","width":1017,"height":268,"caption":"Noticieros Canal 7"},"image":{"@id":"https:\/\/canal7slp.tv\/2025\/#\/schema\/logo\/image\/"},"sameAs":["https:\/\/www.facebook.com\/noticieroscanal7atencionciudadana\/","https:\/\/x.com\/NOTICIEROS7","https:\/\/www.instagram.com\/canal7_slp","https:\/\/www.youtube.com\/channel\/UCliiYs-gP3JfJeqdPrNdd5A"]},{"@type":"Person","@id":"https:\/\/canal7slp.tv\/2025\/#\/schema\/person\/271e2b60a96e7cc9d9ac296f4d7e414b","name":"Edici\u00f3n Web","image":{"@type":"ImageObject","inLanguage":"es","@id":"https:\/\/secure.gravatar.com\/avatar\/eee448fc3f7164808013b816ba91ac7e43bbe82a70bebac296f8bc6f0addaa1a?s=96&d=mm&r=g","url":"https:\/\/secure.gravatar.com\/avatar\/eee448fc3f7164808013b816ba91ac7e43bbe82a70bebac296f8bc6f0addaa1a?s=96&d=mm&r=g","contentUrl":"https:\/\/secure.gravatar.com\/avatar\/eee448fc3f7164808013b816ba91ac7e43bbe82a70bebac296f8bc6f0addaa1a?s=96&d=mm&r=g","caption":"Edici\u00f3n Web"},"url":"https:\/\/canal7slp.tv\/2025\/author\/edicionweb\/"}]}},"_links":{"self":[{"href":"https:\/\/canal7slp.tv\/2025\/wp-json\/wp\/v2\/posts\/155012","targetHints":{"allow":["GET"]}}],"collection":[{"href":"https:\/\/canal7slp.tv\/2025\/wp-json\/wp\/v2\/posts"}],"about":[{"href":"https:\/\/canal7slp.tv\/2025\/wp-json\/wp\/v2\/types\/post"}],"author":[{"embeddable":true,"href":"https:\/\/canal7slp.tv\/2025\/wp-json\/wp\/v2\/users\/2"}],"replies":[{"embeddable":true,"href":"https:\/\/canal7slp.tv\/2025\/wp-json\/wp\/v2\/comments?post=155012"}],"version-history":[{"count":2,"href":"https:\/\/canal7slp.tv\/2025\/wp-json\/wp\/v2\/posts\/155012\/revisions"}],"predecessor-version":[{"id":155044,"href":"https:\/\/canal7slp.tv\/2025\/wp-json\/wp\/v2\/posts\/155012\/revisions\/155044"}],"wp:featuredmedia":[{"embeddable":true,"href":"https:\/\/canal7slp.tv\/2025\/wp-json\/wp\/v2\/media\/155042"}],"wp:attachment":[{"href":"https:\/\/canal7slp.tv\/2025\/wp-json\/wp\/v2\/media?parent=155012"}],"wp:term":[{"taxonomy":"category","embeddable":true,"href":"https:\/\/canal7slp.tv\/2025\/wp-json\/wp\/v2\/categories?post=155012"},{"taxonomy":"post_tag","embeddable":true,"href":"https:\/\/canal7slp.tv\/2025\/wp-json\/wp\/v2\/tags?post=155012"}],"curies":[{"name":"wp","href":"https:\/\/api.w.org\/{rel}","templated":true}]}}