{"id":155002,"date":"2025-01-22T16:49:47","date_gmt":"2025-01-22T22:49:47","guid":{"rendered":"https:\/\/canal7slp.tv\/2025\/?p=155002"},"modified":"2025-01-22T16:50:34","modified_gmt":"2025-01-22T22:50:34","slug":"continua-manifestacion-del-sutsge-en-oficinas-del-teca","status":"publish","type":"post","link":"https:\/\/canal7slp.tv\/2025\/continua-manifestacion-del-sutsge-en-oficinas-del-teca\/","title":{"rendered":"Contin\u00faa manifestaci\u00f3n del SUTSGE en oficinas del TECA"},"content":{"rendered":"<p style=\"text-align: justify;\">SLP.- Desde hace pr\u00e1cticamente una semana, personal del SUTSGE se ha parapetado en el ingreso al Tribunal Estatal de Conciliaci\u00f3n y Arbitraje de San Luis Potos\u00ed, la representante de la Secretar\u00eda General de dicho sindicato, Rosario Garc\u00eda Leija, habl\u00f3 al respecto.<\/p>\n<p style=\"text-align: justify;\">\u201cEsta protesta la tenemos desde el jueves pasado en raz\u00f3n de que aqu\u00ed el presidente del Tribunal Estatal de Conciliaci\u00f3n y Arbitraje se ha negado a reconocer la representatividad de la se\u00f1orita Bernardina Lara Arg\u00fcelles\u201d.<\/p>\n<p style=\"text-align: justify;\">Record\u00f3 que las instancias estatales han dado la raz\u00f3n al SUTSGE.<\/p>\n<p style=\"text-align: justify;\">\u201cDerivado de una suspensi\u00f3n definitiva concedida por el Juzgado Sexto de distrito en el estado en raz\u00f3n de un amparo que se promovi\u00f3; el presidente (\u2026) se ha negado a dar cumplimiento cabal a esa decisi\u00f3n del juez federal, derivado de ello tambi\u00e9n el presidente de TECA, por su decisi\u00f3n propia nombr\u00f3 a una representante de los trabajadores al servicio de gobierno del estado aqu\u00ed ante el TECA, cuando esa designaci\u00f3n corresponde a los propios trabajadores\u201d.<\/p>\n<p>Por: Juan Carlos Contreras<\/p>\n","protected":false},"excerpt":{"rendered":"<p>SLP.- Desde hace pr\u00e1cticamente una semana, personal del SUTSGE se ha parapetado en el ingreso al Tribunal Estatal de Conciliaci\u00f3n y Arbitraje de San Luis Potos\u00ed, la representante de la Secretar\u00eda General de dicho sindicato, Rosario Garc\u00eda Leija, habl\u00f3 al respecto. \u201cEsta protesta la tenemos desde el jueves pasado en raz\u00f3n de que aqu\u00ed el presidente del Tribunal Estatal de Conciliaci\u00f3n y Arbitraje se ha negado a reconocer la representatividad de la se\u00f1orita Bernardina Lara Arg\u00fcelles\u201d. Record\u00f3 que las instancias estatales han dado la raz\u00f3n al SUTSGE. \u201cDerivado de una suspensi\u00f3n definitiva concedida por el Juzgado Sexto de distrito en [&hellip;]<\/p>\n","protected":false},"author":2,"featured_media":155008,"comment_status":"closed","ping_status":"closed","sticky":false,"template":"","format":"video","meta":{"_monsterinsights_skip_tracking":false,"_monsterinsights_sitenote_active":false,"_monsterinsights_sitenote_note":"","_monsterinsights_sitenote_category":0,"footnotes":""},"categories":[5,510,45],"tags":[],"class_list":["post-155002","post","type-post","status-publish","format-video","has-post-thumbnail","hentry","category-destacadas","category-gobedoslp","category-localesyregionales","post_format-post-format-video","post--single"],"yoast_head":"<!-- This site is optimized with the Yoast SEO plugin v27.5 - https:\/\/yoast.com\/product\/yoast-seo-wordpress\/ -->\n<title>Contin\u00faa manifestaci\u00f3n del SUTSGE en oficinas del TECA - Canal 7 SLP - 2025<\/title>\n<meta name=\"robots\" content=\"index, follow, max-snippet:-1, max-image-preview:large, max-video-preview:-1\" \/>\n<link rel=\"canonical\" href=\"https:\/\/canal7slp.tv\/2025\/continua-manifestacion-del-sutsge-en-oficinas-del-teca\/\" \/>\n<meta property=\"og:locale\" content=\"es_ES\" \/>\n<meta property=\"og:type\" content=\"article\" \/>\n<meta property=\"og:title\" content=\"Contin\u00faa manifestaci\u00f3n del SUTSGE en oficinas del TECA - Canal 7 SLP - 2025\" \/>\n<meta property=\"og:description\" content=\"SLP.- Desde hace pr\u00e1cticamente una semana, personal del SUTSGE se ha parapetado en el ingreso al Tribunal Estatal de Conciliaci\u00f3n y Arbitraje de San Luis Potos\u00ed, la representante de la Secretar\u00eda General de dicho sindicato, Rosario Garc\u00eda Leija, habl\u00f3 al respecto. \u201cEsta protesta la tenemos desde el jueves pasado en raz\u00f3n de que aqu\u00ed el presidente del Tribunal Estatal de Conciliaci\u00f3n y Arbitraje se ha negado a reconocer la representatividad de la se\u00f1orita Bernardina Lara Arg\u00fcelles\u201d. Record\u00f3 que las instancias estatales han dado la raz\u00f3n al SUTSGE. \u201cDerivado de una suspensi\u00f3n definitiva concedida por el Juzgado Sexto de distrito en [&hellip;]\" \/>\n<meta property=\"og:url\" content=\"https:\/\/canal7slp.tv\/2025\/continua-manifestacion-del-sutsge-en-oficinas-del-teca\/\" \/>\n<meta property=\"og:site_name\" content=\"Canal 7 SLP - 2025\" \/>\n<meta property=\"article:publisher\" content=\"https:\/\/www.facebook.com\/noticieroscanal7atencionciudadana\/\" \/>\n<meta property=\"article:published_time\" content=\"2025-01-22T22:49:47+00:00\" \/>\n<meta property=\"article:modified_time\" content=\"2025-01-22T22:50:34+00:00\" \/>\n<meta property=\"og:image\" content=\"https:\/\/canal7slp.tv\/2025\/wp-content\/uploads\/2025\/01\/Poky0ProtestaSUTSGE.jpg\" \/>\n\t<meta property=\"og:image:width\" content=\"1280\" \/>\n\t<meta property=\"og:image:height\" content=\"720\" \/>\n\t<meta property=\"og:image:type\" content=\"image\/jpeg\" \/>\n<meta name=\"author\" content=\"Edici\u00f3n Web\" \/>\n<meta name=\"twitter:card\" content=\"summary_large_image\" \/>\n<meta name=\"twitter:creator\" content=\"@NOTICIEROS7\" \/>\n<meta name=\"twitter:site\" content=\"@NOTICIEROS7\" \/>\n<meta name=\"twitter:label1\" content=\"Escrito por\" \/>\n\t<meta name=\"twitter:data1\" content=\"Edici\u00f3n Web\" \/>\n\t<meta name=\"twitter:label2\" content=\"Tiempo de lectura\" \/>\n\t<meta name=\"twitter:data2\" content=\"1 minuto\" \/>\n<script type=\"application\/ld+json\" class=\"yoast-schema-graph\">{\"@context\":\"https:\\\/\\\/schema.org\",\"@graph\":[{\"@type\":\"Article\",\"@id\":\"https:\\\/\\\/canal7slp.tv\\\/2025\\\/continua-manifestacion-del-sutsge-en-oficinas-del-teca\\\/#article\",\"isPartOf\":{\"@id\":\"https:\\\/\\\/canal7slp.tv\\\/2025\\\/continua-manifestacion-del-sutsge-en-oficinas-del-teca\\\/\"},\"author\":{\"name\":\"Edici\u00f3n Web\",\"@id\":\"https:\\\/\\\/canal7slp.tv\\\/2025\\\/#\\\/schema\\\/person\\\/271e2b60a96e7cc9d9ac296f4d7e414b\"},\"headline\":\"Contin\u00faa manifestaci\u00f3n del SUTSGE en oficinas del TECA\",\"datePublished\":\"2025-01-22T22:49:47+00:00\",\"dateModified\":\"2025-01-22T22:50:34+00:00\",\"mainEntityOfPage\":{\"@id\":\"https:\\\/\\\/canal7slp.tv\\\/2025\\\/continua-manifestacion-del-sutsge-en-oficinas-del-teca\\\/\"},\"wordCount\":192,\"publisher\":{\"@id\":\"https:\\\/\\\/canal7slp.tv\\\/2025\\\/#organization\"},\"image\":{\"@id\":\"https:\\\/\\\/canal7slp.tv\\\/2025\\\/continua-manifestacion-del-sutsge-en-oficinas-del-teca\\\/#primaryimage\"},\"thumbnailUrl\":\"https:\\\/\\\/canal7slp.tv\\\/2025\\\/wp-content\\\/uploads\\\/2025\\\/01\\\/Poky0ProtestaSUTSGE.jpg\",\"articleSection\":[\"DESTACADAS\",\"GOBEDOSLP\",\"LOCALES Y REGIONALES\"],\"inLanguage\":\"es\"},{\"@type\":\"WebPage\",\"@id\":\"https:\\\/\\\/canal7slp.tv\\\/2025\\\/continua-manifestacion-del-sutsge-en-oficinas-del-teca\\\/\",\"url\":\"https:\\\/\\\/canal7slp.tv\\\/2025\\\/continua-manifestacion-del-sutsge-en-oficinas-del-teca\\\/\",\"name\":\"Contin\u00faa manifestaci\u00f3n del SUTSGE en oficinas del TECA - Canal 7 SLP - 2025\",\"isPartOf\":{\"@id\":\"https:\\\/\\\/canal7slp.tv\\\/2025\\\/#website\"},\"primaryImageOfPage\":{\"@id\":\"https:\\\/\\\/canal7slp.tv\\\/2025\\\/continua-manifestacion-del-sutsge-en-oficinas-del-teca\\\/#primaryimage\"},\"image\":{\"@id\":\"https:\\\/\\\/canal7slp.tv\\\/2025\\\/continua-manifestacion-del-sutsge-en-oficinas-del-teca\\\/#primaryimage\"},\"thumbnailUrl\":\"https:\\\/\\\/canal7slp.tv\\\/2025\\\/wp-content\\\/uploads\\\/2025\\\/01\\\/Poky0ProtestaSUTSGE.jpg\",\"datePublished\":\"2025-01-22T22:49:47+00:00\",\"dateModified\":\"2025-01-22T22:50:34+00:00\",\"breadcrumb\":{\"@id\":\"https:\\\/\\\/canal7slp.tv\\\/2025\\\/continua-manifestacion-del-sutsge-en-oficinas-del-teca\\\/#breadcrumb\"},\"inLanguage\":\"es\",\"potentialAction\":[{\"@type\":\"ReadAction\",\"target\":[\"https:\\\/\\\/canal7slp.tv\\\/2025\\\/continua-manifestacion-del-sutsge-en-oficinas-del-teca\\\/\"]}]},{\"@type\":\"ImageObject\",\"inLanguage\":\"es\",\"@id\":\"https:\\\/\\\/canal7slp.tv\\\/2025\\\/continua-manifestacion-del-sutsge-en-oficinas-del-teca\\\/#primaryimage\",\"url\":\"https:\\\/\\\/canal7slp.tv\\\/2025\\\/wp-content\\\/uploads\\\/2025\\\/01\\\/Poky0ProtestaSUTSGE.jpg\",\"contentUrl\":\"https:\\\/\\\/canal7slp.tv\\\/2025\\\/wp-content\\\/uploads\\\/2025\\\/01\\\/Poky0ProtestaSUTSGE.jpg\",\"width\":1280,\"height\":720},{\"@type\":\"BreadcrumbList\",\"@id\":\"https:\\\/\\\/canal7slp.tv\\\/2025\\\/continua-manifestacion-del-sutsge-en-oficinas-del-teca\\\/#breadcrumb\",\"itemListElement\":[{\"@type\":\"ListItem\",\"position\":1,\"name\":\"Portada\",\"item\":\"https:\\\/\\\/canal7slp.tv\\\/2025\\\/\"},{\"@type\":\"ListItem\",\"position\":2,\"name\":\"Contin\u00faa manifestaci\u00f3n del SUTSGE en oficinas del TECA\"}]},{\"@type\":\"WebSite\",\"@id\":\"https:\\\/\\\/canal7slp.tv\\\/2025\\\/#website\",\"url\":\"https:\\\/\\\/canal7slp.tv\\\/2025\\\/\",\"name\":\"N7 - Noticieros Canal 7\",\"description\":\"Somos el Medio\",\"publisher\":{\"@id\":\"https:\\\/\\\/canal7slp.tv\\\/2025\\\/#organization\"},\"potentialAction\":[{\"@type\":\"SearchAction\",\"target\":{\"@type\":\"EntryPoint\",\"urlTemplate\":\"https:\\\/\\\/canal7slp.tv\\\/2025\\\/?s={search_term_string}\"},\"query-input\":{\"@type\":\"PropertyValueSpecification\",\"valueRequired\":true,\"valueName\":\"search_term_string\"}}],\"inLanguage\":\"es\"},{\"@type\":\"Organization\",\"@id\":\"https:\\\/\\\/canal7slp.tv\\\/2025\\\/#organization\",\"name\":\"Noticieros Canal 7\",\"url\":\"https:\\\/\\\/canal7slp.tv\\\/2025\\\/\",\"logo\":{\"@type\":\"ImageObject\",\"inLanguage\":\"es\",\"@id\":\"https:\\\/\\\/canal7slp.tv\\\/2025\\\/#\\\/schema\\\/logo\\\/image\\\/\",\"url\":\"https:\\\/\\\/canal7slp.tv\\\/2025\\\/wp-content\\\/uploads\\\/2021\\\/01\\\/logo-noticieros@2x.png\",\"contentUrl\":\"https:\\\/\\\/canal7slp.tv\\\/2025\\\/wp-content\\\/uploads\\\/2021\\\/01\\\/logo-noticieros@2x.png\",\"width\":1017,\"height\":268,\"caption\":\"Noticieros Canal 7\"},\"image\":{\"@id\":\"https:\\\/\\\/canal7slp.tv\\\/2025\\\/#\\\/schema\\\/logo\\\/image\\\/\"},\"sameAs\":[\"https:\\\/\\\/www.facebook.com\\\/noticieroscanal7atencionciudadana\\\/\",\"https:\\\/\\\/x.com\\\/NOTICIEROS7\",\"https:\\\/\\\/www.instagram.com\\\/canal7_slp\",\"https:\\\/\\\/www.youtube.com\\\/channel\\\/UCliiYs-gP3JfJeqdPrNdd5A\"]},{\"@type\":\"Person\",\"@id\":\"https:\\\/\\\/canal7slp.tv\\\/2025\\\/#\\\/schema\\\/person\\\/271e2b60a96e7cc9d9ac296f4d7e414b\",\"name\":\"Edici\u00f3n Web\",\"image\":{\"@type\":\"ImageObject\",\"inLanguage\":\"es\",\"@id\":\"https:\\\/\\\/secure.gravatar.com\\\/avatar\\\/eee448fc3f7164808013b816ba91ac7e43bbe82a70bebac296f8bc6f0addaa1a?s=96&d=mm&r=g\",\"url\":\"https:\\\/\\\/secure.gravatar.com\\\/avatar\\\/eee448fc3f7164808013b816ba91ac7e43bbe82a70bebac296f8bc6f0addaa1a?s=96&d=mm&r=g\",\"contentUrl\":\"https:\\\/\\\/secure.gravatar.com\\\/avatar\\\/eee448fc3f7164808013b816ba91ac7e43bbe82a70bebac296f8bc6f0addaa1a?s=96&d=mm&r=g\",\"caption\":\"Edici\u00f3n Web\"},\"url\":\"https:\\\/\\\/canal7slp.tv\\\/2025\\\/author\\\/edicionweb\\\/\"}]}<\/script>\n<!-- \/ Yoast SEO plugin. -->","yoast_head_json":{"title":"Contin\u00faa manifestaci\u00f3n del SUTSGE en oficinas del TECA - Canal 7 SLP - 2025","robots":{"index":"index","follow":"follow","max-snippet":"max-snippet:-1","max-image-preview":"max-image-preview:large","max-video-preview":"max-video-preview:-1"},"canonical":"https:\/\/canal7slp.tv\/2025\/continua-manifestacion-del-sutsge-en-oficinas-del-teca\/","og_locale":"es_ES","og_type":"article","og_title":"Contin\u00faa manifestaci\u00f3n del SUTSGE en oficinas del TECA - Canal 7 SLP - 2025","og_description":"SLP.- Desde hace pr\u00e1cticamente una semana, personal del SUTSGE se ha parapetado en el ingreso al Tribunal Estatal de Conciliaci\u00f3n y Arbitraje de San Luis Potos\u00ed, la representante de la Secretar\u00eda General de dicho sindicato, Rosario Garc\u00eda Leija, habl\u00f3 al respecto. \u201cEsta protesta la tenemos desde el jueves pasado en raz\u00f3n de que aqu\u00ed el presidente del Tribunal Estatal de Conciliaci\u00f3n y Arbitraje se ha negado a reconocer la representatividad de la se\u00f1orita Bernardina Lara Arg\u00fcelles\u201d. Record\u00f3 que las instancias estatales han dado la raz\u00f3n al SUTSGE. \u201cDerivado de una suspensi\u00f3n definitiva concedida por el Juzgado Sexto de distrito en [&hellip;]","og_url":"https:\/\/canal7slp.tv\/2025\/continua-manifestacion-del-sutsge-en-oficinas-del-teca\/","og_site_name":"Canal 7 SLP - 2025","article_publisher":"https:\/\/www.facebook.com\/noticieroscanal7atencionciudadana\/","article_published_time":"2025-01-22T22:49:47+00:00","article_modified_time":"2025-01-22T22:50:34+00:00","og_image":[{"width":1280,"height":720,"url":"https:\/\/canal7slp.tv\/2025\/wp-content\/uploads\/2025\/01\/Poky0ProtestaSUTSGE.jpg","type":"image\/jpeg"}],"author":"Edici\u00f3n Web","twitter_card":"summary_large_image","twitter_creator":"@NOTICIEROS7","twitter_site":"@NOTICIEROS7","twitter_misc":{"Escrito por":"Edici\u00f3n Web","Tiempo de lectura":"1 minuto"},"schema":{"@context":"https:\/\/schema.org","@graph":[{"@type":"Article","@id":"https:\/\/canal7slp.tv\/2025\/continua-manifestacion-del-sutsge-en-oficinas-del-teca\/#article","isPartOf":{"@id":"https:\/\/canal7slp.tv\/2025\/continua-manifestacion-del-sutsge-en-oficinas-del-teca\/"},"author":{"name":"Edici\u00f3n Web","@id":"https:\/\/canal7slp.tv\/2025\/#\/schema\/person\/271e2b60a96e7cc9d9ac296f4d7e414b"},"headline":"Contin\u00faa manifestaci\u00f3n del SUTSGE en oficinas del TECA","datePublished":"2025-01-22T22:49:47+00:00","dateModified":"2025-01-22T22:50:34+00:00","mainEntityOfPage":{"@id":"https:\/\/canal7slp.tv\/2025\/continua-manifestacion-del-sutsge-en-oficinas-del-teca\/"},"wordCount":192,"publisher":{"@id":"https:\/\/canal7slp.tv\/2025\/#organization"},"image":{"@id":"https:\/\/canal7slp.tv\/2025\/continua-manifestacion-del-sutsge-en-oficinas-del-teca\/#primaryimage"},"thumbnailUrl":"https:\/\/canal7slp.tv\/2025\/wp-content\/uploads\/2025\/01\/Poky0ProtestaSUTSGE.jpg","articleSection":["DESTACADAS","GOBEDOSLP","LOCALES Y REGIONALES"],"inLanguage":"es"},{"@type":"WebPage","@id":"https:\/\/canal7slp.tv\/2025\/continua-manifestacion-del-sutsge-en-oficinas-del-teca\/","url":"https:\/\/canal7slp.tv\/2025\/continua-manifestacion-del-sutsge-en-oficinas-del-teca\/","name":"Contin\u00faa manifestaci\u00f3n del SUTSGE en oficinas del TECA - Canal 7 SLP - 2025","isPartOf":{"@id":"https:\/\/canal7slp.tv\/2025\/#website"},"primaryImageOfPage":{"@id":"https:\/\/canal7slp.tv\/2025\/continua-manifestacion-del-sutsge-en-oficinas-del-teca\/#primaryimage"},"image":{"@id":"https:\/\/canal7slp.tv\/2025\/continua-manifestacion-del-sutsge-en-oficinas-del-teca\/#primaryimage"},"thumbnailUrl":"https:\/\/canal7slp.tv\/2025\/wp-content\/uploads\/2025\/01\/Poky0ProtestaSUTSGE.jpg","datePublished":"2025-01-22T22:49:47+00:00","dateModified":"2025-01-22T22:50:34+00:00","breadcrumb":{"@id":"https:\/\/canal7slp.tv\/2025\/continua-manifestacion-del-sutsge-en-oficinas-del-teca\/#breadcrumb"},"inLanguage":"es","potentialAction":[{"@type":"ReadAction","target":["https:\/\/canal7slp.tv\/2025\/continua-manifestacion-del-sutsge-en-oficinas-del-teca\/"]}]},{"@type":"ImageObject","inLanguage":"es","@id":"https:\/\/canal7slp.tv\/2025\/continua-manifestacion-del-sutsge-en-oficinas-del-teca\/#primaryimage","url":"https:\/\/canal7slp.tv\/2025\/wp-content\/uploads\/2025\/01\/Poky0ProtestaSUTSGE.jpg","contentUrl":"https:\/\/canal7slp.tv\/2025\/wp-content\/uploads\/2025\/01\/Poky0ProtestaSUTSGE.jpg","width":1280,"height":720},{"@type":"BreadcrumbList","@id":"https:\/\/canal7slp.tv\/2025\/continua-manifestacion-del-sutsge-en-oficinas-del-teca\/#breadcrumb","itemListElement":[{"@type":"ListItem","position":1,"name":"Portada","item":"https:\/\/canal7slp.tv\/2025\/"},{"@type":"ListItem","position":2,"name":"Contin\u00faa manifestaci\u00f3n del SUTSGE en oficinas del TECA"}]},{"@type":"WebSite","@id":"https:\/\/canal7slp.tv\/2025\/#website","url":"https:\/\/canal7slp.tv\/2025\/","name":"N7 - Noticieros Canal 7","description":"Somos el Medio","publisher":{"@id":"https:\/\/canal7slp.tv\/2025\/#organization"},"potentialAction":[{"@type":"SearchAction","target":{"@type":"EntryPoint","urlTemplate":"https:\/\/canal7slp.tv\/2025\/?s={search_term_string}"},"query-input":{"@type":"PropertyValueSpecification","valueRequired":true,"valueName":"search_term_string"}}],"inLanguage":"es"},{"@type":"Organization","@id":"https:\/\/canal7slp.tv\/2025\/#organization","name":"Noticieros Canal 7","url":"https:\/\/canal7slp.tv\/2025\/","logo":{"@type":"ImageObject","inLanguage":"es","@id":"https:\/\/canal7slp.tv\/2025\/#\/schema\/logo\/image\/","url":"https:\/\/canal7slp.tv\/2025\/wp-content\/uploads\/2021\/01\/logo-noticieros@2x.png","contentUrl":"https:\/\/canal7slp.tv\/2025\/wp-content\/uploads\/2021\/01\/logo-noticieros@2x.png","width":1017,"height":268,"caption":"Noticieros Canal 7"},"image":{"@id":"https:\/\/canal7slp.tv\/2025\/#\/schema\/logo\/image\/"},"sameAs":["https:\/\/www.facebook.com\/noticieroscanal7atencionciudadana\/","https:\/\/x.com\/NOTICIEROS7","https:\/\/www.instagram.com\/canal7_slp","https:\/\/www.youtube.com\/channel\/UCliiYs-gP3JfJeqdPrNdd5A"]},{"@type":"Person","@id":"https:\/\/canal7slp.tv\/2025\/#\/schema\/person\/271e2b60a96e7cc9d9ac296f4d7e414b","name":"Edici\u00f3n Web","image":{"@type":"ImageObject","inLanguage":"es","@id":"https:\/\/secure.gravatar.com\/avatar\/eee448fc3f7164808013b816ba91ac7e43bbe82a70bebac296f8bc6f0addaa1a?s=96&d=mm&r=g","url":"https:\/\/secure.gravatar.com\/avatar\/eee448fc3f7164808013b816ba91ac7e43bbe82a70bebac296f8bc6f0addaa1a?s=96&d=mm&r=g","contentUrl":"https:\/\/secure.gravatar.com\/avatar\/eee448fc3f7164808013b816ba91ac7e43bbe82a70bebac296f8bc6f0addaa1a?s=96&d=mm&r=g","caption":"Edici\u00f3n Web"},"url":"https:\/\/canal7slp.tv\/2025\/author\/edicionweb\/"}]}},"_links":{"self":[{"href":"https:\/\/canal7slp.tv\/2025\/wp-json\/wp\/v2\/posts\/155002","targetHints":{"allow":["GET"]}}],"collection":[{"href":"https:\/\/canal7slp.tv\/2025\/wp-json\/wp\/v2\/posts"}],"about":[{"href":"https:\/\/canal7slp.tv\/2025\/wp-json\/wp\/v2\/types\/post"}],"author":[{"embeddable":true,"href":"https:\/\/canal7slp.tv\/2025\/wp-json\/wp\/v2\/users\/2"}],"replies":[{"embeddable":true,"href":"https:\/\/canal7slp.tv\/2025\/wp-json\/wp\/v2\/comments?post=155002"}],"version-history":[{"count":2,"href":"https:\/\/canal7slp.tv\/2025\/wp-json\/wp\/v2\/posts\/155002\/revisions"}],"predecessor-version":[{"id":155032,"href":"https:\/\/canal7slp.tv\/2025\/wp-json\/wp\/v2\/posts\/155002\/revisions\/155032"}],"wp:featuredmedia":[{"embeddable":true,"href":"https:\/\/canal7slp.tv\/2025\/wp-json\/wp\/v2\/media\/155008"}],"wp:attachment":[{"href":"https:\/\/canal7slp.tv\/2025\/wp-json\/wp\/v2\/media?parent=155002"}],"wp:term":[{"taxonomy":"category","embeddable":true,"href":"https:\/\/canal7slp.tv\/2025\/wp-json\/wp\/v2\/categories?post=155002"},{"taxonomy":"post_tag","embeddable":true,"href":"https:\/\/canal7slp.tv\/2025\/wp-json\/wp\/v2\/tags?post=155002"}],"curies":[{"name":"wp","href":"https:\/\/api.w.org\/{rel}","templated":true}]}}