{"id":154943,"date":"2025-01-22T14:06:03","date_gmt":"2025-01-22T20:06:03","guid":{"rendered":"https:\/\/canal7slp.tv\/2025\/?p=154943"},"modified":"2025-01-22T14:06:03","modified_gmt":"2025-01-22T20:06:03","slug":"migrantes-deportados-relatan-detenciones-arbitrarias-en-eua","status":"publish","type":"post","link":"https:\/\/canal7slp.tv\/2025\/migrantes-deportados-relatan-detenciones-arbitrarias-en-eua\/","title":{"rendered":"Migrantes deportados relatan detenciones arbitrarias en EUA"},"content":{"rendered":"<p style=\"text-align: justify;\">\n<p style=\"text-align: justify;\">Tijuana.- Veinticuatro hombres que se identificaron como trabajadores agr\u00edcolas llegaron la noche del martes a la garita El Chaparral en Tijuana, Baja California, tras ser deportados por autoridades migratorias de Estados Unidos. Los hombres declararon que fueron arrestados mientras trabajaban, se\u00f1alando que su detenci\u00f3n ocurri\u00f3 despu\u00e9s de la llegada de Donald Trump a la presidencia.<\/p>\n<p style=\"text-align: justify;\">Con temperaturas inferiores a los 7 grados, los deportados cruzaron caminando el puente fronterizo tras ser transportados en camiones desde San Diego. Este evento coincide con el inicio de una serie de arrestos masivos de migrantes indocumentados en Estados Unidos, seg\u00fan indic\u00f3 Tom Homan, responsable de pol\u00edticas migratorias.<\/p>\n<p style=\"text-align: justify;\">Desde un centro de gesti\u00f3n migratoria en Tijuana, los deportados fueron trasladados en camionetas del Instituto Nacional de Migraci\u00f3n (INM), aunque no se especific\u00f3 su destino final. Muchos de ellos llevaban consigo algunas pertenencias, aunque afirmaron que las autoridades suelen limitar lo que pueden portar al momento de ser detenidos.<\/p>\n","protected":false},"excerpt":{"rendered":"<p>Tijuana.- Veinticuatro hombres que se identificaron como trabajadores agr\u00edcolas llegaron la noche del martes a la garita El Chaparral en Tijuana, Baja California, tras ser deportados por autoridades migratorias de Estados Unidos. Los hombres declararon que fueron arrestados mientras trabajaban, se\u00f1alando que su detenci\u00f3n ocurri\u00f3 despu\u00e9s de la llegada de Donald Trump a la presidencia. Con temperaturas inferiores a los 7 grados, los deportados cruzaron caminando el puente fronterizo tras ser transportados en camiones desde San Diego. Este evento coincide con el inicio de una serie de arrestos masivos de migrantes indocumentados en Estados Unidos, seg\u00fan indic\u00f3 Tom Homan, responsable [&hellip;]<\/p>\n","protected":false},"author":2,"featured_media":154944,"comment_status":"closed","ping_status":"closed","sticky":false,"template":"","format":"standard","meta":{"_monsterinsights_skip_tracking":false,"_monsterinsights_sitenote_active":false,"_monsterinsights_sitenote_note":"","_monsterinsights_sitenote_category":0,"footnotes":""},"categories":[46],"tags":[],"class_list":["post-154943","post","type-post","status-publish","format-standard","has-post-thumbnail","hentry","category-nacional","post--single"],"yoast_head":"<!-- This site is optimized with the Yoast SEO plugin v27.5 - https:\/\/yoast.com\/product\/yoast-seo-wordpress\/ -->\n<title>Migrantes deportados relatan detenciones arbitrarias en EUA - Canal 7 SLP - 2025<\/title>\n<meta name=\"robots\" content=\"index, follow, max-snippet:-1, max-image-preview:large, max-video-preview:-1\" \/>\n<link rel=\"canonical\" href=\"https:\/\/canal7slp.tv\/2025\/migrantes-deportados-relatan-detenciones-arbitrarias-en-eua\/\" \/>\n<meta property=\"og:locale\" content=\"es_ES\" \/>\n<meta property=\"og:type\" content=\"article\" \/>\n<meta property=\"og:title\" content=\"Migrantes deportados relatan detenciones arbitrarias en EUA - Canal 7 SLP - 2025\" \/>\n<meta property=\"og:description\" content=\"Tijuana.- Veinticuatro hombres que se identificaron como trabajadores agr\u00edcolas llegaron la noche del martes a la garita El Chaparral en Tijuana, Baja California, tras ser deportados por autoridades migratorias de Estados Unidos. Los hombres declararon que fueron arrestados mientras trabajaban, se\u00f1alando que su detenci\u00f3n ocurri\u00f3 despu\u00e9s de la llegada de Donald Trump a la presidencia. Con temperaturas inferiores a los 7 grados, los deportados cruzaron caminando el puente fronterizo tras ser transportados en camiones desde San Diego. Este evento coincide con el inicio de una serie de arrestos masivos de migrantes indocumentados en Estados Unidos, seg\u00fan indic\u00f3 Tom Homan, responsable [&hellip;]\" \/>\n<meta property=\"og:url\" content=\"https:\/\/canal7slp.tv\/2025\/migrantes-deportados-relatan-detenciones-arbitrarias-en-eua\/\" \/>\n<meta property=\"og:site_name\" content=\"Canal 7 SLP - 2025\" \/>\n<meta property=\"article:publisher\" content=\"https:\/\/www.facebook.com\/noticieroscanal7atencionciudadana\/\" \/>\n<meta property=\"article:published_time\" content=\"2025-01-22T20:06:03+00:00\" \/>\n<meta property=\"og:image\" content=\"https:\/\/canal7slp.tv\/2025\/wp-content\/uploads\/2025\/01\/04-19.jpg\" \/>\n\t<meta property=\"og:image:width\" content=\"888\" \/>\n\t<meta property=\"og:image:height\" content=\"500\" \/>\n\t<meta property=\"og:image:type\" content=\"image\/jpeg\" \/>\n<meta name=\"author\" content=\"Edici\u00f3n Web\" \/>\n<meta name=\"twitter:card\" content=\"summary_large_image\" \/>\n<meta name=\"twitter:creator\" content=\"@NOTICIEROS7\" \/>\n<meta name=\"twitter:site\" content=\"@NOTICIEROS7\" \/>\n<meta name=\"twitter:label1\" content=\"Escrito por\" \/>\n\t<meta name=\"twitter:data1\" content=\"Edici\u00f3n Web\" \/>\n\t<meta name=\"twitter:label2\" content=\"Tiempo de lectura\" \/>\n\t<meta name=\"twitter:data2\" content=\"1 minuto\" \/>\n<script type=\"application\/ld+json\" class=\"yoast-schema-graph\">{\"@context\":\"https:\\\/\\\/schema.org\",\"@graph\":[{\"@type\":\"Article\",\"@id\":\"https:\\\/\\\/canal7slp.tv\\\/2025\\\/migrantes-deportados-relatan-detenciones-arbitrarias-en-eua\\\/#article\",\"isPartOf\":{\"@id\":\"https:\\\/\\\/canal7slp.tv\\\/2025\\\/migrantes-deportados-relatan-detenciones-arbitrarias-en-eua\\\/\"},\"author\":{\"name\":\"Edici\u00f3n Web\",\"@id\":\"https:\\\/\\\/canal7slp.tv\\\/2025\\\/#\\\/schema\\\/person\\\/271e2b60a96e7cc9d9ac296f4d7e414b\"},\"headline\":\"Migrantes deportados relatan detenciones arbitrarias en EUA\",\"datePublished\":\"2025-01-22T20:06:03+00:00\",\"mainEntityOfPage\":{\"@id\":\"https:\\\/\\\/canal7slp.tv\\\/2025\\\/migrantes-deportados-relatan-detenciones-arbitrarias-en-eua\\\/\"},\"wordCount\":168,\"publisher\":{\"@id\":\"https:\\\/\\\/canal7slp.tv\\\/2025\\\/#organization\"},\"image\":{\"@id\":\"https:\\\/\\\/canal7slp.tv\\\/2025\\\/migrantes-deportados-relatan-detenciones-arbitrarias-en-eua\\\/#primaryimage\"},\"thumbnailUrl\":\"https:\\\/\\\/canal7slp.tv\\\/2025\\\/wp-content\\\/uploads\\\/2025\\\/01\\\/04-19.jpg\",\"articleSection\":[\"NACIONALES\"],\"inLanguage\":\"es\"},{\"@type\":\"WebPage\",\"@id\":\"https:\\\/\\\/canal7slp.tv\\\/2025\\\/migrantes-deportados-relatan-detenciones-arbitrarias-en-eua\\\/\",\"url\":\"https:\\\/\\\/canal7slp.tv\\\/2025\\\/migrantes-deportados-relatan-detenciones-arbitrarias-en-eua\\\/\",\"name\":\"Migrantes deportados relatan detenciones arbitrarias en EUA - Canal 7 SLP - 2025\",\"isPartOf\":{\"@id\":\"https:\\\/\\\/canal7slp.tv\\\/2025\\\/#website\"},\"primaryImageOfPage\":{\"@id\":\"https:\\\/\\\/canal7slp.tv\\\/2025\\\/migrantes-deportados-relatan-detenciones-arbitrarias-en-eua\\\/#primaryimage\"},\"image\":{\"@id\":\"https:\\\/\\\/canal7slp.tv\\\/2025\\\/migrantes-deportados-relatan-detenciones-arbitrarias-en-eua\\\/#primaryimage\"},\"thumbnailUrl\":\"https:\\\/\\\/canal7slp.tv\\\/2025\\\/wp-content\\\/uploads\\\/2025\\\/01\\\/04-19.jpg\",\"datePublished\":\"2025-01-22T20:06:03+00:00\",\"breadcrumb\":{\"@id\":\"https:\\\/\\\/canal7slp.tv\\\/2025\\\/migrantes-deportados-relatan-detenciones-arbitrarias-en-eua\\\/#breadcrumb\"},\"inLanguage\":\"es\",\"potentialAction\":[{\"@type\":\"ReadAction\",\"target\":[\"https:\\\/\\\/canal7slp.tv\\\/2025\\\/migrantes-deportados-relatan-detenciones-arbitrarias-en-eua\\\/\"]}]},{\"@type\":\"ImageObject\",\"inLanguage\":\"es\",\"@id\":\"https:\\\/\\\/canal7slp.tv\\\/2025\\\/migrantes-deportados-relatan-detenciones-arbitrarias-en-eua\\\/#primaryimage\",\"url\":\"https:\\\/\\\/canal7slp.tv\\\/2025\\\/wp-content\\\/uploads\\\/2025\\\/01\\\/04-19.jpg\",\"contentUrl\":\"https:\\\/\\\/canal7slp.tv\\\/2025\\\/wp-content\\\/uploads\\\/2025\\\/01\\\/04-19.jpg\",\"width\":888,\"height\":500},{\"@type\":\"BreadcrumbList\",\"@id\":\"https:\\\/\\\/canal7slp.tv\\\/2025\\\/migrantes-deportados-relatan-detenciones-arbitrarias-en-eua\\\/#breadcrumb\",\"itemListElement\":[{\"@type\":\"ListItem\",\"position\":1,\"name\":\"Portada\",\"item\":\"https:\\\/\\\/canal7slp.tv\\\/2025\\\/\"},{\"@type\":\"ListItem\",\"position\":2,\"name\":\"Migrantes deportados relatan detenciones arbitrarias en EUA\"}]},{\"@type\":\"WebSite\",\"@id\":\"https:\\\/\\\/canal7slp.tv\\\/2025\\\/#website\",\"url\":\"https:\\\/\\\/canal7slp.tv\\\/2025\\\/\",\"name\":\"N7 - Noticieros Canal 7\",\"description\":\"Somos el Medio\",\"publisher\":{\"@id\":\"https:\\\/\\\/canal7slp.tv\\\/2025\\\/#organization\"},\"potentialAction\":[{\"@type\":\"SearchAction\",\"target\":{\"@type\":\"EntryPoint\",\"urlTemplate\":\"https:\\\/\\\/canal7slp.tv\\\/2025\\\/?s={search_term_string}\"},\"query-input\":{\"@type\":\"PropertyValueSpecification\",\"valueRequired\":true,\"valueName\":\"search_term_string\"}}],\"inLanguage\":\"es\"},{\"@type\":\"Organization\",\"@id\":\"https:\\\/\\\/canal7slp.tv\\\/2025\\\/#organization\",\"name\":\"Noticieros Canal 7\",\"url\":\"https:\\\/\\\/canal7slp.tv\\\/2025\\\/\",\"logo\":{\"@type\":\"ImageObject\",\"inLanguage\":\"es\",\"@id\":\"https:\\\/\\\/canal7slp.tv\\\/2025\\\/#\\\/schema\\\/logo\\\/image\\\/\",\"url\":\"https:\\\/\\\/canal7slp.tv\\\/2025\\\/wp-content\\\/uploads\\\/2021\\\/01\\\/logo-noticieros@2x.png\",\"contentUrl\":\"https:\\\/\\\/canal7slp.tv\\\/2025\\\/wp-content\\\/uploads\\\/2021\\\/01\\\/logo-noticieros@2x.png\",\"width\":1017,\"height\":268,\"caption\":\"Noticieros Canal 7\"},\"image\":{\"@id\":\"https:\\\/\\\/canal7slp.tv\\\/2025\\\/#\\\/schema\\\/logo\\\/image\\\/\"},\"sameAs\":[\"https:\\\/\\\/www.facebook.com\\\/noticieroscanal7atencionciudadana\\\/\",\"https:\\\/\\\/x.com\\\/NOTICIEROS7\",\"https:\\\/\\\/www.instagram.com\\\/canal7_slp\",\"https:\\\/\\\/www.youtube.com\\\/channel\\\/UCliiYs-gP3JfJeqdPrNdd5A\"]},{\"@type\":\"Person\",\"@id\":\"https:\\\/\\\/canal7slp.tv\\\/2025\\\/#\\\/schema\\\/person\\\/271e2b60a96e7cc9d9ac296f4d7e414b\",\"name\":\"Edici\u00f3n Web\",\"image\":{\"@type\":\"ImageObject\",\"inLanguage\":\"es\",\"@id\":\"https:\\\/\\\/secure.gravatar.com\\\/avatar\\\/eee448fc3f7164808013b816ba91ac7e43bbe82a70bebac296f8bc6f0addaa1a?s=96&d=mm&r=g\",\"url\":\"https:\\\/\\\/secure.gravatar.com\\\/avatar\\\/eee448fc3f7164808013b816ba91ac7e43bbe82a70bebac296f8bc6f0addaa1a?s=96&d=mm&r=g\",\"contentUrl\":\"https:\\\/\\\/secure.gravatar.com\\\/avatar\\\/eee448fc3f7164808013b816ba91ac7e43bbe82a70bebac296f8bc6f0addaa1a?s=96&d=mm&r=g\",\"caption\":\"Edici\u00f3n Web\"},\"url\":\"https:\\\/\\\/canal7slp.tv\\\/2025\\\/author\\\/edicionweb\\\/\"}]}<\/script>\n<!-- \/ Yoast SEO plugin. -->","yoast_head_json":{"title":"Migrantes deportados relatan detenciones arbitrarias en EUA - Canal 7 SLP - 2025","robots":{"index":"index","follow":"follow","max-snippet":"max-snippet:-1","max-image-preview":"max-image-preview:large","max-video-preview":"max-video-preview:-1"},"canonical":"https:\/\/canal7slp.tv\/2025\/migrantes-deportados-relatan-detenciones-arbitrarias-en-eua\/","og_locale":"es_ES","og_type":"article","og_title":"Migrantes deportados relatan detenciones arbitrarias en EUA - Canal 7 SLP - 2025","og_description":"Tijuana.- Veinticuatro hombres que se identificaron como trabajadores agr\u00edcolas llegaron la noche del martes a la garita El Chaparral en Tijuana, Baja California, tras ser deportados por autoridades migratorias de Estados Unidos. Los hombres declararon que fueron arrestados mientras trabajaban, se\u00f1alando que su detenci\u00f3n ocurri\u00f3 despu\u00e9s de la llegada de Donald Trump a la presidencia. Con temperaturas inferiores a los 7 grados, los deportados cruzaron caminando el puente fronterizo tras ser transportados en camiones desde San Diego. Este evento coincide con el inicio de una serie de arrestos masivos de migrantes indocumentados en Estados Unidos, seg\u00fan indic\u00f3 Tom Homan, responsable [&hellip;]","og_url":"https:\/\/canal7slp.tv\/2025\/migrantes-deportados-relatan-detenciones-arbitrarias-en-eua\/","og_site_name":"Canal 7 SLP - 2025","article_publisher":"https:\/\/www.facebook.com\/noticieroscanal7atencionciudadana\/","article_published_time":"2025-01-22T20:06:03+00:00","og_image":[{"width":888,"height":500,"url":"https:\/\/canal7slp.tv\/2025\/wp-content\/uploads\/2025\/01\/04-19.jpg","type":"image\/jpeg"}],"author":"Edici\u00f3n Web","twitter_card":"summary_large_image","twitter_creator":"@NOTICIEROS7","twitter_site":"@NOTICIEROS7","twitter_misc":{"Escrito por":"Edici\u00f3n Web","Tiempo de lectura":"1 minuto"},"schema":{"@context":"https:\/\/schema.org","@graph":[{"@type":"Article","@id":"https:\/\/canal7slp.tv\/2025\/migrantes-deportados-relatan-detenciones-arbitrarias-en-eua\/#article","isPartOf":{"@id":"https:\/\/canal7slp.tv\/2025\/migrantes-deportados-relatan-detenciones-arbitrarias-en-eua\/"},"author":{"name":"Edici\u00f3n Web","@id":"https:\/\/canal7slp.tv\/2025\/#\/schema\/person\/271e2b60a96e7cc9d9ac296f4d7e414b"},"headline":"Migrantes deportados relatan detenciones arbitrarias en EUA","datePublished":"2025-01-22T20:06:03+00:00","mainEntityOfPage":{"@id":"https:\/\/canal7slp.tv\/2025\/migrantes-deportados-relatan-detenciones-arbitrarias-en-eua\/"},"wordCount":168,"publisher":{"@id":"https:\/\/canal7slp.tv\/2025\/#organization"},"image":{"@id":"https:\/\/canal7slp.tv\/2025\/migrantes-deportados-relatan-detenciones-arbitrarias-en-eua\/#primaryimage"},"thumbnailUrl":"https:\/\/canal7slp.tv\/2025\/wp-content\/uploads\/2025\/01\/04-19.jpg","articleSection":["NACIONALES"],"inLanguage":"es"},{"@type":"WebPage","@id":"https:\/\/canal7slp.tv\/2025\/migrantes-deportados-relatan-detenciones-arbitrarias-en-eua\/","url":"https:\/\/canal7slp.tv\/2025\/migrantes-deportados-relatan-detenciones-arbitrarias-en-eua\/","name":"Migrantes deportados relatan detenciones arbitrarias en EUA - Canal 7 SLP - 2025","isPartOf":{"@id":"https:\/\/canal7slp.tv\/2025\/#website"},"primaryImageOfPage":{"@id":"https:\/\/canal7slp.tv\/2025\/migrantes-deportados-relatan-detenciones-arbitrarias-en-eua\/#primaryimage"},"image":{"@id":"https:\/\/canal7slp.tv\/2025\/migrantes-deportados-relatan-detenciones-arbitrarias-en-eua\/#primaryimage"},"thumbnailUrl":"https:\/\/canal7slp.tv\/2025\/wp-content\/uploads\/2025\/01\/04-19.jpg","datePublished":"2025-01-22T20:06:03+00:00","breadcrumb":{"@id":"https:\/\/canal7slp.tv\/2025\/migrantes-deportados-relatan-detenciones-arbitrarias-en-eua\/#breadcrumb"},"inLanguage":"es","potentialAction":[{"@type":"ReadAction","target":["https:\/\/canal7slp.tv\/2025\/migrantes-deportados-relatan-detenciones-arbitrarias-en-eua\/"]}]},{"@type":"ImageObject","inLanguage":"es","@id":"https:\/\/canal7slp.tv\/2025\/migrantes-deportados-relatan-detenciones-arbitrarias-en-eua\/#primaryimage","url":"https:\/\/canal7slp.tv\/2025\/wp-content\/uploads\/2025\/01\/04-19.jpg","contentUrl":"https:\/\/canal7slp.tv\/2025\/wp-content\/uploads\/2025\/01\/04-19.jpg","width":888,"height":500},{"@type":"BreadcrumbList","@id":"https:\/\/canal7slp.tv\/2025\/migrantes-deportados-relatan-detenciones-arbitrarias-en-eua\/#breadcrumb","itemListElement":[{"@type":"ListItem","position":1,"name":"Portada","item":"https:\/\/canal7slp.tv\/2025\/"},{"@type":"ListItem","position":2,"name":"Migrantes deportados relatan detenciones arbitrarias en EUA"}]},{"@type":"WebSite","@id":"https:\/\/canal7slp.tv\/2025\/#website","url":"https:\/\/canal7slp.tv\/2025\/","name":"N7 - Noticieros Canal 7","description":"Somos el Medio","publisher":{"@id":"https:\/\/canal7slp.tv\/2025\/#organization"},"potentialAction":[{"@type":"SearchAction","target":{"@type":"EntryPoint","urlTemplate":"https:\/\/canal7slp.tv\/2025\/?s={search_term_string}"},"query-input":{"@type":"PropertyValueSpecification","valueRequired":true,"valueName":"search_term_string"}}],"inLanguage":"es"},{"@type":"Organization","@id":"https:\/\/canal7slp.tv\/2025\/#organization","name":"Noticieros Canal 7","url":"https:\/\/canal7slp.tv\/2025\/","logo":{"@type":"ImageObject","inLanguage":"es","@id":"https:\/\/canal7slp.tv\/2025\/#\/schema\/logo\/image\/","url":"https:\/\/canal7slp.tv\/2025\/wp-content\/uploads\/2021\/01\/logo-noticieros@2x.png","contentUrl":"https:\/\/canal7slp.tv\/2025\/wp-content\/uploads\/2021\/01\/logo-noticieros@2x.png","width":1017,"height":268,"caption":"Noticieros Canal 7"},"image":{"@id":"https:\/\/canal7slp.tv\/2025\/#\/schema\/logo\/image\/"},"sameAs":["https:\/\/www.facebook.com\/noticieroscanal7atencionciudadana\/","https:\/\/x.com\/NOTICIEROS7","https:\/\/www.instagram.com\/canal7_slp","https:\/\/www.youtube.com\/channel\/UCliiYs-gP3JfJeqdPrNdd5A"]},{"@type":"Person","@id":"https:\/\/canal7slp.tv\/2025\/#\/schema\/person\/271e2b60a96e7cc9d9ac296f4d7e414b","name":"Edici\u00f3n Web","image":{"@type":"ImageObject","inLanguage":"es","@id":"https:\/\/secure.gravatar.com\/avatar\/eee448fc3f7164808013b816ba91ac7e43bbe82a70bebac296f8bc6f0addaa1a?s=96&d=mm&r=g","url":"https:\/\/secure.gravatar.com\/avatar\/eee448fc3f7164808013b816ba91ac7e43bbe82a70bebac296f8bc6f0addaa1a?s=96&d=mm&r=g","contentUrl":"https:\/\/secure.gravatar.com\/avatar\/eee448fc3f7164808013b816ba91ac7e43bbe82a70bebac296f8bc6f0addaa1a?s=96&d=mm&r=g","caption":"Edici\u00f3n Web"},"url":"https:\/\/canal7slp.tv\/2025\/author\/edicionweb\/"}]}},"_links":{"self":[{"href":"https:\/\/canal7slp.tv\/2025\/wp-json\/wp\/v2\/posts\/154943","targetHints":{"allow":["GET"]}}],"collection":[{"href":"https:\/\/canal7slp.tv\/2025\/wp-json\/wp\/v2\/posts"}],"about":[{"href":"https:\/\/canal7slp.tv\/2025\/wp-json\/wp\/v2\/types\/post"}],"author":[{"embeddable":true,"href":"https:\/\/canal7slp.tv\/2025\/wp-json\/wp\/v2\/users\/2"}],"replies":[{"embeddable":true,"href":"https:\/\/canal7slp.tv\/2025\/wp-json\/wp\/v2\/comments?post=154943"}],"version-history":[{"count":1,"href":"https:\/\/canal7slp.tv\/2025\/wp-json\/wp\/v2\/posts\/154943\/revisions"}],"predecessor-version":[{"id":154945,"href":"https:\/\/canal7slp.tv\/2025\/wp-json\/wp\/v2\/posts\/154943\/revisions\/154945"}],"wp:featuredmedia":[{"embeddable":true,"href":"https:\/\/canal7slp.tv\/2025\/wp-json\/wp\/v2\/media\/154944"}],"wp:attachment":[{"href":"https:\/\/canal7slp.tv\/2025\/wp-json\/wp\/v2\/media?parent=154943"}],"wp:term":[{"taxonomy":"category","embeddable":true,"href":"https:\/\/canal7slp.tv\/2025\/wp-json\/wp\/v2\/categories?post=154943"},{"taxonomy":"post_tag","embeddable":true,"href":"https:\/\/canal7slp.tv\/2025\/wp-json\/wp\/v2\/tags?post=154943"}],"curies":[{"name":"wp","href":"https:\/\/api.w.org\/{rel}","templated":true}]}}