{"id":154899,"date":"2025-01-21T18:39:23","date_gmt":"2025-01-22T00:39:23","guid":{"rendered":"https:\/\/canal7slp.tv\/2025\/?p=154899"},"modified":"2025-01-21T18:39:23","modified_gmt":"2025-01-22T00:39:23","slug":"rector-de-la-universidad-politecnica-de-san-luis-rechaza-acusaciones-de-hostigamiento-laboral","status":"publish","type":"post","link":"https:\/\/canal7slp.tv\/2025\/rector-de-la-universidad-politecnica-de-san-luis-rechaza-acusaciones-de-hostigamiento-laboral\/","title":{"rendered":"Rector de la Universidad Polit\u00e9cnica de San Luis rechaza acusaciones de hostigamiento laboral"},"content":{"rendered":"<p style=\"text-align: justify;\"><span style=\"font-size: 1.21429rem;\">SLP.- En torno a las acusaciones de hostigamiento laboral de acad\u00e9micos el rector de la Universidad Polit\u00e9cnica de San Luis Potos\u00ed, N\u00e9stor Garza \u00c1lvarez neg\u00f3 dichos se\u00f1alamientos al afirmar que detr\u00e1s de esto hay intereses personales, \u201cy un intento por desestabilizar a la universidad\u00bb.<\/span><\/p>\n<p style=\"text-align: justify;\">Asegur\u00f3 que la profesora M\u00f3nica L\u00f3pez tiene dos a\u00f1os que no trabaja en esta universidad adem\u00e1s de que el sindicato al que dice pertenecer no existe y que por lo tanto, no tiene representatividad en esta instituci\u00f3n.<\/p>\n<p style=\"text-align: justify;\">Rechaz\u00f3 tambi\u00e9n los se\u00f1alamientos de incrementos a las colegiaturas.<\/p>\n<p style=\"text-align: justify;\">N\u00e9stor Garza \u00c1lvarez, quien fue nombrado rector de la Universidad Polit\u00e9cnica a partir del 4 de Noviembre del 2024, se refiri\u00f3 al se\u00f1alamiento de la reducci\u00f3n salarial a los profesores de esta universidad.<\/p>\n<p style=\"text-align: justify;\">Justific\u00f3 que en el marco de la homologaci\u00f3n administrativa se implementaron ajustes salariales que dijo, favorecieron a los investigadores y personal acad\u00e9mico al asegurar que no se ha vulnerado ning\u00fan derecho laboral.<\/p>\n<p style=\"text-align: justify;\">En este mismo tema de la homologaci\u00f3n administrativa el rector de la Universidad Polit\u00e9cnica afirm\u00f3 que esta situaci\u00f3n, ya era del conocimiento del personal docente de esta instituci\u00f3n educativa.<\/p>\n<p style=\"text-align: justify;\">Por: Claudio Ibarra<\/p>\n","protected":false},"excerpt":{"rendered":"<p>SLP.- En torno a las acusaciones de hostigamiento laboral de acad\u00e9micos el rector de la Universidad Polit\u00e9cnica de San Luis Potos\u00ed, N\u00e9stor Garza \u00c1lvarez neg\u00f3 dichos se\u00f1alamientos al afirmar que detr\u00e1s de esto hay intereses personales, \u201cy un intento por desestabilizar a la universidad\u00bb. Asegur\u00f3 que la profesora M\u00f3nica L\u00f3pez tiene dos a\u00f1os que no trabaja en esta universidad adem\u00e1s de que el sindicato al que dice pertenecer no existe y que por lo tanto, no tiene representatividad en esta instituci\u00f3n. Rechaz\u00f3 tambi\u00e9n los se\u00f1alamientos de incrementos a las colegiaturas. N\u00e9stor Garza \u00c1lvarez, quien fue nombrado rector de la Universidad [&hellip;]<\/p>\n","protected":false},"author":2,"featured_media":154909,"comment_status":"closed","ping_status":"closed","sticky":false,"template":"","format":"video","meta":{"_monsterinsights_skip_tracking":false,"_monsterinsights_sitenote_active":false,"_monsterinsights_sitenote_note":"","_monsterinsights_sitenote_category":0,"footnotes":""},"categories":[5,45],"tags":[],"class_list":["post-154899","post","type-post","status-publish","format-video","has-post-thumbnail","hentry","category-destacadas","category-localesyregionales","post_format-post-format-video","post--single"],"yoast_head":"<!-- This site is optimized with the Yoast SEO plugin v27.5 - https:\/\/yoast.com\/product\/yoast-seo-wordpress\/ -->\n<title>Rector de la Universidad Polit\u00e9cnica de San Luis rechaza acusaciones de hostigamiento laboral - Canal 7 SLP - 2025<\/title>\n<meta name=\"robots\" content=\"index, follow, max-snippet:-1, max-image-preview:large, max-video-preview:-1\" \/>\n<link rel=\"canonical\" href=\"https:\/\/canal7slp.tv\/2025\/rector-de-la-universidad-politecnica-de-san-luis-rechaza-acusaciones-de-hostigamiento-laboral\/\" \/>\n<meta property=\"og:locale\" content=\"es_ES\" \/>\n<meta property=\"og:type\" content=\"article\" \/>\n<meta property=\"og:title\" content=\"Rector de la Universidad Polit\u00e9cnica de San Luis rechaza acusaciones de hostigamiento laboral - Canal 7 SLP - 2025\" \/>\n<meta property=\"og:description\" content=\"SLP.- En torno a las acusaciones de hostigamiento laboral de acad\u00e9micos el rector de la Universidad Polit\u00e9cnica de San Luis Potos\u00ed, N\u00e9stor Garza \u00c1lvarez neg\u00f3 dichos se\u00f1alamientos al afirmar que detr\u00e1s de esto hay intereses personales, \u201cy un intento por desestabilizar a la universidad\u00bb. Asegur\u00f3 que la profesora M\u00f3nica L\u00f3pez tiene dos a\u00f1os que no trabaja en esta universidad adem\u00e1s de que el sindicato al que dice pertenecer no existe y que por lo tanto, no tiene representatividad en esta instituci\u00f3n. Rechaz\u00f3 tambi\u00e9n los se\u00f1alamientos de incrementos a las colegiaturas. N\u00e9stor Garza \u00c1lvarez, quien fue nombrado rector de la Universidad [&hellip;]\" \/>\n<meta property=\"og:url\" content=\"https:\/\/canal7slp.tv\/2025\/rector-de-la-universidad-politecnica-de-san-luis-rechaza-acusaciones-de-hostigamiento-laboral\/\" \/>\n<meta property=\"og:site_name\" content=\"Canal 7 SLP - 2025\" \/>\n<meta property=\"article:publisher\" content=\"https:\/\/www.facebook.com\/noticieroscanal7atencionciudadana\/\" \/>\n<meta property=\"article:published_time\" content=\"2025-01-22T00:39:23+00:00\" \/>\n<meta property=\"og:image\" content=\"https:\/\/canal7slp.tv\/2025\/wp-content\/uploads\/2025\/01\/Claudio02Respuesta.jpg\" \/>\n\t<meta property=\"og:image:width\" content=\"1280\" \/>\n\t<meta property=\"og:image:height\" content=\"720\" \/>\n\t<meta property=\"og:image:type\" content=\"image\/jpeg\" \/>\n<meta name=\"author\" content=\"Edici\u00f3n Web\" \/>\n<meta name=\"twitter:card\" content=\"summary_large_image\" \/>\n<meta name=\"twitter:creator\" content=\"@NOTICIEROS7\" \/>\n<meta name=\"twitter:site\" content=\"@NOTICIEROS7\" \/>\n<meta name=\"twitter:label1\" content=\"Escrito por\" \/>\n\t<meta name=\"twitter:data1\" content=\"Edici\u00f3n Web\" \/>\n\t<meta name=\"twitter:label2\" content=\"Tiempo de lectura\" \/>\n\t<meta name=\"twitter:data2\" content=\"2 minutos\" \/>\n<script type=\"application\/ld+json\" class=\"yoast-schema-graph\">{\"@context\":\"https:\\\/\\\/schema.org\",\"@graph\":[{\"@type\":\"Article\",\"@id\":\"https:\\\/\\\/canal7slp.tv\\\/2025\\\/rector-de-la-universidad-politecnica-de-san-luis-rechaza-acusaciones-de-hostigamiento-laboral\\\/#article\",\"isPartOf\":{\"@id\":\"https:\\\/\\\/canal7slp.tv\\\/2025\\\/rector-de-la-universidad-politecnica-de-san-luis-rechaza-acusaciones-de-hostigamiento-laboral\\\/\"},\"author\":{\"name\":\"Edici\u00f3n Web\",\"@id\":\"https:\\\/\\\/canal7slp.tv\\\/2025\\\/#\\\/schema\\\/person\\\/271e2b60a96e7cc9d9ac296f4d7e414b\"},\"headline\":\"Rector de la Universidad Polit\u00e9cnica de San Luis rechaza acusaciones de hostigamiento laboral\",\"datePublished\":\"2025-01-22T00:39:23+00:00\",\"mainEntityOfPage\":{\"@id\":\"https:\\\/\\\/canal7slp.tv\\\/2025\\\/rector-de-la-universidad-politecnica-de-san-luis-rechaza-acusaciones-de-hostigamiento-laboral\\\/\"},\"wordCount\":223,\"publisher\":{\"@id\":\"https:\\\/\\\/canal7slp.tv\\\/2025\\\/#organization\"},\"image\":{\"@id\":\"https:\\\/\\\/canal7slp.tv\\\/2025\\\/rector-de-la-universidad-politecnica-de-san-luis-rechaza-acusaciones-de-hostigamiento-laboral\\\/#primaryimage\"},\"thumbnailUrl\":\"https:\\\/\\\/canal7slp.tv\\\/2025\\\/wp-content\\\/uploads\\\/2025\\\/01\\\/Claudio02Respuesta.jpg\",\"articleSection\":[\"DESTACADAS\",\"LOCALES Y REGIONALES\"],\"inLanguage\":\"es\"},{\"@type\":\"WebPage\",\"@id\":\"https:\\\/\\\/canal7slp.tv\\\/2025\\\/rector-de-la-universidad-politecnica-de-san-luis-rechaza-acusaciones-de-hostigamiento-laboral\\\/\",\"url\":\"https:\\\/\\\/canal7slp.tv\\\/2025\\\/rector-de-la-universidad-politecnica-de-san-luis-rechaza-acusaciones-de-hostigamiento-laboral\\\/\",\"name\":\"Rector de la Universidad Polit\u00e9cnica de San Luis rechaza acusaciones de hostigamiento laboral - Canal 7 SLP - 2025\",\"isPartOf\":{\"@id\":\"https:\\\/\\\/canal7slp.tv\\\/2025\\\/#website\"},\"primaryImageOfPage\":{\"@id\":\"https:\\\/\\\/canal7slp.tv\\\/2025\\\/rector-de-la-universidad-politecnica-de-san-luis-rechaza-acusaciones-de-hostigamiento-laboral\\\/#primaryimage\"},\"image\":{\"@id\":\"https:\\\/\\\/canal7slp.tv\\\/2025\\\/rector-de-la-universidad-politecnica-de-san-luis-rechaza-acusaciones-de-hostigamiento-laboral\\\/#primaryimage\"},\"thumbnailUrl\":\"https:\\\/\\\/canal7slp.tv\\\/2025\\\/wp-content\\\/uploads\\\/2025\\\/01\\\/Claudio02Respuesta.jpg\",\"datePublished\":\"2025-01-22T00:39:23+00:00\",\"breadcrumb\":{\"@id\":\"https:\\\/\\\/canal7slp.tv\\\/2025\\\/rector-de-la-universidad-politecnica-de-san-luis-rechaza-acusaciones-de-hostigamiento-laboral\\\/#breadcrumb\"},\"inLanguage\":\"es\",\"potentialAction\":[{\"@type\":\"ReadAction\",\"target\":[\"https:\\\/\\\/canal7slp.tv\\\/2025\\\/rector-de-la-universidad-politecnica-de-san-luis-rechaza-acusaciones-de-hostigamiento-laboral\\\/\"]}]},{\"@type\":\"ImageObject\",\"inLanguage\":\"es\",\"@id\":\"https:\\\/\\\/canal7slp.tv\\\/2025\\\/rector-de-la-universidad-politecnica-de-san-luis-rechaza-acusaciones-de-hostigamiento-laboral\\\/#primaryimage\",\"url\":\"https:\\\/\\\/canal7slp.tv\\\/2025\\\/wp-content\\\/uploads\\\/2025\\\/01\\\/Claudio02Respuesta.jpg\",\"contentUrl\":\"https:\\\/\\\/canal7slp.tv\\\/2025\\\/wp-content\\\/uploads\\\/2025\\\/01\\\/Claudio02Respuesta.jpg\",\"width\":1280,\"height\":720},{\"@type\":\"BreadcrumbList\",\"@id\":\"https:\\\/\\\/canal7slp.tv\\\/2025\\\/rector-de-la-universidad-politecnica-de-san-luis-rechaza-acusaciones-de-hostigamiento-laboral\\\/#breadcrumb\",\"itemListElement\":[{\"@type\":\"ListItem\",\"position\":1,\"name\":\"Portada\",\"item\":\"https:\\\/\\\/canal7slp.tv\\\/2025\\\/\"},{\"@type\":\"ListItem\",\"position\":2,\"name\":\"Rector de la Universidad Polit\u00e9cnica de San Luis rechaza acusaciones de hostigamiento laboral\"}]},{\"@type\":\"WebSite\",\"@id\":\"https:\\\/\\\/canal7slp.tv\\\/2025\\\/#website\",\"url\":\"https:\\\/\\\/canal7slp.tv\\\/2025\\\/\",\"name\":\"N7 - Noticieros Canal 7\",\"description\":\"Somos el Medio\",\"publisher\":{\"@id\":\"https:\\\/\\\/canal7slp.tv\\\/2025\\\/#organization\"},\"potentialAction\":[{\"@type\":\"SearchAction\",\"target\":{\"@type\":\"EntryPoint\",\"urlTemplate\":\"https:\\\/\\\/canal7slp.tv\\\/2025\\\/?s={search_term_string}\"},\"query-input\":{\"@type\":\"PropertyValueSpecification\",\"valueRequired\":true,\"valueName\":\"search_term_string\"}}],\"inLanguage\":\"es\"},{\"@type\":\"Organization\",\"@id\":\"https:\\\/\\\/canal7slp.tv\\\/2025\\\/#organization\",\"name\":\"Noticieros Canal 7\",\"url\":\"https:\\\/\\\/canal7slp.tv\\\/2025\\\/\",\"logo\":{\"@type\":\"ImageObject\",\"inLanguage\":\"es\",\"@id\":\"https:\\\/\\\/canal7slp.tv\\\/2025\\\/#\\\/schema\\\/logo\\\/image\\\/\",\"url\":\"https:\\\/\\\/canal7slp.tv\\\/2025\\\/wp-content\\\/uploads\\\/2021\\\/01\\\/logo-noticieros@2x.png\",\"contentUrl\":\"https:\\\/\\\/canal7slp.tv\\\/2025\\\/wp-content\\\/uploads\\\/2021\\\/01\\\/logo-noticieros@2x.png\",\"width\":1017,\"height\":268,\"caption\":\"Noticieros Canal 7\"},\"image\":{\"@id\":\"https:\\\/\\\/canal7slp.tv\\\/2025\\\/#\\\/schema\\\/logo\\\/image\\\/\"},\"sameAs\":[\"https:\\\/\\\/www.facebook.com\\\/noticieroscanal7atencionciudadana\\\/\",\"https:\\\/\\\/x.com\\\/NOTICIEROS7\",\"https:\\\/\\\/www.instagram.com\\\/canal7_slp\",\"https:\\\/\\\/www.youtube.com\\\/channel\\\/UCliiYs-gP3JfJeqdPrNdd5A\"]},{\"@type\":\"Person\",\"@id\":\"https:\\\/\\\/canal7slp.tv\\\/2025\\\/#\\\/schema\\\/person\\\/271e2b60a96e7cc9d9ac296f4d7e414b\",\"name\":\"Edici\u00f3n Web\",\"image\":{\"@type\":\"ImageObject\",\"inLanguage\":\"es\",\"@id\":\"https:\\\/\\\/secure.gravatar.com\\\/avatar\\\/eee448fc3f7164808013b816ba91ac7e43bbe82a70bebac296f8bc6f0addaa1a?s=96&d=mm&r=g\",\"url\":\"https:\\\/\\\/secure.gravatar.com\\\/avatar\\\/eee448fc3f7164808013b816ba91ac7e43bbe82a70bebac296f8bc6f0addaa1a?s=96&d=mm&r=g\",\"contentUrl\":\"https:\\\/\\\/secure.gravatar.com\\\/avatar\\\/eee448fc3f7164808013b816ba91ac7e43bbe82a70bebac296f8bc6f0addaa1a?s=96&d=mm&r=g\",\"caption\":\"Edici\u00f3n Web\"},\"url\":\"https:\\\/\\\/canal7slp.tv\\\/2025\\\/author\\\/edicionweb\\\/\"}]}<\/script>\n<!-- \/ Yoast SEO plugin. -->","yoast_head_json":{"title":"Rector de la Universidad Polit\u00e9cnica de San Luis rechaza acusaciones de hostigamiento laboral - Canal 7 SLP - 2025","robots":{"index":"index","follow":"follow","max-snippet":"max-snippet:-1","max-image-preview":"max-image-preview:large","max-video-preview":"max-video-preview:-1"},"canonical":"https:\/\/canal7slp.tv\/2025\/rector-de-la-universidad-politecnica-de-san-luis-rechaza-acusaciones-de-hostigamiento-laboral\/","og_locale":"es_ES","og_type":"article","og_title":"Rector de la Universidad Polit\u00e9cnica de San Luis rechaza acusaciones de hostigamiento laboral - Canal 7 SLP - 2025","og_description":"SLP.- En torno a las acusaciones de hostigamiento laboral de acad\u00e9micos el rector de la Universidad Polit\u00e9cnica de San Luis Potos\u00ed, N\u00e9stor Garza \u00c1lvarez neg\u00f3 dichos se\u00f1alamientos al afirmar que detr\u00e1s de esto hay intereses personales, \u201cy un intento por desestabilizar a la universidad\u00bb. Asegur\u00f3 que la profesora M\u00f3nica L\u00f3pez tiene dos a\u00f1os que no trabaja en esta universidad adem\u00e1s de que el sindicato al que dice pertenecer no existe y que por lo tanto, no tiene representatividad en esta instituci\u00f3n. Rechaz\u00f3 tambi\u00e9n los se\u00f1alamientos de incrementos a las colegiaturas. N\u00e9stor Garza \u00c1lvarez, quien fue nombrado rector de la Universidad [&hellip;]","og_url":"https:\/\/canal7slp.tv\/2025\/rector-de-la-universidad-politecnica-de-san-luis-rechaza-acusaciones-de-hostigamiento-laboral\/","og_site_name":"Canal 7 SLP - 2025","article_publisher":"https:\/\/www.facebook.com\/noticieroscanal7atencionciudadana\/","article_published_time":"2025-01-22T00:39:23+00:00","og_image":[{"width":1280,"height":720,"url":"https:\/\/canal7slp.tv\/2025\/wp-content\/uploads\/2025\/01\/Claudio02Respuesta.jpg","type":"image\/jpeg"}],"author":"Edici\u00f3n Web","twitter_card":"summary_large_image","twitter_creator":"@NOTICIEROS7","twitter_site":"@NOTICIEROS7","twitter_misc":{"Escrito por":"Edici\u00f3n Web","Tiempo de lectura":"2 minutos"},"schema":{"@context":"https:\/\/schema.org","@graph":[{"@type":"Article","@id":"https:\/\/canal7slp.tv\/2025\/rector-de-la-universidad-politecnica-de-san-luis-rechaza-acusaciones-de-hostigamiento-laboral\/#article","isPartOf":{"@id":"https:\/\/canal7slp.tv\/2025\/rector-de-la-universidad-politecnica-de-san-luis-rechaza-acusaciones-de-hostigamiento-laboral\/"},"author":{"name":"Edici\u00f3n Web","@id":"https:\/\/canal7slp.tv\/2025\/#\/schema\/person\/271e2b60a96e7cc9d9ac296f4d7e414b"},"headline":"Rector de la Universidad Polit\u00e9cnica de San Luis rechaza acusaciones de hostigamiento laboral","datePublished":"2025-01-22T00:39:23+00:00","mainEntityOfPage":{"@id":"https:\/\/canal7slp.tv\/2025\/rector-de-la-universidad-politecnica-de-san-luis-rechaza-acusaciones-de-hostigamiento-laboral\/"},"wordCount":223,"publisher":{"@id":"https:\/\/canal7slp.tv\/2025\/#organization"},"image":{"@id":"https:\/\/canal7slp.tv\/2025\/rector-de-la-universidad-politecnica-de-san-luis-rechaza-acusaciones-de-hostigamiento-laboral\/#primaryimage"},"thumbnailUrl":"https:\/\/canal7slp.tv\/2025\/wp-content\/uploads\/2025\/01\/Claudio02Respuesta.jpg","articleSection":["DESTACADAS","LOCALES Y REGIONALES"],"inLanguage":"es"},{"@type":"WebPage","@id":"https:\/\/canal7slp.tv\/2025\/rector-de-la-universidad-politecnica-de-san-luis-rechaza-acusaciones-de-hostigamiento-laboral\/","url":"https:\/\/canal7slp.tv\/2025\/rector-de-la-universidad-politecnica-de-san-luis-rechaza-acusaciones-de-hostigamiento-laboral\/","name":"Rector de la Universidad Polit\u00e9cnica de San Luis rechaza acusaciones de hostigamiento laboral - Canal 7 SLP - 2025","isPartOf":{"@id":"https:\/\/canal7slp.tv\/2025\/#website"},"primaryImageOfPage":{"@id":"https:\/\/canal7slp.tv\/2025\/rector-de-la-universidad-politecnica-de-san-luis-rechaza-acusaciones-de-hostigamiento-laboral\/#primaryimage"},"image":{"@id":"https:\/\/canal7slp.tv\/2025\/rector-de-la-universidad-politecnica-de-san-luis-rechaza-acusaciones-de-hostigamiento-laboral\/#primaryimage"},"thumbnailUrl":"https:\/\/canal7slp.tv\/2025\/wp-content\/uploads\/2025\/01\/Claudio02Respuesta.jpg","datePublished":"2025-01-22T00:39:23+00:00","breadcrumb":{"@id":"https:\/\/canal7slp.tv\/2025\/rector-de-la-universidad-politecnica-de-san-luis-rechaza-acusaciones-de-hostigamiento-laboral\/#breadcrumb"},"inLanguage":"es","potentialAction":[{"@type":"ReadAction","target":["https:\/\/canal7slp.tv\/2025\/rector-de-la-universidad-politecnica-de-san-luis-rechaza-acusaciones-de-hostigamiento-laboral\/"]}]},{"@type":"ImageObject","inLanguage":"es","@id":"https:\/\/canal7slp.tv\/2025\/rector-de-la-universidad-politecnica-de-san-luis-rechaza-acusaciones-de-hostigamiento-laboral\/#primaryimage","url":"https:\/\/canal7slp.tv\/2025\/wp-content\/uploads\/2025\/01\/Claudio02Respuesta.jpg","contentUrl":"https:\/\/canal7slp.tv\/2025\/wp-content\/uploads\/2025\/01\/Claudio02Respuesta.jpg","width":1280,"height":720},{"@type":"BreadcrumbList","@id":"https:\/\/canal7slp.tv\/2025\/rector-de-la-universidad-politecnica-de-san-luis-rechaza-acusaciones-de-hostigamiento-laboral\/#breadcrumb","itemListElement":[{"@type":"ListItem","position":1,"name":"Portada","item":"https:\/\/canal7slp.tv\/2025\/"},{"@type":"ListItem","position":2,"name":"Rector de la Universidad Polit\u00e9cnica de San Luis rechaza acusaciones de hostigamiento laboral"}]},{"@type":"WebSite","@id":"https:\/\/canal7slp.tv\/2025\/#website","url":"https:\/\/canal7slp.tv\/2025\/","name":"N7 - Noticieros Canal 7","description":"Somos el Medio","publisher":{"@id":"https:\/\/canal7slp.tv\/2025\/#organization"},"potentialAction":[{"@type":"SearchAction","target":{"@type":"EntryPoint","urlTemplate":"https:\/\/canal7slp.tv\/2025\/?s={search_term_string}"},"query-input":{"@type":"PropertyValueSpecification","valueRequired":true,"valueName":"search_term_string"}}],"inLanguage":"es"},{"@type":"Organization","@id":"https:\/\/canal7slp.tv\/2025\/#organization","name":"Noticieros Canal 7","url":"https:\/\/canal7slp.tv\/2025\/","logo":{"@type":"ImageObject","inLanguage":"es","@id":"https:\/\/canal7slp.tv\/2025\/#\/schema\/logo\/image\/","url":"https:\/\/canal7slp.tv\/2025\/wp-content\/uploads\/2021\/01\/logo-noticieros@2x.png","contentUrl":"https:\/\/canal7slp.tv\/2025\/wp-content\/uploads\/2021\/01\/logo-noticieros@2x.png","width":1017,"height":268,"caption":"Noticieros Canal 7"},"image":{"@id":"https:\/\/canal7slp.tv\/2025\/#\/schema\/logo\/image\/"},"sameAs":["https:\/\/www.facebook.com\/noticieroscanal7atencionciudadana\/","https:\/\/x.com\/NOTICIEROS7","https:\/\/www.instagram.com\/canal7_slp","https:\/\/www.youtube.com\/channel\/UCliiYs-gP3JfJeqdPrNdd5A"]},{"@type":"Person","@id":"https:\/\/canal7slp.tv\/2025\/#\/schema\/person\/271e2b60a96e7cc9d9ac296f4d7e414b","name":"Edici\u00f3n Web","image":{"@type":"ImageObject","inLanguage":"es","@id":"https:\/\/secure.gravatar.com\/avatar\/eee448fc3f7164808013b816ba91ac7e43bbe82a70bebac296f8bc6f0addaa1a?s=96&d=mm&r=g","url":"https:\/\/secure.gravatar.com\/avatar\/eee448fc3f7164808013b816ba91ac7e43bbe82a70bebac296f8bc6f0addaa1a?s=96&d=mm&r=g","contentUrl":"https:\/\/secure.gravatar.com\/avatar\/eee448fc3f7164808013b816ba91ac7e43bbe82a70bebac296f8bc6f0addaa1a?s=96&d=mm&r=g","caption":"Edici\u00f3n Web"},"url":"https:\/\/canal7slp.tv\/2025\/author\/edicionweb\/"}]}},"_links":{"self":[{"href":"https:\/\/canal7slp.tv\/2025\/wp-json\/wp\/v2\/posts\/154899","targetHints":{"allow":["GET"]}}],"collection":[{"href":"https:\/\/canal7slp.tv\/2025\/wp-json\/wp\/v2\/posts"}],"about":[{"href":"https:\/\/canal7slp.tv\/2025\/wp-json\/wp\/v2\/types\/post"}],"author":[{"embeddable":true,"href":"https:\/\/canal7slp.tv\/2025\/wp-json\/wp\/v2\/users\/2"}],"replies":[{"embeddable":true,"href":"https:\/\/canal7slp.tv\/2025\/wp-json\/wp\/v2\/comments?post=154899"}],"version-history":[{"count":3,"href":"https:\/\/canal7slp.tv\/2025\/wp-json\/wp\/v2\/posts\/154899\/revisions"}],"predecessor-version":[{"id":154910,"href":"https:\/\/canal7slp.tv\/2025\/wp-json\/wp\/v2\/posts\/154899\/revisions\/154910"}],"wp:featuredmedia":[{"embeddable":true,"href":"https:\/\/canal7slp.tv\/2025\/wp-json\/wp\/v2\/media\/154909"}],"wp:attachment":[{"href":"https:\/\/canal7slp.tv\/2025\/wp-json\/wp\/v2\/media?parent=154899"}],"wp:term":[{"taxonomy":"category","embeddable":true,"href":"https:\/\/canal7slp.tv\/2025\/wp-json\/wp\/v2\/categories?post=154899"},{"taxonomy":"post_tag","embeddable":true,"href":"https:\/\/canal7slp.tv\/2025\/wp-json\/wp\/v2\/tags?post=154899"}],"curies":[{"name":"wp","href":"https:\/\/api.w.org\/{rel}","templated":true}]}}