{"id":154897,"date":"2025-01-22T11:38:12","date_gmt":"2025-01-22T17:38:12","guid":{"rendered":"https:\/\/canal7slp.tv\/2025\/?p=154897"},"modified":"2025-01-22T11:38:41","modified_gmt":"2025-01-22T17:38:41","slug":"firman-convenio-de-coordinacion-congreso-del-estado-ejecutivo-estatal-ceepac-y-el-poder-judicial","status":"publish","type":"post","link":"https:\/\/canal7slp.tv\/2025\/firman-convenio-de-coordinacion-congreso-del-estado-ejecutivo-estatal-ceepac-y-el-poder-judicial\/","title":{"rendered":"Firman convenio de coordinaci\u00f3n Congreso del Estado, Ejecutivo Estatal, CEEPAC y el Poder Judicial"},"content":{"rendered":"<p style=\"text-align: justify;\"><span style=\"font-size: 1.21429rem;\">SLP.- Representantes del Poder Legislativo, Ejecutivo, Judicial y el Consejo Estatal Electoral y de participaci\u00f3n Ciudadana, firmaron un convenio de coordinaci\u00f3n y colaboraci\u00f3n, para el proceso local electoral extraordinario de personas juzgadoras.<\/span><\/p>\n<p style=\"text-align: justify;\">Uno de los prop\u00f3sitos de este convenio es el de promover y apoyar con asistencia t\u00e9cnica y metodol\u00f3gica la realizaci\u00f3n de acciones conjuntas para este proceso electoral.<\/p>\n<p style=\"text-align: justify;\">El funcionario estatal afirm\u00f3 que inici\u00f3 ya la ruta para la selecci\u00f3n de 15 magistrados del Supremo Tribunal de Justicia, 69 jueces de Primera Instancia por especialidad y tres magistrados del Supremo Tribunal de Justicia Administrativa.<\/p>\n<p style=\"text-align: justify;\">En el marco de este convenio se destac\u00f3 que existe disposici\u00f3n y compromiso entre las instituciones participantes, para llevar a cabo esta hist\u00f3rica elecci\u00f3n.<\/p>\n<p>Por: Claudio Ibarra<\/p>\n","protected":false},"excerpt":{"rendered":"<p>SLP.- Representantes del Poder Legislativo, Ejecutivo, Judicial y el Consejo Estatal Electoral y de participaci\u00f3n Ciudadana, firmaron un convenio de coordinaci\u00f3n y colaboraci\u00f3n, para el proceso local electoral extraordinario de personas juzgadoras. Uno de los prop\u00f3sitos de este convenio es el de promover y apoyar con asistencia t\u00e9cnica y metodol\u00f3gica la realizaci\u00f3n de acciones conjuntas para este proceso electoral. El funcionario estatal afirm\u00f3 que inici\u00f3 ya la ruta para la selecci\u00f3n de 15 magistrados del Supremo Tribunal de Justicia, 69 jueces de Primera Instancia por especialidad y tres magistrados del Supremo Tribunal de Justicia Administrativa. En el marco de este [&hellip;]<\/p>\n","protected":false},"author":2,"featured_media":154915,"comment_status":"closed","ping_status":"closed","sticky":false,"template":"","format":"video","meta":{"_monsterinsights_skip_tracking":false,"_monsterinsights_sitenote_active":false,"_monsterinsights_sitenote_note":"","_monsterinsights_sitenote_category":0,"footnotes":""},"categories":[3,5,510,45],"tags":[],"class_list":["post-154897","post","type-post","status-publish","format-video","has-post-thumbnail","hentry","category-congreso","category-destacadas","category-gobedoslp","category-localesyregionales","post_format-post-format-video","post--single"],"yoast_head":"<!-- This site is optimized with the Yoast SEO plugin v27.5 - https:\/\/yoast.com\/product\/yoast-seo-wordpress\/ -->\n<title>Firman convenio de coordinaci\u00f3n Congreso del Estado, Ejecutivo Estatal, CEEPAC y el Poder Judicial - Canal 7 SLP - 2025<\/title>\n<meta name=\"robots\" content=\"index, follow, max-snippet:-1, max-image-preview:large, max-video-preview:-1\" \/>\n<link rel=\"canonical\" href=\"https:\/\/canal7slp.tv\/2025\/firman-convenio-de-coordinacion-congreso-del-estado-ejecutivo-estatal-ceepac-y-el-poder-judicial\/\" \/>\n<meta property=\"og:locale\" content=\"es_ES\" \/>\n<meta property=\"og:type\" content=\"article\" \/>\n<meta property=\"og:title\" content=\"Firman convenio de coordinaci\u00f3n Congreso del Estado, Ejecutivo Estatal, CEEPAC y el Poder Judicial - Canal 7 SLP - 2025\" \/>\n<meta property=\"og:description\" content=\"SLP.- Representantes del Poder Legislativo, Ejecutivo, Judicial y el Consejo Estatal Electoral y de participaci\u00f3n Ciudadana, firmaron un convenio de coordinaci\u00f3n y colaboraci\u00f3n, para el proceso local electoral extraordinario de personas juzgadoras. Uno de los prop\u00f3sitos de este convenio es el de promover y apoyar con asistencia t\u00e9cnica y metodol\u00f3gica la realizaci\u00f3n de acciones conjuntas para este proceso electoral. El funcionario estatal afirm\u00f3 que inici\u00f3 ya la ruta para la selecci\u00f3n de 15 magistrados del Supremo Tribunal de Justicia, 69 jueces de Primera Instancia por especialidad y tres magistrados del Supremo Tribunal de Justicia Administrativa. En el marco de este [&hellip;]\" \/>\n<meta property=\"og:url\" content=\"https:\/\/canal7slp.tv\/2025\/firman-convenio-de-coordinacion-congreso-del-estado-ejecutivo-estatal-ceepac-y-el-poder-judicial\/\" \/>\n<meta property=\"og:site_name\" content=\"Canal 7 SLP - 2025\" \/>\n<meta property=\"article:publisher\" content=\"https:\/\/www.facebook.com\/noticieroscanal7atencionciudadana\/\" \/>\n<meta property=\"article:published_time\" content=\"2025-01-22T17:38:12+00:00\" \/>\n<meta property=\"article:modified_time\" content=\"2025-01-22T17:38:41+00:00\" \/>\n<meta property=\"og:image\" content=\"https:\/\/canal7slp.tv\/2025\/wp-content\/uploads\/2025\/01\/Claudio04Convenio.jpg\" \/>\n\t<meta property=\"og:image:width\" content=\"1280\" \/>\n\t<meta property=\"og:image:height\" content=\"720\" \/>\n\t<meta property=\"og:image:type\" content=\"image\/jpeg\" \/>\n<meta name=\"author\" content=\"Edici\u00f3n Web\" \/>\n<meta name=\"twitter:card\" content=\"summary_large_image\" \/>\n<meta name=\"twitter:creator\" content=\"@NOTICIEROS7\" \/>\n<meta name=\"twitter:site\" content=\"@NOTICIEROS7\" \/>\n<meta name=\"twitter:label1\" content=\"Escrito por\" \/>\n\t<meta name=\"twitter:data1\" content=\"Edici\u00f3n Web\" \/>\n\t<meta name=\"twitter:label2\" content=\"Tiempo de lectura\" \/>\n\t<meta name=\"twitter:data2\" content=\"1 minuto\" \/>\n<script type=\"application\/ld+json\" class=\"yoast-schema-graph\">{\"@context\":\"https:\\\/\\\/schema.org\",\"@graph\":[{\"@type\":\"Article\",\"@id\":\"https:\\\/\\\/canal7slp.tv\\\/2025\\\/firman-convenio-de-coordinacion-congreso-del-estado-ejecutivo-estatal-ceepac-y-el-poder-judicial\\\/#article\",\"isPartOf\":{\"@id\":\"https:\\\/\\\/canal7slp.tv\\\/2025\\\/firman-convenio-de-coordinacion-congreso-del-estado-ejecutivo-estatal-ceepac-y-el-poder-judicial\\\/\"},\"author\":{\"name\":\"Edici\u00f3n Web\",\"@id\":\"https:\\\/\\\/canal7slp.tv\\\/2025\\\/#\\\/schema\\\/person\\\/271e2b60a96e7cc9d9ac296f4d7e414b\"},\"headline\":\"Firman convenio de coordinaci\u00f3n Congreso del Estado, Ejecutivo Estatal, CEEPAC y el Poder Judicial\",\"datePublished\":\"2025-01-22T17:38:12+00:00\",\"dateModified\":\"2025-01-22T17:38:41+00:00\",\"mainEntityOfPage\":{\"@id\":\"https:\\\/\\\/canal7slp.tv\\\/2025\\\/firman-convenio-de-coordinacion-congreso-del-estado-ejecutivo-estatal-ceepac-y-el-poder-judicial\\\/\"},\"wordCount\":147,\"publisher\":{\"@id\":\"https:\\\/\\\/canal7slp.tv\\\/2025\\\/#organization\"},\"image\":{\"@id\":\"https:\\\/\\\/canal7slp.tv\\\/2025\\\/firman-convenio-de-coordinacion-congreso-del-estado-ejecutivo-estatal-ceepac-y-el-poder-judicial\\\/#primaryimage\"},\"thumbnailUrl\":\"https:\\\/\\\/canal7slp.tv\\\/2025\\\/wp-content\\\/uploads\\\/2025\\\/01\\\/Claudio04Convenio.jpg\",\"articleSection\":[\"CONGRESO\",\"DESTACADAS\",\"GOBEDOSLP\",\"LOCALES Y REGIONALES\"],\"inLanguage\":\"es\"},{\"@type\":\"WebPage\",\"@id\":\"https:\\\/\\\/canal7slp.tv\\\/2025\\\/firman-convenio-de-coordinacion-congreso-del-estado-ejecutivo-estatal-ceepac-y-el-poder-judicial\\\/\",\"url\":\"https:\\\/\\\/canal7slp.tv\\\/2025\\\/firman-convenio-de-coordinacion-congreso-del-estado-ejecutivo-estatal-ceepac-y-el-poder-judicial\\\/\",\"name\":\"Firman convenio de coordinaci\u00f3n Congreso del Estado, Ejecutivo Estatal, CEEPAC y el Poder Judicial - Canal 7 SLP - 2025\",\"isPartOf\":{\"@id\":\"https:\\\/\\\/canal7slp.tv\\\/2025\\\/#website\"},\"primaryImageOfPage\":{\"@id\":\"https:\\\/\\\/canal7slp.tv\\\/2025\\\/firman-convenio-de-coordinacion-congreso-del-estado-ejecutivo-estatal-ceepac-y-el-poder-judicial\\\/#primaryimage\"},\"image\":{\"@id\":\"https:\\\/\\\/canal7slp.tv\\\/2025\\\/firman-convenio-de-coordinacion-congreso-del-estado-ejecutivo-estatal-ceepac-y-el-poder-judicial\\\/#primaryimage\"},\"thumbnailUrl\":\"https:\\\/\\\/canal7slp.tv\\\/2025\\\/wp-content\\\/uploads\\\/2025\\\/01\\\/Claudio04Convenio.jpg\",\"datePublished\":\"2025-01-22T17:38:12+00:00\",\"dateModified\":\"2025-01-22T17:38:41+00:00\",\"breadcrumb\":{\"@id\":\"https:\\\/\\\/canal7slp.tv\\\/2025\\\/firman-convenio-de-coordinacion-congreso-del-estado-ejecutivo-estatal-ceepac-y-el-poder-judicial\\\/#breadcrumb\"},\"inLanguage\":\"es\",\"potentialAction\":[{\"@type\":\"ReadAction\",\"target\":[\"https:\\\/\\\/canal7slp.tv\\\/2025\\\/firman-convenio-de-coordinacion-congreso-del-estado-ejecutivo-estatal-ceepac-y-el-poder-judicial\\\/\"]}]},{\"@type\":\"ImageObject\",\"inLanguage\":\"es\",\"@id\":\"https:\\\/\\\/canal7slp.tv\\\/2025\\\/firman-convenio-de-coordinacion-congreso-del-estado-ejecutivo-estatal-ceepac-y-el-poder-judicial\\\/#primaryimage\",\"url\":\"https:\\\/\\\/canal7slp.tv\\\/2025\\\/wp-content\\\/uploads\\\/2025\\\/01\\\/Claudio04Convenio.jpg\",\"contentUrl\":\"https:\\\/\\\/canal7slp.tv\\\/2025\\\/wp-content\\\/uploads\\\/2025\\\/01\\\/Claudio04Convenio.jpg\",\"width\":1280,\"height\":720},{\"@type\":\"BreadcrumbList\",\"@id\":\"https:\\\/\\\/canal7slp.tv\\\/2025\\\/firman-convenio-de-coordinacion-congreso-del-estado-ejecutivo-estatal-ceepac-y-el-poder-judicial\\\/#breadcrumb\",\"itemListElement\":[{\"@type\":\"ListItem\",\"position\":1,\"name\":\"Portada\",\"item\":\"https:\\\/\\\/canal7slp.tv\\\/2025\\\/\"},{\"@type\":\"ListItem\",\"position\":2,\"name\":\"Firman convenio de coordinaci\u00f3n Congreso del Estado, Ejecutivo Estatal, CEEPAC y el Poder Judicial\"}]},{\"@type\":\"WebSite\",\"@id\":\"https:\\\/\\\/canal7slp.tv\\\/2025\\\/#website\",\"url\":\"https:\\\/\\\/canal7slp.tv\\\/2025\\\/\",\"name\":\"N7 - Noticieros Canal 7\",\"description\":\"Somos el Medio\",\"publisher\":{\"@id\":\"https:\\\/\\\/canal7slp.tv\\\/2025\\\/#organization\"},\"potentialAction\":[{\"@type\":\"SearchAction\",\"target\":{\"@type\":\"EntryPoint\",\"urlTemplate\":\"https:\\\/\\\/canal7slp.tv\\\/2025\\\/?s={search_term_string}\"},\"query-input\":{\"@type\":\"PropertyValueSpecification\",\"valueRequired\":true,\"valueName\":\"search_term_string\"}}],\"inLanguage\":\"es\"},{\"@type\":\"Organization\",\"@id\":\"https:\\\/\\\/canal7slp.tv\\\/2025\\\/#organization\",\"name\":\"Noticieros Canal 7\",\"url\":\"https:\\\/\\\/canal7slp.tv\\\/2025\\\/\",\"logo\":{\"@type\":\"ImageObject\",\"inLanguage\":\"es\",\"@id\":\"https:\\\/\\\/canal7slp.tv\\\/2025\\\/#\\\/schema\\\/logo\\\/image\\\/\",\"url\":\"https:\\\/\\\/canal7slp.tv\\\/2025\\\/wp-content\\\/uploads\\\/2021\\\/01\\\/logo-noticieros@2x.png\",\"contentUrl\":\"https:\\\/\\\/canal7slp.tv\\\/2025\\\/wp-content\\\/uploads\\\/2021\\\/01\\\/logo-noticieros@2x.png\",\"width\":1017,\"height\":268,\"caption\":\"Noticieros Canal 7\"},\"image\":{\"@id\":\"https:\\\/\\\/canal7slp.tv\\\/2025\\\/#\\\/schema\\\/logo\\\/image\\\/\"},\"sameAs\":[\"https:\\\/\\\/www.facebook.com\\\/noticieroscanal7atencionciudadana\\\/\",\"https:\\\/\\\/x.com\\\/NOTICIEROS7\",\"https:\\\/\\\/www.instagram.com\\\/canal7_slp\",\"https:\\\/\\\/www.youtube.com\\\/channel\\\/UCliiYs-gP3JfJeqdPrNdd5A\"]},{\"@type\":\"Person\",\"@id\":\"https:\\\/\\\/canal7slp.tv\\\/2025\\\/#\\\/schema\\\/person\\\/271e2b60a96e7cc9d9ac296f4d7e414b\",\"name\":\"Edici\u00f3n Web\",\"image\":{\"@type\":\"ImageObject\",\"inLanguage\":\"es\",\"@id\":\"https:\\\/\\\/secure.gravatar.com\\\/avatar\\\/eee448fc3f7164808013b816ba91ac7e43bbe82a70bebac296f8bc6f0addaa1a?s=96&d=mm&r=g\",\"url\":\"https:\\\/\\\/secure.gravatar.com\\\/avatar\\\/eee448fc3f7164808013b816ba91ac7e43bbe82a70bebac296f8bc6f0addaa1a?s=96&d=mm&r=g\",\"contentUrl\":\"https:\\\/\\\/secure.gravatar.com\\\/avatar\\\/eee448fc3f7164808013b816ba91ac7e43bbe82a70bebac296f8bc6f0addaa1a?s=96&d=mm&r=g\",\"caption\":\"Edici\u00f3n Web\"},\"url\":\"https:\\\/\\\/canal7slp.tv\\\/2025\\\/author\\\/edicionweb\\\/\"}]}<\/script>\n<!-- \/ Yoast SEO plugin. -->","yoast_head_json":{"title":"Firman convenio de coordinaci\u00f3n Congreso del Estado, Ejecutivo Estatal, CEEPAC y el Poder Judicial - Canal 7 SLP - 2025","robots":{"index":"index","follow":"follow","max-snippet":"max-snippet:-1","max-image-preview":"max-image-preview:large","max-video-preview":"max-video-preview:-1"},"canonical":"https:\/\/canal7slp.tv\/2025\/firman-convenio-de-coordinacion-congreso-del-estado-ejecutivo-estatal-ceepac-y-el-poder-judicial\/","og_locale":"es_ES","og_type":"article","og_title":"Firman convenio de coordinaci\u00f3n Congreso del Estado, Ejecutivo Estatal, CEEPAC y el Poder Judicial - Canal 7 SLP - 2025","og_description":"SLP.- Representantes del Poder Legislativo, Ejecutivo, Judicial y el Consejo Estatal Electoral y de participaci\u00f3n Ciudadana, firmaron un convenio de coordinaci\u00f3n y colaboraci\u00f3n, para el proceso local electoral extraordinario de personas juzgadoras. Uno de los prop\u00f3sitos de este convenio es el de promover y apoyar con asistencia t\u00e9cnica y metodol\u00f3gica la realizaci\u00f3n de acciones conjuntas para este proceso electoral. El funcionario estatal afirm\u00f3 que inici\u00f3 ya la ruta para la selecci\u00f3n de 15 magistrados del Supremo Tribunal de Justicia, 69 jueces de Primera Instancia por especialidad y tres magistrados del Supremo Tribunal de Justicia Administrativa. En el marco de este [&hellip;]","og_url":"https:\/\/canal7slp.tv\/2025\/firman-convenio-de-coordinacion-congreso-del-estado-ejecutivo-estatal-ceepac-y-el-poder-judicial\/","og_site_name":"Canal 7 SLP - 2025","article_publisher":"https:\/\/www.facebook.com\/noticieroscanal7atencionciudadana\/","article_published_time":"2025-01-22T17:38:12+00:00","article_modified_time":"2025-01-22T17:38:41+00:00","og_image":[{"width":1280,"height":720,"url":"https:\/\/canal7slp.tv\/2025\/wp-content\/uploads\/2025\/01\/Claudio04Convenio.jpg","type":"image\/jpeg"}],"author":"Edici\u00f3n Web","twitter_card":"summary_large_image","twitter_creator":"@NOTICIEROS7","twitter_site":"@NOTICIEROS7","twitter_misc":{"Escrito por":"Edici\u00f3n Web","Tiempo de lectura":"1 minuto"},"schema":{"@context":"https:\/\/schema.org","@graph":[{"@type":"Article","@id":"https:\/\/canal7slp.tv\/2025\/firman-convenio-de-coordinacion-congreso-del-estado-ejecutivo-estatal-ceepac-y-el-poder-judicial\/#article","isPartOf":{"@id":"https:\/\/canal7slp.tv\/2025\/firman-convenio-de-coordinacion-congreso-del-estado-ejecutivo-estatal-ceepac-y-el-poder-judicial\/"},"author":{"name":"Edici\u00f3n Web","@id":"https:\/\/canal7slp.tv\/2025\/#\/schema\/person\/271e2b60a96e7cc9d9ac296f4d7e414b"},"headline":"Firman convenio de coordinaci\u00f3n Congreso del Estado, Ejecutivo Estatal, CEEPAC y el Poder Judicial","datePublished":"2025-01-22T17:38:12+00:00","dateModified":"2025-01-22T17:38:41+00:00","mainEntityOfPage":{"@id":"https:\/\/canal7slp.tv\/2025\/firman-convenio-de-coordinacion-congreso-del-estado-ejecutivo-estatal-ceepac-y-el-poder-judicial\/"},"wordCount":147,"publisher":{"@id":"https:\/\/canal7slp.tv\/2025\/#organization"},"image":{"@id":"https:\/\/canal7slp.tv\/2025\/firman-convenio-de-coordinacion-congreso-del-estado-ejecutivo-estatal-ceepac-y-el-poder-judicial\/#primaryimage"},"thumbnailUrl":"https:\/\/canal7slp.tv\/2025\/wp-content\/uploads\/2025\/01\/Claudio04Convenio.jpg","articleSection":["CONGRESO","DESTACADAS","GOBEDOSLP","LOCALES Y REGIONALES"],"inLanguage":"es"},{"@type":"WebPage","@id":"https:\/\/canal7slp.tv\/2025\/firman-convenio-de-coordinacion-congreso-del-estado-ejecutivo-estatal-ceepac-y-el-poder-judicial\/","url":"https:\/\/canal7slp.tv\/2025\/firman-convenio-de-coordinacion-congreso-del-estado-ejecutivo-estatal-ceepac-y-el-poder-judicial\/","name":"Firman convenio de coordinaci\u00f3n Congreso del Estado, Ejecutivo Estatal, CEEPAC y el Poder Judicial - Canal 7 SLP - 2025","isPartOf":{"@id":"https:\/\/canal7slp.tv\/2025\/#website"},"primaryImageOfPage":{"@id":"https:\/\/canal7slp.tv\/2025\/firman-convenio-de-coordinacion-congreso-del-estado-ejecutivo-estatal-ceepac-y-el-poder-judicial\/#primaryimage"},"image":{"@id":"https:\/\/canal7slp.tv\/2025\/firman-convenio-de-coordinacion-congreso-del-estado-ejecutivo-estatal-ceepac-y-el-poder-judicial\/#primaryimage"},"thumbnailUrl":"https:\/\/canal7slp.tv\/2025\/wp-content\/uploads\/2025\/01\/Claudio04Convenio.jpg","datePublished":"2025-01-22T17:38:12+00:00","dateModified":"2025-01-22T17:38:41+00:00","breadcrumb":{"@id":"https:\/\/canal7slp.tv\/2025\/firman-convenio-de-coordinacion-congreso-del-estado-ejecutivo-estatal-ceepac-y-el-poder-judicial\/#breadcrumb"},"inLanguage":"es","potentialAction":[{"@type":"ReadAction","target":["https:\/\/canal7slp.tv\/2025\/firman-convenio-de-coordinacion-congreso-del-estado-ejecutivo-estatal-ceepac-y-el-poder-judicial\/"]}]},{"@type":"ImageObject","inLanguage":"es","@id":"https:\/\/canal7slp.tv\/2025\/firman-convenio-de-coordinacion-congreso-del-estado-ejecutivo-estatal-ceepac-y-el-poder-judicial\/#primaryimage","url":"https:\/\/canal7slp.tv\/2025\/wp-content\/uploads\/2025\/01\/Claudio04Convenio.jpg","contentUrl":"https:\/\/canal7slp.tv\/2025\/wp-content\/uploads\/2025\/01\/Claudio04Convenio.jpg","width":1280,"height":720},{"@type":"BreadcrumbList","@id":"https:\/\/canal7slp.tv\/2025\/firman-convenio-de-coordinacion-congreso-del-estado-ejecutivo-estatal-ceepac-y-el-poder-judicial\/#breadcrumb","itemListElement":[{"@type":"ListItem","position":1,"name":"Portada","item":"https:\/\/canal7slp.tv\/2025\/"},{"@type":"ListItem","position":2,"name":"Firman convenio de coordinaci\u00f3n Congreso del Estado, Ejecutivo Estatal, CEEPAC y el Poder Judicial"}]},{"@type":"WebSite","@id":"https:\/\/canal7slp.tv\/2025\/#website","url":"https:\/\/canal7slp.tv\/2025\/","name":"N7 - Noticieros Canal 7","description":"Somos el Medio","publisher":{"@id":"https:\/\/canal7slp.tv\/2025\/#organization"},"potentialAction":[{"@type":"SearchAction","target":{"@type":"EntryPoint","urlTemplate":"https:\/\/canal7slp.tv\/2025\/?s={search_term_string}"},"query-input":{"@type":"PropertyValueSpecification","valueRequired":true,"valueName":"search_term_string"}}],"inLanguage":"es"},{"@type":"Organization","@id":"https:\/\/canal7slp.tv\/2025\/#organization","name":"Noticieros Canal 7","url":"https:\/\/canal7slp.tv\/2025\/","logo":{"@type":"ImageObject","inLanguage":"es","@id":"https:\/\/canal7slp.tv\/2025\/#\/schema\/logo\/image\/","url":"https:\/\/canal7slp.tv\/2025\/wp-content\/uploads\/2021\/01\/logo-noticieros@2x.png","contentUrl":"https:\/\/canal7slp.tv\/2025\/wp-content\/uploads\/2021\/01\/logo-noticieros@2x.png","width":1017,"height":268,"caption":"Noticieros Canal 7"},"image":{"@id":"https:\/\/canal7slp.tv\/2025\/#\/schema\/logo\/image\/"},"sameAs":["https:\/\/www.facebook.com\/noticieroscanal7atencionciudadana\/","https:\/\/x.com\/NOTICIEROS7","https:\/\/www.instagram.com\/canal7_slp","https:\/\/www.youtube.com\/channel\/UCliiYs-gP3JfJeqdPrNdd5A"]},{"@type":"Person","@id":"https:\/\/canal7slp.tv\/2025\/#\/schema\/person\/271e2b60a96e7cc9d9ac296f4d7e414b","name":"Edici\u00f3n Web","image":{"@type":"ImageObject","inLanguage":"es","@id":"https:\/\/secure.gravatar.com\/avatar\/eee448fc3f7164808013b816ba91ac7e43bbe82a70bebac296f8bc6f0addaa1a?s=96&d=mm&r=g","url":"https:\/\/secure.gravatar.com\/avatar\/eee448fc3f7164808013b816ba91ac7e43bbe82a70bebac296f8bc6f0addaa1a?s=96&d=mm&r=g","contentUrl":"https:\/\/secure.gravatar.com\/avatar\/eee448fc3f7164808013b816ba91ac7e43bbe82a70bebac296f8bc6f0addaa1a?s=96&d=mm&r=g","caption":"Edici\u00f3n Web"},"url":"https:\/\/canal7slp.tv\/2025\/author\/edicionweb\/"}]}},"_links":{"self":[{"href":"https:\/\/canal7slp.tv\/2025\/wp-json\/wp\/v2\/posts\/154897","targetHints":{"allow":["GET"]}}],"collection":[{"href":"https:\/\/canal7slp.tv\/2025\/wp-json\/wp\/v2\/posts"}],"about":[{"href":"https:\/\/canal7slp.tv\/2025\/wp-json\/wp\/v2\/types\/post"}],"author":[{"embeddable":true,"href":"https:\/\/canal7slp.tv\/2025\/wp-json\/wp\/v2\/users\/2"}],"replies":[{"embeddable":true,"href":"https:\/\/canal7slp.tv\/2025\/wp-json\/wp\/v2\/comments?post=154897"}],"version-history":[{"count":2,"href":"https:\/\/canal7slp.tv\/2025\/wp-json\/wp\/v2\/posts\/154897\/revisions"}],"predecessor-version":[{"id":154932,"href":"https:\/\/canal7slp.tv\/2025\/wp-json\/wp\/v2\/posts\/154897\/revisions\/154932"}],"wp:featuredmedia":[{"embeddable":true,"href":"https:\/\/canal7slp.tv\/2025\/wp-json\/wp\/v2\/media\/154915"}],"wp:attachment":[{"href":"https:\/\/canal7slp.tv\/2025\/wp-json\/wp\/v2\/media?parent=154897"}],"wp:term":[{"taxonomy":"category","embeddable":true,"href":"https:\/\/canal7slp.tv\/2025\/wp-json\/wp\/v2\/categories?post=154897"},{"taxonomy":"post_tag","embeddable":true,"href":"https:\/\/canal7slp.tv\/2025\/wp-json\/wp\/v2\/tags?post=154897"}],"curies":[{"name":"wp","href":"https:\/\/api.w.org\/{rel}","templated":true}]}}