{"id":154896,"date":"2025-01-21T18:42:43","date_gmt":"2025-01-22T00:42:43","guid":{"rendered":"https:\/\/canal7slp.tv\/2025\/?p=154896"},"modified":"2025-01-21T18:42:43","modified_gmt":"2025-01-22T00:42:43","slug":"30-juzgadores-del-poder-judicial-se-inscriben-para-participar-en-el-proceso-de-eleccion-local-para-jueces-y-magistrados","status":"publish","type":"post","link":"https:\/\/canal7slp.tv\/2025\/30-juzgadores-del-poder-judicial-se-inscriben-para-participar-en-el-proceso-de-eleccion-local-para-jueces-y-magistrados\/","title":{"rendered":"30 juzgadores del Poder Judicial se inscriben para participar en el proceso de elecci\u00f3n local para jueces y magistrados"},"content":{"rendered":"<p style=\"text-align: justify;\"><span style=\"font-size: 1.21429rem;\">SLP.- Arturo Morales Silva, magistrado presidente del Supremo Tribunal de Justicia del Estado dio a conocer que hasta el momento, 30 de un total de 65 jueces del Poder Judicial en el estado, han manifestado su inter\u00e9s de inscribirse para participar en las elecciones de jueces y magistrados por voto popular.<\/span><\/p>\n<p style=\"text-align: justify;\">El magistrado presidente del Supremo Tribunal de Justicia del Estado se\u00f1al\u00f3 que est\u00e1n a la espera de que salga la convocatoria, para participar en este proceso.<\/p>\n<p style=\"text-align: justify;\">Record\u00f3 que de acuerdo a la reforma constitucional las personas juzgadoras que no participen para renovar su cargo a trav\u00e9s de esta elecci\u00f3n, deber\u00e1n declinar a su puesto cuando tome protesta la persona candidata que resulte electa para dicho cargo, a partir del 1\u00b0 de Junio.<\/p>\n<p>Por: Claudio Ibarra<\/p>\n","protected":false},"excerpt":{"rendered":"<p>SLP.- Arturo Morales Silva, magistrado presidente del Supremo Tribunal de Justicia del Estado dio a conocer que hasta el momento, 30 de un total de 65 jueces del Poder Judicial en el estado, han manifestado su inter\u00e9s de inscribirse para participar en las elecciones de jueces y magistrados por voto popular. El magistrado presidente del Supremo Tribunal de Justicia del Estado se\u00f1al\u00f3 que est\u00e1n a la espera de que salga la convocatoria, para participar en este proceso. Record\u00f3 que de acuerdo a la reforma constitucional las personas juzgadoras que no participen para renovar su cargo a trav\u00e9s de esta elecci\u00f3n, [&hellip;]<\/p>\n","protected":false},"author":2,"featured_media":154912,"comment_status":"closed","ping_status":"closed","sticky":false,"template":"","format":"video","meta":{"_monsterinsights_skip_tracking":false,"_monsterinsights_sitenote_active":false,"_monsterinsights_sitenote_note":"","_monsterinsights_sitenote_category":0,"footnotes":""},"categories":[5,45],"tags":[],"class_list":["post-154896","post","type-post","status-publish","format-video","has-post-thumbnail","hentry","category-destacadas","category-localesyregionales","post_format-post-format-video","post--single"],"yoast_head":"<!-- This site is optimized with the Yoast SEO plugin v27.5 - https:\/\/yoast.com\/product\/yoast-seo-wordpress\/ -->\n<title>30 juzgadores del Poder Judicial se inscriben para participar en el proceso de elecci\u00f3n local para jueces y magistrados - Canal 7 SLP - 2025<\/title>\n<meta name=\"robots\" content=\"index, follow, max-snippet:-1, max-image-preview:large, max-video-preview:-1\" \/>\n<link rel=\"canonical\" href=\"https:\/\/canal7slp.tv\/2025\/30-juzgadores-del-poder-judicial-se-inscriben-para-participar-en-el-proceso-de-eleccion-local-para-jueces-y-magistrados\/\" \/>\n<meta property=\"og:locale\" content=\"es_ES\" \/>\n<meta property=\"og:type\" content=\"article\" \/>\n<meta property=\"og:title\" content=\"30 juzgadores del Poder Judicial se inscriben para participar en el proceso de elecci\u00f3n local para jueces y magistrados - Canal 7 SLP - 2025\" \/>\n<meta property=\"og:description\" content=\"SLP.- Arturo Morales Silva, magistrado presidente del Supremo Tribunal de Justicia del Estado dio a conocer que hasta el momento, 30 de un total de 65 jueces del Poder Judicial en el estado, han manifestado su inter\u00e9s de inscribirse para participar en las elecciones de jueces y magistrados por voto popular. El magistrado presidente del Supremo Tribunal de Justicia del Estado se\u00f1al\u00f3 que est\u00e1n a la espera de que salga la convocatoria, para participar en este proceso. Record\u00f3 que de acuerdo a la reforma constitucional las personas juzgadoras que no participen para renovar su cargo a trav\u00e9s de esta elecci\u00f3n, [&hellip;]\" \/>\n<meta property=\"og:url\" content=\"https:\/\/canal7slp.tv\/2025\/30-juzgadores-del-poder-judicial-se-inscriben-para-participar-en-el-proceso-de-eleccion-local-para-jueces-y-magistrados\/\" \/>\n<meta property=\"og:site_name\" content=\"Canal 7 SLP - 2025\" \/>\n<meta property=\"article:publisher\" content=\"https:\/\/www.facebook.com\/noticieroscanal7atencionciudadana\/\" \/>\n<meta property=\"article:published_time\" content=\"2025-01-22T00:42:43+00:00\" \/>\n<meta property=\"og:image\" content=\"https:\/\/canal7slp.tv\/2025\/wp-content\/uploads\/2025\/01\/Claudio03Aspirante.jpg\" \/>\n\t<meta property=\"og:image:width\" content=\"1280\" \/>\n\t<meta property=\"og:image:height\" content=\"720\" \/>\n\t<meta property=\"og:image:type\" content=\"image\/jpeg\" \/>\n<meta name=\"author\" content=\"Edici\u00f3n Web\" \/>\n<meta name=\"twitter:card\" content=\"summary_large_image\" \/>\n<meta name=\"twitter:creator\" content=\"@NOTICIEROS7\" \/>\n<meta name=\"twitter:site\" content=\"@NOTICIEROS7\" \/>\n<meta name=\"twitter:label1\" content=\"Escrito por\" \/>\n\t<meta name=\"twitter:data1\" content=\"Edici\u00f3n Web\" \/>\n\t<meta name=\"twitter:label2\" content=\"Tiempo de lectura\" \/>\n\t<meta name=\"twitter:data2\" content=\"1 minuto\" \/>\n<script type=\"application\/ld+json\" class=\"yoast-schema-graph\">{\"@context\":\"https:\\\/\\\/schema.org\",\"@graph\":[{\"@type\":\"Article\",\"@id\":\"https:\\\/\\\/canal7slp.tv\\\/2025\\\/30-juzgadores-del-poder-judicial-se-inscriben-para-participar-en-el-proceso-de-eleccion-local-para-jueces-y-magistrados\\\/#article\",\"isPartOf\":{\"@id\":\"https:\\\/\\\/canal7slp.tv\\\/2025\\\/30-juzgadores-del-poder-judicial-se-inscriben-para-participar-en-el-proceso-de-eleccion-local-para-jueces-y-magistrados\\\/\"},\"author\":{\"name\":\"Edici\u00f3n Web\",\"@id\":\"https:\\\/\\\/canal7slp.tv\\\/2025\\\/#\\\/schema\\\/person\\\/271e2b60a96e7cc9d9ac296f4d7e414b\"},\"headline\":\"30 juzgadores del Poder Judicial se inscriben para participar en el proceso de elecci\u00f3n local para jueces y magistrados\",\"datePublished\":\"2025-01-22T00:42:43+00:00\",\"mainEntityOfPage\":{\"@id\":\"https:\\\/\\\/canal7slp.tv\\\/2025\\\/30-juzgadores-del-poder-judicial-se-inscriben-para-participar-en-el-proceso-de-eleccion-local-para-jueces-y-magistrados\\\/\"},\"wordCount\":149,\"publisher\":{\"@id\":\"https:\\\/\\\/canal7slp.tv\\\/2025\\\/#organization\"},\"image\":{\"@id\":\"https:\\\/\\\/canal7slp.tv\\\/2025\\\/30-juzgadores-del-poder-judicial-se-inscriben-para-participar-en-el-proceso-de-eleccion-local-para-jueces-y-magistrados\\\/#primaryimage\"},\"thumbnailUrl\":\"https:\\\/\\\/canal7slp.tv\\\/2025\\\/wp-content\\\/uploads\\\/2025\\\/01\\\/Claudio03Aspirante.jpg\",\"articleSection\":[\"DESTACADAS\",\"LOCALES Y REGIONALES\"],\"inLanguage\":\"es\"},{\"@type\":\"WebPage\",\"@id\":\"https:\\\/\\\/canal7slp.tv\\\/2025\\\/30-juzgadores-del-poder-judicial-se-inscriben-para-participar-en-el-proceso-de-eleccion-local-para-jueces-y-magistrados\\\/\",\"url\":\"https:\\\/\\\/canal7slp.tv\\\/2025\\\/30-juzgadores-del-poder-judicial-se-inscriben-para-participar-en-el-proceso-de-eleccion-local-para-jueces-y-magistrados\\\/\",\"name\":\"30 juzgadores del Poder Judicial se inscriben para participar en el proceso de elecci\u00f3n local para jueces y magistrados - Canal 7 SLP - 2025\",\"isPartOf\":{\"@id\":\"https:\\\/\\\/canal7slp.tv\\\/2025\\\/#website\"},\"primaryImageOfPage\":{\"@id\":\"https:\\\/\\\/canal7slp.tv\\\/2025\\\/30-juzgadores-del-poder-judicial-se-inscriben-para-participar-en-el-proceso-de-eleccion-local-para-jueces-y-magistrados\\\/#primaryimage\"},\"image\":{\"@id\":\"https:\\\/\\\/canal7slp.tv\\\/2025\\\/30-juzgadores-del-poder-judicial-se-inscriben-para-participar-en-el-proceso-de-eleccion-local-para-jueces-y-magistrados\\\/#primaryimage\"},\"thumbnailUrl\":\"https:\\\/\\\/canal7slp.tv\\\/2025\\\/wp-content\\\/uploads\\\/2025\\\/01\\\/Claudio03Aspirante.jpg\",\"datePublished\":\"2025-01-22T00:42:43+00:00\",\"breadcrumb\":{\"@id\":\"https:\\\/\\\/canal7slp.tv\\\/2025\\\/30-juzgadores-del-poder-judicial-se-inscriben-para-participar-en-el-proceso-de-eleccion-local-para-jueces-y-magistrados\\\/#breadcrumb\"},\"inLanguage\":\"es\",\"potentialAction\":[{\"@type\":\"ReadAction\",\"target\":[\"https:\\\/\\\/canal7slp.tv\\\/2025\\\/30-juzgadores-del-poder-judicial-se-inscriben-para-participar-en-el-proceso-de-eleccion-local-para-jueces-y-magistrados\\\/\"]}]},{\"@type\":\"ImageObject\",\"inLanguage\":\"es\",\"@id\":\"https:\\\/\\\/canal7slp.tv\\\/2025\\\/30-juzgadores-del-poder-judicial-se-inscriben-para-participar-en-el-proceso-de-eleccion-local-para-jueces-y-magistrados\\\/#primaryimage\",\"url\":\"https:\\\/\\\/canal7slp.tv\\\/2025\\\/wp-content\\\/uploads\\\/2025\\\/01\\\/Claudio03Aspirante.jpg\",\"contentUrl\":\"https:\\\/\\\/canal7slp.tv\\\/2025\\\/wp-content\\\/uploads\\\/2025\\\/01\\\/Claudio03Aspirante.jpg\",\"width\":1280,\"height\":720},{\"@type\":\"BreadcrumbList\",\"@id\":\"https:\\\/\\\/canal7slp.tv\\\/2025\\\/30-juzgadores-del-poder-judicial-se-inscriben-para-participar-en-el-proceso-de-eleccion-local-para-jueces-y-magistrados\\\/#breadcrumb\",\"itemListElement\":[{\"@type\":\"ListItem\",\"position\":1,\"name\":\"Portada\",\"item\":\"https:\\\/\\\/canal7slp.tv\\\/2025\\\/\"},{\"@type\":\"ListItem\",\"position\":2,\"name\":\"30 juzgadores del Poder Judicial se inscriben para participar en el proceso de elecci\u00f3n local para jueces y magistrados\"}]},{\"@type\":\"WebSite\",\"@id\":\"https:\\\/\\\/canal7slp.tv\\\/2025\\\/#website\",\"url\":\"https:\\\/\\\/canal7slp.tv\\\/2025\\\/\",\"name\":\"N7 - Noticieros Canal 7\",\"description\":\"Somos el Medio\",\"publisher\":{\"@id\":\"https:\\\/\\\/canal7slp.tv\\\/2025\\\/#organization\"},\"potentialAction\":[{\"@type\":\"SearchAction\",\"target\":{\"@type\":\"EntryPoint\",\"urlTemplate\":\"https:\\\/\\\/canal7slp.tv\\\/2025\\\/?s={search_term_string}\"},\"query-input\":{\"@type\":\"PropertyValueSpecification\",\"valueRequired\":true,\"valueName\":\"search_term_string\"}}],\"inLanguage\":\"es\"},{\"@type\":\"Organization\",\"@id\":\"https:\\\/\\\/canal7slp.tv\\\/2025\\\/#organization\",\"name\":\"Noticieros Canal 7\",\"url\":\"https:\\\/\\\/canal7slp.tv\\\/2025\\\/\",\"logo\":{\"@type\":\"ImageObject\",\"inLanguage\":\"es\",\"@id\":\"https:\\\/\\\/canal7slp.tv\\\/2025\\\/#\\\/schema\\\/logo\\\/image\\\/\",\"url\":\"https:\\\/\\\/canal7slp.tv\\\/2025\\\/wp-content\\\/uploads\\\/2021\\\/01\\\/logo-noticieros@2x.png\",\"contentUrl\":\"https:\\\/\\\/canal7slp.tv\\\/2025\\\/wp-content\\\/uploads\\\/2021\\\/01\\\/logo-noticieros@2x.png\",\"width\":1017,\"height\":268,\"caption\":\"Noticieros Canal 7\"},\"image\":{\"@id\":\"https:\\\/\\\/canal7slp.tv\\\/2025\\\/#\\\/schema\\\/logo\\\/image\\\/\"},\"sameAs\":[\"https:\\\/\\\/www.facebook.com\\\/noticieroscanal7atencionciudadana\\\/\",\"https:\\\/\\\/x.com\\\/NOTICIEROS7\",\"https:\\\/\\\/www.instagram.com\\\/canal7_slp\",\"https:\\\/\\\/www.youtube.com\\\/channel\\\/UCliiYs-gP3JfJeqdPrNdd5A\"]},{\"@type\":\"Person\",\"@id\":\"https:\\\/\\\/canal7slp.tv\\\/2025\\\/#\\\/schema\\\/person\\\/271e2b60a96e7cc9d9ac296f4d7e414b\",\"name\":\"Edici\u00f3n Web\",\"image\":{\"@type\":\"ImageObject\",\"inLanguage\":\"es\",\"@id\":\"https:\\\/\\\/secure.gravatar.com\\\/avatar\\\/eee448fc3f7164808013b816ba91ac7e43bbe82a70bebac296f8bc6f0addaa1a?s=96&d=mm&r=g\",\"url\":\"https:\\\/\\\/secure.gravatar.com\\\/avatar\\\/eee448fc3f7164808013b816ba91ac7e43bbe82a70bebac296f8bc6f0addaa1a?s=96&d=mm&r=g\",\"contentUrl\":\"https:\\\/\\\/secure.gravatar.com\\\/avatar\\\/eee448fc3f7164808013b816ba91ac7e43bbe82a70bebac296f8bc6f0addaa1a?s=96&d=mm&r=g\",\"caption\":\"Edici\u00f3n Web\"},\"url\":\"https:\\\/\\\/canal7slp.tv\\\/2025\\\/author\\\/edicionweb\\\/\"}]}<\/script>\n<!-- \/ Yoast SEO plugin. -->","yoast_head_json":{"title":"30 juzgadores del Poder Judicial se inscriben para participar en el proceso de elecci\u00f3n local para jueces y magistrados - Canal 7 SLP - 2025","robots":{"index":"index","follow":"follow","max-snippet":"max-snippet:-1","max-image-preview":"max-image-preview:large","max-video-preview":"max-video-preview:-1"},"canonical":"https:\/\/canal7slp.tv\/2025\/30-juzgadores-del-poder-judicial-se-inscriben-para-participar-en-el-proceso-de-eleccion-local-para-jueces-y-magistrados\/","og_locale":"es_ES","og_type":"article","og_title":"30 juzgadores del Poder Judicial se inscriben para participar en el proceso de elecci\u00f3n local para jueces y magistrados - Canal 7 SLP - 2025","og_description":"SLP.- Arturo Morales Silva, magistrado presidente del Supremo Tribunal de Justicia del Estado dio a conocer que hasta el momento, 30 de un total de 65 jueces del Poder Judicial en el estado, han manifestado su inter\u00e9s de inscribirse para participar en las elecciones de jueces y magistrados por voto popular. El magistrado presidente del Supremo Tribunal de Justicia del Estado se\u00f1al\u00f3 que est\u00e1n a la espera de que salga la convocatoria, para participar en este proceso. Record\u00f3 que de acuerdo a la reforma constitucional las personas juzgadoras que no participen para renovar su cargo a trav\u00e9s de esta elecci\u00f3n, [&hellip;]","og_url":"https:\/\/canal7slp.tv\/2025\/30-juzgadores-del-poder-judicial-se-inscriben-para-participar-en-el-proceso-de-eleccion-local-para-jueces-y-magistrados\/","og_site_name":"Canal 7 SLP - 2025","article_publisher":"https:\/\/www.facebook.com\/noticieroscanal7atencionciudadana\/","article_published_time":"2025-01-22T00:42:43+00:00","og_image":[{"width":1280,"height":720,"url":"https:\/\/canal7slp.tv\/2025\/wp-content\/uploads\/2025\/01\/Claudio03Aspirante.jpg","type":"image\/jpeg"}],"author":"Edici\u00f3n Web","twitter_card":"summary_large_image","twitter_creator":"@NOTICIEROS7","twitter_site":"@NOTICIEROS7","twitter_misc":{"Escrito por":"Edici\u00f3n Web","Tiempo de lectura":"1 minuto"},"schema":{"@context":"https:\/\/schema.org","@graph":[{"@type":"Article","@id":"https:\/\/canal7slp.tv\/2025\/30-juzgadores-del-poder-judicial-se-inscriben-para-participar-en-el-proceso-de-eleccion-local-para-jueces-y-magistrados\/#article","isPartOf":{"@id":"https:\/\/canal7slp.tv\/2025\/30-juzgadores-del-poder-judicial-se-inscriben-para-participar-en-el-proceso-de-eleccion-local-para-jueces-y-magistrados\/"},"author":{"name":"Edici\u00f3n Web","@id":"https:\/\/canal7slp.tv\/2025\/#\/schema\/person\/271e2b60a96e7cc9d9ac296f4d7e414b"},"headline":"30 juzgadores del Poder Judicial se inscriben para participar en el proceso de elecci\u00f3n local para jueces y magistrados","datePublished":"2025-01-22T00:42:43+00:00","mainEntityOfPage":{"@id":"https:\/\/canal7slp.tv\/2025\/30-juzgadores-del-poder-judicial-se-inscriben-para-participar-en-el-proceso-de-eleccion-local-para-jueces-y-magistrados\/"},"wordCount":149,"publisher":{"@id":"https:\/\/canal7slp.tv\/2025\/#organization"},"image":{"@id":"https:\/\/canal7slp.tv\/2025\/30-juzgadores-del-poder-judicial-se-inscriben-para-participar-en-el-proceso-de-eleccion-local-para-jueces-y-magistrados\/#primaryimage"},"thumbnailUrl":"https:\/\/canal7slp.tv\/2025\/wp-content\/uploads\/2025\/01\/Claudio03Aspirante.jpg","articleSection":["DESTACADAS","LOCALES Y REGIONALES"],"inLanguage":"es"},{"@type":"WebPage","@id":"https:\/\/canal7slp.tv\/2025\/30-juzgadores-del-poder-judicial-se-inscriben-para-participar-en-el-proceso-de-eleccion-local-para-jueces-y-magistrados\/","url":"https:\/\/canal7slp.tv\/2025\/30-juzgadores-del-poder-judicial-se-inscriben-para-participar-en-el-proceso-de-eleccion-local-para-jueces-y-magistrados\/","name":"30 juzgadores del Poder Judicial se inscriben para participar en el proceso de elecci\u00f3n local para jueces y magistrados - Canal 7 SLP - 2025","isPartOf":{"@id":"https:\/\/canal7slp.tv\/2025\/#website"},"primaryImageOfPage":{"@id":"https:\/\/canal7slp.tv\/2025\/30-juzgadores-del-poder-judicial-se-inscriben-para-participar-en-el-proceso-de-eleccion-local-para-jueces-y-magistrados\/#primaryimage"},"image":{"@id":"https:\/\/canal7slp.tv\/2025\/30-juzgadores-del-poder-judicial-se-inscriben-para-participar-en-el-proceso-de-eleccion-local-para-jueces-y-magistrados\/#primaryimage"},"thumbnailUrl":"https:\/\/canal7slp.tv\/2025\/wp-content\/uploads\/2025\/01\/Claudio03Aspirante.jpg","datePublished":"2025-01-22T00:42:43+00:00","breadcrumb":{"@id":"https:\/\/canal7slp.tv\/2025\/30-juzgadores-del-poder-judicial-se-inscriben-para-participar-en-el-proceso-de-eleccion-local-para-jueces-y-magistrados\/#breadcrumb"},"inLanguage":"es","potentialAction":[{"@type":"ReadAction","target":["https:\/\/canal7slp.tv\/2025\/30-juzgadores-del-poder-judicial-se-inscriben-para-participar-en-el-proceso-de-eleccion-local-para-jueces-y-magistrados\/"]}]},{"@type":"ImageObject","inLanguage":"es","@id":"https:\/\/canal7slp.tv\/2025\/30-juzgadores-del-poder-judicial-se-inscriben-para-participar-en-el-proceso-de-eleccion-local-para-jueces-y-magistrados\/#primaryimage","url":"https:\/\/canal7slp.tv\/2025\/wp-content\/uploads\/2025\/01\/Claudio03Aspirante.jpg","contentUrl":"https:\/\/canal7slp.tv\/2025\/wp-content\/uploads\/2025\/01\/Claudio03Aspirante.jpg","width":1280,"height":720},{"@type":"BreadcrumbList","@id":"https:\/\/canal7slp.tv\/2025\/30-juzgadores-del-poder-judicial-se-inscriben-para-participar-en-el-proceso-de-eleccion-local-para-jueces-y-magistrados\/#breadcrumb","itemListElement":[{"@type":"ListItem","position":1,"name":"Portada","item":"https:\/\/canal7slp.tv\/2025\/"},{"@type":"ListItem","position":2,"name":"30 juzgadores del Poder Judicial se inscriben para participar en el proceso de elecci\u00f3n local para jueces y magistrados"}]},{"@type":"WebSite","@id":"https:\/\/canal7slp.tv\/2025\/#website","url":"https:\/\/canal7slp.tv\/2025\/","name":"N7 - Noticieros Canal 7","description":"Somos el Medio","publisher":{"@id":"https:\/\/canal7slp.tv\/2025\/#organization"},"potentialAction":[{"@type":"SearchAction","target":{"@type":"EntryPoint","urlTemplate":"https:\/\/canal7slp.tv\/2025\/?s={search_term_string}"},"query-input":{"@type":"PropertyValueSpecification","valueRequired":true,"valueName":"search_term_string"}}],"inLanguage":"es"},{"@type":"Organization","@id":"https:\/\/canal7slp.tv\/2025\/#organization","name":"Noticieros Canal 7","url":"https:\/\/canal7slp.tv\/2025\/","logo":{"@type":"ImageObject","inLanguage":"es","@id":"https:\/\/canal7slp.tv\/2025\/#\/schema\/logo\/image\/","url":"https:\/\/canal7slp.tv\/2025\/wp-content\/uploads\/2021\/01\/logo-noticieros@2x.png","contentUrl":"https:\/\/canal7slp.tv\/2025\/wp-content\/uploads\/2021\/01\/logo-noticieros@2x.png","width":1017,"height":268,"caption":"Noticieros Canal 7"},"image":{"@id":"https:\/\/canal7slp.tv\/2025\/#\/schema\/logo\/image\/"},"sameAs":["https:\/\/www.facebook.com\/noticieroscanal7atencionciudadana\/","https:\/\/x.com\/NOTICIEROS7","https:\/\/www.instagram.com\/canal7_slp","https:\/\/www.youtube.com\/channel\/UCliiYs-gP3JfJeqdPrNdd5A"]},{"@type":"Person","@id":"https:\/\/canal7slp.tv\/2025\/#\/schema\/person\/271e2b60a96e7cc9d9ac296f4d7e414b","name":"Edici\u00f3n Web","image":{"@type":"ImageObject","inLanguage":"es","@id":"https:\/\/secure.gravatar.com\/avatar\/eee448fc3f7164808013b816ba91ac7e43bbe82a70bebac296f8bc6f0addaa1a?s=96&d=mm&r=g","url":"https:\/\/secure.gravatar.com\/avatar\/eee448fc3f7164808013b816ba91ac7e43bbe82a70bebac296f8bc6f0addaa1a?s=96&d=mm&r=g","contentUrl":"https:\/\/secure.gravatar.com\/avatar\/eee448fc3f7164808013b816ba91ac7e43bbe82a70bebac296f8bc6f0addaa1a?s=96&d=mm&r=g","caption":"Edici\u00f3n Web"},"url":"https:\/\/canal7slp.tv\/2025\/author\/edicionweb\/"}]}},"_links":{"self":[{"href":"https:\/\/canal7slp.tv\/2025\/wp-json\/wp\/v2\/posts\/154896","targetHints":{"allow":["GET"]}}],"collection":[{"href":"https:\/\/canal7slp.tv\/2025\/wp-json\/wp\/v2\/posts"}],"about":[{"href":"https:\/\/canal7slp.tv\/2025\/wp-json\/wp\/v2\/types\/post"}],"author":[{"embeddable":true,"href":"https:\/\/canal7slp.tv\/2025\/wp-json\/wp\/v2\/users\/2"}],"replies":[{"embeddable":true,"href":"https:\/\/canal7slp.tv\/2025\/wp-json\/wp\/v2\/comments?post=154896"}],"version-history":[{"count":2,"href":"https:\/\/canal7slp.tv\/2025\/wp-json\/wp\/v2\/posts\/154896\/revisions"}],"predecessor-version":[{"id":154913,"href":"https:\/\/canal7slp.tv\/2025\/wp-json\/wp\/v2\/posts\/154896\/revisions\/154913"}],"wp:featuredmedia":[{"embeddable":true,"href":"https:\/\/canal7slp.tv\/2025\/wp-json\/wp\/v2\/media\/154912"}],"wp:attachment":[{"href":"https:\/\/canal7slp.tv\/2025\/wp-json\/wp\/v2\/media?parent=154896"}],"wp:term":[{"taxonomy":"category","embeddable":true,"href":"https:\/\/canal7slp.tv\/2025\/wp-json\/wp\/v2\/categories?post=154896"},{"taxonomy":"post_tag","embeddable":true,"href":"https:\/\/canal7slp.tv\/2025\/wp-json\/wp\/v2\/tags?post=154896"}],"curies":[{"name":"wp","href":"https:\/\/api.w.org\/{rel}","templated":true}]}}