{"id":154878,"date":"2025-01-21T16:10:03","date_gmt":"2025-01-21T22:10:03","guid":{"rendered":"https:\/\/canal7slp.tv\/2025\/?p=154878"},"modified":"2025-01-21T16:10:03","modified_gmt":"2025-01-21T22:10:03","slug":"obras-en-bulevar-valle-de-los-fantasmas-por-culminar","status":"publish","type":"post","link":"https:\/\/canal7slp.tv\/2025\/obras-en-bulevar-valle-de-los-fantasmas-por-culminar\/","title":{"rendered":"Obras en bulevar Valle de los Fantasmas por culminar"},"content":{"rendered":"<p style=\"text-align: justify;\"><span style=\"font-size: 1.21429rem;\">SGS.- Las acciones de creaci\u00f3n del puente peatonal que cruza el bulevar Valle de los Fantasmas en la colonia Hacienda de los Morales est\u00e1n por culminar, as\u00ed lo hizo del conocimiento el director de Infraestructura de Soledad de Graciano S\u00e1nchez, Jorge Grimaldo Lim\u00f3n.<\/span><\/p>\n<p style=\"text-align: justify;\">\u201cLa semana pasada se mont\u00f3 la primer parte del puente (\u2026) ya se llevaron las rampas al lugar, ya tambi\u00e9n vamos a empezar a colocarlas y pues vamos bien, vamos avanzando y tentativamente para el mes de febrero andar\u00edamos terminando la construcci\u00f3n del puente, ya estar\u00eda listo\u201d.<\/p>\n<p style=\"text-align: justify;\">La coordinaci\u00f3n entre \u00e1reas del ayuntamiento es fundamental.<\/p>\n<p style=\"text-align: justify;\">\u201cSe hizo el montaje el viernes, se interrumpi\u00f3 la circulaci\u00f3n un momento, solamente en lo que se coloc\u00f3 la gr\u00faa, fue muy r\u00e1pido\u201d.<\/p>\n<p style=\"text-align: justify;\">A su vez, habl\u00f3 del avance en la obra de remozo de la lateral oriente-poniente del bulevar Valle de los Fantasmas.<\/p>\n<p style=\"text-align: justify;\">\u201cEs una obra que comenzamos el a\u00f1o pasado, ya estamos al 90, 95% solamente nos faltan trabajos de pintura, se\u00f1al\u00e9tica y pues ya, ya estamos pr\u00e1cticamente por terminarla (\u2026) el tramo es de Lago de Texcoco hasta el Distribuidor Vial Benito Ju\u00e1rez, se hicieron trabajos de terracer\u00eda y aplicaci\u00f3n de carpeta nueva en la vialidad\u201d.<\/p>\n<p>Por: Juan Carlos Contreras<\/p>\n","protected":false},"excerpt":{"rendered":"<p>SGS.- Las acciones de creaci\u00f3n del puente peatonal que cruza el bulevar Valle de los Fantasmas en la colonia Hacienda de los Morales est\u00e1n por culminar, as\u00ed lo hizo del conocimiento el director de Infraestructura de Soledad de Graciano S\u00e1nchez, Jorge Grimaldo Lim\u00f3n. \u201cLa semana pasada se mont\u00f3 la primer parte del puente (\u2026) ya se llevaron las rampas al lugar, ya tambi\u00e9n vamos a empezar a colocarlas y pues vamos bien, vamos avanzando y tentativamente para el mes de febrero andar\u00edamos terminando la construcci\u00f3n del puente, ya estar\u00eda listo\u201d. La coordinaci\u00f3n entre \u00e1reas del ayuntamiento es fundamental. \u201cSe hizo [&hellip;]<\/p>\n","protected":false},"author":2,"featured_media":154891,"comment_status":"closed","ping_status":"closed","sticky":false,"template":"","format":"video","meta":{"_monsterinsights_skip_tracking":false,"_monsterinsights_sitenote_active":false,"_monsterinsights_sitenote_note":"","_monsterinsights_sitenote_category":0,"footnotes":""},"categories":[512,5,45],"tags":[],"class_list":["post-154878","post","type-post","status-publish","format-video","has-post-thumbnail","hentry","category-ayosgs","category-destacadas","category-localesyregionales","post_format-post-format-video","post--single"],"yoast_head":"<!-- This site is optimized with the Yoast SEO plugin v27.5 - https:\/\/yoast.com\/product\/yoast-seo-wordpress\/ -->\n<title>Obras en bulevar Valle de los Fantasmas por culminar - Canal 7 SLP - 2025<\/title>\n<meta name=\"robots\" content=\"index, follow, max-snippet:-1, max-image-preview:large, max-video-preview:-1\" \/>\n<link rel=\"canonical\" href=\"https:\/\/canal7slp.tv\/2025\/obras-en-bulevar-valle-de-los-fantasmas-por-culminar\/\" \/>\n<meta property=\"og:locale\" content=\"es_ES\" \/>\n<meta property=\"og:type\" content=\"article\" \/>\n<meta property=\"og:title\" content=\"Obras en bulevar Valle de los Fantasmas por culminar - Canal 7 SLP - 2025\" \/>\n<meta property=\"og:description\" content=\"SGS.- Las acciones de creaci\u00f3n del puente peatonal que cruza el bulevar Valle de los Fantasmas en la colonia Hacienda de los Morales est\u00e1n por culminar, as\u00ed lo hizo del conocimiento el director de Infraestructura de Soledad de Graciano S\u00e1nchez, Jorge Grimaldo Lim\u00f3n. \u201cLa semana pasada se mont\u00f3 la primer parte del puente (\u2026) ya se llevaron las rampas al lugar, ya tambi\u00e9n vamos a empezar a colocarlas y pues vamos bien, vamos avanzando y tentativamente para el mes de febrero andar\u00edamos terminando la construcci\u00f3n del puente, ya estar\u00eda listo\u201d. La coordinaci\u00f3n entre \u00e1reas del ayuntamiento es fundamental. \u201cSe hizo [&hellip;]\" \/>\n<meta property=\"og:url\" content=\"https:\/\/canal7slp.tv\/2025\/obras-en-bulevar-valle-de-los-fantasmas-por-culminar\/\" \/>\n<meta property=\"og:site_name\" content=\"Canal 7 SLP - 2025\" \/>\n<meta property=\"article:publisher\" content=\"https:\/\/www.facebook.com\/noticieroscanal7atencionciudadana\/\" \/>\n<meta property=\"article:published_time\" content=\"2025-01-21T22:10:03+00:00\" \/>\n<meta property=\"og:image\" content=\"https:\/\/canal7slp.tv\/2025\/wp-content\/uploads\/2025\/01\/Poky03InfraestructuraFantasmas.jpg\" \/>\n\t<meta property=\"og:image:width\" content=\"1280\" \/>\n\t<meta property=\"og:image:height\" content=\"720\" \/>\n\t<meta property=\"og:image:type\" content=\"image\/jpeg\" \/>\n<meta name=\"author\" content=\"Edici\u00f3n Web\" \/>\n<meta name=\"twitter:card\" content=\"summary_large_image\" \/>\n<meta name=\"twitter:creator\" content=\"@NOTICIEROS7\" \/>\n<meta name=\"twitter:site\" content=\"@NOTICIEROS7\" \/>\n<meta name=\"twitter:label1\" content=\"Escrito por\" \/>\n\t<meta name=\"twitter:data1\" content=\"Edici\u00f3n Web\" \/>\n\t<meta name=\"twitter:label2\" content=\"Tiempo de lectura\" \/>\n\t<meta name=\"twitter:data2\" content=\"1 minuto\" \/>\n<script type=\"application\/ld+json\" class=\"yoast-schema-graph\">{\"@context\":\"https:\\\/\\\/schema.org\",\"@graph\":[{\"@type\":\"Article\",\"@id\":\"https:\\\/\\\/canal7slp.tv\\\/2025\\\/obras-en-bulevar-valle-de-los-fantasmas-por-culminar\\\/#article\",\"isPartOf\":{\"@id\":\"https:\\\/\\\/canal7slp.tv\\\/2025\\\/obras-en-bulevar-valle-de-los-fantasmas-por-culminar\\\/\"},\"author\":{\"name\":\"Edici\u00f3n Web\",\"@id\":\"https:\\\/\\\/canal7slp.tv\\\/2025\\\/#\\\/schema\\\/person\\\/271e2b60a96e7cc9d9ac296f4d7e414b\"},\"headline\":\"Obras en bulevar Valle de los Fantasmas por culminar\",\"datePublished\":\"2025-01-21T22:10:03+00:00\",\"mainEntityOfPage\":{\"@id\":\"https:\\\/\\\/canal7slp.tv\\\/2025\\\/obras-en-bulevar-valle-de-los-fantasmas-por-culminar\\\/\"},\"wordCount\":226,\"publisher\":{\"@id\":\"https:\\\/\\\/canal7slp.tv\\\/2025\\\/#organization\"},\"image\":{\"@id\":\"https:\\\/\\\/canal7slp.tv\\\/2025\\\/obras-en-bulevar-valle-de-los-fantasmas-por-culminar\\\/#primaryimage\"},\"thumbnailUrl\":\"https:\\\/\\\/canal7slp.tv\\\/2025\\\/wp-content\\\/uploads\\\/2025\\\/01\\\/Poky03InfraestructuraFantasmas.jpg\",\"articleSection\":[\"AYOSGS\",\"DESTACADAS\",\"LOCALES Y REGIONALES\"],\"inLanguage\":\"es\"},{\"@type\":\"WebPage\",\"@id\":\"https:\\\/\\\/canal7slp.tv\\\/2025\\\/obras-en-bulevar-valle-de-los-fantasmas-por-culminar\\\/\",\"url\":\"https:\\\/\\\/canal7slp.tv\\\/2025\\\/obras-en-bulevar-valle-de-los-fantasmas-por-culminar\\\/\",\"name\":\"Obras en bulevar Valle de los Fantasmas por culminar - Canal 7 SLP - 2025\",\"isPartOf\":{\"@id\":\"https:\\\/\\\/canal7slp.tv\\\/2025\\\/#website\"},\"primaryImageOfPage\":{\"@id\":\"https:\\\/\\\/canal7slp.tv\\\/2025\\\/obras-en-bulevar-valle-de-los-fantasmas-por-culminar\\\/#primaryimage\"},\"image\":{\"@id\":\"https:\\\/\\\/canal7slp.tv\\\/2025\\\/obras-en-bulevar-valle-de-los-fantasmas-por-culminar\\\/#primaryimage\"},\"thumbnailUrl\":\"https:\\\/\\\/canal7slp.tv\\\/2025\\\/wp-content\\\/uploads\\\/2025\\\/01\\\/Poky03InfraestructuraFantasmas.jpg\",\"datePublished\":\"2025-01-21T22:10:03+00:00\",\"breadcrumb\":{\"@id\":\"https:\\\/\\\/canal7slp.tv\\\/2025\\\/obras-en-bulevar-valle-de-los-fantasmas-por-culminar\\\/#breadcrumb\"},\"inLanguage\":\"es\",\"potentialAction\":[{\"@type\":\"ReadAction\",\"target\":[\"https:\\\/\\\/canal7slp.tv\\\/2025\\\/obras-en-bulevar-valle-de-los-fantasmas-por-culminar\\\/\"]}]},{\"@type\":\"ImageObject\",\"inLanguage\":\"es\",\"@id\":\"https:\\\/\\\/canal7slp.tv\\\/2025\\\/obras-en-bulevar-valle-de-los-fantasmas-por-culminar\\\/#primaryimage\",\"url\":\"https:\\\/\\\/canal7slp.tv\\\/2025\\\/wp-content\\\/uploads\\\/2025\\\/01\\\/Poky03InfraestructuraFantasmas.jpg\",\"contentUrl\":\"https:\\\/\\\/canal7slp.tv\\\/2025\\\/wp-content\\\/uploads\\\/2025\\\/01\\\/Poky03InfraestructuraFantasmas.jpg\",\"width\":1280,\"height\":720},{\"@type\":\"BreadcrumbList\",\"@id\":\"https:\\\/\\\/canal7slp.tv\\\/2025\\\/obras-en-bulevar-valle-de-los-fantasmas-por-culminar\\\/#breadcrumb\",\"itemListElement\":[{\"@type\":\"ListItem\",\"position\":1,\"name\":\"Portada\",\"item\":\"https:\\\/\\\/canal7slp.tv\\\/2025\\\/\"},{\"@type\":\"ListItem\",\"position\":2,\"name\":\"Obras en bulevar Valle de los Fantasmas por culminar\"}]},{\"@type\":\"WebSite\",\"@id\":\"https:\\\/\\\/canal7slp.tv\\\/2025\\\/#website\",\"url\":\"https:\\\/\\\/canal7slp.tv\\\/2025\\\/\",\"name\":\"N7 - Noticieros Canal 7\",\"description\":\"Somos el Medio\",\"publisher\":{\"@id\":\"https:\\\/\\\/canal7slp.tv\\\/2025\\\/#organization\"},\"potentialAction\":[{\"@type\":\"SearchAction\",\"target\":{\"@type\":\"EntryPoint\",\"urlTemplate\":\"https:\\\/\\\/canal7slp.tv\\\/2025\\\/?s={search_term_string}\"},\"query-input\":{\"@type\":\"PropertyValueSpecification\",\"valueRequired\":true,\"valueName\":\"search_term_string\"}}],\"inLanguage\":\"es\"},{\"@type\":\"Organization\",\"@id\":\"https:\\\/\\\/canal7slp.tv\\\/2025\\\/#organization\",\"name\":\"Noticieros Canal 7\",\"url\":\"https:\\\/\\\/canal7slp.tv\\\/2025\\\/\",\"logo\":{\"@type\":\"ImageObject\",\"inLanguage\":\"es\",\"@id\":\"https:\\\/\\\/canal7slp.tv\\\/2025\\\/#\\\/schema\\\/logo\\\/image\\\/\",\"url\":\"https:\\\/\\\/canal7slp.tv\\\/2025\\\/wp-content\\\/uploads\\\/2021\\\/01\\\/logo-noticieros@2x.png\",\"contentUrl\":\"https:\\\/\\\/canal7slp.tv\\\/2025\\\/wp-content\\\/uploads\\\/2021\\\/01\\\/logo-noticieros@2x.png\",\"width\":1017,\"height\":268,\"caption\":\"Noticieros Canal 7\"},\"image\":{\"@id\":\"https:\\\/\\\/canal7slp.tv\\\/2025\\\/#\\\/schema\\\/logo\\\/image\\\/\"},\"sameAs\":[\"https:\\\/\\\/www.facebook.com\\\/noticieroscanal7atencionciudadana\\\/\",\"https:\\\/\\\/x.com\\\/NOTICIEROS7\",\"https:\\\/\\\/www.instagram.com\\\/canal7_slp\",\"https:\\\/\\\/www.youtube.com\\\/channel\\\/UCliiYs-gP3JfJeqdPrNdd5A\"]},{\"@type\":\"Person\",\"@id\":\"https:\\\/\\\/canal7slp.tv\\\/2025\\\/#\\\/schema\\\/person\\\/271e2b60a96e7cc9d9ac296f4d7e414b\",\"name\":\"Edici\u00f3n Web\",\"image\":{\"@type\":\"ImageObject\",\"inLanguage\":\"es\",\"@id\":\"https:\\\/\\\/secure.gravatar.com\\\/avatar\\\/eee448fc3f7164808013b816ba91ac7e43bbe82a70bebac296f8bc6f0addaa1a?s=96&d=mm&r=g\",\"url\":\"https:\\\/\\\/secure.gravatar.com\\\/avatar\\\/eee448fc3f7164808013b816ba91ac7e43bbe82a70bebac296f8bc6f0addaa1a?s=96&d=mm&r=g\",\"contentUrl\":\"https:\\\/\\\/secure.gravatar.com\\\/avatar\\\/eee448fc3f7164808013b816ba91ac7e43bbe82a70bebac296f8bc6f0addaa1a?s=96&d=mm&r=g\",\"caption\":\"Edici\u00f3n Web\"},\"url\":\"https:\\\/\\\/canal7slp.tv\\\/2025\\\/author\\\/edicionweb\\\/\"}]}<\/script>\n<!-- \/ Yoast SEO plugin. -->","yoast_head_json":{"title":"Obras en bulevar Valle de los Fantasmas por culminar - Canal 7 SLP - 2025","robots":{"index":"index","follow":"follow","max-snippet":"max-snippet:-1","max-image-preview":"max-image-preview:large","max-video-preview":"max-video-preview:-1"},"canonical":"https:\/\/canal7slp.tv\/2025\/obras-en-bulevar-valle-de-los-fantasmas-por-culminar\/","og_locale":"es_ES","og_type":"article","og_title":"Obras en bulevar Valle de los Fantasmas por culminar - Canal 7 SLP - 2025","og_description":"SGS.- Las acciones de creaci\u00f3n del puente peatonal que cruza el bulevar Valle de los Fantasmas en la colonia Hacienda de los Morales est\u00e1n por culminar, as\u00ed lo hizo del conocimiento el director de Infraestructura de Soledad de Graciano S\u00e1nchez, Jorge Grimaldo Lim\u00f3n. \u201cLa semana pasada se mont\u00f3 la primer parte del puente (\u2026) ya se llevaron las rampas al lugar, ya tambi\u00e9n vamos a empezar a colocarlas y pues vamos bien, vamos avanzando y tentativamente para el mes de febrero andar\u00edamos terminando la construcci\u00f3n del puente, ya estar\u00eda listo\u201d. La coordinaci\u00f3n entre \u00e1reas del ayuntamiento es fundamental. \u201cSe hizo [&hellip;]","og_url":"https:\/\/canal7slp.tv\/2025\/obras-en-bulevar-valle-de-los-fantasmas-por-culminar\/","og_site_name":"Canal 7 SLP - 2025","article_publisher":"https:\/\/www.facebook.com\/noticieroscanal7atencionciudadana\/","article_published_time":"2025-01-21T22:10:03+00:00","og_image":[{"width":1280,"height":720,"url":"https:\/\/canal7slp.tv\/2025\/wp-content\/uploads\/2025\/01\/Poky03InfraestructuraFantasmas.jpg","type":"image\/jpeg"}],"author":"Edici\u00f3n Web","twitter_card":"summary_large_image","twitter_creator":"@NOTICIEROS7","twitter_site":"@NOTICIEROS7","twitter_misc":{"Escrito por":"Edici\u00f3n Web","Tiempo de lectura":"1 minuto"},"schema":{"@context":"https:\/\/schema.org","@graph":[{"@type":"Article","@id":"https:\/\/canal7slp.tv\/2025\/obras-en-bulevar-valle-de-los-fantasmas-por-culminar\/#article","isPartOf":{"@id":"https:\/\/canal7slp.tv\/2025\/obras-en-bulevar-valle-de-los-fantasmas-por-culminar\/"},"author":{"name":"Edici\u00f3n Web","@id":"https:\/\/canal7slp.tv\/2025\/#\/schema\/person\/271e2b60a96e7cc9d9ac296f4d7e414b"},"headline":"Obras en bulevar Valle de los Fantasmas por culminar","datePublished":"2025-01-21T22:10:03+00:00","mainEntityOfPage":{"@id":"https:\/\/canal7slp.tv\/2025\/obras-en-bulevar-valle-de-los-fantasmas-por-culminar\/"},"wordCount":226,"publisher":{"@id":"https:\/\/canal7slp.tv\/2025\/#organization"},"image":{"@id":"https:\/\/canal7slp.tv\/2025\/obras-en-bulevar-valle-de-los-fantasmas-por-culminar\/#primaryimage"},"thumbnailUrl":"https:\/\/canal7slp.tv\/2025\/wp-content\/uploads\/2025\/01\/Poky03InfraestructuraFantasmas.jpg","articleSection":["AYOSGS","DESTACADAS","LOCALES Y REGIONALES"],"inLanguage":"es"},{"@type":"WebPage","@id":"https:\/\/canal7slp.tv\/2025\/obras-en-bulevar-valle-de-los-fantasmas-por-culminar\/","url":"https:\/\/canal7slp.tv\/2025\/obras-en-bulevar-valle-de-los-fantasmas-por-culminar\/","name":"Obras en bulevar Valle de los Fantasmas por culminar - Canal 7 SLP - 2025","isPartOf":{"@id":"https:\/\/canal7slp.tv\/2025\/#website"},"primaryImageOfPage":{"@id":"https:\/\/canal7slp.tv\/2025\/obras-en-bulevar-valle-de-los-fantasmas-por-culminar\/#primaryimage"},"image":{"@id":"https:\/\/canal7slp.tv\/2025\/obras-en-bulevar-valle-de-los-fantasmas-por-culminar\/#primaryimage"},"thumbnailUrl":"https:\/\/canal7slp.tv\/2025\/wp-content\/uploads\/2025\/01\/Poky03InfraestructuraFantasmas.jpg","datePublished":"2025-01-21T22:10:03+00:00","breadcrumb":{"@id":"https:\/\/canal7slp.tv\/2025\/obras-en-bulevar-valle-de-los-fantasmas-por-culminar\/#breadcrumb"},"inLanguage":"es","potentialAction":[{"@type":"ReadAction","target":["https:\/\/canal7slp.tv\/2025\/obras-en-bulevar-valle-de-los-fantasmas-por-culminar\/"]}]},{"@type":"ImageObject","inLanguage":"es","@id":"https:\/\/canal7slp.tv\/2025\/obras-en-bulevar-valle-de-los-fantasmas-por-culminar\/#primaryimage","url":"https:\/\/canal7slp.tv\/2025\/wp-content\/uploads\/2025\/01\/Poky03InfraestructuraFantasmas.jpg","contentUrl":"https:\/\/canal7slp.tv\/2025\/wp-content\/uploads\/2025\/01\/Poky03InfraestructuraFantasmas.jpg","width":1280,"height":720},{"@type":"BreadcrumbList","@id":"https:\/\/canal7slp.tv\/2025\/obras-en-bulevar-valle-de-los-fantasmas-por-culminar\/#breadcrumb","itemListElement":[{"@type":"ListItem","position":1,"name":"Portada","item":"https:\/\/canal7slp.tv\/2025\/"},{"@type":"ListItem","position":2,"name":"Obras en bulevar Valle de los Fantasmas por culminar"}]},{"@type":"WebSite","@id":"https:\/\/canal7slp.tv\/2025\/#website","url":"https:\/\/canal7slp.tv\/2025\/","name":"N7 - Noticieros Canal 7","description":"Somos el Medio","publisher":{"@id":"https:\/\/canal7slp.tv\/2025\/#organization"},"potentialAction":[{"@type":"SearchAction","target":{"@type":"EntryPoint","urlTemplate":"https:\/\/canal7slp.tv\/2025\/?s={search_term_string}"},"query-input":{"@type":"PropertyValueSpecification","valueRequired":true,"valueName":"search_term_string"}}],"inLanguage":"es"},{"@type":"Organization","@id":"https:\/\/canal7slp.tv\/2025\/#organization","name":"Noticieros Canal 7","url":"https:\/\/canal7slp.tv\/2025\/","logo":{"@type":"ImageObject","inLanguage":"es","@id":"https:\/\/canal7slp.tv\/2025\/#\/schema\/logo\/image\/","url":"https:\/\/canal7slp.tv\/2025\/wp-content\/uploads\/2021\/01\/logo-noticieros@2x.png","contentUrl":"https:\/\/canal7slp.tv\/2025\/wp-content\/uploads\/2021\/01\/logo-noticieros@2x.png","width":1017,"height":268,"caption":"Noticieros Canal 7"},"image":{"@id":"https:\/\/canal7slp.tv\/2025\/#\/schema\/logo\/image\/"},"sameAs":["https:\/\/www.facebook.com\/noticieroscanal7atencionciudadana\/","https:\/\/x.com\/NOTICIEROS7","https:\/\/www.instagram.com\/canal7_slp","https:\/\/www.youtube.com\/channel\/UCliiYs-gP3JfJeqdPrNdd5A"]},{"@type":"Person","@id":"https:\/\/canal7slp.tv\/2025\/#\/schema\/person\/271e2b60a96e7cc9d9ac296f4d7e414b","name":"Edici\u00f3n Web","image":{"@type":"ImageObject","inLanguage":"es","@id":"https:\/\/secure.gravatar.com\/avatar\/eee448fc3f7164808013b816ba91ac7e43bbe82a70bebac296f8bc6f0addaa1a?s=96&d=mm&r=g","url":"https:\/\/secure.gravatar.com\/avatar\/eee448fc3f7164808013b816ba91ac7e43bbe82a70bebac296f8bc6f0addaa1a?s=96&d=mm&r=g","contentUrl":"https:\/\/secure.gravatar.com\/avatar\/eee448fc3f7164808013b816ba91ac7e43bbe82a70bebac296f8bc6f0addaa1a?s=96&d=mm&r=g","caption":"Edici\u00f3n Web"},"url":"https:\/\/canal7slp.tv\/2025\/author\/edicionweb\/"}]}},"_links":{"self":[{"href":"https:\/\/canal7slp.tv\/2025\/wp-json\/wp\/v2\/posts\/154878","targetHints":{"allow":["GET"]}}],"collection":[{"href":"https:\/\/canal7slp.tv\/2025\/wp-json\/wp\/v2\/posts"}],"about":[{"href":"https:\/\/canal7slp.tv\/2025\/wp-json\/wp\/v2\/types\/post"}],"author":[{"embeddable":true,"href":"https:\/\/canal7slp.tv\/2025\/wp-json\/wp\/v2\/users\/2"}],"replies":[{"embeddable":true,"href":"https:\/\/canal7slp.tv\/2025\/wp-json\/wp\/v2\/comments?post=154878"}],"version-history":[{"count":2,"href":"https:\/\/canal7slp.tv\/2025\/wp-json\/wp\/v2\/posts\/154878\/revisions"}],"predecessor-version":[{"id":154892,"href":"https:\/\/canal7slp.tv\/2025\/wp-json\/wp\/v2\/posts\/154878\/revisions\/154892"}],"wp:featuredmedia":[{"embeddable":true,"href":"https:\/\/canal7slp.tv\/2025\/wp-json\/wp\/v2\/media\/154891"}],"wp:attachment":[{"href":"https:\/\/canal7slp.tv\/2025\/wp-json\/wp\/v2\/media?parent=154878"}],"wp:term":[{"taxonomy":"category","embeddable":true,"href":"https:\/\/canal7slp.tv\/2025\/wp-json\/wp\/v2\/categories?post=154878"},{"taxonomy":"post_tag","embeddable":true,"href":"https:\/\/canal7slp.tv\/2025\/wp-json\/wp\/v2\/tags?post=154878"}],"curies":[{"name":"wp","href":"https:\/\/api.w.org\/{rel}","templated":true}]}}