{"id":154876,"date":"2025-01-21T16:00:53","date_gmt":"2025-01-21T22:00:53","guid":{"rendered":"https:\/\/canal7slp.tv\/2025\/?p=154876"},"modified":"2025-01-21T16:00:53","modified_gmt":"2025-01-21T22:00:53","slug":"soledad-arranca-construccion-de-techado-en-el-zapote","status":"publish","type":"post","link":"https:\/\/canal7slp.tv\/2025\/soledad-arranca-construccion-de-techado-en-el-zapote\/","title":{"rendered":"Soledad arranca construcci\u00f3n de techado en El Zapote"},"content":{"rendered":"<p style=\"text-align: justify;\"><span style=\"font-size: 1.21429rem;\">SGS.- La Escuela Telesecundaria \u201cL\u00e1zaro C\u00e1rdenas\u201d de la comunidad El Zapote, recibi\u00f3 a las autoridades del Ayuntamiento de Soledad de Graciano S\u00e1nchez quienes dieron arranque a las obras de construcci\u00f3n del techo para el \u00e1rea de uso com\u00fan.<\/span><\/p>\n<p style=\"text-align: justify;\">La directora de la instituci\u00f3n, Eunice S\u00e1nchez, agradeci\u00f3 las acciones de mejora.<\/p>\n<p style=\"text-align: justify;\">\u201cLa verdad quiero agradecerle el que nos haya escuchado, yo quiero hacer hincapi\u00e9 en lo que le distingue a su personas como es esa sencillez, esa humildad que se agradece que venga de una autoridad\u201d.<\/p>\n<p style=\"text-align: justify;\">Juan Emmanuel Garc\u00eda, alumno de la telesecundaria, ofreci\u00f3 unas palabras durante el evento de arranque.<\/p>\n<p style=\"text-align: justify;\">\u201cEn nombre de todo el alumnado de esta telesecundaria hago extensivo nuestro agradecimiento por tan importante y trascendental obra (\u2026) recibir las clases de educaci\u00f3n f\u00edsica, realizar los actos c\u00edvicos, las actividades recreativas y art\u00edsticas ya era algo que limitaba que nuestra educaci\u00f3n fuera con una mejor calidad\u201d.<\/p>\n<p style=\"text-align: justify;\">El alcalde soledense, Juan Manuel Navarro Mu\u00f1iz, extern\u00f3 su sentimiento al comenzar la obra.<\/p>\n<p style=\"text-align: justify;\">\u201cContentos de estar aqu\u00ed en El Zapote, pero m\u00e1s contentos de venir a cumplir, m\u00e1s contentos de venir a decirle a la gente del Zapote que en este gobierno tenemos palabra, que en este gobierno sabemos cumplir lo que dec\u00edmos\u201d.<\/p>\n<p>Por: Juan Carlos Contreras<\/p>\n","protected":false},"excerpt":{"rendered":"<p>SGS.- La Escuela Telesecundaria \u201cL\u00e1zaro C\u00e1rdenas\u201d de la comunidad El Zapote, recibi\u00f3 a las autoridades del Ayuntamiento de Soledad de Graciano S\u00e1nchez quienes dieron arranque a las obras de construcci\u00f3n del techo para el \u00e1rea de uso com\u00fan. La directora de la instituci\u00f3n, Eunice S\u00e1nchez, agradeci\u00f3 las acciones de mejora. \u201cLa verdad quiero agradecerle el que nos haya escuchado, yo quiero hacer hincapi\u00e9 en lo que le distingue a su personas como es esa sencillez, esa humildad que se agradece que venga de una autoridad\u201d. Juan Emmanuel Garc\u00eda, alumno de la telesecundaria, ofreci\u00f3 unas palabras durante el evento de arranque. [&hellip;]<\/p>\n","protected":false},"author":2,"featured_media":154888,"comment_status":"closed","ping_status":"closed","sticky":false,"template":"","format":"video","meta":{"_monsterinsights_skip_tracking":false,"_monsterinsights_sitenote_active":false,"_monsterinsights_sitenote_note":"","_monsterinsights_sitenote_category":0,"footnotes":""},"categories":[512,5,45],"tags":[],"class_list":["post-154876","post","type-post","status-publish","format-video","has-post-thumbnail","hentry","category-ayosgs","category-destacadas","category-localesyregionales","post_format-post-format-video","post--single"],"yoast_head":"<!-- This site is optimized with the Yoast SEO plugin v27.5 - https:\/\/yoast.com\/product\/yoast-seo-wordpress\/ -->\n<title>Soledad arranca construcci\u00f3n de techado en El Zapote - Canal 7 SLP - 2025<\/title>\n<meta name=\"robots\" content=\"index, follow, max-snippet:-1, max-image-preview:large, max-video-preview:-1\" \/>\n<link rel=\"canonical\" href=\"https:\/\/canal7slp.tv\/2025\/soledad-arranca-construccion-de-techado-en-el-zapote\/\" \/>\n<meta property=\"og:locale\" content=\"es_ES\" \/>\n<meta property=\"og:type\" content=\"article\" \/>\n<meta property=\"og:title\" content=\"Soledad arranca construcci\u00f3n de techado en El Zapote - Canal 7 SLP - 2025\" \/>\n<meta property=\"og:description\" content=\"SGS.- La Escuela Telesecundaria \u201cL\u00e1zaro C\u00e1rdenas\u201d de la comunidad El Zapote, recibi\u00f3 a las autoridades del Ayuntamiento de Soledad de Graciano S\u00e1nchez quienes dieron arranque a las obras de construcci\u00f3n del techo para el \u00e1rea de uso com\u00fan. La directora de la instituci\u00f3n, Eunice S\u00e1nchez, agradeci\u00f3 las acciones de mejora. \u201cLa verdad quiero agradecerle el que nos haya escuchado, yo quiero hacer hincapi\u00e9 en lo que le distingue a su personas como es esa sencillez, esa humildad que se agradece que venga de una autoridad\u201d. Juan Emmanuel Garc\u00eda, alumno de la telesecundaria, ofreci\u00f3 unas palabras durante el evento de arranque. [&hellip;]\" \/>\n<meta property=\"og:url\" content=\"https:\/\/canal7slp.tv\/2025\/soledad-arranca-construccion-de-techado-en-el-zapote\/\" \/>\n<meta property=\"og:site_name\" content=\"Canal 7 SLP - 2025\" \/>\n<meta property=\"article:publisher\" content=\"https:\/\/www.facebook.com\/noticieroscanal7atencionciudadana\/\" \/>\n<meta property=\"article:published_time\" content=\"2025-01-21T22:00:53+00:00\" \/>\n<meta property=\"og:image\" content=\"https:\/\/canal7slp.tv\/2025\/wp-content\/uploads\/2025\/01\/Poky02ConstruccionTechado.jpg\" \/>\n\t<meta property=\"og:image:width\" content=\"1280\" \/>\n\t<meta property=\"og:image:height\" content=\"720\" \/>\n\t<meta property=\"og:image:type\" content=\"image\/jpeg\" \/>\n<meta name=\"author\" content=\"Edici\u00f3n Web\" \/>\n<meta name=\"twitter:card\" content=\"summary_large_image\" \/>\n<meta name=\"twitter:creator\" content=\"@NOTICIEROS7\" \/>\n<meta name=\"twitter:site\" content=\"@NOTICIEROS7\" \/>\n<meta name=\"twitter:label1\" content=\"Escrito por\" \/>\n\t<meta name=\"twitter:data1\" content=\"Edici\u00f3n Web\" \/>\n\t<meta name=\"twitter:label2\" content=\"Tiempo de lectura\" \/>\n\t<meta name=\"twitter:data2\" content=\"2 minutos\" \/>\n<script type=\"application\/ld+json\" class=\"yoast-schema-graph\">{\"@context\":\"https:\\\/\\\/schema.org\",\"@graph\":[{\"@type\":\"Article\",\"@id\":\"https:\\\/\\\/canal7slp.tv\\\/2025\\\/soledad-arranca-construccion-de-techado-en-el-zapote\\\/#article\",\"isPartOf\":{\"@id\":\"https:\\\/\\\/canal7slp.tv\\\/2025\\\/soledad-arranca-construccion-de-techado-en-el-zapote\\\/\"},\"author\":{\"name\":\"Edici\u00f3n Web\",\"@id\":\"https:\\\/\\\/canal7slp.tv\\\/2025\\\/#\\\/schema\\\/person\\\/271e2b60a96e7cc9d9ac296f4d7e414b\"},\"headline\":\"Soledad arranca construcci\u00f3n de techado en El Zapote\",\"datePublished\":\"2025-01-21T22:00:53+00:00\",\"mainEntityOfPage\":{\"@id\":\"https:\\\/\\\/canal7slp.tv\\\/2025\\\/soledad-arranca-construccion-de-techado-en-el-zapote\\\/\"},\"wordCount\":232,\"publisher\":{\"@id\":\"https:\\\/\\\/canal7slp.tv\\\/2025\\\/#organization\"},\"image\":{\"@id\":\"https:\\\/\\\/canal7slp.tv\\\/2025\\\/soledad-arranca-construccion-de-techado-en-el-zapote\\\/#primaryimage\"},\"thumbnailUrl\":\"https:\\\/\\\/canal7slp.tv\\\/2025\\\/wp-content\\\/uploads\\\/2025\\\/01\\\/Poky02ConstruccionTechado.jpg\",\"articleSection\":[\"AYOSGS\",\"DESTACADAS\",\"LOCALES Y REGIONALES\"],\"inLanguage\":\"es\"},{\"@type\":\"WebPage\",\"@id\":\"https:\\\/\\\/canal7slp.tv\\\/2025\\\/soledad-arranca-construccion-de-techado-en-el-zapote\\\/\",\"url\":\"https:\\\/\\\/canal7slp.tv\\\/2025\\\/soledad-arranca-construccion-de-techado-en-el-zapote\\\/\",\"name\":\"Soledad arranca construcci\u00f3n de techado en El Zapote - Canal 7 SLP - 2025\",\"isPartOf\":{\"@id\":\"https:\\\/\\\/canal7slp.tv\\\/2025\\\/#website\"},\"primaryImageOfPage\":{\"@id\":\"https:\\\/\\\/canal7slp.tv\\\/2025\\\/soledad-arranca-construccion-de-techado-en-el-zapote\\\/#primaryimage\"},\"image\":{\"@id\":\"https:\\\/\\\/canal7slp.tv\\\/2025\\\/soledad-arranca-construccion-de-techado-en-el-zapote\\\/#primaryimage\"},\"thumbnailUrl\":\"https:\\\/\\\/canal7slp.tv\\\/2025\\\/wp-content\\\/uploads\\\/2025\\\/01\\\/Poky02ConstruccionTechado.jpg\",\"datePublished\":\"2025-01-21T22:00:53+00:00\",\"breadcrumb\":{\"@id\":\"https:\\\/\\\/canal7slp.tv\\\/2025\\\/soledad-arranca-construccion-de-techado-en-el-zapote\\\/#breadcrumb\"},\"inLanguage\":\"es\",\"potentialAction\":[{\"@type\":\"ReadAction\",\"target\":[\"https:\\\/\\\/canal7slp.tv\\\/2025\\\/soledad-arranca-construccion-de-techado-en-el-zapote\\\/\"]}]},{\"@type\":\"ImageObject\",\"inLanguage\":\"es\",\"@id\":\"https:\\\/\\\/canal7slp.tv\\\/2025\\\/soledad-arranca-construccion-de-techado-en-el-zapote\\\/#primaryimage\",\"url\":\"https:\\\/\\\/canal7slp.tv\\\/2025\\\/wp-content\\\/uploads\\\/2025\\\/01\\\/Poky02ConstruccionTechado.jpg\",\"contentUrl\":\"https:\\\/\\\/canal7slp.tv\\\/2025\\\/wp-content\\\/uploads\\\/2025\\\/01\\\/Poky02ConstruccionTechado.jpg\",\"width\":1280,\"height\":720},{\"@type\":\"BreadcrumbList\",\"@id\":\"https:\\\/\\\/canal7slp.tv\\\/2025\\\/soledad-arranca-construccion-de-techado-en-el-zapote\\\/#breadcrumb\",\"itemListElement\":[{\"@type\":\"ListItem\",\"position\":1,\"name\":\"Portada\",\"item\":\"https:\\\/\\\/canal7slp.tv\\\/2025\\\/\"},{\"@type\":\"ListItem\",\"position\":2,\"name\":\"Soledad arranca construcci\u00f3n de techado en El Zapote\"}]},{\"@type\":\"WebSite\",\"@id\":\"https:\\\/\\\/canal7slp.tv\\\/2025\\\/#website\",\"url\":\"https:\\\/\\\/canal7slp.tv\\\/2025\\\/\",\"name\":\"N7 - Noticieros Canal 7\",\"description\":\"Somos el Medio\",\"publisher\":{\"@id\":\"https:\\\/\\\/canal7slp.tv\\\/2025\\\/#organization\"},\"potentialAction\":[{\"@type\":\"SearchAction\",\"target\":{\"@type\":\"EntryPoint\",\"urlTemplate\":\"https:\\\/\\\/canal7slp.tv\\\/2025\\\/?s={search_term_string}\"},\"query-input\":{\"@type\":\"PropertyValueSpecification\",\"valueRequired\":true,\"valueName\":\"search_term_string\"}}],\"inLanguage\":\"es\"},{\"@type\":\"Organization\",\"@id\":\"https:\\\/\\\/canal7slp.tv\\\/2025\\\/#organization\",\"name\":\"Noticieros Canal 7\",\"url\":\"https:\\\/\\\/canal7slp.tv\\\/2025\\\/\",\"logo\":{\"@type\":\"ImageObject\",\"inLanguage\":\"es\",\"@id\":\"https:\\\/\\\/canal7slp.tv\\\/2025\\\/#\\\/schema\\\/logo\\\/image\\\/\",\"url\":\"https:\\\/\\\/canal7slp.tv\\\/2025\\\/wp-content\\\/uploads\\\/2021\\\/01\\\/logo-noticieros@2x.png\",\"contentUrl\":\"https:\\\/\\\/canal7slp.tv\\\/2025\\\/wp-content\\\/uploads\\\/2021\\\/01\\\/logo-noticieros@2x.png\",\"width\":1017,\"height\":268,\"caption\":\"Noticieros Canal 7\"},\"image\":{\"@id\":\"https:\\\/\\\/canal7slp.tv\\\/2025\\\/#\\\/schema\\\/logo\\\/image\\\/\"},\"sameAs\":[\"https:\\\/\\\/www.facebook.com\\\/noticieroscanal7atencionciudadana\\\/\",\"https:\\\/\\\/x.com\\\/NOTICIEROS7\",\"https:\\\/\\\/www.instagram.com\\\/canal7_slp\",\"https:\\\/\\\/www.youtube.com\\\/channel\\\/UCliiYs-gP3JfJeqdPrNdd5A\"]},{\"@type\":\"Person\",\"@id\":\"https:\\\/\\\/canal7slp.tv\\\/2025\\\/#\\\/schema\\\/person\\\/271e2b60a96e7cc9d9ac296f4d7e414b\",\"name\":\"Edici\u00f3n Web\",\"image\":{\"@type\":\"ImageObject\",\"inLanguage\":\"es\",\"@id\":\"https:\\\/\\\/secure.gravatar.com\\\/avatar\\\/eee448fc3f7164808013b816ba91ac7e43bbe82a70bebac296f8bc6f0addaa1a?s=96&d=mm&r=g\",\"url\":\"https:\\\/\\\/secure.gravatar.com\\\/avatar\\\/eee448fc3f7164808013b816ba91ac7e43bbe82a70bebac296f8bc6f0addaa1a?s=96&d=mm&r=g\",\"contentUrl\":\"https:\\\/\\\/secure.gravatar.com\\\/avatar\\\/eee448fc3f7164808013b816ba91ac7e43bbe82a70bebac296f8bc6f0addaa1a?s=96&d=mm&r=g\",\"caption\":\"Edici\u00f3n Web\"},\"url\":\"https:\\\/\\\/canal7slp.tv\\\/2025\\\/author\\\/edicionweb\\\/\"}]}<\/script>\n<!-- \/ Yoast SEO plugin. -->","yoast_head_json":{"title":"Soledad arranca construcci\u00f3n de techado en El Zapote - Canal 7 SLP - 2025","robots":{"index":"index","follow":"follow","max-snippet":"max-snippet:-1","max-image-preview":"max-image-preview:large","max-video-preview":"max-video-preview:-1"},"canonical":"https:\/\/canal7slp.tv\/2025\/soledad-arranca-construccion-de-techado-en-el-zapote\/","og_locale":"es_ES","og_type":"article","og_title":"Soledad arranca construcci\u00f3n de techado en El Zapote - Canal 7 SLP - 2025","og_description":"SGS.- La Escuela Telesecundaria \u201cL\u00e1zaro C\u00e1rdenas\u201d de la comunidad El Zapote, recibi\u00f3 a las autoridades del Ayuntamiento de Soledad de Graciano S\u00e1nchez quienes dieron arranque a las obras de construcci\u00f3n del techo para el \u00e1rea de uso com\u00fan. La directora de la instituci\u00f3n, Eunice S\u00e1nchez, agradeci\u00f3 las acciones de mejora. \u201cLa verdad quiero agradecerle el que nos haya escuchado, yo quiero hacer hincapi\u00e9 en lo que le distingue a su personas como es esa sencillez, esa humildad que se agradece que venga de una autoridad\u201d. Juan Emmanuel Garc\u00eda, alumno de la telesecundaria, ofreci\u00f3 unas palabras durante el evento de arranque. [&hellip;]","og_url":"https:\/\/canal7slp.tv\/2025\/soledad-arranca-construccion-de-techado-en-el-zapote\/","og_site_name":"Canal 7 SLP - 2025","article_publisher":"https:\/\/www.facebook.com\/noticieroscanal7atencionciudadana\/","article_published_time":"2025-01-21T22:00:53+00:00","og_image":[{"width":1280,"height":720,"url":"https:\/\/canal7slp.tv\/2025\/wp-content\/uploads\/2025\/01\/Poky02ConstruccionTechado.jpg","type":"image\/jpeg"}],"author":"Edici\u00f3n Web","twitter_card":"summary_large_image","twitter_creator":"@NOTICIEROS7","twitter_site":"@NOTICIEROS7","twitter_misc":{"Escrito por":"Edici\u00f3n Web","Tiempo de lectura":"2 minutos"},"schema":{"@context":"https:\/\/schema.org","@graph":[{"@type":"Article","@id":"https:\/\/canal7slp.tv\/2025\/soledad-arranca-construccion-de-techado-en-el-zapote\/#article","isPartOf":{"@id":"https:\/\/canal7slp.tv\/2025\/soledad-arranca-construccion-de-techado-en-el-zapote\/"},"author":{"name":"Edici\u00f3n Web","@id":"https:\/\/canal7slp.tv\/2025\/#\/schema\/person\/271e2b60a96e7cc9d9ac296f4d7e414b"},"headline":"Soledad arranca construcci\u00f3n de techado en El Zapote","datePublished":"2025-01-21T22:00:53+00:00","mainEntityOfPage":{"@id":"https:\/\/canal7slp.tv\/2025\/soledad-arranca-construccion-de-techado-en-el-zapote\/"},"wordCount":232,"publisher":{"@id":"https:\/\/canal7slp.tv\/2025\/#organization"},"image":{"@id":"https:\/\/canal7slp.tv\/2025\/soledad-arranca-construccion-de-techado-en-el-zapote\/#primaryimage"},"thumbnailUrl":"https:\/\/canal7slp.tv\/2025\/wp-content\/uploads\/2025\/01\/Poky02ConstruccionTechado.jpg","articleSection":["AYOSGS","DESTACADAS","LOCALES Y REGIONALES"],"inLanguage":"es"},{"@type":"WebPage","@id":"https:\/\/canal7slp.tv\/2025\/soledad-arranca-construccion-de-techado-en-el-zapote\/","url":"https:\/\/canal7slp.tv\/2025\/soledad-arranca-construccion-de-techado-en-el-zapote\/","name":"Soledad arranca construcci\u00f3n de techado en El Zapote - Canal 7 SLP - 2025","isPartOf":{"@id":"https:\/\/canal7slp.tv\/2025\/#website"},"primaryImageOfPage":{"@id":"https:\/\/canal7slp.tv\/2025\/soledad-arranca-construccion-de-techado-en-el-zapote\/#primaryimage"},"image":{"@id":"https:\/\/canal7slp.tv\/2025\/soledad-arranca-construccion-de-techado-en-el-zapote\/#primaryimage"},"thumbnailUrl":"https:\/\/canal7slp.tv\/2025\/wp-content\/uploads\/2025\/01\/Poky02ConstruccionTechado.jpg","datePublished":"2025-01-21T22:00:53+00:00","breadcrumb":{"@id":"https:\/\/canal7slp.tv\/2025\/soledad-arranca-construccion-de-techado-en-el-zapote\/#breadcrumb"},"inLanguage":"es","potentialAction":[{"@type":"ReadAction","target":["https:\/\/canal7slp.tv\/2025\/soledad-arranca-construccion-de-techado-en-el-zapote\/"]}]},{"@type":"ImageObject","inLanguage":"es","@id":"https:\/\/canal7slp.tv\/2025\/soledad-arranca-construccion-de-techado-en-el-zapote\/#primaryimage","url":"https:\/\/canal7slp.tv\/2025\/wp-content\/uploads\/2025\/01\/Poky02ConstruccionTechado.jpg","contentUrl":"https:\/\/canal7slp.tv\/2025\/wp-content\/uploads\/2025\/01\/Poky02ConstruccionTechado.jpg","width":1280,"height":720},{"@type":"BreadcrumbList","@id":"https:\/\/canal7slp.tv\/2025\/soledad-arranca-construccion-de-techado-en-el-zapote\/#breadcrumb","itemListElement":[{"@type":"ListItem","position":1,"name":"Portada","item":"https:\/\/canal7slp.tv\/2025\/"},{"@type":"ListItem","position":2,"name":"Soledad arranca construcci\u00f3n de techado en El Zapote"}]},{"@type":"WebSite","@id":"https:\/\/canal7slp.tv\/2025\/#website","url":"https:\/\/canal7slp.tv\/2025\/","name":"N7 - Noticieros Canal 7","description":"Somos el Medio","publisher":{"@id":"https:\/\/canal7slp.tv\/2025\/#organization"},"potentialAction":[{"@type":"SearchAction","target":{"@type":"EntryPoint","urlTemplate":"https:\/\/canal7slp.tv\/2025\/?s={search_term_string}"},"query-input":{"@type":"PropertyValueSpecification","valueRequired":true,"valueName":"search_term_string"}}],"inLanguage":"es"},{"@type":"Organization","@id":"https:\/\/canal7slp.tv\/2025\/#organization","name":"Noticieros Canal 7","url":"https:\/\/canal7slp.tv\/2025\/","logo":{"@type":"ImageObject","inLanguage":"es","@id":"https:\/\/canal7slp.tv\/2025\/#\/schema\/logo\/image\/","url":"https:\/\/canal7slp.tv\/2025\/wp-content\/uploads\/2021\/01\/logo-noticieros@2x.png","contentUrl":"https:\/\/canal7slp.tv\/2025\/wp-content\/uploads\/2021\/01\/logo-noticieros@2x.png","width":1017,"height":268,"caption":"Noticieros Canal 7"},"image":{"@id":"https:\/\/canal7slp.tv\/2025\/#\/schema\/logo\/image\/"},"sameAs":["https:\/\/www.facebook.com\/noticieroscanal7atencionciudadana\/","https:\/\/x.com\/NOTICIEROS7","https:\/\/www.instagram.com\/canal7_slp","https:\/\/www.youtube.com\/channel\/UCliiYs-gP3JfJeqdPrNdd5A"]},{"@type":"Person","@id":"https:\/\/canal7slp.tv\/2025\/#\/schema\/person\/271e2b60a96e7cc9d9ac296f4d7e414b","name":"Edici\u00f3n Web","image":{"@type":"ImageObject","inLanguage":"es","@id":"https:\/\/secure.gravatar.com\/avatar\/eee448fc3f7164808013b816ba91ac7e43bbe82a70bebac296f8bc6f0addaa1a?s=96&d=mm&r=g","url":"https:\/\/secure.gravatar.com\/avatar\/eee448fc3f7164808013b816ba91ac7e43bbe82a70bebac296f8bc6f0addaa1a?s=96&d=mm&r=g","contentUrl":"https:\/\/secure.gravatar.com\/avatar\/eee448fc3f7164808013b816ba91ac7e43bbe82a70bebac296f8bc6f0addaa1a?s=96&d=mm&r=g","caption":"Edici\u00f3n Web"},"url":"https:\/\/canal7slp.tv\/2025\/author\/edicionweb\/"}]}},"_links":{"self":[{"href":"https:\/\/canal7slp.tv\/2025\/wp-json\/wp\/v2\/posts\/154876","targetHints":{"allow":["GET"]}}],"collection":[{"href":"https:\/\/canal7slp.tv\/2025\/wp-json\/wp\/v2\/posts"}],"about":[{"href":"https:\/\/canal7slp.tv\/2025\/wp-json\/wp\/v2\/types\/post"}],"author":[{"embeddable":true,"href":"https:\/\/canal7slp.tv\/2025\/wp-json\/wp\/v2\/users\/2"}],"replies":[{"embeddable":true,"href":"https:\/\/canal7slp.tv\/2025\/wp-json\/wp\/v2\/comments?post=154876"}],"version-history":[{"count":2,"href":"https:\/\/canal7slp.tv\/2025\/wp-json\/wp\/v2\/posts\/154876\/revisions"}],"predecessor-version":[{"id":154889,"href":"https:\/\/canal7slp.tv\/2025\/wp-json\/wp\/v2\/posts\/154876\/revisions\/154889"}],"wp:featuredmedia":[{"embeddable":true,"href":"https:\/\/canal7slp.tv\/2025\/wp-json\/wp\/v2\/media\/154888"}],"wp:attachment":[{"href":"https:\/\/canal7slp.tv\/2025\/wp-json\/wp\/v2\/media?parent=154876"}],"wp:term":[{"taxonomy":"category","embeddable":true,"href":"https:\/\/canal7slp.tv\/2025\/wp-json\/wp\/v2\/categories?post=154876"},{"taxonomy":"post_tag","embeddable":true,"href":"https:\/\/canal7slp.tv\/2025\/wp-json\/wp\/v2\/tags?post=154876"}],"curies":[{"name":"wp","href":"https:\/\/api.w.org\/{rel}","templated":true}]}}