{"id":154862,"date":"2025-01-21T15:18:03","date_gmt":"2025-01-21T21:18:03","guid":{"rendered":"https:\/\/canal7slp.tv\/2025\/?p=154862"},"modified":"2025-01-21T15:18:03","modified_gmt":"2025-01-21T21:18:03","slug":"groenlandia-afirma-su-soberania-ante-comentarios-de-trump","status":"publish","type":"post","link":"https:\/\/canal7slp.tv\/2025\/groenlandia-afirma-su-soberania-ante-comentarios-de-trump\/","title":{"rendered":"Groenlandia afirma su soberan\u00eda ante comentarios de Trump"},"content":{"rendered":"<p style=\"text-align: justify;\">\n<p style=\"text-align: justify;\">Nuuk.- El primer ministro de Groenlandia, Mute Egede, reafirm\u00f3 que la isla, un territorio aut\u00f3nomo de Dinamarca, busca definir su propio futuro y no tiene intenci\u00f3n de convertirse en parte de Estados Unidos. Sus declaraciones se producen en respuesta a comentarios del presidente estadounidense, Donald Trump, quien destac\u00f3 la importancia estrat\u00e9gica de Groenlandia.<\/p>\n<p style=\"text-align: justify;\">Trump gener\u00f3 inquietud al sugerir una posible intervenci\u00f3n militar en Groenlandia y el Canal de Panam\u00e1. Aunque no mencion\u00f3 directamente a Groenlandia durante su discurso inaugural, posteriormente calific\u00f3 a la isla como un \u00ablugar maravilloso\u00bb y sugiri\u00f3 que su control es crucial para la seguridad internacional. Tambi\u00e9n insinu\u00f3 que Dinamarca podr\u00eda enfrentar dificultades econ\u00f3micas para mantener la isla.<\/p>\n<p style=\"text-align: justify;\">En respuesta, Lars L\u00f8kke Rasmussen, ministro de Relaciones Exteriores de Dinamarca, rechaz\u00f3 categ\u00f3ricamente las insinuaciones del presidente estadounidense. \u00abNing\u00fan pa\u00eds deber\u00eda poder apropiarse de otro\u00bb, declar\u00f3, subrayando que no es aceptable que naciones m\u00e1s grandes tomen lo que deseen.<\/p>\n<p style=\"text-align: justify;\">Esta situaci\u00f3n pone en evidencia la creciente relevancia geopol\u00edtica de Groenlandia, una regi\u00f3n rica en recursos naturales y estrat\u00e9gicamente ubicada en el \u00c1rtico, lo que la convierte en un punto de inter\u00e9s para potencias internacionales.<\/p>\n","protected":false},"excerpt":{"rendered":"<p>Nuuk.- El primer ministro de Groenlandia, Mute Egede, reafirm\u00f3 que la isla, un territorio aut\u00f3nomo de Dinamarca, busca definir su propio futuro y no tiene intenci\u00f3n de convertirse en parte de Estados Unidos. Sus declaraciones se producen en respuesta a comentarios del presidente estadounidense, Donald Trump, quien destac\u00f3 la importancia estrat\u00e9gica de Groenlandia. Trump gener\u00f3 inquietud al sugerir una posible intervenci\u00f3n militar en Groenlandia y el Canal de Panam\u00e1. Aunque no mencion\u00f3 directamente a Groenlandia durante su discurso inaugural, posteriormente calific\u00f3 a la isla como un \u00ablugar maravilloso\u00bb y sugiri\u00f3 que su control es crucial para la seguridad internacional. Tambi\u00e9n [&hellip;]<\/p>\n","protected":false},"author":2,"featured_media":154863,"comment_status":"closed","ping_status":"closed","sticky":false,"template":"","format":"standard","meta":{"_monsterinsights_skip_tracking":false,"_monsterinsights_sitenote_active":false,"_monsterinsights_sitenote_note":"","_monsterinsights_sitenote_category":0,"footnotes":""},"categories":[44],"tags":[],"class_list":["post-154862","post","type-post","status-publish","format-standard","has-post-thumbnail","hentry","category-internacional","post--single"],"yoast_head":"<!-- This site is optimized with the Yoast SEO plugin v27.5 - https:\/\/yoast.com\/product\/yoast-seo-wordpress\/ -->\n<title>Groenlandia afirma su soberan\u00eda ante comentarios de Trump - Canal 7 SLP - 2025<\/title>\n<meta name=\"robots\" content=\"index, follow, max-snippet:-1, max-image-preview:large, max-video-preview:-1\" \/>\n<link rel=\"canonical\" href=\"https:\/\/canal7slp.tv\/2025\/groenlandia-afirma-su-soberania-ante-comentarios-de-trump\/\" \/>\n<meta property=\"og:locale\" content=\"es_ES\" \/>\n<meta property=\"og:type\" content=\"article\" \/>\n<meta property=\"og:title\" content=\"Groenlandia afirma su soberan\u00eda ante comentarios de Trump - Canal 7 SLP - 2025\" \/>\n<meta property=\"og:description\" content=\"Nuuk.- El primer ministro de Groenlandia, Mute Egede, reafirm\u00f3 que la isla, un territorio aut\u00f3nomo de Dinamarca, busca definir su propio futuro y no tiene intenci\u00f3n de convertirse en parte de Estados Unidos. Sus declaraciones se producen en respuesta a comentarios del presidente estadounidense, Donald Trump, quien destac\u00f3 la importancia estrat\u00e9gica de Groenlandia. Trump gener\u00f3 inquietud al sugerir una posible intervenci\u00f3n militar en Groenlandia y el Canal de Panam\u00e1. Aunque no mencion\u00f3 directamente a Groenlandia durante su discurso inaugural, posteriormente calific\u00f3 a la isla como un \u00ablugar maravilloso\u00bb y sugiri\u00f3 que su control es crucial para la seguridad internacional. Tambi\u00e9n [&hellip;]\" \/>\n<meta property=\"og:url\" content=\"https:\/\/canal7slp.tv\/2025\/groenlandia-afirma-su-soberania-ante-comentarios-de-trump\/\" \/>\n<meta property=\"og:site_name\" content=\"Canal 7 SLP - 2025\" \/>\n<meta property=\"article:publisher\" content=\"https:\/\/www.facebook.com\/noticieroscanal7atencionciudadana\/\" \/>\n<meta property=\"article:published_time\" content=\"2025-01-21T21:18:03+00:00\" \/>\n<meta property=\"og:image\" content=\"https:\/\/canal7slp.tv\/2025\/wp-content\/uploads\/2025\/01\/08-19.jpg\" \/>\n\t<meta property=\"og:image:width\" content=\"889\" \/>\n\t<meta property=\"og:image:height\" content=\"500\" \/>\n\t<meta property=\"og:image:type\" content=\"image\/jpeg\" \/>\n<meta name=\"author\" content=\"Edici\u00f3n Web\" \/>\n<meta name=\"twitter:card\" content=\"summary_large_image\" \/>\n<meta name=\"twitter:creator\" content=\"@NOTICIEROS7\" \/>\n<meta name=\"twitter:site\" content=\"@NOTICIEROS7\" \/>\n<meta name=\"twitter:label1\" content=\"Escrito por\" \/>\n\t<meta name=\"twitter:data1\" content=\"Edici\u00f3n Web\" \/>\n\t<meta name=\"twitter:label2\" content=\"Tiempo de lectura\" \/>\n\t<meta name=\"twitter:data2\" content=\"1 minuto\" \/>\n<script type=\"application\/ld+json\" class=\"yoast-schema-graph\">{\"@context\":\"https:\\\/\\\/schema.org\",\"@graph\":[{\"@type\":\"Article\",\"@id\":\"https:\\\/\\\/canal7slp.tv\\\/2025\\\/groenlandia-afirma-su-soberania-ante-comentarios-de-trump\\\/#article\",\"isPartOf\":{\"@id\":\"https:\\\/\\\/canal7slp.tv\\\/2025\\\/groenlandia-afirma-su-soberania-ante-comentarios-de-trump\\\/\"},\"author\":{\"name\":\"Edici\u00f3n Web\",\"@id\":\"https:\\\/\\\/canal7slp.tv\\\/2025\\\/#\\\/schema\\\/person\\\/271e2b60a96e7cc9d9ac296f4d7e414b\"},\"headline\":\"Groenlandia afirma su soberan\u00eda ante comentarios de Trump\",\"datePublished\":\"2025-01-21T21:18:03+00:00\",\"mainEntityOfPage\":{\"@id\":\"https:\\\/\\\/canal7slp.tv\\\/2025\\\/groenlandia-afirma-su-soberania-ante-comentarios-de-trump\\\/\"},\"wordCount\":213,\"publisher\":{\"@id\":\"https:\\\/\\\/canal7slp.tv\\\/2025\\\/#organization\"},\"image\":{\"@id\":\"https:\\\/\\\/canal7slp.tv\\\/2025\\\/groenlandia-afirma-su-soberania-ante-comentarios-de-trump\\\/#primaryimage\"},\"thumbnailUrl\":\"https:\\\/\\\/canal7slp.tv\\\/2025\\\/wp-content\\\/uploads\\\/2025\\\/01\\\/08-19.jpg\",\"articleSection\":[\"INTERNACIONALES\"],\"inLanguage\":\"es\"},{\"@type\":\"WebPage\",\"@id\":\"https:\\\/\\\/canal7slp.tv\\\/2025\\\/groenlandia-afirma-su-soberania-ante-comentarios-de-trump\\\/\",\"url\":\"https:\\\/\\\/canal7slp.tv\\\/2025\\\/groenlandia-afirma-su-soberania-ante-comentarios-de-trump\\\/\",\"name\":\"Groenlandia afirma su soberan\u00eda ante comentarios de Trump - Canal 7 SLP - 2025\",\"isPartOf\":{\"@id\":\"https:\\\/\\\/canal7slp.tv\\\/2025\\\/#website\"},\"primaryImageOfPage\":{\"@id\":\"https:\\\/\\\/canal7slp.tv\\\/2025\\\/groenlandia-afirma-su-soberania-ante-comentarios-de-trump\\\/#primaryimage\"},\"image\":{\"@id\":\"https:\\\/\\\/canal7slp.tv\\\/2025\\\/groenlandia-afirma-su-soberania-ante-comentarios-de-trump\\\/#primaryimage\"},\"thumbnailUrl\":\"https:\\\/\\\/canal7slp.tv\\\/2025\\\/wp-content\\\/uploads\\\/2025\\\/01\\\/08-19.jpg\",\"datePublished\":\"2025-01-21T21:18:03+00:00\",\"breadcrumb\":{\"@id\":\"https:\\\/\\\/canal7slp.tv\\\/2025\\\/groenlandia-afirma-su-soberania-ante-comentarios-de-trump\\\/#breadcrumb\"},\"inLanguage\":\"es\",\"potentialAction\":[{\"@type\":\"ReadAction\",\"target\":[\"https:\\\/\\\/canal7slp.tv\\\/2025\\\/groenlandia-afirma-su-soberania-ante-comentarios-de-trump\\\/\"]}]},{\"@type\":\"ImageObject\",\"inLanguage\":\"es\",\"@id\":\"https:\\\/\\\/canal7slp.tv\\\/2025\\\/groenlandia-afirma-su-soberania-ante-comentarios-de-trump\\\/#primaryimage\",\"url\":\"https:\\\/\\\/canal7slp.tv\\\/2025\\\/wp-content\\\/uploads\\\/2025\\\/01\\\/08-19.jpg\",\"contentUrl\":\"https:\\\/\\\/canal7slp.tv\\\/2025\\\/wp-content\\\/uploads\\\/2025\\\/01\\\/08-19.jpg\",\"width\":889,\"height\":500},{\"@type\":\"BreadcrumbList\",\"@id\":\"https:\\\/\\\/canal7slp.tv\\\/2025\\\/groenlandia-afirma-su-soberania-ante-comentarios-de-trump\\\/#breadcrumb\",\"itemListElement\":[{\"@type\":\"ListItem\",\"position\":1,\"name\":\"Portada\",\"item\":\"https:\\\/\\\/canal7slp.tv\\\/2025\\\/\"},{\"@type\":\"ListItem\",\"position\":2,\"name\":\"Groenlandia afirma su soberan\u00eda ante comentarios de Trump\"}]},{\"@type\":\"WebSite\",\"@id\":\"https:\\\/\\\/canal7slp.tv\\\/2025\\\/#website\",\"url\":\"https:\\\/\\\/canal7slp.tv\\\/2025\\\/\",\"name\":\"N7 - Noticieros Canal 7\",\"description\":\"Somos el Medio\",\"publisher\":{\"@id\":\"https:\\\/\\\/canal7slp.tv\\\/2025\\\/#organization\"},\"potentialAction\":[{\"@type\":\"SearchAction\",\"target\":{\"@type\":\"EntryPoint\",\"urlTemplate\":\"https:\\\/\\\/canal7slp.tv\\\/2025\\\/?s={search_term_string}\"},\"query-input\":{\"@type\":\"PropertyValueSpecification\",\"valueRequired\":true,\"valueName\":\"search_term_string\"}}],\"inLanguage\":\"es\"},{\"@type\":\"Organization\",\"@id\":\"https:\\\/\\\/canal7slp.tv\\\/2025\\\/#organization\",\"name\":\"Noticieros Canal 7\",\"url\":\"https:\\\/\\\/canal7slp.tv\\\/2025\\\/\",\"logo\":{\"@type\":\"ImageObject\",\"inLanguage\":\"es\",\"@id\":\"https:\\\/\\\/canal7slp.tv\\\/2025\\\/#\\\/schema\\\/logo\\\/image\\\/\",\"url\":\"https:\\\/\\\/canal7slp.tv\\\/2025\\\/wp-content\\\/uploads\\\/2021\\\/01\\\/logo-noticieros@2x.png\",\"contentUrl\":\"https:\\\/\\\/canal7slp.tv\\\/2025\\\/wp-content\\\/uploads\\\/2021\\\/01\\\/logo-noticieros@2x.png\",\"width\":1017,\"height\":268,\"caption\":\"Noticieros Canal 7\"},\"image\":{\"@id\":\"https:\\\/\\\/canal7slp.tv\\\/2025\\\/#\\\/schema\\\/logo\\\/image\\\/\"},\"sameAs\":[\"https:\\\/\\\/www.facebook.com\\\/noticieroscanal7atencionciudadana\\\/\",\"https:\\\/\\\/x.com\\\/NOTICIEROS7\",\"https:\\\/\\\/www.instagram.com\\\/canal7_slp\",\"https:\\\/\\\/www.youtube.com\\\/channel\\\/UCliiYs-gP3JfJeqdPrNdd5A\"]},{\"@type\":\"Person\",\"@id\":\"https:\\\/\\\/canal7slp.tv\\\/2025\\\/#\\\/schema\\\/person\\\/271e2b60a96e7cc9d9ac296f4d7e414b\",\"name\":\"Edici\u00f3n Web\",\"image\":{\"@type\":\"ImageObject\",\"inLanguage\":\"es\",\"@id\":\"https:\\\/\\\/secure.gravatar.com\\\/avatar\\\/eee448fc3f7164808013b816ba91ac7e43bbe82a70bebac296f8bc6f0addaa1a?s=96&d=mm&r=g\",\"url\":\"https:\\\/\\\/secure.gravatar.com\\\/avatar\\\/eee448fc3f7164808013b816ba91ac7e43bbe82a70bebac296f8bc6f0addaa1a?s=96&d=mm&r=g\",\"contentUrl\":\"https:\\\/\\\/secure.gravatar.com\\\/avatar\\\/eee448fc3f7164808013b816ba91ac7e43bbe82a70bebac296f8bc6f0addaa1a?s=96&d=mm&r=g\",\"caption\":\"Edici\u00f3n Web\"},\"url\":\"https:\\\/\\\/canal7slp.tv\\\/2025\\\/author\\\/edicionweb\\\/\"}]}<\/script>\n<!-- \/ Yoast SEO plugin. -->","yoast_head_json":{"title":"Groenlandia afirma su soberan\u00eda ante comentarios de Trump - Canal 7 SLP - 2025","robots":{"index":"index","follow":"follow","max-snippet":"max-snippet:-1","max-image-preview":"max-image-preview:large","max-video-preview":"max-video-preview:-1"},"canonical":"https:\/\/canal7slp.tv\/2025\/groenlandia-afirma-su-soberania-ante-comentarios-de-trump\/","og_locale":"es_ES","og_type":"article","og_title":"Groenlandia afirma su soberan\u00eda ante comentarios de Trump - Canal 7 SLP - 2025","og_description":"Nuuk.- El primer ministro de Groenlandia, Mute Egede, reafirm\u00f3 que la isla, un territorio aut\u00f3nomo de Dinamarca, busca definir su propio futuro y no tiene intenci\u00f3n de convertirse en parte de Estados Unidos. Sus declaraciones se producen en respuesta a comentarios del presidente estadounidense, Donald Trump, quien destac\u00f3 la importancia estrat\u00e9gica de Groenlandia. Trump gener\u00f3 inquietud al sugerir una posible intervenci\u00f3n militar en Groenlandia y el Canal de Panam\u00e1. Aunque no mencion\u00f3 directamente a Groenlandia durante su discurso inaugural, posteriormente calific\u00f3 a la isla como un \u00ablugar maravilloso\u00bb y sugiri\u00f3 que su control es crucial para la seguridad internacional. Tambi\u00e9n [&hellip;]","og_url":"https:\/\/canal7slp.tv\/2025\/groenlandia-afirma-su-soberania-ante-comentarios-de-trump\/","og_site_name":"Canal 7 SLP - 2025","article_publisher":"https:\/\/www.facebook.com\/noticieroscanal7atencionciudadana\/","article_published_time":"2025-01-21T21:18:03+00:00","og_image":[{"width":889,"height":500,"url":"https:\/\/canal7slp.tv\/2025\/wp-content\/uploads\/2025\/01\/08-19.jpg","type":"image\/jpeg"}],"author":"Edici\u00f3n Web","twitter_card":"summary_large_image","twitter_creator":"@NOTICIEROS7","twitter_site":"@NOTICIEROS7","twitter_misc":{"Escrito por":"Edici\u00f3n Web","Tiempo de lectura":"1 minuto"},"schema":{"@context":"https:\/\/schema.org","@graph":[{"@type":"Article","@id":"https:\/\/canal7slp.tv\/2025\/groenlandia-afirma-su-soberania-ante-comentarios-de-trump\/#article","isPartOf":{"@id":"https:\/\/canal7slp.tv\/2025\/groenlandia-afirma-su-soberania-ante-comentarios-de-trump\/"},"author":{"name":"Edici\u00f3n Web","@id":"https:\/\/canal7slp.tv\/2025\/#\/schema\/person\/271e2b60a96e7cc9d9ac296f4d7e414b"},"headline":"Groenlandia afirma su soberan\u00eda ante comentarios de Trump","datePublished":"2025-01-21T21:18:03+00:00","mainEntityOfPage":{"@id":"https:\/\/canal7slp.tv\/2025\/groenlandia-afirma-su-soberania-ante-comentarios-de-trump\/"},"wordCount":213,"publisher":{"@id":"https:\/\/canal7slp.tv\/2025\/#organization"},"image":{"@id":"https:\/\/canal7slp.tv\/2025\/groenlandia-afirma-su-soberania-ante-comentarios-de-trump\/#primaryimage"},"thumbnailUrl":"https:\/\/canal7slp.tv\/2025\/wp-content\/uploads\/2025\/01\/08-19.jpg","articleSection":["INTERNACIONALES"],"inLanguage":"es"},{"@type":"WebPage","@id":"https:\/\/canal7slp.tv\/2025\/groenlandia-afirma-su-soberania-ante-comentarios-de-trump\/","url":"https:\/\/canal7slp.tv\/2025\/groenlandia-afirma-su-soberania-ante-comentarios-de-trump\/","name":"Groenlandia afirma su soberan\u00eda ante comentarios de Trump - Canal 7 SLP - 2025","isPartOf":{"@id":"https:\/\/canal7slp.tv\/2025\/#website"},"primaryImageOfPage":{"@id":"https:\/\/canal7slp.tv\/2025\/groenlandia-afirma-su-soberania-ante-comentarios-de-trump\/#primaryimage"},"image":{"@id":"https:\/\/canal7slp.tv\/2025\/groenlandia-afirma-su-soberania-ante-comentarios-de-trump\/#primaryimage"},"thumbnailUrl":"https:\/\/canal7slp.tv\/2025\/wp-content\/uploads\/2025\/01\/08-19.jpg","datePublished":"2025-01-21T21:18:03+00:00","breadcrumb":{"@id":"https:\/\/canal7slp.tv\/2025\/groenlandia-afirma-su-soberania-ante-comentarios-de-trump\/#breadcrumb"},"inLanguage":"es","potentialAction":[{"@type":"ReadAction","target":["https:\/\/canal7slp.tv\/2025\/groenlandia-afirma-su-soberania-ante-comentarios-de-trump\/"]}]},{"@type":"ImageObject","inLanguage":"es","@id":"https:\/\/canal7slp.tv\/2025\/groenlandia-afirma-su-soberania-ante-comentarios-de-trump\/#primaryimage","url":"https:\/\/canal7slp.tv\/2025\/wp-content\/uploads\/2025\/01\/08-19.jpg","contentUrl":"https:\/\/canal7slp.tv\/2025\/wp-content\/uploads\/2025\/01\/08-19.jpg","width":889,"height":500},{"@type":"BreadcrumbList","@id":"https:\/\/canal7slp.tv\/2025\/groenlandia-afirma-su-soberania-ante-comentarios-de-trump\/#breadcrumb","itemListElement":[{"@type":"ListItem","position":1,"name":"Portada","item":"https:\/\/canal7slp.tv\/2025\/"},{"@type":"ListItem","position":2,"name":"Groenlandia afirma su soberan\u00eda ante comentarios de Trump"}]},{"@type":"WebSite","@id":"https:\/\/canal7slp.tv\/2025\/#website","url":"https:\/\/canal7slp.tv\/2025\/","name":"N7 - Noticieros Canal 7","description":"Somos el Medio","publisher":{"@id":"https:\/\/canal7slp.tv\/2025\/#organization"},"potentialAction":[{"@type":"SearchAction","target":{"@type":"EntryPoint","urlTemplate":"https:\/\/canal7slp.tv\/2025\/?s={search_term_string}"},"query-input":{"@type":"PropertyValueSpecification","valueRequired":true,"valueName":"search_term_string"}}],"inLanguage":"es"},{"@type":"Organization","@id":"https:\/\/canal7slp.tv\/2025\/#organization","name":"Noticieros Canal 7","url":"https:\/\/canal7slp.tv\/2025\/","logo":{"@type":"ImageObject","inLanguage":"es","@id":"https:\/\/canal7slp.tv\/2025\/#\/schema\/logo\/image\/","url":"https:\/\/canal7slp.tv\/2025\/wp-content\/uploads\/2021\/01\/logo-noticieros@2x.png","contentUrl":"https:\/\/canal7slp.tv\/2025\/wp-content\/uploads\/2021\/01\/logo-noticieros@2x.png","width":1017,"height":268,"caption":"Noticieros Canal 7"},"image":{"@id":"https:\/\/canal7slp.tv\/2025\/#\/schema\/logo\/image\/"},"sameAs":["https:\/\/www.facebook.com\/noticieroscanal7atencionciudadana\/","https:\/\/x.com\/NOTICIEROS7","https:\/\/www.instagram.com\/canal7_slp","https:\/\/www.youtube.com\/channel\/UCliiYs-gP3JfJeqdPrNdd5A"]},{"@type":"Person","@id":"https:\/\/canal7slp.tv\/2025\/#\/schema\/person\/271e2b60a96e7cc9d9ac296f4d7e414b","name":"Edici\u00f3n Web","image":{"@type":"ImageObject","inLanguage":"es","@id":"https:\/\/secure.gravatar.com\/avatar\/eee448fc3f7164808013b816ba91ac7e43bbe82a70bebac296f8bc6f0addaa1a?s=96&d=mm&r=g","url":"https:\/\/secure.gravatar.com\/avatar\/eee448fc3f7164808013b816ba91ac7e43bbe82a70bebac296f8bc6f0addaa1a?s=96&d=mm&r=g","contentUrl":"https:\/\/secure.gravatar.com\/avatar\/eee448fc3f7164808013b816ba91ac7e43bbe82a70bebac296f8bc6f0addaa1a?s=96&d=mm&r=g","caption":"Edici\u00f3n Web"},"url":"https:\/\/canal7slp.tv\/2025\/author\/edicionweb\/"}]}},"_links":{"self":[{"href":"https:\/\/canal7slp.tv\/2025\/wp-json\/wp\/v2\/posts\/154862","targetHints":{"allow":["GET"]}}],"collection":[{"href":"https:\/\/canal7slp.tv\/2025\/wp-json\/wp\/v2\/posts"}],"about":[{"href":"https:\/\/canal7slp.tv\/2025\/wp-json\/wp\/v2\/types\/post"}],"author":[{"embeddable":true,"href":"https:\/\/canal7slp.tv\/2025\/wp-json\/wp\/v2\/users\/2"}],"replies":[{"embeddable":true,"href":"https:\/\/canal7slp.tv\/2025\/wp-json\/wp\/v2\/comments?post=154862"}],"version-history":[{"count":1,"href":"https:\/\/canal7slp.tv\/2025\/wp-json\/wp\/v2\/posts\/154862\/revisions"}],"predecessor-version":[{"id":154864,"href":"https:\/\/canal7slp.tv\/2025\/wp-json\/wp\/v2\/posts\/154862\/revisions\/154864"}],"wp:featuredmedia":[{"embeddable":true,"href":"https:\/\/canal7slp.tv\/2025\/wp-json\/wp\/v2\/media\/154863"}],"wp:attachment":[{"href":"https:\/\/canal7slp.tv\/2025\/wp-json\/wp\/v2\/media?parent=154862"}],"wp:term":[{"taxonomy":"category","embeddable":true,"href":"https:\/\/canal7slp.tv\/2025\/wp-json\/wp\/v2\/categories?post=154862"},{"taxonomy":"post_tag","embeddable":true,"href":"https:\/\/canal7slp.tv\/2025\/wp-json\/wp\/v2\/tags?post=154862"}],"curies":[{"name":"wp","href":"https:\/\/api.w.org\/{rel}","templated":true}]}}