{"id":154859,"date":"2025-01-21T15:00:07","date_gmt":"2025-01-21T21:00:07","guid":{"rendered":"https:\/\/canal7slp.tv\/2025\/?p=154859"},"modified":"2025-01-21T15:00:07","modified_gmt":"2025-01-21T21:00:07","slug":"mexico-enfrentara-una-primavera-con-altas-temperaturas","status":"publish","type":"post","link":"https:\/\/canal7slp.tv\/2025\/mexico-enfrentara-una-primavera-con-altas-temperaturas\/","title":{"rendered":"M\u00e9xico enfrentar\u00e1 una primavera con altas temperaturas"},"content":{"rendered":"<p style=\"text-align: justify;\">M\u00e9xico.- Con el invierno llegando a su fin, el Servicio Meteorol\u00f3gico Nacional (SMN) anticipa un inicio temprano y m\u00e1s intenso de la temporada de calor en M\u00e9xico para 2025. Seg\u00fan los pron\u00f3sticos, esta etapa comenzar\u00e1 a finales de marzo y se intensificar\u00e1 en abril y mayo, con temperaturas que podr\u00edan superar los 45 \u00b0C en estados del norte y noroeste como Sonora, Sinaloa y Baja California.<\/p>\n<p style=\"text-align: justify;\">Investigadores de la UNAM, como Graciela Binimelis de Raga, estiman un 60% de probabilidad de que la primavera de 2025 sea una de las m\u00e1s calurosas registradas. Esta predicci\u00f3n se enmarca en una tendencia global de aumento de temperaturas, confirmada por la Organizaci\u00f3n Meteorol\u00f3gica Mundial (OMM), que declar\u00f3 2024 como el a\u00f1o m\u00e1s c\u00e1lido de la historia. Ant\u00f3nio Guterres, Secretario General de la ONU, ha subrayado la urgencia de tomar medidas para enfrentar el cambio clim\u00e1tico.<\/p>\n<p style=\"text-align: justify;\">Las olas de calor, caracterizadas por temperaturas anormalmente altas durante periodos prolongados, representan serios riesgos para la salud, la agricultura y el suministro de agua, especialmente para ni\u00f1os, ancianos y personas con enfermedades cr\u00f3nicas.<\/p>\n<p style=\"text-align: justify;\">Ante este escenario, el SMN recomienda tomar medidas preventivas:<\/p>\n<ul>\n<li style=\"text-align: justify;\">Hidrataci\u00f3n constante: Beber al menos dos litros de agua al d\u00eda.<\/li>\n<li style=\"text-align: justify;\">Protecci\u00f3n solar: Evitar exponerse al sol entre las 11:00 y 16:00 horas, usar protector solar y ropa ligera de colores claros.<\/li>\n<li style=\"text-align: justify;\">Alimentaci\u00f3n saludable: Priorizar comidas frescas como frutas y verduras.<\/li>\n<li style=\"text-align: justify;\">Cuidado especial: Prestar atenci\u00f3n a beb\u00e9s, ancianos y personas con enfermedades cr\u00f3nicas.<\/li>\n<\/ul>\n","protected":false},"excerpt":{"rendered":"<p>M\u00e9xico.- Con el invierno llegando a su fin, el Servicio Meteorol\u00f3gico Nacional (SMN) anticipa un inicio temprano y m\u00e1s intenso de la temporada de calor en M\u00e9xico para 2025. Seg\u00fan los pron\u00f3sticos, esta etapa comenzar\u00e1 a finales de marzo y se intensificar\u00e1 en abril y mayo, con temperaturas que podr\u00edan superar los 45 \u00b0C en estados del norte y noroeste como Sonora, Sinaloa y Baja California. Investigadores de la UNAM, como Graciela Binimelis de Raga, estiman un 60% de probabilidad de que la primavera de 2025 sea una de las m\u00e1s calurosas registradas. Esta predicci\u00f3n se enmarca en una tendencia [&hellip;]<\/p>\n","protected":false},"author":2,"featured_media":154860,"comment_status":"closed","ping_status":"closed","sticky":false,"template":"","format":"standard","meta":{"_monsterinsights_skip_tracking":false,"_monsterinsights_sitenote_active":false,"_monsterinsights_sitenote_note":"","_monsterinsights_sitenote_category":0,"footnotes":""},"categories":[46],"tags":[],"class_list":["post-154859","post","type-post","status-publish","format-standard","has-post-thumbnail","hentry","category-nacional","post--single"],"yoast_head":"<!-- This site is optimized with the Yoast SEO plugin v27.5 - https:\/\/yoast.com\/product\/yoast-seo-wordpress\/ -->\n<title>M\u00e9xico enfrentar\u00e1 una primavera con altas temperaturas - Canal 7 SLP - 2025<\/title>\n<meta name=\"robots\" content=\"index, follow, max-snippet:-1, max-image-preview:large, max-video-preview:-1\" \/>\n<link rel=\"canonical\" href=\"https:\/\/canal7slp.tv\/2025\/mexico-enfrentara-una-primavera-con-altas-temperaturas\/\" \/>\n<meta property=\"og:locale\" content=\"es_ES\" \/>\n<meta property=\"og:type\" content=\"article\" \/>\n<meta property=\"og:title\" content=\"M\u00e9xico enfrentar\u00e1 una primavera con altas temperaturas - Canal 7 SLP - 2025\" \/>\n<meta property=\"og:description\" content=\"M\u00e9xico.- Con el invierno llegando a su fin, el Servicio Meteorol\u00f3gico Nacional (SMN) anticipa un inicio temprano y m\u00e1s intenso de la temporada de calor en M\u00e9xico para 2025. Seg\u00fan los pron\u00f3sticos, esta etapa comenzar\u00e1 a finales de marzo y se intensificar\u00e1 en abril y mayo, con temperaturas que podr\u00edan superar los 45 \u00b0C en estados del norte y noroeste como Sonora, Sinaloa y Baja California. Investigadores de la UNAM, como Graciela Binimelis de Raga, estiman un 60% de probabilidad de que la primavera de 2025 sea una de las m\u00e1s calurosas registradas. Esta predicci\u00f3n se enmarca en una tendencia [&hellip;]\" \/>\n<meta property=\"og:url\" content=\"https:\/\/canal7slp.tv\/2025\/mexico-enfrentara-una-primavera-con-altas-temperaturas\/\" \/>\n<meta property=\"og:site_name\" content=\"Canal 7 SLP - 2025\" \/>\n<meta property=\"article:publisher\" content=\"https:\/\/www.facebook.com\/noticieroscanal7atencionciudadana\/\" \/>\n<meta property=\"article:published_time\" content=\"2025-01-21T21:00:07+00:00\" \/>\n<meta property=\"og:image\" content=\"https:\/\/canal7slp.tv\/2025\/wp-content\/uploads\/2025\/01\/07-19.jpg\" \/>\n\t<meta property=\"og:image:width\" content=\"750\" \/>\n\t<meta property=\"og:image:height\" content=\"500\" \/>\n\t<meta property=\"og:image:type\" content=\"image\/jpeg\" \/>\n<meta name=\"author\" content=\"Edici\u00f3n Web\" \/>\n<meta name=\"twitter:card\" content=\"summary_large_image\" \/>\n<meta name=\"twitter:creator\" content=\"@NOTICIEROS7\" \/>\n<meta name=\"twitter:site\" content=\"@NOTICIEROS7\" \/>\n<meta name=\"twitter:label1\" content=\"Escrito por\" \/>\n\t<meta name=\"twitter:data1\" content=\"Edici\u00f3n Web\" \/>\n\t<meta name=\"twitter:label2\" content=\"Tiempo de lectura\" \/>\n\t<meta name=\"twitter:data2\" content=\"2 minutos\" \/>\n<script type=\"application\/ld+json\" class=\"yoast-schema-graph\">{\"@context\":\"https:\\\/\\\/schema.org\",\"@graph\":[{\"@type\":\"Article\",\"@id\":\"https:\\\/\\\/canal7slp.tv\\\/2025\\\/mexico-enfrentara-una-primavera-con-altas-temperaturas\\\/#article\",\"isPartOf\":{\"@id\":\"https:\\\/\\\/canal7slp.tv\\\/2025\\\/mexico-enfrentara-una-primavera-con-altas-temperaturas\\\/\"},\"author\":{\"name\":\"Edici\u00f3n Web\",\"@id\":\"https:\\\/\\\/canal7slp.tv\\\/2025\\\/#\\\/schema\\\/person\\\/271e2b60a96e7cc9d9ac296f4d7e414b\"},\"headline\":\"M\u00e9xico enfrentar\u00e1 una primavera con altas temperaturas\",\"datePublished\":\"2025-01-21T21:00:07+00:00\",\"mainEntityOfPage\":{\"@id\":\"https:\\\/\\\/canal7slp.tv\\\/2025\\\/mexico-enfrentara-una-primavera-con-altas-temperaturas\\\/\"},\"wordCount\":265,\"publisher\":{\"@id\":\"https:\\\/\\\/canal7slp.tv\\\/2025\\\/#organization\"},\"image\":{\"@id\":\"https:\\\/\\\/canal7slp.tv\\\/2025\\\/mexico-enfrentara-una-primavera-con-altas-temperaturas\\\/#primaryimage\"},\"thumbnailUrl\":\"https:\\\/\\\/canal7slp.tv\\\/2025\\\/wp-content\\\/uploads\\\/2025\\\/01\\\/07-19.jpg\",\"articleSection\":[\"NACIONALES\"],\"inLanguage\":\"es\"},{\"@type\":\"WebPage\",\"@id\":\"https:\\\/\\\/canal7slp.tv\\\/2025\\\/mexico-enfrentara-una-primavera-con-altas-temperaturas\\\/\",\"url\":\"https:\\\/\\\/canal7slp.tv\\\/2025\\\/mexico-enfrentara-una-primavera-con-altas-temperaturas\\\/\",\"name\":\"M\u00e9xico enfrentar\u00e1 una primavera con altas temperaturas - Canal 7 SLP - 2025\",\"isPartOf\":{\"@id\":\"https:\\\/\\\/canal7slp.tv\\\/2025\\\/#website\"},\"primaryImageOfPage\":{\"@id\":\"https:\\\/\\\/canal7slp.tv\\\/2025\\\/mexico-enfrentara-una-primavera-con-altas-temperaturas\\\/#primaryimage\"},\"image\":{\"@id\":\"https:\\\/\\\/canal7slp.tv\\\/2025\\\/mexico-enfrentara-una-primavera-con-altas-temperaturas\\\/#primaryimage\"},\"thumbnailUrl\":\"https:\\\/\\\/canal7slp.tv\\\/2025\\\/wp-content\\\/uploads\\\/2025\\\/01\\\/07-19.jpg\",\"datePublished\":\"2025-01-21T21:00:07+00:00\",\"breadcrumb\":{\"@id\":\"https:\\\/\\\/canal7slp.tv\\\/2025\\\/mexico-enfrentara-una-primavera-con-altas-temperaturas\\\/#breadcrumb\"},\"inLanguage\":\"es\",\"potentialAction\":[{\"@type\":\"ReadAction\",\"target\":[\"https:\\\/\\\/canal7slp.tv\\\/2025\\\/mexico-enfrentara-una-primavera-con-altas-temperaturas\\\/\"]}]},{\"@type\":\"ImageObject\",\"inLanguage\":\"es\",\"@id\":\"https:\\\/\\\/canal7slp.tv\\\/2025\\\/mexico-enfrentara-una-primavera-con-altas-temperaturas\\\/#primaryimage\",\"url\":\"https:\\\/\\\/canal7slp.tv\\\/2025\\\/wp-content\\\/uploads\\\/2025\\\/01\\\/07-19.jpg\",\"contentUrl\":\"https:\\\/\\\/canal7slp.tv\\\/2025\\\/wp-content\\\/uploads\\\/2025\\\/01\\\/07-19.jpg\",\"width\":750,\"height\":500},{\"@type\":\"BreadcrumbList\",\"@id\":\"https:\\\/\\\/canal7slp.tv\\\/2025\\\/mexico-enfrentara-una-primavera-con-altas-temperaturas\\\/#breadcrumb\",\"itemListElement\":[{\"@type\":\"ListItem\",\"position\":1,\"name\":\"Portada\",\"item\":\"https:\\\/\\\/canal7slp.tv\\\/2025\\\/\"},{\"@type\":\"ListItem\",\"position\":2,\"name\":\"M\u00e9xico enfrentar\u00e1 una primavera con altas temperaturas\"}]},{\"@type\":\"WebSite\",\"@id\":\"https:\\\/\\\/canal7slp.tv\\\/2025\\\/#website\",\"url\":\"https:\\\/\\\/canal7slp.tv\\\/2025\\\/\",\"name\":\"N7 - Noticieros Canal 7\",\"description\":\"Somos el Medio\",\"publisher\":{\"@id\":\"https:\\\/\\\/canal7slp.tv\\\/2025\\\/#organization\"},\"potentialAction\":[{\"@type\":\"SearchAction\",\"target\":{\"@type\":\"EntryPoint\",\"urlTemplate\":\"https:\\\/\\\/canal7slp.tv\\\/2025\\\/?s={search_term_string}\"},\"query-input\":{\"@type\":\"PropertyValueSpecification\",\"valueRequired\":true,\"valueName\":\"search_term_string\"}}],\"inLanguage\":\"es\"},{\"@type\":\"Organization\",\"@id\":\"https:\\\/\\\/canal7slp.tv\\\/2025\\\/#organization\",\"name\":\"Noticieros Canal 7\",\"url\":\"https:\\\/\\\/canal7slp.tv\\\/2025\\\/\",\"logo\":{\"@type\":\"ImageObject\",\"inLanguage\":\"es\",\"@id\":\"https:\\\/\\\/canal7slp.tv\\\/2025\\\/#\\\/schema\\\/logo\\\/image\\\/\",\"url\":\"https:\\\/\\\/canal7slp.tv\\\/2025\\\/wp-content\\\/uploads\\\/2021\\\/01\\\/logo-noticieros@2x.png\",\"contentUrl\":\"https:\\\/\\\/canal7slp.tv\\\/2025\\\/wp-content\\\/uploads\\\/2021\\\/01\\\/logo-noticieros@2x.png\",\"width\":1017,\"height\":268,\"caption\":\"Noticieros Canal 7\"},\"image\":{\"@id\":\"https:\\\/\\\/canal7slp.tv\\\/2025\\\/#\\\/schema\\\/logo\\\/image\\\/\"},\"sameAs\":[\"https:\\\/\\\/www.facebook.com\\\/noticieroscanal7atencionciudadana\\\/\",\"https:\\\/\\\/x.com\\\/NOTICIEROS7\",\"https:\\\/\\\/www.instagram.com\\\/canal7_slp\",\"https:\\\/\\\/www.youtube.com\\\/channel\\\/UCliiYs-gP3JfJeqdPrNdd5A\"]},{\"@type\":\"Person\",\"@id\":\"https:\\\/\\\/canal7slp.tv\\\/2025\\\/#\\\/schema\\\/person\\\/271e2b60a96e7cc9d9ac296f4d7e414b\",\"name\":\"Edici\u00f3n Web\",\"image\":{\"@type\":\"ImageObject\",\"inLanguage\":\"es\",\"@id\":\"https:\\\/\\\/secure.gravatar.com\\\/avatar\\\/eee448fc3f7164808013b816ba91ac7e43bbe82a70bebac296f8bc6f0addaa1a?s=96&d=mm&r=g\",\"url\":\"https:\\\/\\\/secure.gravatar.com\\\/avatar\\\/eee448fc3f7164808013b816ba91ac7e43bbe82a70bebac296f8bc6f0addaa1a?s=96&d=mm&r=g\",\"contentUrl\":\"https:\\\/\\\/secure.gravatar.com\\\/avatar\\\/eee448fc3f7164808013b816ba91ac7e43bbe82a70bebac296f8bc6f0addaa1a?s=96&d=mm&r=g\",\"caption\":\"Edici\u00f3n Web\"},\"url\":\"https:\\\/\\\/canal7slp.tv\\\/2025\\\/author\\\/edicionweb\\\/\"}]}<\/script>\n<!-- \/ Yoast SEO plugin. -->","yoast_head_json":{"title":"M\u00e9xico enfrentar\u00e1 una primavera con altas temperaturas - Canal 7 SLP - 2025","robots":{"index":"index","follow":"follow","max-snippet":"max-snippet:-1","max-image-preview":"max-image-preview:large","max-video-preview":"max-video-preview:-1"},"canonical":"https:\/\/canal7slp.tv\/2025\/mexico-enfrentara-una-primavera-con-altas-temperaturas\/","og_locale":"es_ES","og_type":"article","og_title":"M\u00e9xico enfrentar\u00e1 una primavera con altas temperaturas - Canal 7 SLP - 2025","og_description":"M\u00e9xico.- Con el invierno llegando a su fin, el Servicio Meteorol\u00f3gico Nacional (SMN) anticipa un inicio temprano y m\u00e1s intenso de la temporada de calor en M\u00e9xico para 2025. Seg\u00fan los pron\u00f3sticos, esta etapa comenzar\u00e1 a finales de marzo y se intensificar\u00e1 en abril y mayo, con temperaturas que podr\u00edan superar los 45 \u00b0C en estados del norte y noroeste como Sonora, Sinaloa y Baja California. Investigadores de la UNAM, como Graciela Binimelis de Raga, estiman un 60% de probabilidad de que la primavera de 2025 sea una de las m\u00e1s calurosas registradas. Esta predicci\u00f3n se enmarca en una tendencia [&hellip;]","og_url":"https:\/\/canal7slp.tv\/2025\/mexico-enfrentara-una-primavera-con-altas-temperaturas\/","og_site_name":"Canal 7 SLP - 2025","article_publisher":"https:\/\/www.facebook.com\/noticieroscanal7atencionciudadana\/","article_published_time":"2025-01-21T21:00:07+00:00","og_image":[{"width":750,"height":500,"url":"https:\/\/canal7slp.tv\/2025\/wp-content\/uploads\/2025\/01\/07-19.jpg","type":"image\/jpeg"}],"author":"Edici\u00f3n Web","twitter_card":"summary_large_image","twitter_creator":"@NOTICIEROS7","twitter_site":"@NOTICIEROS7","twitter_misc":{"Escrito por":"Edici\u00f3n Web","Tiempo de lectura":"2 minutos"},"schema":{"@context":"https:\/\/schema.org","@graph":[{"@type":"Article","@id":"https:\/\/canal7slp.tv\/2025\/mexico-enfrentara-una-primavera-con-altas-temperaturas\/#article","isPartOf":{"@id":"https:\/\/canal7slp.tv\/2025\/mexico-enfrentara-una-primavera-con-altas-temperaturas\/"},"author":{"name":"Edici\u00f3n Web","@id":"https:\/\/canal7slp.tv\/2025\/#\/schema\/person\/271e2b60a96e7cc9d9ac296f4d7e414b"},"headline":"M\u00e9xico enfrentar\u00e1 una primavera con altas temperaturas","datePublished":"2025-01-21T21:00:07+00:00","mainEntityOfPage":{"@id":"https:\/\/canal7slp.tv\/2025\/mexico-enfrentara-una-primavera-con-altas-temperaturas\/"},"wordCount":265,"publisher":{"@id":"https:\/\/canal7slp.tv\/2025\/#organization"},"image":{"@id":"https:\/\/canal7slp.tv\/2025\/mexico-enfrentara-una-primavera-con-altas-temperaturas\/#primaryimage"},"thumbnailUrl":"https:\/\/canal7slp.tv\/2025\/wp-content\/uploads\/2025\/01\/07-19.jpg","articleSection":["NACIONALES"],"inLanguage":"es"},{"@type":"WebPage","@id":"https:\/\/canal7slp.tv\/2025\/mexico-enfrentara-una-primavera-con-altas-temperaturas\/","url":"https:\/\/canal7slp.tv\/2025\/mexico-enfrentara-una-primavera-con-altas-temperaturas\/","name":"M\u00e9xico enfrentar\u00e1 una primavera con altas temperaturas - Canal 7 SLP - 2025","isPartOf":{"@id":"https:\/\/canal7slp.tv\/2025\/#website"},"primaryImageOfPage":{"@id":"https:\/\/canal7slp.tv\/2025\/mexico-enfrentara-una-primavera-con-altas-temperaturas\/#primaryimage"},"image":{"@id":"https:\/\/canal7slp.tv\/2025\/mexico-enfrentara-una-primavera-con-altas-temperaturas\/#primaryimage"},"thumbnailUrl":"https:\/\/canal7slp.tv\/2025\/wp-content\/uploads\/2025\/01\/07-19.jpg","datePublished":"2025-01-21T21:00:07+00:00","breadcrumb":{"@id":"https:\/\/canal7slp.tv\/2025\/mexico-enfrentara-una-primavera-con-altas-temperaturas\/#breadcrumb"},"inLanguage":"es","potentialAction":[{"@type":"ReadAction","target":["https:\/\/canal7slp.tv\/2025\/mexico-enfrentara-una-primavera-con-altas-temperaturas\/"]}]},{"@type":"ImageObject","inLanguage":"es","@id":"https:\/\/canal7slp.tv\/2025\/mexico-enfrentara-una-primavera-con-altas-temperaturas\/#primaryimage","url":"https:\/\/canal7slp.tv\/2025\/wp-content\/uploads\/2025\/01\/07-19.jpg","contentUrl":"https:\/\/canal7slp.tv\/2025\/wp-content\/uploads\/2025\/01\/07-19.jpg","width":750,"height":500},{"@type":"BreadcrumbList","@id":"https:\/\/canal7slp.tv\/2025\/mexico-enfrentara-una-primavera-con-altas-temperaturas\/#breadcrumb","itemListElement":[{"@type":"ListItem","position":1,"name":"Portada","item":"https:\/\/canal7slp.tv\/2025\/"},{"@type":"ListItem","position":2,"name":"M\u00e9xico enfrentar\u00e1 una primavera con altas temperaturas"}]},{"@type":"WebSite","@id":"https:\/\/canal7slp.tv\/2025\/#website","url":"https:\/\/canal7slp.tv\/2025\/","name":"N7 - Noticieros Canal 7","description":"Somos el Medio","publisher":{"@id":"https:\/\/canal7slp.tv\/2025\/#organization"},"potentialAction":[{"@type":"SearchAction","target":{"@type":"EntryPoint","urlTemplate":"https:\/\/canal7slp.tv\/2025\/?s={search_term_string}"},"query-input":{"@type":"PropertyValueSpecification","valueRequired":true,"valueName":"search_term_string"}}],"inLanguage":"es"},{"@type":"Organization","@id":"https:\/\/canal7slp.tv\/2025\/#organization","name":"Noticieros Canal 7","url":"https:\/\/canal7slp.tv\/2025\/","logo":{"@type":"ImageObject","inLanguage":"es","@id":"https:\/\/canal7slp.tv\/2025\/#\/schema\/logo\/image\/","url":"https:\/\/canal7slp.tv\/2025\/wp-content\/uploads\/2021\/01\/logo-noticieros@2x.png","contentUrl":"https:\/\/canal7slp.tv\/2025\/wp-content\/uploads\/2021\/01\/logo-noticieros@2x.png","width":1017,"height":268,"caption":"Noticieros Canal 7"},"image":{"@id":"https:\/\/canal7slp.tv\/2025\/#\/schema\/logo\/image\/"},"sameAs":["https:\/\/www.facebook.com\/noticieroscanal7atencionciudadana\/","https:\/\/x.com\/NOTICIEROS7","https:\/\/www.instagram.com\/canal7_slp","https:\/\/www.youtube.com\/channel\/UCliiYs-gP3JfJeqdPrNdd5A"]},{"@type":"Person","@id":"https:\/\/canal7slp.tv\/2025\/#\/schema\/person\/271e2b60a96e7cc9d9ac296f4d7e414b","name":"Edici\u00f3n Web","image":{"@type":"ImageObject","inLanguage":"es","@id":"https:\/\/secure.gravatar.com\/avatar\/eee448fc3f7164808013b816ba91ac7e43bbe82a70bebac296f8bc6f0addaa1a?s=96&d=mm&r=g","url":"https:\/\/secure.gravatar.com\/avatar\/eee448fc3f7164808013b816ba91ac7e43bbe82a70bebac296f8bc6f0addaa1a?s=96&d=mm&r=g","contentUrl":"https:\/\/secure.gravatar.com\/avatar\/eee448fc3f7164808013b816ba91ac7e43bbe82a70bebac296f8bc6f0addaa1a?s=96&d=mm&r=g","caption":"Edici\u00f3n Web"},"url":"https:\/\/canal7slp.tv\/2025\/author\/edicionweb\/"}]}},"_links":{"self":[{"href":"https:\/\/canal7slp.tv\/2025\/wp-json\/wp\/v2\/posts\/154859","targetHints":{"allow":["GET"]}}],"collection":[{"href":"https:\/\/canal7slp.tv\/2025\/wp-json\/wp\/v2\/posts"}],"about":[{"href":"https:\/\/canal7slp.tv\/2025\/wp-json\/wp\/v2\/types\/post"}],"author":[{"embeddable":true,"href":"https:\/\/canal7slp.tv\/2025\/wp-json\/wp\/v2\/users\/2"}],"replies":[{"embeddable":true,"href":"https:\/\/canal7slp.tv\/2025\/wp-json\/wp\/v2\/comments?post=154859"}],"version-history":[{"count":1,"href":"https:\/\/canal7slp.tv\/2025\/wp-json\/wp\/v2\/posts\/154859\/revisions"}],"predecessor-version":[{"id":154861,"href":"https:\/\/canal7slp.tv\/2025\/wp-json\/wp\/v2\/posts\/154859\/revisions\/154861"}],"wp:featuredmedia":[{"embeddable":true,"href":"https:\/\/canal7slp.tv\/2025\/wp-json\/wp\/v2\/media\/154860"}],"wp:attachment":[{"href":"https:\/\/canal7slp.tv\/2025\/wp-json\/wp\/v2\/media?parent=154859"}],"wp:term":[{"taxonomy":"category","embeddable":true,"href":"https:\/\/canal7slp.tv\/2025\/wp-json\/wp\/v2\/categories?post=154859"},{"taxonomy":"post_tag","embeddable":true,"href":"https:\/\/canal7slp.tv\/2025\/wp-json\/wp\/v2\/tags?post=154859"}],"curies":[{"name":"wp","href":"https:\/\/api.w.org\/{rel}","templated":true}]}}