{"id":154601,"date":"2025-01-17T17:00:12","date_gmt":"2025-01-17T23:00:12","guid":{"rendered":"https:\/\/canal7slp.tv\/2025\/?p=154601"},"modified":"2025-01-17T17:00:52","modified_gmt":"2025-01-17T23:00:52","slug":"un-millon-de-visitantes-se-registraron-en-vacaciones-decembrinas-2024","status":"publish","type":"post","link":"https:\/\/canal7slp.tv\/2025\/un-millon-de-visitantes-se-registraron-en-vacaciones-decembrinas-2024\/","title":{"rendered":"Un mill\u00f3n de visitantes se registraron en vacaciones decembrinas 2024"},"content":{"rendered":"<p style=\"text-align: justify;\"><span style=\"font-size: 1.21429rem;\">SLP.- La visita de un mill\u00f3n de turistas se dio durante la m\u00e1s reciente temporada vacacional en la ciudad de San Luis Potos\u00ed, as\u00ed lo hizo saber la directora de Turismo Municipal, Claudia Lorena Peralta Antiga.<\/span><\/p>\n<p style=\"text-align: justify;\">\u201cNuestro n\u00famero m\u00e1gico aqu\u00ed en San Luis es el mill\u00f3n de visitantes y de turistas que fue el que llegamos y ya lo superamos, este n\u00famero es hist\u00f3rico, nunca se hab\u00eda alcanzado estos datos, y afortunadamente ya lo superamos\u201d.<\/p>\n<p style=\"text-align: justify;\">Esta cantidad represent\u00f3 un alza del ocho por ciento en comparaci\u00f3n con el a\u00f1o inmediato anterior.<\/p>\n<p style=\"text-align: justify;\">\u201cSuperamos los n\u00fameros del a\u00f1o pasado aproximadamente en un ocho por ciento en pr\u00e1cticamente todo\u201d.<\/p>\n<p style=\"text-align: justify;\">Las expectativas para el 2025 son amplias.<\/p>\n<p style=\"text-align: justify;\">\u201cCon el programa anual y que se est\u00e1n diversificando todas las actividades consideramos que la derrama va a ser durante todo el a\u00f1o\u201d.<\/p>\n<p style=\"text-align: justify;\">Congresos de todo tipo se realizar\u00e1n por igual.<\/p>\n<p style=\"text-align: justify;\">\u201cTraemos el tema de filmaciones y traemos algunos congresos que nos est\u00e1 beneficiando el programa que ya traemos cultural, para que puedan tomar la decisi\u00f3n de elegir como sede San Luis capital ya que van a poder aprovechar alguno de los grande eventos con los que estamos contando\u201d.<\/p>\n<p>Por: Juan Carlos Contreras<\/p>\n","protected":false},"excerpt":{"rendered":"<p>SLP.- La visita de un mill\u00f3n de turistas se dio durante la m\u00e1s reciente temporada vacacional en la ciudad de San Luis Potos\u00ed, as\u00ed lo hizo saber la directora de Turismo Municipal, Claudia Lorena Peralta Antiga. \u201cNuestro n\u00famero m\u00e1gico aqu\u00ed en San Luis es el mill\u00f3n de visitantes y de turistas que fue el que llegamos y ya lo superamos, este n\u00famero es hist\u00f3rico, nunca se hab\u00eda alcanzado estos datos, y afortunadamente ya lo superamos\u201d. Esta cantidad represent\u00f3 un alza del ocho por ciento en comparaci\u00f3n con el a\u00f1o inmediato anterior. \u201cSuperamos los n\u00fameros del a\u00f1o pasado aproximadamente en un [&hellip;]<\/p>\n","protected":false},"author":2,"featured_media":154607,"comment_status":"closed","ping_status":"closed","sticky":false,"template":"","format":"video","meta":{"_monsterinsights_skip_tracking":false,"_monsterinsights_sitenote_active":false,"_monsterinsights_sitenote_note":"","_monsterinsights_sitenote_category":0,"footnotes":""},"categories":[66,5,45],"tags":[],"class_list":["post-154601","post","type-post","status-publish","format-video","has-post-thumbnail","hentry","category-ayoslp","category-destacadas","category-localesyregionales","post_format-post-format-video","post--single"],"yoast_head":"<!-- This site is optimized with the Yoast SEO plugin v27.5 - https:\/\/yoast.com\/product\/yoast-seo-wordpress\/ -->\n<title>Un mill\u00f3n de visitantes se registraron en vacaciones decembrinas 2024 - Canal 7 SLP - 2025<\/title>\n<meta name=\"robots\" content=\"index, follow, max-snippet:-1, max-image-preview:large, max-video-preview:-1\" \/>\n<link rel=\"canonical\" href=\"https:\/\/canal7slp.tv\/2025\/un-millon-de-visitantes-se-registraron-en-vacaciones-decembrinas-2024\/\" \/>\n<meta property=\"og:locale\" content=\"es_ES\" \/>\n<meta property=\"og:type\" content=\"article\" \/>\n<meta property=\"og:title\" content=\"Un mill\u00f3n de visitantes se registraron en vacaciones decembrinas 2024 - Canal 7 SLP - 2025\" \/>\n<meta property=\"og:description\" content=\"SLP.- La visita de un mill\u00f3n de turistas se dio durante la m\u00e1s reciente temporada vacacional en la ciudad de San Luis Potos\u00ed, as\u00ed lo hizo saber la directora de Turismo Municipal, Claudia Lorena Peralta Antiga. \u201cNuestro n\u00famero m\u00e1gico aqu\u00ed en San Luis es el mill\u00f3n de visitantes y de turistas que fue el que llegamos y ya lo superamos, este n\u00famero es hist\u00f3rico, nunca se hab\u00eda alcanzado estos datos, y afortunadamente ya lo superamos\u201d. Esta cantidad represent\u00f3 un alza del ocho por ciento en comparaci\u00f3n con el a\u00f1o inmediato anterior. \u201cSuperamos los n\u00fameros del a\u00f1o pasado aproximadamente en un [&hellip;]\" \/>\n<meta property=\"og:url\" content=\"https:\/\/canal7slp.tv\/2025\/un-millon-de-visitantes-se-registraron-en-vacaciones-decembrinas-2024\/\" \/>\n<meta property=\"og:site_name\" content=\"Canal 7 SLP - 2025\" \/>\n<meta property=\"article:publisher\" content=\"https:\/\/www.facebook.com\/noticieroscanal7atencionciudadana\/\" \/>\n<meta property=\"article:published_time\" content=\"2025-01-17T23:00:12+00:00\" \/>\n<meta property=\"article:modified_time\" content=\"2025-01-17T23:00:52+00:00\" \/>\n<meta property=\"og:image\" content=\"https:\/\/canal7slp.tv\/2025\/wp-content\/uploads\/2025\/01\/Poky01Turismo2025.jpg\" \/>\n\t<meta property=\"og:image:width\" content=\"1280\" \/>\n\t<meta property=\"og:image:height\" content=\"720\" \/>\n\t<meta property=\"og:image:type\" content=\"image\/jpeg\" \/>\n<meta name=\"author\" content=\"Edici\u00f3n Web\" \/>\n<meta name=\"twitter:card\" content=\"summary_large_image\" \/>\n<meta name=\"twitter:creator\" content=\"@NOTICIEROS7\" \/>\n<meta name=\"twitter:site\" content=\"@NOTICIEROS7\" \/>\n<meta name=\"twitter:label1\" content=\"Escrito por\" \/>\n\t<meta name=\"twitter:data1\" content=\"Edici\u00f3n Web\" \/>\n\t<meta name=\"twitter:label2\" content=\"Tiempo de lectura\" \/>\n\t<meta name=\"twitter:data2\" content=\"2 minutos\" \/>\n<script type=\"application\/ld+json\" class=\"yoast-schema-graph\">{\"@context\":\"https:\\\/\\\/schema.org\",\"@graph\":[{\"@type\":\"Article\",\"@id\":\"https:\\\/\\\/canal7slp.tv\\\/2025\\\/un-millon-de-visitantes-se-registraron-en-vacaciones-decembrinas-2024\\\/#article\",\"isPartOf\":{\"@id\":\"https:\\\/\\\/canal7slp.tv\\\/2025\\\/un-millon-de-visitantes-se-registraron-en-vacaciones-decembrinas-2024\\\/\"},\"author\":{\"name\":\"Edici\u00f3n Web\",\"@id\":\"https:\\\/\\\/canal7slp.tv\\\/2025\\\/#\\\/schema\\\/person\\\/271e2b60a96e7cc9d9ac296f4d7e414b\"},\"headline\":\"Un mill\u00f3n de visitantes se registraron en vacaciones decembrinas 2024\",\"datePublished\":\"2025-01-17T23:00:12+00:00\",\"dateModified\":\"2025-01-17T23:00:52+00:00\",\"mainEntityOfPage\":{\"@id\":\"https:\\\/\\\/canal7slp.tv\\\/2025\\\/un-millon-de-visitantes-se-registraron-en-vacaciones-decembrinas-2024\\\/\"},\"wordCount\":223,\"publisher\":{\"@id\":\"https:\\\/\\\/canal7slp.tv\\\/2025\\\/#organization\"},\"image\":{\"@id\":\"https:\\\/\\\/canal7slp.tv\\\/2025\\\/un-millon-de-visitantes-se-registraron-en-vacaciones-decembrinas-2024\\\/#primaryimage\"},\"thumbnailUrl\":\"https:\\\/\\\/canal7slp.tv\\\/2025\\\/wp-content\\\/uploads\\\/2025\\\/01\\\/Poky01Turismo2025.jpg\",\"articleSection\":[\"AYOSLP\",\"DESTACADAS\",\"LOCALES Y REGIONALES\"],\"inLanguage\":\"es\"},{\"@type\":\"WebPage\",\"@id\":\"https:\\\/\\\/canal7slp.tv\\\/2025\\\/un-millon-de-visitantes-se-registraron-en-vacaciones-decembrinas-2024\\\/\",\"url\":\"https:\\\/\\\/canal7slp.tv\\\/2025\\\/un-millon-de-visitantes-se-registraron-en-vacaciones-decembrinas-2024\\\/\",\"name\":\"Un mill\u00f3n de visitantes se registraron en vacaciones decembrinas 2024 - Canal 7 SLP - 2025\",\"isPartOf\":{\"@id\":\"https:\\\/\\\/canal7slp.tv\\\/2025\\\/#website\"},\"primaryImageOfPage\":{\"@id\":\"https:\\\/\\\/canal7slp.tv\\\/2025\\\/un-millon-de-visitantes-se-registraron-en-vacaciones-decembrinas-2024\\\/#primaryimage\"},\"image\":{\"@id\":\"https:\\\/\\\/canal7slp.tv\\\/2025\\\/un-millon-de-visitantes-se-registraron-en-vacaciones-decembrinas-2024\\\/#primaryimage\"},\"thumbnailUrl\":\"https:\\\/\\\/canal7slp.tv\\\/2025\\\/wp-content\\\/uploads\\\/2025\\\/01\\\/Poky01Turismo2025.jpg\",\"datePublished\":\"2025-01-17T23:00:12+00:00\",\"dateModified\":\"2025-01-17T23:00:52+00:00\",\"breadcrumb\":{\"@id\":\"https:\\\/\\\/canal7slp.tv\\\/2025\\\/un-millon-de-visitantes-se-registraron-en-vacaciones-decembrinas-2024\\\/#breadcrumb\"},\"inLanguage\":\"es\",\"potentialAction\":[{\"@type\":\"ReadAction\",\"target\":[\"https:\\\/\\\/canal7slp.tv\\\/2025\\\/un-millon-de-visitantes-se-registraron-en-vacaciones-decembrinas-2024\\\/\"]}]},{\"@type\":\"ImageObject\",\"inLanguage\":\"es\",\"@id\":\"https:\\\/\\\/canal7slp.tv\\\/2025\\\/un-millon-de-visitantes-se-registraron-en-vacaciones-decembrinas-2024\\\/#primaryimage\",\"url\":\"https:\\\/\\\/canal7slp.tv\\\/2025\\\/wp-content\\\/uploads\\\/2025\\\/01\\\/Poky01Turismo2025.jpg\",\"contentUrl\":\"https:\\\/\\\/canal7slp.tv\\\/2025\\\/wp-content\\\/uploads\\\/2025\\\/01\\\/Poky01Turismo2025.jpg\",\"width\":1280,\"height\":720},{\"@type\":\"BreadcrumbList\",\"@id\":\"https:\\\/\\\/canal7slp.tv\\\/2025\\\/un-millon-de-visitantes-se-registraron-en-vacaciones-decembrinas-2024\\\/#breadcrumb\",\"itemListElement\":[{\"@type\":\"ListItem\",\"position\":1,\"name\":\"Portada\",\"item\":\"https:\\\/\\\/canal7slp.tv\\\/2025\\\/\"},{\"@type\":\"ListItem\",\"position\":2,\"name\":\"Un mill\u00f3n de visitantes se registraron en vacaciones decembrinas 2024\"}]},{\"@type\":\"WebSite\",\"@id\":\"https:\\\/\\\/canal7slp.tv\\\/2025\\\/#website\",\"url\":\"https:\\\/\\\/canal7slp.tv\\\/2025\\\/\",\"name\":\"N7 - Noticieros Canal 7\",\"description\":\"Somos el Medio\",\"publisher\":{\"@id\":\"https:\\\/\\\/canal7slp.tv\\\/2025\\\/#organization\"},\"potentialAction\":[{\"@type\":\"SearchAction\",\"target\":{\"@type\":\"EntryPoint\",\"urlTemplate\":\"https:\\\/\\\/canal7slp.tv\\\/2025\\\/?s={search_term_string}\"},\"query-input\":{\"@type\":\"PropertyValueSpecification\",\"valueRequired\":true,\"valueName\":\"search_term_string\"}}],\"inLanguage\":\"es\"},{\"@type\":\"Organization\",\"@id\":\"https:\\\/\\\/canal7slp.tv\\\/2025\\\/#organization\",\"name\":\"Noticieros Canal 7\",\"url\":\"https:\\\/\\\/canal7slp.tv\\\/2025\\\/\",\"logo\":{\"@type\":\"ImageObject\",\"inLanguage\":\"es\",\"@id\":\"https:\\\/\\\/canal7slp.tv\\\/2025\\\/#\\\/schema\\\/logo\\\/image\\\/\",\"url\":\"https:\\\/\\\/canal7slp.tv\\\/2025\\\/wp-content\\\/uploads\\\/2021\\\/01\\\/logo-noticieros@2x.png\",\"contentUrl\":\"https:\\\/\\\/canal7slp.tv\\\/2025\\\/wp-content\\\/uploads\\\/2021\\\/01\\\/logo-noticieros@2x.png\",\"width\":1017,\"height\":268,\"caption\":\"Noticieros Canal 7\"},\"image\":{\"@id\":\"https:\\\/\\\/canal7slp.tv\\\/2025\\\/#\\\/schema\\\/logo\\\/image\\\/\"},\"sameAs\":[\"https:\\\/\\\/www.facebook.com\\\/noticieroscanal7atencionciudadana\\\/\",\"https:\\\/\\\/x.com\\\/NOTICIEROS7\",\"https:\\\/\\\/www.instagram.com\\\/canal7_slp\",\"https:\\\/\\\/www.youtube.com\\\/channel\\\/UCliiYs-gP3JfJeqdPrNdd5A\"]},{\"@type\":\"Person\",\"@id\":\"https:\\\/\\\/canal7slp.tv\\\/2025\\\/#\\\/schema\\\/person\\\/271e2b60a96e7cc9d9ac296f4d7e414b\",\"name\":\"Edici\u00f3n Web\",\"image\":{\"@type\":\"ImageObject\",\"inLanguage\":\"es\",\"@id\":\"https:\\\/\\\/secure.gravatar.com\\\/avatar\\\/eee448fc3f7164808013b816ba91ac7e43bbe82a70bebac296f8bc6f0addaa1a?s=96&d=mm&r=g\",\"url\":\"https:\\\/\\\/secure.gravatar.com\\\/avatar\\\/eee448fc3f7164808013b816ba91ac7e43bbe82a70bebac296f8bc6f0addaa1a?s=96&d=mm&r=g\",\"contentUrl\":\"https:\\\/\\\/secure.gravatar.com\\\/avatar\\\/eee448fc3f7164808013b816ba91ac7e43bbe82a70bebac296f8bc6f0addaa1a?s=96&d=mm&r=g\",\"caption\":\"Edici\u00f3n Web\"},\"url\":\"https:\\\/\\\/canal7slp.tv\\\/2025\\\/author\\\/edicionweb\\\/\"}]}<\/script>\n<!-- \/ Yoast SEO plugin. -->","yoast_head_json":{"title":"Un mill\u00f3n de visitantes se registraron en vacaciones decembrinas 2024 - Canal 7 SLP - 2025","robots":{"index":"index","follow":"follow","max-snippet":"max-snippet:-1","max-image-preview":"max-image-preview:large","max-video-preview":"max-video-preview:-1"},"canonical":"https:\/\/canal7slp.tv\/2025\/un-millon-de-visitantes-se-registraron-en-vacaciones-decembrinas-2024\/","og_locale":"es_ES","og_type":"article","og_title":"Un mill\u00f3n de visitantes se registraron en vacaciones decembrinas 2024 - Canal 7 SLP - 2025","og_description":"SLP.- La visita de un mill\u00f3n de turistas se dio durante la m\u00e1s reciente temporada vacacional en la ciudad de San Luis Potos\u00ed, as\u00ed lo hizo saber la directora de Turismo Municipal, Claudia Lorena Peralta Antiga. \u201cNuestro n\u00famero m\u00e1gico aqu\u00ed en San Luis es el mill\u00f3n de visitantes y de turistas que fue el que llegamos y ya lo superamos, este n\u00famero es hist\u00f3rico, nunca se hab\u00eda alcanzado estos datos, y afortunadamente ya lo superamos\u201d. Esta cantidad represent\u00f3 un alza del ocho por ciento en comparaci\u00f3n con el a\u00f1o inmediato anterior. \u201cSuperamos los n\u00fameros del a\u00f1o pasado aproximadamente en un [&hellip;]","og_url":"https:\/\/canal7slp.tv\/2025\/un-millon-de-visitantes-se-registraron-en-vacaciones-decembrinas-2024\/","og_site_name":"Canal 7 SLP - 2025","article_publisher":"https:\/\/www.facebook.com\/noticieroscanal7atencionciudadana\/","article_published_time":"2025-01-17T23:00:12+00:00","article_modified_time":"2025-01-17T23:00:52+00:00","og_image":[{"width":1280,"height":720,"url":"https:\/\/canal7slp.tv\/2025\/wp-content\/uploads\/2025\/01\/Poky01Turismo2025.jpg","type":"image\/jpeg"}],"author":"Edici\u00f3n Web","twitter_card":"summary_large_image","twitter_creator":"@NOTICIEROS7","twitter_site":"@NOTICIEROS7","twitter_misc":{"Escrito por":"Edici\u00f3n Web","Tiempo de lectura":"2 minutos"},"schema":{"@context":"https:\/\/schema.org","@graph":[{"@type":"Article","@id":"https:\/\/canal7slp.tv\/2025\/un-millon-de-visitantes-se-registraron-en-vacaciones-decembrinas-2024\/#article","isPartOf":{"@id":"https:\/\/canal7slp.tv\/2025\/un-millon-de-visitantes-se-registraron-en-vacaciones-decembrinas-2024\/"},"author":{"name":"Edici\u00f3n Web","@id":"https:\/\/canal7slp.tv\/2025\/#\/schema\/person\/271e2b60a96e7cc9d9ac296f4d7e414b"},"headline":"Un mill\u00f3n de visitantes se registraron en vacaciones decembrinas 2024","datePublished":"2025-01-17T23:00:12+00:00","dateModified":"2025-01-17T23:00:52+00:00","mainEntityOfPage":{"@id":"https:\/\/canal7slp.tv\/2025\/un-millon-de-visitantes-se-registraron-en-vacaciones-decembrinas-2024\/"},"wordCount":223,"publisher":{"@id":"https:\/\/canal7slp.tv\/2025\/#organization"},"image":{"@id":"https:\/\/canal7slp.tv\/2025\/un-millon-de-visitantes-se-registraron-en-vacaciones-decembrinas-2024\/#primaryimage"},"thumbnailUrl":"https:\/\/canal7slp.tv\/2025\/wp-content\/uploads\/2025\/01\/Poky01Turismo2025.jpg","articleSection":["AYOSLP","DESTACADAS","LOCALES Y REGIONALES"],"inLanguage":"es"},{"@type":"WebPage","@id":"https:\/\/canal7slp.tv\/2025\/un-millon-de-visitantes-se-registraron-en-vacaciones-decembrinas-2024\/","url":"https:\/\/canal7slp.tv\/2025\/un-millon-de-visitantes-se-registraron-en-vacaciones-decembrinas-2024\/","name":"Un mill\u00f3n de visitantes se registraron en vacaciones decembrinas 2024 - Canal 7 SLP - 2025","isPartOf":{"@id":"https:\/\/canal7slp.tv\/2025\/#website"},"primaryImageOfPage":{"@id":"https:\/\/canal7slp.tv\/2025\/un-millon-de-visitantes-se-registraron-en-vacaciones-decembrinas-2024\/#primaryimage"},"image":{"@id":"https:\/\/canal7slp.tv\/2025\/un-millon-de-visitantes-se-registraron-en-vacaciones-decembrinas-2024\/#primaryimage"},"thumbnailUrl":"https:\/\/canal7slp.tv\/2025\/wp-content\/uploads\/2025\/01\/Poky01Turismo2025.jpg","datePublished":"2025-01-17T23:00:12+00:00","dateModified":"2025-01-17T23:00:52+00:00","breadcrumb":{"@id":"https:\/\/canal7slp.tv\/2025\/un-millon-de-visitantes-se-registraron-en-vacaciones-decembrinas-2024\/#breadcrumb"},"inLanguage":"es","potentialAction":[{"@type":"ReadAction","target":["https:\/\/canal7slp.tv\/2025\/un-millon-de-visitantes-se-registraron-en-vacaciones-decembrinas-2024\/"]}]},{"@type":"ImageObject","inLanguage":"es","@id":"https:\/\/canal7slp.tv\/2025\/un-millon-de-visitantes-se-registraron-en-vacaciones-decembrinas-2024\/#primaryimage","url":"https:\/\/canal7slp.tv\/2025\/wp-content\/uploads\/2025\/01\/Poky01Turismo2025.jpg","contentUrl":"https:\/\/canal7slp.tv\/2025\/wp-content\/uploads\/2025\/01\/Poky01Turismo2025.jpg","width":1280,"height":720},{"@type":"BreadcrumbList","@id":"https:\/\/canal7slp.tv\/2025\/un-millon-de-visitantes-se-registraron-en-vacaciones-decembrinas-2024\/#breadcrumb","itemListElement":[{"@type":"ListItem","position":1,"name":"Portada","item":"https:\/\/canal7slp.tv\/2025\/"},{"@type":"ListItem","position":2,"name":"Un mill\u00f3n de visitantes se registraron en vacaciones decembrinas 2024"}]},{"@type":"WebSite","@id":"https:\/\/canal7slp.tv\/2025\/#website","url":"https:\/\/canal7slp.tv\/2025\/","name":"N7 - Noticieros Canal 7","description":"Somos el Medio","publisher":{"@id":"https:\/\/canal7slp.tv\/2025\/#organization"},"potentialAction":[{"@type":"SearchAction","target":{"@type":"EntryPoint","urlTemplate":"https:\/\/canal7slp.tv\/2025\/?s={search_term_string}"},"query-input":{"@type":"PropertyValueSpecification","valueRequired":true,"valueName":"search_term_string"}}],"inLanguage":"es"},{"@type":"Organization","@id":"https:\/\/canal7slp.tv\/2025\/#organization","name":"Noticieros Canal 7","url":"https:\/\/canal7slp.tv\/2025\/","logo":{"@type":"ImageObject","inLanguage":"es","@id":"https:\/\/canal7slp.tv\/2025\/#\/schema\/logo\/image\/","url":"https:\/\/canal7slp.tv\/2025\/wp-content\/uploads\/2021\/01\/logo-noticieros@2x.png","contentUrl":"https:\/\/canal7slp.tv\/2025\/wp-content\/uploads\/2021\/01\/logo-noticieros@2x.png","width":1017,"height":268,"caption":"Noticieros Canal 7"},"image":{"@id":"https:\/\/canal7slp.tv\/2025\/#\/schema\/logo\/image\/"},"sameAs":["https:\/\/www.facebook.com\/noticieroscanal7atencionciudadana\/","https:\/\/x.com\/NOTICIEROS7","https:\/\/www.instagram.com\/canal7_slp","https:\/\/www.youtube.com\/channel\/UCliiYs-gP3JfJeqdPrNdd5A"]},{"@type":"Person","@id":"https:\/\/canal7slp.tv\/2025\/#\/schema\/person\/271e2b60a96e7cc9d9ac296f4d7e414b","name":"Edici\u00f3n Web","image":{"@type":"ImageObject","inLanguage":"es","@id":"https:\/\/secure.gravatar.com\/avatar\/eee448fc3f7164808013b816ba91ac7e43bbe82a70bebac296f8bc6f0addaa1a?s=96&d=mm&r=g","url":"https:\/\/secure.gravatar.com\/avatar\/eee448fc3f7164808013b816ba91ac7e43bbe82a70bebac296f8bc6f0addaa1a?s=96&d=mm&r=g","contentUrl":"https:\/\/secure.gravatar.com\/avatar\/eee448fc3f7164808013b816ba91ac7e43bbe82a70bebac296f8bc6f0addaa1a?s=96&d=mm&r=g","caption":"Edici\u00f3n Web"},"url":"https:\/\/canal7slp.tv\/2025\/author\/edicionweb\/"}]}},"_links":{"self":[{"href":"https:\/\/canal7slp.tv\/2025\/wp-json\/wp\/v2\/posts\/154601","targetHints":{"allow":["GET"]}}],"collection":[{"href":"https:\/\/canal7slp.tv\/2025\/wp-json\/wp\/v2\/posts"}],"about":[{"href":"https:\/\/canal7slp.tv\/2025\/wp-json\/wp\/v2\/types\/post"}],"author":[{"embeddable":true,"href":"https:\/\/canal7slp.tv\/2025\/wp-json\/wp\/v2\/users\/2"}],"replies":[{"embeddable":true,"href":"https:\/\/canal7slp.tv\/2025\/wp-json\/wp\/v2\/comments?post=154601"}],"version-history":[{"count":3,"href":"https:\/\/canal7slp.tv\/2025\/wp-json\/wp\/v2\/posts\/154601\/revisions"}],"predecessor-version":[{"id":154609,"href":"https:\/\/canal7slp.tv\/2025\/wp-json\/wp\/v2\/posts\/154601\/revisions\/154609"}],"wp:featuredmedia":[{"embeddable":true,"href":"https:\/\/canal7slp.tv\/2025\/wp-json\/wp\/v2\/media\/154607"}],"wp:attachment":[{"href":"https:\/\/canal7slp.tv\/2025\/wp-json\/wp\/v2\/media?parent=154601"}],"wp:term":[{"taxonomy":"category","embeddable":true,"href":"https:\/\/canal7slp.tv\/2025\/wp-json\/wp\/v2\/categories?post=154601"},{"taxonomy":"post_tag","embeddable":true,"href":"https:\/\/canal7slp.tv\/2025\/wp-json\/wp\/v2\/tags?post=154601"}],"curies":[{"name":"wp","href":"https:\/\/api.w.org\/{rel}","templated":true}]}}