{"id":154595,"date":"2025-01-17T16:41:16","date_gmt":"2025-01-17T22:41:16","guid":{"rendered":"https:\/\/canal7slp.tv\/2025\/?p=154595"},"modified":"2025-01-17T16:41:16","modified_gmt":"2025-01-17T22:41:16","slug":"autoridades-de-california-reabren-zonas-de-evacuacion","status":"publish","type":"post","link":"https:\/\/canal7slp.tv\/2025\/autoridades-de-california-reabren-zonas-de-evacuacion\/","title":{"rendered":"Autoridades de California reabren zonas de evacuaci\u00f3n"},"content":{"rendered":"<p style=\"text-align: justify;\">\n<ul style=\"text-align: justify;\">\n<li>M\u00e1s de 11 mil residentes regresan a sus hogares.<\/li>\n<\/ul>\n<p style=\"text-align: justify;\">Los \u00c1ngeles.- M\u00e1s de 11 mil residentes del condado de Los \u00c1ngeles, California, han podido regresar a sus hogares tras el levantamiento parcial de las \u00f3rdenes de evacuaci\u00f3n relacionadas con los devastadores incendios de Palisades y Eaton, que hasta ahora han cobrado al menos 27 vidas.<\/p>\n<p style=\"text-align: justify;\">Las \u00e1reas reabiertas est\u00e1n accesibles \u00fanicamente para residentes, quienes deben presentar una identificaci\u00f3n oficial que acredite su direcci\u00f3n para evitar saqueos. De los fallecidos, 10 corresponden al incendio de Palisades y 17 al de Eaton.<\/p>\n<p style=\"text-align: justify;\">Los equipos de bomberos han logrado progresos significativos en la lucha contra las llamas:<\/p>\n<ul style=\"text-align: justify;\">\n<li>Incendio de Palisades: Contenido en un 31%, tras destruir m\u00e1s de 3,300 estructuras.<\/li>\n<li>Incendio de Eaton: Contenido en un 65%, afectando principalmente las \u00e1reas de Pasadena y Altadena.<\/li>\n<\/ul>\n<p style=\"text-align: justify;\">Sin embargo, 31 personas permanecen desaparecidas desde el inicio de los incendios el pasado 7 de enero. La Oficina de Homicidios del Sheriff del Condado de Los \u00c1ngeles ha publicado los nombres de 17 desaparecidos para solicitar la ayuda de la comunidad en su localizaci\u00f3n.<\/p>\n<p style=\"text-align: justify;\">Aunque las autoridades no esperan que los incendios se expandan durante el fin de semana, el Servicio Nacional de Meteorolog\u00eda ha emitido una alerta ante posibles condiciones cr\u00edticas entre el 24 y el 30 de enero, debido a una nueva serie de vientos de Santa Ana.<\/p>\n","protected":false},"excerpt":{"rendered":"<p>M\u00e1s de 11 mil residentes regresan a sus hogares. Los \u00c1ngeles.- M\u00e1s de 11 mil residentes del condado de Los \u00c1ngeles, California, han podido regresar a sus hogares tras el levantamiento parcial de las \u00f3rdenes de evacuaci\u00f3n relacionadas con los devastadores incendios de Palisades y Eaton, que hasta ahora han cobrado al menos 27 vidas. Las \u00e1reas reabiertas est\u00e1n accesibles \u00fanicamente para residentes, quienes deben presentar una identificaci\u00f3n oficial que acredite su direcci\u00f3n para evitar saqueos. De los fallecidos, 10 corresponden al incendio de Palisades y 17 al de Eaton. Los equipos de bomberos han logrado progresos significativos en la [&hellip;]<\/p>\n","protected":false},"author":2,"featured_media":154596,"comment_status":"closed","ping_status":"closed","sticky":false,"template":"","format":"standard","meta":{"_monsterinsights_skip_tracking":false,"_monsterinsights_sitenote_active":false,"_monsterinsights_sitenote_note":"","_monsterinsights_sitenote_category":0,"footnotes":""},"categories":[44],"tags":[],"class_list":["post-154595","post","type-post","status-publish","format-standard","has-post-thumbnail","hentry","category-internacional","post--single"],"yoast_head":"<!-- This site is optimized with the Yoast SEO plugin v27.5 - https:\/\/yoast.com\/product\/yoast-seo-wordpress\/ -->\n<title>Autoridades de California reabren zonas de evacuaci\u00f3n - Canal 7 SLP - 2025<\/title>\n<meta name=\"robots\" content=\"index, follow, max-snippet:-1, max-image-preview:large, max-video-preview:-1\" \/>\n<link rel=\"canonical\" href=\"https:\/\/canal7slp.tv\/2025\/autoridades-de-california-reabren-zonas-de-evacuacion\/\" \/>\n<meta property=\"og:locale\" content=\"es_ES\" \/>\n<meta property=\"og:type\" content=\"article\" \/>\n<meta property=\"og:title\" content=\"Autoridades de California reabren zonas de evacuaci\u00f3n - Canal 7 SLP - 2025\" \/>\n<meta property=\"og:description\" content=\"M\u00e1s de 11 mil residentes regresan a sus hogares. Los \u00c1ngeles.- M\u00e1s de 11 mil residentes del condado de Los \u00c1ngeles, California, han podido regresar a sus hogares tras el levantamiento parcial de las \u00f3rdenes de evacuaci\u00f3n relacionadas con los devastadores incendios de Palisades y Eaton, que hasta ahora han cobrado al menos 27 vidas. Las \u00e1reas reabiertas est\u00e1n accesibles \u00fanicamente para residentes, quienes deben presentar una identificaci\u00f3n oficial que acredite su direcci\u00f3n para evitar saqueos. De los fallecidos, 10 corresponden al incendio de Palisades y 17 al de Eaton. Los equipos de bomberos han logrado progresos significativos en la [&hellip;]\" \/>\n<meta property=\"og:url\" content=\"https:\/\/canal7slp.tv\/2025\/autoridades-de-california-reabren-zonas-de-evacuacion\/\" \/>\n<meta property=\"og:site_name\" content=\"Canal 7 SLP - 2025\" \/>\n<meta property=\"article:publisher\" content=\"https:\/\/www.facebook.com\/noticieroscanal7atencionciudadana\/\" \/>\n<meta property=\"article:published_time\" content=\"2025-01-17T22:41:16+00:00\" \/>\n<meta property=\"og:image\" content=\"https:\/\/canal7slp.tv\/2025\/wp-content\/uploads\/2025\/01\/10-14.jpg\" \/>\n\t<meta property=\"og:image:width\" content=\"750\" \/>\n\t<meta property=\"og:image:height\" content=\"500\" \/>\n\t<meta property=\"og:image:type\" content=\"image\/jpeg\" \/>\n<meta name=\"author\" content=\"Edici\u00f3n Web\" \/>\n<meta name=\"twitter:card\" content=\"summary_large_image\" \/>\n<meta name=\"twitter:creator\" content=\"@NOTICIEROS7\" \/>\n<meta name=\"twitter:site\" content=\"@NOTICIEROS7\" \/>\n<meta name=\"twitter:label1\" content=\"Escrito por\" \/>\n\t<meta name=\"twitter:data1\" content=\"Edici\u00f3n Web\" \/>\n\t<meta name=\"twitter:label2\" content=\"Tiempo de lectura\" \/>\n\t<meta name=\"twitter:data2\" content=\"2 minutos\" \/>\n<script type=\"application\/ld+json\" class=\"yoast-schema-graph\">{\"@context\":\"https:\\\/\\\/schema.org\",\"@graph\":[{\"@type\":\"Article\",\"@id\":\"https:\\\/\\\/canal7slp.tv\\\/2025\\\/autoridades-de-california-reabren-zonas-de-evacuacion\\\/#article\",\"isPartOf\":{\"@id\":\"https:\\\/\\\/canal7slp.tv\\\/2025\\\/autoridades-de-california-reabren-zonas-de-evacuacion\\\/\"},\"author\":{\"name\":\"Edici\u00f3n Web\",\"@id\":\"https:\\\/\\\/canal7slp.tv\\\/2025\\\/#\\\/schema\\\/person\\\/271e2b60a96e7cc9d9ac296f4d7e414b\"},\"headline\":\"Autoridades de California reabren zonas de evacuaci\u00f3n\",\"datePublished\":\"2025-01-17T22:41:16+00:00\",\"mainEntityOfPage\":{\"@id\":\"https:\\\/\\\/canal7slp.tv\\\/2025\\\/autoridades-de-california-reabren-zonas-de-evacuacion\\\/\"},\"wordCount\":229,\"publisher\":{\"@id\":\"https:\\\/\\\/canal7slp.tv\\\/2025\\\/#organization\"},\"image\":{\"@id\":\"https:\\\/\\\/canal7slp.tv\\\/2025\\\/autoridades-de-california-reabren-zonas-de-evacuacion\\\/#primaryimage\"},\"thumbnailUrl\":\"https:\\\/\\\/canal7slp.tv\\\/2025\\\/wp-content\\\/uploads\\\/2025\\\/01\\\/10-14.jpg\",\"articleSection\":[\"INTERNACIONALES\"],\"inLanguage\":\"es\"},{\"@type\":\"WebPage\",\"@id\":\"https:\\\/\\\/canal7slp.tv\\\/2025\\\/autoridades-de-california-reabren-zonas-de-evacuacion\\\/\",\"url\":\"https:\\\/\\\/canal7slp.tv\\\/2025\\\/autoridades-de-california-reabren-zonas-de-evacuacion\\\/\",\"name\":\"Autoridades de California reabren zonas de evacuaci\u00f3n - Canal 7 SLP - 2025\",\"isPartOf\":{\"@id\":\"https:\\\/\\\/canal7slp.tv\\\/2025\\\/#website\"},\"primaryImageOfPage\":{\"@id\":\"https:\\\/\\\/canal7slp.tv\\\/2025\\\/autoridades-de-california-reabren-zonas-de-evacuacion\\\/#primaryimage\"},\"image\":{\"@id\":\"https:\\\/\\\/canal7slp.tv\\\/2025\\\/autoridades-de-california-reabren-zonas-de-evacuacion\\\/#primaryimage\"},\"thumbnailUrl\":\"https:\\\/\\\/canal7slp.tv\\\/2025\\\/wp-content\\\/uploads\\\/2025\\\/01\\\/10-14.jpg\",\"datePublished\":\"2025-01-17T22:41:16+00:00\",\"breadcrumb\":{\"@id\":\"https:\\\/\\\/canal7slp.tv\\\/2025\\\/autoridades-de-california-reabren-zonas-de-evacuacion\\\/#breadcrumb\"},\"inLanguage\":\"es\",\"potentialAction\":[{\"@type\":\"ReadAction\",\"target\":[\"https:\\\/\\\/canal7slp.tv\\\/2025\\\/autoridades-de-california-reabren-zonas-de-evacuacion\\\/\"]}]},{\"@type\":\"ImageObject\",\"inLanguage\":\"es\",\"@id\":\"https:\\\/\\\/canal7slp.tv\\\/2025\\\/autoridades-de-california-reabren-zonas-de-evacuacion\\\/#primaryimage\",\"url\":\"https:\\\/\\\/canal7slp.tv\\\/2025\\\/wp-content\\\/uploads\\\/2025\\\/01\\\/10-14.jpg\",\"contentUrl\":\"https:\\\/\\\/canal7slp.tv\\\/2025\\\/wp-content\\\/uploads\\\/2025\\\/01\\\/10-14.jpg\",\"width\":750,\"height\":500},{\"@type\":\"BreadcrumbList\",\"@id\":\"https:\\\/\\\/canal7slp.tv\\\/2025\\\/autoridades-de-california-reabren-zonas-de-evacuacion\\\/#breadcrumb\",\"itemListElement\":[{\"@type\":\"ListItem\",\"position\":1,\"name\":\"Portada\",\"item\":\"https:\\\/\\\/canal7slp.tv\\\/2025\\\/\"},{\"@type\":\"ListItem\",\"position\":2,\"name\":\"Autoridades de California reabren zonas de evacuaci\u00f3n\"}]},{\"@type\":\"WebSite\",\"@id\":\"https:\\\/\\\/canal7slp.tv\\\/2025\\\/#website\",\"url\":\"https:\\\/\\\/canal7slp.tv\\\/2025\\\/\",\"name\":\"N7 - Noticieros Canal 7\",\"description\":\"Somos el Medio\",\"publisher\":{\"@id\":\"https:\\\/\\\/canal7slp.tv\\\/2025\\\/#organization\"},\"potentialAction\":[{\"@type\":\"SearchAction\",\"target\":{\"@type\":\"EntryPoint\",\"urlTemplate\":\"https:\\\/\\\/canal7slp.tv\\\/2025\\\/?s={search_term_string}\"},\"query-input\":{\"@type\":\"PropertyValueSpecification\",\"valueRequired\":true,\"valueName\":\"search_term_string\"}}],\"inLanguage\":\"es\"},{\"@type\":\"Organization\",\"@id\":\"https:\\\/\\\/canal7slp.tv\\\/2025\\\/#organization\",\"name\":\"Noticieros Canal 7\",\"url\":\"https:\\\/\\\/canal7slp.tv\\\/2025\\\/\",\"logo\":{\"@type\":\"ImageObject\",\"inLanguage\":\"es\",\"@id\":\"https:\\\/\\\/canal7slp.tv\\\/2025\\\/#\\\/schema\\\/logo\\\/image\\\/\",\"url\":\"https:\\\/\\\/canal7slp.tv\\\/2025\\\/wp-content\\\/uploads\\\/2021\\\/01\\\/logo-noticieros@2x.png\",\"contentUrl\":\"https:\\\/\\\/canal7slp.tv\\\/2025\\\/wp-content\\\/uploads\\\/2021\\\/01\\\/logo-noticieros@2x.png\",\"width\":1017,\"height\":268,\"caption\":\"Noticieros Canal 7\"},\"image\":{\"@id\":\"https:\\\/\\\/canal7slp.tv\\\/2025\\\/#\\\/schema\\\/logo\\\/image\\\/\"},\"sameAs\":[\"https:\\\/\\\/www.facebook.com\\\/noticieroscanal7atencionciudadana\\\/\",\"https:\\\/\\\/x.com\\\/NOTICIEROS7\",\"https:\\\/\\\/www.instagram.com\\\/canal7_slp\",\"https:\\\/\\\/www.youtube.com\\\/channel\\\/UCliiYs-gP3JfJeqdPrNdd5A\"]},{\"@type\":\"Person\",\"@id\":\"https:\\\/\\\/canal7slp.tv\\\/2025\\\/#\\\/schema\\\/person\\\/271e2b60a96e7cc9d9ac296f4d7e414b\",\"name\":\"Edici\u00f3n Web\",\"image\":{\"@type\":\"ImageObject\",\"inLanguage\":\"es\",\"@id\":\"https:\\\/\\\/secure.gravatar.com\\\/avatar\\\/eee448fc3f7164808013b816ba91ac7e43bbe82a70bebac296f8bc6f0addaa1a?s=96&d=mm&r=g\",\"url\":\"https:\\\/\\\/secure.gravatar.com\\\/avatar\\\/eee448fc3f7164808013b816ba91ac7e43bbe82a70bebac296f8bc6f0addaa1a?s=96&d=mm&r=g\",\"contentUrl\":\"https:\\\/\\\/secure.gravatar.com\\\/avatar\\\/eee448fc3f7164808013b816ba91ac7e43bbe82a70bebac296f8bc6f0addaa1a?s=96&d=mm&r=g\",\"caption\":\"Edici\u00f3n Web\"},\"url\":\"https:\\\/\\\/canal7slp.tv\\\/2025\\\/author\\\/edicionweb\\\/\"}]}<\/script>\n<!-- \/ Yoast SEO plugin. -->","yoast_head_json":{"title":"Autoridades de California reabren zonas de evacuaci\u00f3n - Canal 7 SLP - 2025","robots":{"index":"index","follow":"follow","max-snippet":"max-snippet:-1","max-image-preview":"max-image-preview:large","max-video-preview":"max-video-preview:-1"},"canonical":"https:\/\/canal7slp.tv\/2025\/autoridades-de-california-reabren-zonas-de-evacuacion\/","og_locale":"es_ES","og_type":"article","og_title":"Autoridades de California reabren zonas de evacuaci\u00f3n - Canal 7 SLP - 2025","og_description":"M\u00e1s de 11 mil residentes regresan a sus hogares. Los \u00c1ngeles.- M\u00e1s de 11 mil residentes del condado de Los \u00c1ngeles, California, han podido regresar a sus hogares tras el levantamiento parcial de las \u00f3rdenes de evacuaci\u00f3n relacionadas con los devastadores incendios de Palisades y Eaton, que hasta ahora han cobrado al menos 27 vidas. Las \u00e1reas reabiertas est\u00e1n accesibles \u00fanicamente para residentes, quienes deben presentar una identificaci\u00f3n oficial que acredite su direcci\u00f3n para evitar saqueos. De los fallecidos, 10 corresponden al incendio de Palisades y 17 al de Eaton. Los equipos de bomberos han logrado progresos significativos en la [&hellip;]","og_url":"https:\/\/canal7slp.tv\/2025\/autoridades-de-california-reabren-zonas-de-evacuacion\/","og_site_name":"Canal 7 SLP - 2025","article_publisher":"https:\/\/www.facebook.com\/noticieroscanal7atencionciudadana\/","article_published_time":"2025-01-17T22:41:16+00:00","og_image":[{"width":750,"height":500,"url":"https:\/\/canal7slp.tv\/2025\/wp-content\/uploads\/2025\/01\/10-14.jpg","type":"image\/jpeg"}],"author":"Edici\u00f3n Web","twitter_card":"summary_large_image","twitter_creator":"@NOTICIEROS7","twitter_site":"@NOTICIEROS7","twitter_misc":{"Escrito por":"Edici\u00f3n Web","Tiempo de lectura":"2 minutos"},"schema":{"@context":"https:\/\/schema.org","@graph":[{"@type":"Article","@id":"https:\/\/canal7slp.tv\/2025\/autoridades-de-california-reabren-zonas-de-evacuacion\/#article","isPartOf":{"@id":"https:\/\/canal7slp.tv\/2025\/autoridades-de-california-reabren-zonas-de-evacuacion\/"},"author":{"name":"Edici\u00f3n Web","@id":"https:\/\/canal7slp.tv\/2025\/#\/schema\/person\/271e2b60a96e7cc9d9ac296f4d7e414b"},"headline":"Autoridades de California reabren zonas de evacuaci\u00f3n","datePublished":"2025-01-17T22:41:16+00:00","mainEntityOfPage":{"@id":"https:\/\/canal7slp.tv\/2025\/autoridades-de-california-reabren-zonas-de-evacuacion\/"},"wordCount":229,"publisher":{"@id":"https:\/\/canal7slp.tv\/2025\/#organization"},"image":{"@id":"https:\/\/canal7slp.tv\/2025\/autoridades-de-california-reabren-zonas-de-evacuacion\/#primaryimage"},"thumbnailUrl":"https:\/\/canal7slp.tv\/2025\/wp-content\/uploads\/2025\/01\/10-14.jpg","articleSection":["INTERNACIONALES"],"inLanguage":"es"},{"@type":"WebPage","@id":"https:\/\/canal7slp.tv\/2025\/autoridades-de-california-reabren-zonas-de-evacuacion\/","url":"https:\/\/canal7slp.tv\/2025\/autoridades-de-california-reabren-zonas-de-evacuacion\/","name":"Autoridades de California reabren zonas de evacuaci\u00f3n - Canal 7 SLP - 2025","isPartOf":{"@id":"https:\/\/canal7slp.tv\/2025\/#website"},"primaryImageOfPage":{"@id":"https:\/\/canal7slp.tv\/2025\/autoridades-de-california-reabren-zonas-de-evacuacion\/#primaryimage"},"image":{"@id":"https:\/\/canal7slp.tv\/2025\/autoridades-de-california-reabren-zonas-de-evacuacion\/#primaryimage"},"thumbnailUrl":"https:\/\/canal7slp.tv\/2025\/wp-content\/uploads\/2025\/01\/10-14.jpg","datePublished":"2025-01-17T22:41:16+00:00","breadcrumb":{"@id":"https:\/\/canal7slp.tv\/2025\/autoridades-de-california-reabren-zonas-de-evacuacion\/#breadcrumb"},"inLanguage":"es","potentialAction":[{"@type":"ReadAction","target":["https:\/\/canal7slp.tv\/2025\/autoridades-de-california-reabren-zonas-de-evacuacion\/"]}]},{"@type":"ImageObject","inLanguage":"es","@id":"https:\/\/canal7slp.tv\/2025\/autoridades-de-california-reabren-zonas-de-evacuacion\/#primaryimage","url":"https:\/\/canal7slp.tv\/2025\/wp-content\/uploads\/2025\/01\/10-14.jpg","contentUrl":"https:\/\/canal7slp.tv\/2025\/wp-content\/uploads\/2025\/01\/10-14.jpg","width":750,"height":500},{"@type":"BreadcrumbList","@id":"https:\/\/canal7slp.tv\/2025\/autoridades-de-california-reabren-zonas-de-evacuacion\/#breadcrumb","itemListElement":[{"@type":"ListItem","position":1,"name":"Portada","item":"https:\/\/canal7slp.tv\/2025\/"},{"@type":"ListItem","position":2,"name":"Autoridades de California reabren zonas de evacuaci\u00f3n"}]},{"@type":"WebSite","@id":"https:\/\/canal7slp.tv\/2025\/#website","url":"https:\/\/canal7slp.tv\/2025\/","name":"N7 - Noticieros Canal 7","description":"Somos el Medio","publisher":{"@id":"https:\/\/canal7slp.tv\/2025\/#organization"},"potentialAction":[{"@type":"SearchAction","target":{"@type":"EntryPoint","urlTemplate":"https:\/\/canal7slp.tv\/2025\/?s={search_term_string}"},"query-input":{"@type":"PropertyValueSpecification","valueRequired":true,"valueName":"search_term_string"}}],"inLanguage":"es"},{"@type":"Organization","@id":"https:\/\/canal7slp.tv\/2025\/#organization","name":"Noticieros Canal 7","url":"https:\/\/canal7slp.tv\/2025\/","logo":{"@type":"ImageObject","inLanguage":"es","@id":"https:\/\/canal7slp.tv\/2025\/#\/schema\/logo\/image\/","url":"https:\/\/canal7slp.tv\/2025\/wp-content\/uploads\/2021\/01\/logo-noticieros@2x.png","contentUrl":"https:\/\/canal7slp.tv\/2025\/wp-content\/uploads\/2021\/01\/logo-noticieros@2x.png","width":1017,"height":268,"caption":"Noticieros Canal 7"},"image":{"@id":"https:\/\/canal7slp.tv\/2025\/#\/schema\/logo\/image\/"},"sameAs":["https:\/\/www.facebook.com\/noticieroscanal7atencionciudadana\/","https:\/\/x.com\/NOTICIEROS7","https:\/\/www.instagram.com\/canal7_slp","https:\/\/www.youtube.com\/channel\/UCliiYs-gP3JfJeqdPrNdd5A"]},{"@type":"Person","@id":"https:\/\/canal7slp.tv\/2025\/#\/schema\/person\/271e2b60a96e7cc9d9ac296f4d7e414b","name":"Edici\u00f3n Web","image":{"@type":"ImageObject","inLanguage":"es","@id":"https:\/\/secure.gravatar.com\/avatar\/eee448fc3f7164808013b816ba91ac7e43bbe82a70bebac296f8bc6f0addaa1a?s=96&d=mm&r=g","url":"https:\/\/secure.gravatar.com\/avatar\/eee448fc3f7164808013b816ba91ac7e43bbe82a70bebac296f8bc6f0addaa1a?s=96&d=mm&r=g","contentUrl":"https:\/\/secure.gravatar.com\/avatar\/eee448fc3f7164808013b816ba91ac7e43bbe82a70bebac296f8bc6f0addaa1a?s=96&d=mm&r=g","caption":"Edici\u00f3n Web"},"url":"https:\/\/canal7slp.tv\/2025\/author\/edicionweb\/"}]}},"_links":{"self":[{"href":"https:\/\/canal7slp.tv\/2025\/wp-json\/wp\/v2\/posts\/154595","targetHints":{"allow":["GET"]}}],"collection":[{"href":"https:\/\/canal7slp.tv\/2025\/wp-json\/wp\/v2\/posts"}],"about":[{"href":"https:\/\/canal7slp.tv\/2025\/wp-json\/wp\/v2\/types\/post"}],"author":[{"embeddable":true,"href":"https:\/\/canal7slp.tv\/2025\/wp-json\/wp\/v2\/users\/2"}],"replies":[{"embeddable":true,"href":"https:\/\/canal7slp.tv\/2025\/wp-json\/wp\/v2\/comments?post=154595"}],"version-history":[{"count":1,"href":"https:\/\/canal7slp.tv\/2025\/wp-json\/wp\/v2\/posts\/154595\/revisions"}],"predecessor-version":[{"id":154597,"href":"https:\/\/canal7slp.tv\/2025\/wp-json\/wp\/v2\/posts\/154595\/revisions\/154597"}],"wp:featuredmedia":[{"embeddable":true,"href":"https:\/\/canal7slp.tv\/2025\/wp-json\/wp\/v2\/media\/154596"}],"wp:attachment":[{"href":"https:\/\/canal7slp.tv\/2025\/wp-json\/wp\/v2\/media?parent=154595"}],"wp:term":[{"taxonomy":"category","embeddable":true,"href":"https:\/\/canal7slp.tv\/2025\/wp-json\/wp\/v2\/categories?post=154595"},{"taxonomy":"post_tag","embeddable":true,"href":"https:\/\/canal7slp.tv\/2025\/wp-json\/wp\/v2\/tags?post=154595"}],"curies":[{"name":"wp","href":"https:\/\/api.w.org\/{rel}","templated":true}]}}