{"id":154570,"date":"2025-01-17T14:31:44","date_gmt":"2025-01-17T20:31:44","guid":{"rendered":"https:\/\/canal7slp.tv\/2025\/?p=154570"},"modified":"2025-01-17T14:31:44","modified_gmt":"2025-01-17T20:31:44","slug":"ricardo-cordero-y-marco-hernandez-ya-alistan-la-temporada-2025","status":"publish","type":"post","link":"https:\/\/canal7slp.tv\/2025\/ricardo-cordero-y-marco-hernandez-ya-alistan-la-temporada-2025\/","title":{"rendered":"Ricardo Cordero y Marco Hern\u00e1ndez ya alistan la Temporada 2025"},"content":{"rendered":"<p style=\"text-align: justify;\">SLP.- Ricardo Cordero ya se alista el arranque de actividad de este a\u00f1o, mismo que resalta la incorporaci\u00f3n al Campeonato de Rallismo Canadiense donde buscar\u00e1 levantar la corona, as\u00ed como la b\u00fasqueda de la s\u00e9ptima estrella de la Carrera Panamericana.<\/p>\n<p style=\"text-align: justify;\">Ricardo se ha afianzado de nueva cuenta junto a su amigo y navegante Marco Hern\u00e1ndez para la b\u00fasqueda de los objetivos este a\u00f1o automovil\u00edstico, todo iniciar\u00e1 este 1 de Febrero cuando la dupla m\u00e1s exitosa del rallismo en los \u00faltimos a\u00f1os viaje al pa\u00eds de la hoja de Maple para iniciar la b\u00fasqueda de la corona del rallismo canadiense y levantar de nueva cuenta en esos lares la bandera nacional, Perce Nege es el primer objetivo, la superficie de nieve ser\u00e1 la primera prueba, en lo que refiere al Nacam Rally Championship todo iniciar\u00e1 en Aguascalientes el 13 de Marzo, calendario pactado a 6 fechas; mientras que la cita panamericana est\u00e1 pactada del 9 al 16 de Octubre en nuestro pa\u00eds.<\/p>\n","protected":false},"excerpt":{"rendered":"<p>SLP.- Ricardo Cordero ya se alista el arranque de actividad de este a\u00f1o, mismo que resalta la incorporaci\u00f3n al Campeonato de Rallismo Canadiense donde buscar\u00e1 levantar la corona, as\u00ed como la b\u00fasqueda de la s\u00e9ptima estrella de la Carrera Panamericana. Ricardo se ha afianzado de nueva cuenta junto a su amigo y navegante Marco Hern\u00e1ndez para la b\u00fasqueda de los objetivos este a\u00f1o automovil\u00edstico, todo iniciar\u00e1 este 1 de Febrero cuando la dupla m\u00e1s exitosa del rallismo en los \u00faltimos a\u00f1os viaje al pa\u00eds de la hoja de Maple para iniciar la b\u00fasqueda de la corona del rallismo canadiense y [&hellip;]<\/p>\n","protected":false},"author":2,"featured_media":154572,"comment_status":"closed","ping_status":"closed","sticky":false,"template":"","format":"video","meta":{"_monsterinsights_skip_tracking":false,"_monsterinsights_sitenote_active":false,"_monsterinsights_sitenote_note":"","_monsterinsights_sitenote_category":0,"footnotes":""},"categories":[7,5],"tags":[],"class_list":["post-154570","post","type-post","status-publish","format-video","has-post-thumbnail","hentry","category-deportes","category-destacadas","post_format-post-format-video","post--single"],"yoast_head":"<!-- This site is optimized with the Yoast SEO plugin v27.5 - https:\/\/yoast.com\/product\/yoast-seo-wordpress\/ -->\n<title>Ricardo Cordero y Marco Hern\u00e1ndez ya alistan la Temporada 2025 - Canal 7 SLP - 2025<\/title>\n<meta name=\"robots\" content=\"index, follow, max-snippet:-1, max-image-preview:large, max-video-preview:-1\" \/>\n<link rel=\"canonical\" href=\"https:\/\/canal7slp.tv\/2025\/ricardo-cordero-y-marco-hernandez-ya-alistan-la-temporada-2025\/\" \/>\n<meta property=\"og:locale\" content=\"es_ES\" \/>\n<meta property=\"og:type\" content=\"article\" \/>\n<meta property=\"og:title\" content=\"Ricardo Cordero y Marco Hern\u00e1ndez ya alistan la Temporada 2025 - Canal 7 SLP - 2025\" \/>\n<meta property=\"og:description\" content=\"SLP.- Ricardo Cordero ya se alista el arranque de actividad de este a\u00f1o, mismo que resalta la incorporaci\u00f3n al Campeonato de Rallismo Canadiense donde buscar\u00e1 levantar la corona, as\u00ed como la b\u00fasqueda de la s\u00e9ptima estrella de la Carrera Panamericana. Ricardo se ha afianzado de nueva cuenta junto a su amigo y navegante Marco Hern\u00e1ndez para la b\u00fasqueda de los objetivos este a\u00f1o automovil\u00edstico, todo iniciar\u00e1 este 1 de Febrero cuando la dupla m\u00e1s exitosa del rallismo en los \u00faltimos a\u00f1os viaje al pa\u00eds de la hoja de Maple para iniciar la b\u00fasqueda de la corona del rallismo canadiense y [&hellip;]\" \/>\n<meta property=\"og:url\" content=\"https:\/\/canal7slp.tv\/2025\/ricardo-cordero-y-marco-hernandez-ya-alistan-la-temporada-2025\/\" \/>\n<meta property=\"og:site_name\" content=\"Canal 7 SLP - 2025\" \/>\n<meta property=\"article:publisher\" content=\"https:\/\/www.facebook.com\/noticieroscanal7atencionciudadana\/\" \/>\n<meta property=\"article:published_time\" content=\"2025-01-17T20:31:44+00:00\" \/>\n<meta property=\"og:image\" content=\"https:\/\/canal7slp.tv\/2025\/wp-content\/uploads\/2025\/01\/Froi01Cordero.jpg\" \/>\n\t<meta property=\"og:image:width\" content=\"1280\" \/>\n\t<meta property=\"og:image:height\" content=\"720\" \/>\n\t<meta property=\"og:image:type\" content=\"image\/jpeg\" \/>\n<meta name=\"author\" content=\"Edici\u00f3n Web\" \/>\n<meta name=\"twitter:card\" content=\"summary_large_image\" \/>\n<meta name=\"twitter:creator\" content=\"@NOTICIEROS7\" \/>\n<meta name=\"twitter:site\" content=\"@NOTICIEROS7\" \/>\n<meta name=\"twitter:label1\" content=\"Escrito por\" \/>\n\t<meta name=\"twitter:data1\" content=\"Edici\u00f3n Web\" \/>\n\t<meta name=\"twitter:label2\" content=\"Tiempo de lectura\" \/>\n\t<meta name=\"twitter:data2\" content=\"1 minuto\" \/>\n<script type=\"application\/ld+json\" class=\"yoast-schema-graph\">{\"@context\":\"https:\\\/\\\/schema.org\",\"@graph\":[{\"@type\":\"Article\",\"@id\":\"https:\\\/\\\/canal7slp.tv\\\/2025\\\/ricardo-cordero-y-marco-hernandez-ya-alistan-la-temporada-2025\\\/#article\",\"isPartOf\":{\"@id\":\"https:\\\/\\\/canal7slp.tv\\\/2025\\\/ricardo-cordero-y-marco-hernandez-ya-alistan-la-temporada-2025\\\/\"},\"author\":{\"name\":\"Edici\u00f3n Web\",\"@id\":\"https:\\\/\\\/canal7slp.tv\\\/2025\\\/#\\\/schema\\\/person\\\/271e2b60a96e7cc9d9ac296f4d7e414b\"},\"headline\":\"Ricardo Cordero y Marco Hern\u00e1ndez ya alistan la Temporada 2025\",\"datePublished\":\"2025-01-17T20:31:44+00:00\",\"mainEntityOfPage\":{\"@id\":\"https:\\\/\\\/canal7slp.tv\\\/2025\\\/ricardo-cordero-y-marco-hernandez-ya-alistan-la-temporada-2025\\\/\"},\"wordCount\":180,\"publisher\":{\"@id\":\"https:\\\/\\\/canal7slp.tv\\\/2025\\\/#organization\"},\"image\":{\"@id\":\"https:\\\/\\\/canal7slp.tv\\\/2025\\\/ricardo-cordero-y-marco-hernandez-ya-alistan-la-temporada-2025\\\/#primaryimage\"},\"thumbnailUrl\":\"https:\\\/\\\/canal7slp.tv\\\/2025\\\/wp-content\\\/uploads\\\/2025\\\/01\\\/Froi01Cordero.jpg\",\"articleSection\":[\"DEPORTES\",\"DESTACADAS\"],\"inLanguage\":\"es\"},{\"@type\":\"WebPage\",\"@id\":\"https:\\\/\\\/canal7slp.tv\\\/2025\\\/ricardo-cordero-y-marco-hernandez-ya-alistan-la-temporada-2025\\\/\",\"url\":\"https:\\\/\\\/canal7slp.tv\\\/2025\\\/ricardo-cordero-y-marco-hernandez-ya-alistan-la-temporada-2025\\\/\",\"name\":\"Ricardo Cordero y Marco Hern\u00e1ndez ya alistan la Temporada 2025 - Canal 7 SLP - 2025\",\"isPartOf\":{\"@id\":\"https:\\\/\\\/canal7slp.tv\\\/2025\\\/#website\"},\"primaryImageOfPage\":{\"@id\":\"https:\\\/\\\/canal7slp.tv\\\/2025\\\/ricardo-cordero-y-marco-hernandez-ya-alistan-la-temporada-2025\\\/#primaryimage\"},\"image\":{\"@id\":\"https:\\\/\\\/canal7slp.tv\\\/2025\\\/ricardo-cordero-y-marco-hernandez-ya-alistan-la-temporada-2025\\\/#primaryimage\"},\"thumbnailUrl\":\"https:\\\/\\\/canal7slp.tv\\\/2025\\\/wp-content\\\/uploads\\\/2025\\\/01\\\/Froi01Cordero.jpg\",\"datePublished\":\"2025-01-17T20:31:44+00:00\",\"breadcrumb\":{\"@id\":\"https:\\\/\\\/canal7slp.tv\\\/2025\\\/ricardo-cordero-y-marco-hernandez-ya-alistan-la-temporada-2025\\\/#breadcrumb\"},\"inLanguage\":\"es\",\"potentialAction\":[{\"@type\":\"ReadAction\",\"target\":[\"https:\\\/\\\/canal7slp.tv\\\/2025\\\/ricardo-cordero-y-marco-hernandez-ya-alistan-la-temporada-2025\\\/\"]}]},{\"@type\":\"ImageObject\",\"inLanguage\":\"es\",\"@id\":\"https:\\\/\\\/canal7slp.tv\\\/2025\\\/ricardo-cordero-y-marco-hernandez-ya-alistan-la-temporada-2025\\\/#primaryimage\",\"url\":\"https:\\\/\\\/canal7slp.tv\\\/2025\\\/wp-content\\\/uploads\\\/2025\\\/01\\\/Froi01Cordero.jpg\",\"contentUrl\":\"https:\\\/\\\/canal7slp.tv\\\/2025\\\/wp-content\\\/uploads\\\/2025\\\/01\\\/Froi01Cordero.jpg\",\"width\":1280,\"height\":720},{\"@type\":\"BreadcrumbList\",\"@id\":\"https:\\\/\\\/canal7slp.tv\\\/2025\\\/ricardo-cordero-y-marco-hernandez-ya-alistan-la-temporada-2025\\\/#breadcrumb\",\"itemListElement\":[{\"@type\":\"ListItem\",\"position\":1,\"name\":\"Portada\",\"item\":\"https:\\\/\\\/canal7slp.tv\\\/2025\\\/\"},{\"@type\":\"ListItem\",\"position\":2,\"name\":\"Ricardo Cordero y Marco Hern\u00e1ndez ya alistan la Temporada 2025\"}]},{\"@type\":\"WebSite\",\"@id\":\"https:\\\/\\\/canal7slp.tv\\\/2025\\\/#website\",\"url\":\"https:\\\/\\\/canal7slp.tv\\\/2025\\\/\",\"name\":\"N7 - Noticieros Canal 7\",\"description\":\"Somos el Medio\",\"publisher\":{\"@id\":\"https:\\\/\\\/canal7slp.tv\\\/2025\\\/#organization\"},\"potentialAction\":[{\"@type\":\"SearchAction\",\"target\":{\"@type\":\"EntryPoint\",\"urlTemplate\":\"https:\\\/\\\/canal7slp.tv\\\/2025\\\/?s={search_term_string}\"},\"query-input\":{\"@type\":\"PropertyValueSpecification\",\"valueRequired\":true,\"valueName\":\"search_term_string\"}}],\"inLanguage\":\"es\"},{\"@type\":\"Organization\",\"@id\":\"https:\\\/\\\/canal7slp.tv\\\/2025\\\/#organization\",\"name\":\"Noticieros Canal 7\",\"url\":\"https:\\\/\\\/canal7slp.tv\\\/2025\\\/\",\"logo\":{\"@type\":\"ImageObject\",\"inLanguage\":\"es\",\"@id\":\"https:\\\/\\\/canal7slp.tv\\\/2025\\\/#\\\/schema\\\/logo\\\/image\\\/\",\"url\":\"https:\\\/\\\/canal7slp.tv\\\/2025\\\/wp-content\\\/uploads\\\/2021\\\/01\\\/logo-noticieros@2x.png\",\"contentUrl\":\"https:\\\/\\\/canal7slp.tv\\\/2025\\\/wp-content\\\/uploads\\\/2021\\\/01\\\/logo-noticieros@2x.png\",\"width\":1017,\"height\":268,\"caption\":\"Noticieros Canal 7\"},\"image\":{\"@id\":\"https:\\\/\\\/canal7slp.tv\\\/2025\\\/#\\\/schema\\\/logo\\\/image\\\/\"},\"sameAs\":[\"https:\\\/\\\/www.facebook.com\\\/noticieroscanal7atencionciudadana\\\/\",\"https:\\\/\\\/x.com\\\/NOTICIEROS7\",\"https:\\\/\\\/www.instagram.com\\\/canal7_slp\",\"https:\\\/\\\/www.youtube.com\\\/channel\\\/UCliiYs-gP3JfJeqdPrNdd5A\"]},{\"@type\":\"Person\",\"@id\":\"https:\\\/\\\/canal7slp.tv\\\/2025\\\/#\\\/schema\\\/person\\\/271e2b60a96e7cc9d9ac296f4d7e414b\",\"name\":\"Edici\u00f3n Web\",\"image\":{\"@type\":\"ImageObject\",\"inLanguage\":\"es\",\"@id\":\"https:\\\/\\\/secure.gravatar.com\\\/avatar\\\/eee448fc3f7164808013b816ba91ac7e43bbe82a70bebac296f8bc6f0addaa1a?s=96&d=mm&r=g\",\"url\":\"https:\\\/\\\/secure.gravatar.com\\\/avatar\\\/eee448fc3f7164808013b816ba91ac7e43bbe82a70bebac296f8bc6f0addaa1a?s=96&d=mm&r=g\",\"contentUrl\":\"https:\\\/\\\/secure.gravatar.com\\\/avatar\\\/eee448fc3f7164808013b816ba91ac7e43bbe82a70bebac296f8bc6f0addaa1a?s=96&d=mm&r=g\",\"caption\":\"Edici\u00f3n Web\"},\"url\":\"https:\\\/\\\/canal7slp.tv\\\/2025\\\/author\\\/edicionweb\\\/\"}]}<\/script>\n<!-- \/ Yoast SEO plugin. -->","yoast_head_json":{"title":"Ricardo Cordero y Marco Hern\u00e1ndez ya alistan la Temporada 2025 - Canal 7 SLP - 2025","robots":{"index":"index","follow":"follow","max-snippet":"max-snippet:-1","max-image-preview":"max-image-preview:large","max-video-preview":"max-video-preview:-1"},"canonical":"https:\/\/canal7slp.tv\/2025\/ricardo-cordero-y-marco-hernandez-ya-alistan-la-temporada-2025\/","og_locale":"es_ES","og_type":"article","og_title":"Ricardo Cordero y Marco Hern\u00e1ndez ya alistan la Temporada 2025 - Canal 7 SLP - 2025","og_description":"SLP.- Ricardo Cordero ya se alista el arranque de actividad de este a\u00f1o, mismo que resalta la incorporaci\u00f3n al Campeonato de Rallismo Canadiense donde buscar\u00e1 levantar la corona, as\u00ed como la b\u00fasqueda de la s\u00e9ptima estrella de la Carrera Panamericana. Ricardo se ha afianzado de nueva cuenta junto a su amigo y navegante Marco Hern\u00e1ndez para la b\u00fasqueda de los objetivos este a\u00f1o automovil\u00edstico, todo iniciar\u00e1 este 1 de Febrero cuando la dupla m\u00e1s exitosa del rallismo en los \u00faltimos a\u00f1os viaje al pa\u00eds de la hoja de Maple para iniciar la b\u00fasqueda de la corona del rallismo canadiense y [&hellip;]","og_url":"https:\/\/canal7slp.tv\/2025\/ricardo-cordero-y-marco-hernandez-ya-alistan-la-temporada-2025\/","og_site_name":"Canal 7 SLP - 2025","article_publisher":"https:\/\/www.facebook.com\/noticieroscanal7atencionciudadana\/","article_published_time":"2025-01-17T20:31:44+00:00","og_image":[{"width":1280,"height":720,"url":"https:\/\/canal7slp.tv\/2025\/wp-content\/uploads\/2025\/01\/Froi01Cordero.jpg","type":"image\/jpeg"}],"author":"Edici\u00f3n Web","twitter_card":"summary_large_image","twitter_creator":"@NOTICIEROS7","twitter_site":"@NOTICIEROS7","twitter_misc":{"Escrito por":"Edici\u00f3n Web","Tiempo de lectura":"1 minuto"},"schema":{"@context":"https:\/\/schema.org","@graph":[{"@type":"Article","@id":"https:\/\/canal7slp.tv\/2025\/ricardo-cordero-y-marco-hernandez-ya-alistan-la-temporada-2025\/#article","isPartOf":{"@id":"https:\/\/canal7slp.tv\/2025\/ricardo-cordero-y-marco-hernandez-ya-alistan-la-temporada-2025\/"},"author":{"name":"Edici\u00f3n Web","@id":"https:\/\/canal7slp.tv\/2025\/#\/schema\/person\/271e2b60a96e7cc9d9ac296f4d7e414b"},"headline":"Ricardo Cordero y Marco Hern\u00e1ndez ya alistan la Temporada 2025","datePublished":"2025-01-17T20:31:44+00:00","mainEntityOfPage":{"@id":"https:\/\/canal7slp.tv\/2025\/ricardo-cordero-y-marco-hernandez-ya-alistan-la-temporada-2025\/"},"wordCount":180,"publisher":{"@id":"https:\/\/canal7slp.tv\/2025\/#organization"},"image":{"@id":"https:\/\/canal7slp.tv\/2025\/ricardo-cordero-y-marco-hernandez-ya-alistan-la-temporada-2025\/#primaryimage"},"thumbnailUrl":"https:\/\/canal7slp.tv\/2025\/wp-content\/uploads\/2025\/01\/Froi01Cordero.jpg","articleSection":["DEPORTES","DESTACADAS"],"inLanguage":"es"},{"@type":"WebPage","@id":"https:\/\/canal7slp.tv\/2025\/ricardo-cordero-y-marco-hernandez-ya-alistan-la-temporada-2025\/","url":"https:\/\/canal7slp.tv\/2025\/ricardo-cordero-y-marco-hernandez-ya-alistan-la-temporada-2025\/","name":"Ricardo Cordero y Marco Hern\u00e1ndez ya alistan la Temporada 2025 - Canal 7 SLP - 2025","isPartOf":{"@id":"https:\/\/canal7slp.tv\/2025\/#website"},"primaryImageOfPage":{"@id":"https:\/\/canal7slp.tv\/2025\/ricardo-cordero-y-marco-hernandez-ya-alistan-la-temporada-2025\/#primaryimage"},"image":{"@id":"https:\/\/canal7slp.tv\/2025\/ricardo-cordero-y-marco-hernandez-ya-alistan-la-temporada-2025\/#primaryimage"},"thumbnailUrl":"https:\/\/canal7slp.tv\/2025\/wp-content\/uploads\/2025\/01\/Froi01Cordero.jpg","datePublished":"2025-01-17T20:31:44+00:00","breadcrumb":{"@id":"https:\/\/canal7slp.tv\/2025\/ricardo-cordero-y-marco-hernandez-ya-alistan-la-temporada-2025\/#breadcrumb"},"inLanguage":"es","potentialAction":[{"@type":"ReadAction","target":["https:\/\/canal7slp.tv\/2025\/ricardo-cordero-y-marco-hernandez-ya-alistan-la-temporada-2025\/"]}]},{"@type":"ImageObject","inLanguage":"es","@id":"https:\/\/canal7slp.tv\/2025\/ricardo-cordero-y-marco-hernandez-ya-alistan-la-temporada-2025\/#primaryimage","url":"https:\/\/canal7slp.tv\/2025\/wp-content\/uploads\/2025\/01\/Froi01Cordero.jpg","contentUrl":"https:\/\/canal7slp.tv\/2025\/wp-content\/uploads\/2025\/01\/Froi01Cordero.jpg","width":1280,"height":720},{"@type":"BreadcrumbList","@id":"https:\/\/canal7slp.tv\/2025\/ricardo-cordero-y-marco-hernandez-ya-alistan-la-temporada-2025\/#breadcrumb","itemListElement":[{"@type":"ListItem","position":1,"name":"Portada","item":"https:\/\/canal7slp.tv\/2025\/"},{"@type":"ListItem","position":2,"name":"Ricardo Cordero y Marco Hern\u00e1ndez ya alistan la Temporada 2025"}]},{"@type":"WebSite","@id":"https:\/\/canal7slp.tv\/2025\/#website","url":"https:\/\/canal7slp.tv\/2025\/","name":"N7 - Noticieros Canal 7","description":"Somos el Medio","publisher":{"@id":"https:\/\/canal7slp.tv\/2025\/#organization"},"potentialAction":[{"@type":"SearchAction","target":{"@type":"EntryPoint","urlTemplate":"https:\/\/canal7slp.tv\/2025\/?s={search_term_string}"},"query-input":{"@type":"PropertyValueSpecification","valueRequired":true,"valueName":"search_term_string"}}],"inLanguage":"es"},{"@type":"Organization","@id":"https:\/\/canal7slp.tv\/2025\/#organization","name":"Noticieros Canal 7","url":"https:\/\/canal7slp.tv\/2025\/","logo":{"@type":"ImageObject","inLanguage":"es","@id":"https:\/\/canal7slp.tv\/2025\/#\/schema\/logo\/image\/","url":"https:\/\/canal7slp.tv\/2025\/wp-content\/uploads\/2021\/01\/logo-noticieros@2x.png","contentUrl":"https:\/\/canal7slp.tv\/2025\/wp-content\/uploads\/2021\/01\/logo-noticieros@2x.png","width":1017,"height":268,"caption":"Noticieros Canal 7"},"image":{"@id":"https:\/\/canal7slp.tv\/2025\/#\/schema\/logo\/image\/"},"sameAs":["https:\/\/www.facebook.com\/noticieroscanal7atencionciudadana\/","https:\/\/x.com\/NOTICIEROS7","https:\/\/www.instagram.com\/canal7_slp","https:\/\/www.youtube.com\/channel\/UCliiYs-gP3JfJeqdPrNdd5A"]},{"@type":"Person","@id":"https:\/\/canal7slp.tv\/2025\/#\/schema\/person\/271e2b60a96e7cc9d9ac296f4d7e414b","name":"Edici\u00f3n Web","image":{"@type":"ImageObject","inLanguage":"es","@id":"https:\/\/secure.gravatar.com\/avatar\/eee448fc3f7164808013b816ba91ac7e43bbe82a70bebac296f8bc6f0addaa1a?s=96&d=mm&r=g","url":"https:\/\/secure.gravatar.com\/avatar\/eee448fc3f7164808013b816ba91ac7e43bbe82a70bebac296f8bc6f0addaa1a?s=96&d=mm&r=g","contentUrl":"https:\/\/secure.gravatar.com\/avatar\/eee448fc3f7164808013b816ba91ac7e43bbe82a70bebac296f8bc6f0addaa1a?s=96&d=mm&r=g","caption":"Edici\u00f3n Web"},"url":"https:\/\/canal7slp.tv\/2025\/author\/edicionweb\/"}]}},"_links":{"self":[{"href":"https:\/\/canal7slp.tv\/2025\/wp-json\/wp\/v2\/posts\/154570","targetHints":{"allow":["GET"]}}],"collection":[{"href":"https:\/\/canal7slp.tv\/2025\/wp-json\/wp\/v2\/posts"}],"about":[{"href":"https:\/\/canal7slp.tv\/2025\/wp-json\/wp\/v2\/types\/post"}],"author":[{"embeddable":true,"href":"https:\/\/canal7slp.tv\/2025\/wp-json\/wp\/v2\/users\/2"}],"replies":[{"embeddable":true,"href":"https:\/\/canal7slp.tv\/2025\/wp-json\/wp\/v2\/comments?post=154570"}],"version-history":[{"count":1,"href":"https:\/\/canal7slp.tv\/2025\/wp-json\/wp\/v2\/posts\/154570\/revisions"}],"predecessor-version":[{"id":154573,"href":"https:\/\/canal7slp.tv\/2025\/wp-json\/wp\/v2\/posts\/154570\/revisions\/154573"}],"wp:featuredmedia":[{"embeddable":true,"href":"https:\/\/canal7slp.tv\/2025\/wp-json\/wp\/v2\/media\/154572"}],"wp:attachment":[{"href":"https:\/\/canal7slp.tv\/2025\/wp-json\/wp\/v2\/media?parent=154570"}],"wp:term":[{"taxonomy":"category","embeddable":true,"href":"https:\/\/canal7slp.tv\/2025\/wp-json\/wp\/v2\/categories?post=154570"},{"taxonomy":"post_tag","embeddable":true,"href":"https:\/\/canal7slp.tv\/2025\/wp-json\/wp\/v2\/tags?post=154570"}],"curies":[{"name":"wp","href":"https:\/\/api.w.org\/{rel}","templated":true}]}}