{"id":154468,"date":"2025-01-16T13:35:31","date_gmt":"2025-01-16T19:35:31","guid":{"rendered":"https:\/\/canal7slp.tv\/2025\/?p=154468"},"modified":"2025-09-11T17:25:04","modified_gmt":"2025-09-11T23:25:04","slug":"fda-prohibe-el-colorante-rojo-no-3-en-alimentos-y-medicamentos","status":"publish","type":"post","link":"https:\/\/canal7slp.tv\/2025\/fda-prohibe-el-colorante-rojo-no-3-en-alimentos-y-medicamentos\/","title":{"rendered":"FDA proh\u00edbe el colorante rojo n\u00ba 3 en alimentos y medicamentos"},"content":{"rendered":"<p style=\"text-align: justify;\">EUA.- La Administraci\u00f3n de Alimentos y Medicamentos de Estados Unidos (FDA) ha decidido revocar la autorizaci\u00f3n para el uso del colorante rojo n\u00ba 3, tambi\u00e9n conocido como eritrosina, en alimentos y medicamentos. Esta medida, anunciada el mi\u00e9rcoles, responde a una petici\u00f3n de defensores de la seguridad alimentaria, quienes se\u00f1alaron que este aditivo ya est\u00e1 prohibido en numerosos pa\u00edses desarrollados.<\/p>\n<p style=\"text-align: justify;\">La decisi\u00f3n de la FDA se bas\u00f3 en estudios que mostraron la presencia de c\u00e1ncer en ratas macho expuestas a altos niveles de eritrosina. No obstante, la agencia aclar\u00f3 que el mecanismo que provoca c\u00e1ncer en estos animales no es aplicable a los humanos, ya que las dosis a las que est\u00e1n expuestos los consumidores son significativamente menores y no han demostrado efectos similares en otros estudios.<\/p>\n<p style=\"text-align: justify;\">Actualmente, el uso del rojo n\u00ba 3 es limitado en comparaci\u00f3n con otros colorantes aprobados, siendo utilizado principalmente en productos como caramelos, galletas y postres. Seg\u00fan la FDA, los fabricantes tendr\u00e1n hasta el 15 de enero de 2027 para eliminarlo de los alimentos y hasta enero de 2028 para los medicamentos.<\/p>\n<p style=\"text-align: justify;\">Aunque la prohibici\u00f3n podr\u00eda enfrentar desaf\u00edos legales debido a que la evidencia cient\u00edfica no ha demostrado un riesgo concluyente en humanos, California ya hab\u00eda liderado esta iniciativa al prohibir el colorante a nivel estatal en 2023. Adem\u00e1s, pa\u00edses como China, Jap\u00f3n, el Reino Unido y la Uni\u00f3n Europea han restringido su uso en la mayor\u00eda de las aplicaciones alimentarias.<\/p>\n<p style=\"text-align: justify;\">Como respuesta, algunos fabricantes han comenzado a reformular sus productos, optando por alternativas naturales como el jugo de remolacha y otros pigmentos de origen vegetal, lo que apunta a una transici\u00f3n hacia opciones m\u00e1s seguras y sostenibles.<\/p>\n<p style=\"text-align: justify;\">\n","protected":false},"excerpt":{"rendered":"<p>EUA.- La Administraci\u00f3n de Alimentos y Medicamentos de Estados Unidos (FDA) ha decidido revocar la autorizaci\u00f3n para el uso del colorante rojo n\u00ba 3, tambi\u00e9n conocido como eritrosina, en alimentos y medicamentos. Esta medida, anunciada el mi\u00e9rcoles, responde a una petici\u00f3n de defensores de la seguridad alimentaria, quienes se\u00f1alaron que este aditivo ya est\u00e1 prohibido en numerosos pa\u00edses desarrollados. La decisi\u00f3n de la FDA se bas\u00f3 en estudios que mostraron la presencia de c\u00e1ncer en ratas macho expuestas a altos niveles de eritrosina. No obstante, la agencia aclar\u00f3 que el mecanismo que provoca c\u00e1ncer en estos animales no es aplicable [&hellip;]<\/p>\n","protected":false},"author":2,"featured_media":154469,"comment_status":"closed","ping_status":"closed","sticky":false,"template":"","format":"standard","meta":{"_monsterinsights_skip_tracking":false,"_monsterinsights_sitenote_active":false,"_monsterinsights_sitenote_note":"","_monsterinsights_sitenote_category":0,"footnotes":""},"categories":[44],"tags":[],"class_list":["post-154468","post","type-post","status-publish","format-standard","has-post-thumbnail","hentry","category-internacional","post--single"],"yoast_head":"<!-- This site is optimized with the Yoast SEO plugin v27.5 - https:\/\/yoast.com\/product\/yoast-seo-wordpress\/ -->\n<title>FDA proh\u00edbe el colorante rojo n\u00ba 3 en alimentos y medicamentos - Canal 7 SLP - 2025<\/title>\n<meta name=\"robots\" content=\"index, follow, max-snippet:-1, max-image-preview:large, max-video-preview:-1\" \/>\n<link rel=\"canonical\" href=\"https:\/\/canal7slp.tv\/2025\/fda-prohibe-el-colorante-rojo-no-3-en-alimentos-y-medicamentos\/\" \/>\n<meta property=\"og:locale\" content=\"es_ES\" \/>\n<meta property=\"og:type\" content=\"article\" \/>\n<meta property=\"og:title\" content=\"FDA proh\u00edbe el colorante rojo n\u00ba 3 en alimentos y medicamentos - Canal 7 SLP - 2025\" \/>\n<meta property=\"og:description\" content=\"EUA.- La Administraci\u00f3n de Alimentos y Medicamentos de Estados Unidos (FDA) ha decidido revocar la autorizaci\u00f3n para el uso del colorante rojo n\u00ba 3, tambi\u00e9n conocido como eritrosina, en alimentos y medicamentos. Esta medida, anunciada el mi\u00e9rcoles, responde a una petici\u00f3n de defensores de la seguridad alimentaria, quienes se\u00f1alaron que este aditivo ya est\u00e1 prohibido en numerosos pa\u00edses desarrollados. La decisi\u00f3n de la FDA se bas\u00f3 en estudios que mostraron la presencia de c\u00e1ncer en ratas macho expuestas a altos niveles de eritrosina. No obstante, la agencia aclar\u00f3 que el mecanismo que provoca c\u00e1ncer en estos animales no es aplicable [&hellip;]\" \/>\n<meta property=\"og:url\" content=\"https:\/\/canal7slp.tv\/2025\/fda-prohibe-el-colorante-rojo-no-3-en-alimentos-y-medicamentos\/\" \/>\n<meta property=\"og:site_name\" content=\"Canal 7 SLP - 2025\" \/>\n<meta property=\"article:publisher\" content=\"https:\/\/www.facebook.com\/noticieroscanal7atencionciudadana\/\" \/>\n<meta property=\"article:published_time\" content=\"2025-01-16T19:35:31+00:00\" \/>\n<meta property=\"article:modified_time\" content=\"2025-09-11T23:25:04+00:00\" \/>\n<meta property=\"og:image\" content=\"https:\/\/canal7slp.tv\/2025\/wp-content\/uploads\/2025\/01\/03-14.jpg\" \/>\n\t<meta property=\"og:image:width\" content=\"665\" \/>\n\t<meta property=\"og:image:height\" content=\"500\" \/>\n\t<meta property=\"og:image:type\" content=\"image\/jpeg\" \/>\n<meta name=\"author\" content=\"Edici\u00f3n Web\" \/>\n<meta name=\"twitter:card\" content=\"summary_large_image\" \/>\n<meta name=\"twitter:creator\" content=\"@NOTICIEROS7\" \/>\n<meta name=\"twitter:site\" content=\"@NOTICIEROS7\" \/>\n<meta name=\"twitter:label1\" content=\"Escrito por\" \/>\n\t<meta name=\"twitter:data1\" content=\"Edici\u00f3n Web\" \/>\n\t<meta name=\"twitter:label2\" content=\"Tiempo de lectura\" \/>\n\t<meta name=\"twitter:data2\" content=\"2 minutos\" \/>\n<script type=\"application\/ld+json\" class=\"yoast-schema-graph\">{\"@context\":\"https:\\\/\\\/schema.org\",\"@graph\":[{\"@type\":\"Article\",\"@id\":\"https:\\\/\\\/canal7slp.tv\\\/2025\\\/fda-prohibe-el-colorante-rojo-no-3-en-alimentos-y-medicamentos\\\/#article\",\"isPartOf\":{\"@id\":\"https:\\\/\\\/canal7slp.tv\\\/2025\\\/fda-prohibe-el-colorante-rojo-no-3-en-alimentos-y-medicamentos\\\/\"},\"author\":{\"name\":\"Edici\u00f3n Web\",\"@id\":\"https:\\\/\\\/canal7slp.tv\\\/2025\\\/#\\\/schema\\\/person\\\/271e2b60a96e7cc9d9ac296f4d7e414b\"},\"headline\":\"FDA proh\u00edbe el colorante rojo n\u00ba 3 en alimentos y medicamentos\",\"datePublished\":\"2025-01-16T19:35:31+00:00\",\"dateModified\":\"2025-09-11T23:25:04+00:00\",\"mainEntityOfPage\":{\"@id\":\"https:\\\/\\\/canal7slp.tv\\\/2025\\\/fda-prohibe-el-colorante-rojo-no-3-en-alimentos-y-medicamentos\\\/\"},\"wordCount\":305,\"publisher\":{\"@id\":\"https:\\\/\\\/canal7slp.tv\\\/2025\\\/#organization\"},\"image\":{\"@id\":\"https:\\\/\\\/canal7slp.tv\\\/2025\\\/fda-prohibe-el-colorante-rojo-no-3-en-alimentos-y-medicamentos\\\/#primaryimage\"},\"thumbnailUrl\":\"https:\\\/\\\/canal7slp.tv\\\/2025\\\/wp-content\\\/uploads\\\/2025\\\/01\\\/03-14.jpg\",\"articleSection\":[\"INTERNACIONALES\"],\"inLanguage\":\"es\"},{\"@type\":\"WebPage\",\"@id\":\"https:\\\/\\\/canal7slp.tv\\\/2025\\\/fda-prohibe-el-colorante-rojo-no-3-en-alimentos-y-medicamentos\\\/\",\"url\":\"https:\\\/\\\/canal7slp.tv\\\/2025\\\/fda-prohibe-el-colorante-rojo-no-3-en-alimentos-y-medicamentos\\\/\",\"name\":\"FDA proh\u00edbe el colorante rojo n\u00ba 3 en alimentos y medicamentos - Canal 7 SLP - 2025\",\"isPartOf\":{\"@id\":\"https:\\\/\\\/canal7slp.tv\\\/2025\\\/#website\"},\"primaryImageOfPage\":{\"@id\":\"https:\\\/\\\/canal7slp.tv\\\/2025\\\/fda-prohibe-el-colorante-rojo-no-3-en-alimentos-y-medicamentos\\\/#primaryimage\"},\"image\":{\"@id\":\"https:\\\/\\\/canal7slp.tv\\\/2025\\\/fda-prohibe-el-colorante-rojo-no-3-en-alimentos-y-medicamentos\\\/#primaryimage\"},\"thumbnailUrl\":\"https:\\\/\\\/canal7slp.tv\\\/2025\\\/wp-content\\\/uploads\\\/2025\\\/01\\\/03-14.jpg\",\"datePublished\":\"2025-01-16T19:35:31+00:00\",\"dateModified\":\"2025-09-11T23:25:04+00:00\",\"breadcrumb\":{\"@id\":\"https:\\\/\\\/canal7slp.tv\\\/2025\\\/fda-prohibe-el-colorante-rojo-no-3-en-alimentos-y-medicamentos\\\/#breadcrumb\"},\"inLanguage\":\"es\",\"potentialAction\":[{\"@type\":\"ReadAction\",\"target\":[\"https:\\\/\\\/canal7slp.tv\\\/2025\\\/fda-prohibe-el-colorante-rojo-no-3-en-alimentos-y-medicamentos\\\/\"]}]},{\"@type\":\"ImageObject\",\"inLanguage\":\"es\",\"@id\":\"https:\\\/\\\/canal7slp.tv\\\/2025\\\/fda-prohibe-el-colorante-rojo-no-3-en-alimentos-y-medicamentos\\\/#primaryimage\",\"url\":\"https:\\\/\\\/canal7slp.tv\\\/2025\\\/wp-content\\\/uploads\\\/2025\\\/01\\\/03-14.jpg\",\"contentUrl\":\"https:\\\/\\\/canal7slp.tv\\\/2025\\\/wp-content\\\/uploads\\\/2025\\\/01\\\/03-14.jpg\",\"width\":665,\"height\":500},{\"@type\":\"BreadcrumbList\",\"@id\":\"https:\\\/\\\/canal7slp.tv\\\/2025\\\/fda-prohibe-el-colorante-rojo-no-3-en-alimentos-y-medicamentos\\\/#breadcrumb\",\"itemListElement\":[{\"@type\":\"ListItem\",\"position\":1,\"name\":\"Portada\",\"item\":\"https:\\\/\\\/canal7slp.tv\\\/2025\\\/\"},{\"@type\":\"ListItem\",\"position\":2,\"name\":\"FDA proh\u00edbe el colorante rojo n\u00ba 3 en alimentos y medicamentos\"}]},{\"@type\":\"WebSite\",\"@id\":\"https:\\\/\\\/canal7slp.tv\\\/2025\\\/#website\",\"url\":\"https:\\\/\\\/canal7slp.tv\\\/2025\\\/\",\"name\":\"N7 - Noticieros Canal 7\",\"description\":\"Somos el Medio\",\"publisher\":{\"@id\":\"https:\\\/\\\/canal7slp.tv\\\/2025\\\/#organization\"},\"potentialAction\":[{\"@type\":\"SearchAction\",\"target\":{\"@type\":\"EntryPoint\",\"urlTemplate\":\"https:\\\/\\\/canal7slp.tv\\\/2025\\\/?s={search_term_string}\"},\"query-input\":{\"@type\":\"PropertyValueSpecification\",\"valueRequired\":true,\"valueName\":\"search_term_string\"}}],\"inLanguage\":\"es\"},{\"@type\":\"Organization\",\"@id\":\"https:\\\/\\\/canal7slp.tv\\\/2025\\\/#organization\",\"name\":\"Noticieros Canal 7\",\"url\":\"https:\\\/\\\/canal7slp.tv\\\/2025\\\/\",\"logo\":{\"@type\":\"ImageObject\",\"inLanguage\":\"es\",\"@id\":\"https:\\\/\\\/canal7slp.tv\\\/2025\\\/#\\\/schema\\\/logo\\\/image\\\/\",\"url\":\"https:\\\/\\\/canal7slp.tv\\\/2025\\\/wp-content\\\/uploads\\\/2021\\\/01\\\/logo-noticieros@2x.png\",\"contentUrl\":\"https:\\\/\\\/canal7slp.tv\\\/2025\\\/wp-content\\\/uploads\\\/2021\\\/01\\\/logo-noticieros@2x.png\",\"width\":1017,\"height\":268,\"caption\":\"Noticieros Canal 7\"},\"image\":{\"@id\":\"https:\\\/\\\/canal7slp.tv\\\/2025\\\/#\\\/schema\\\/logo\\\/image\\\/\"},\"sameAs\":[\"https:\\\/\\\/www.facebook.com\\\/noticieroscanal7atencionciudadana\\\/\",\"https:\\\/\\\/x.com\\\/NOTICIEROS7\",\"https:\\\/\\\/www.instagram.com\\\/canal7_slp\",\"https:\\\/\\\/www.youtube.com\\\/channel\\\/UCliiYs-gP3JfJeqdPrNdd5A\"]},{\"@type\":\"Person\",\"@id\":\"https:\\\/\\\/canal7slp.tv\\\/2025\\\/#\\\/schema\\\/person\\\/271e2b60a96e7cc9d9ac296f4d7e414b\",\"name\":\"Edici\u00f3n Web\",\"image\":{\"@type\":\"ImageObject\",\"inLanguage\":\"es\",\"@id\":\"https:\\\/\\\/secure.gravatar.com\\\/avatar\\\/eee448fc3f7164808013b816ba91ac7e43bbe82a70bebac296f8bc6f0addaa1a?s=96&d=mm&r=g\",\"url\":\"https:\\\/\\\/secure.gravatar.com\\\/avatar\\\/eee448fc3f7164808013b816ba91ac7e43bbe82a70bebac296f8bc6f0addaa1a?s=96&d=mm&r=g\",\"contentUrl\":\"https:\\\/\\\/secure.gravatar.com\\\/avatar\\\/eee448fc3f7164808013b816ba91ac7e43bbe82a70bebac296f8bc6f0addaa1a?s=96&d=mm&r=g\",\"caption\":\"Edici\u00f3n Web\"},\"url\":\"https:\\\/\\\/canal7slp.tv\\\/2025\\\/author\\\/edicionweb\\\/\"}]}<\/script>\n<!-- \/ Yoast SEO plugin. -->","yoast_head_json":{"title":"FDA proh\u00edbe el colorante rojo n\u00ba 3 en alimentos y medicamentos - Canal 7 SLP - 2025","robots":{"index":"index","follow":"follow","max-snippet":"max-snippet:-1","max-image-preview":"max-image-preview:large","max-video-preview":"max-video-preview:-1"},"canonical":"https:\/\/canal7slp.tv\/2025\/fda-prohibe-el-colorante-rojo-no-3-en-alimentos-y-medicamentos\/","og_locale":"es_ES","og_type":"article","og_title":"FDA proh\u00edbe el colorante rojo n\u00ba 3 en alimentos y medicamentos - Canal 7 SLP - 2025","og_description":"EUA.- La Administraci\u00f3n de Alimentos y Medicamentos de Estados Unidos (FDA) ha decidido revocar la autorizaci\u00f3n para el uso del colorante rojo n\u00ba 3, tambi\u00e9n conocido como eritrosina, en alimentos y medicamentos. Esta medida, anunciada el mi\u00e9rcoles, responde a una petici\u00f3n de defensores de la seguridad alimentaria, quienes se\u00f1alaron que este aditivo ya est\u00e1 prohibido en numerosos pa\u00edses desarrollados. La decisi\u00f3n de la FDA se bas\u00f3 en estudios que mostraron la presencia de c\u00e1ncer en ratas macho expuestas a altos niveles de eritrosina. No obstante, la agencia aclar\u00f3 que el mecanismo que provoca c\u00e1ncer en estos animales no es aplicable [&hellip;]","og_url":"https:\/\/canal7slp.tv\/2025\/fda-prohibe-el-colorante-rojo-no-3-en-alimentos-y-medicamentos\/","og_site_name":"Canal 7 SLP - 2025","article_publisher":"https:\/\/www.facebook.com\/noticieroscanal7atencionciudadana\/","article_published_time":"2025-01-16T19:35:31+00:00","article_modified_time":"2025-09-11T23:25:04+00:00","og_image":[{"width":665,"height":500,"url":"https:\/\/canal7slp.tv\/2025\/wp-content\/uploads\/2025\/01\/03-14.jpg","type":"image\/jpeg"}],"author":"Edici\u00f3n Web","twitter_card":"summary_large_image","twitter_creator":"@NOTICIEROS7","twitter_site":"@NOTICIEROS7","twitter_misc":{"Escrito por":"Edici\u00f3n Web","Tiempo de lectura":"2 minutos"},"schema":{"@context":"https:\/\/schema.org","@graph":[{"@type":"Article","@id":"https:\/\/canal7slp.tv\/2025\/fda-prohibe-el-colorante-rojo-no-3-en-alimentos-y-medicamentos\/#article","isPartOf":{"@id":"https:\/\/canal7slp.tv\/2025\/fda-prohibe-el-colorante-rojo-no-3-en-alimentos-y-medicamentos\/"},"author":{"name":"Edici\u00f3n Web","@id":"https:\/\/canal7slp.tv\/2025\/#\/schema\/person\/271e2b60a96e7cc9d9ac296f4d7e414b"},"headline":"FDA proh\u00edbe el colorante rojo n\u00ba 3 en alimentos y medicamentos","datePublished":"2025-01-16T19:35:31+00:00","dateModified":"2025-09-11T23:25:04+00:00","mainEntityOfPage":{"@id":"https:\/\/canal7slp.tv\/2025\/fda-prohibe-el-colorante-rojo-no-3-en-alimentos-y-medicamentos\/"},"wordCount":305,"publisher":{"@id":"https:\/\/canal7slp.tv\/2025\/#organization"},"image":{"@id":"https:\/\/canal7slp.tv\/2025\/fda-prohibe-el-colorante-rojo-no-3-en-alimentos-y-medicamentos\/#primaryimage"},"thumbnailUrl":"https:\/\/canal7slp.tv\/2025\/wp-content\/uploads\/2025\/01\/03-14.jpg","articleSection":["INTERNACIONALES"],"inLanguage":"es"},{"@type":"WebPage","@id":"https:\/\/canal7slp.tv\/2025\/fda-prohibe-el-colorante-rojo-no-3-en-alimentos-y-medicamentos\/","url":"https:\/\/canal7slp.tv\/2025\/fda-prohibe-el-colorante-rojo-no-3-en-alimentos-y-medicamentos\/","name":"FDA proh\u00edbe el colorante rojo n\u00ba 3 en alimentos y medicamentos - Canal 7 SLP - 2025","isPartOf":{"@id":"https:\/\/canal7slp.tv\/2025\/#website"},"primaryImageOfPage":{"@id":"https:\/\/canal7slp.tv\/2025\/fda-prohibe-el-colorante-rojo-no-3-en-alimentos-y-medicamentos\/#primaryimage"},"image":{"@id":"https:\/\/canal7slp.tv\/2025\/fda-prohibe-el-colorante-rojo-no-3-en-alimentos-y-medicamentos\/#primaryimage"},"thumbnailUrl":"https:\/\/canal7slp.tv\/2025\/wp-content\/uploads\/2025\/01\/03-14.jpg","datePublished":"2025-01-16T19:35:31+00:00","dateModified":"2025-09-11T23:25:04+00:00","breadcrumb":{"@id":"https:\/\/canal7slp.tv\/2025\/fda-prohibe-el-colorante-rojo-no-3-en-alimentos-y-medicamentos\/#breadcrumb"},"inLanguage":"es","potentialAction":[{"@type":"ReadAction","target":["https:\/\/canal7slp.tv\/2025\/fda-prohibe-el-colorante-rojo-no-3-en-alimentos-y-medicamentos\/"]}]},{"@type":"ImageObject","inLanguage":"es","@id":"https:\/\/canal7slp.tv\/2025\/fda-prohibe-el-colorante-rojo-no-3-en-alimentos-y-medicamentos\/#primaryimage","url":"https:\/\/canal7slp.tv\/2025\/wp-content\/uploads\/2025\/01\/03-14.jpg","contentUrl":"https:\/\/canal7slp.tv\/2025\/wp-content\/uploads\/2025\/01\/03-14.jpg","width":665,"height":500},{"@type":"BreadcrumbList","@id":"https:\/\/canal7slp.tv\/2025\/fda-prohibe-el-colorante-rojo-no-3-en-alimentos-y-medicamentos\/#breadcrumb","itemListElement":[{"@type":"ListItem","position":1,"name":"Portada","item":"https:\/\/canal7slp.tv\/2025\/"},{"@type":"ListItem","position":2,"name":"FDA proh\u00edbe el colorante rojo n\u00ba 3 en alimentos y medicamentos"}]},{"@type":"WebSite","@id":"https:\/\/canal7slp.tv\/2025\/#website","url":"https:\/\/canal7slp.tv\/2025\/","name":"N7 - Noticieros Canal 7","description":"Somos el Medio","publisher":{"@id":"https:\/\/canal7slp.tv\/2025\/#organization"},"potentialAction":[{"@type":"SearchAction","target":{"@type":"EntryPoint","urlTemplate":"https:\/\/canal7slp.tv\/2025\/?s={search_term_string}"},"query-input":{"@type":"PropertyValueSpecification","valueRequired":true,"valueName":"search_term_string"}}],"inLanguage":"es"},{"@type":"Organization","@id":"https:\/\/canal7slp.tv\/2025\/#organization","name":"Noticieros Canal 7","url":"https:\/\/canal7slp.tv\/2025\/","logo":{"@type":"ImageObject","inLanguage":"es","@id":"https:\/\/canal7slp.tv\/2025\/#\/schema\/logo\/image\/","url":"https:\/\/canal7slp.tv\/2025\/wp-content\/uploads\/2021\/01\/logo-noticieros@2x.png","contentUrl":"https:\/\/canal7slp.tv\/2025\/wp-content\/uploads\/2021\/01\/logo-noticieros@2x.png","width":1017,"height":268,"caption":"Noticieros Canal 7"},"image":{"@id":"https:\/\/canal7slp.tv\/2025\/#\/schema\/logo\/image\/"},"sameAs":["https:\/\/www.facebook.com\/noticieroscanal7atencionciudadana\/","https:\/\/x.com\/NOTICIEROS7","https:\/\/www.instagram.com\/canal7_slp","https:\/\/www.youtube.com\/channel\/UCliiYs-gP3JfJeqdPrNdd5A"]},{"@type":"Person","@id":"https:\/\/canal7slp.tv\/2025\/#\/schema\/person\/271e2b60a96e7cc9d9ac296f4d7e414b","name":"Edici\u00f3n Web","image":{"@type":"ImageObject","inLanguage":"es","@id":"https:\/\/secure.gravatar.com\/avatar\/eee448fc3f7164808013b816ba91ac7e43bbe82a70bebac296f8bc6f0addaa1a?s=96&d=mm&r=g","url":"https:\/\/secure.gravatar.com\/avatar\/eee448fc3f7164808013b816ba91ac7e43bbe82a70bebac296f8bc6f0addaa1a?s=96&d=mm&r=g","contentUrl":"https:\/\/secure.gravatar.com\/avatar\/eee448fc3f7164808013b816ba91ac7e43bbe82a70bebac296f8bc6f0addaa1a?s=96&d=mm&r=g","caption":"Edici\u00f3n Web"},"url":"https:\/\/canal7slp.tv\/2025\/author\/edicionweb\/"}]}},"_links":{"self":[{"href":"https:\/\/canal7slp.tv\/2025\/wp-json\/wp\/v2\/posts\/154468","targetHints":{"allow":["GET"]}}],"collection":[{"href":"https:\/\/canal7slp.tv\/2025\/wp-json\/wp\/v2\/posts"}],"about":[{"href":"https:\/\/canal7slp.tv\/2025\/wp-json\/wp\/v2\/types\/post"}],"author":[{"embeddable":true,"href":"https:\/\/canal7slp.tv\/2025\/wp-json\/wp\/v2\/users\/2"}],"replies":[{"embeddable":true,"href":"https:\/\/canal7slp.tv\/2025\/wp-json\/wp\/v2\/comments?post=154468"}],"version-history":[{"count":2,"href":"https:\/\/canal7slp.tv\/2025\/wp-json\/wp\/v2\/posts\/154468\/revisions"}],"predecessor-version":[{"id":154472,"href":"https:\/\/canal7slp.tv\/2025\/wp-json\/wp\/v2\/posts\/154468\/revisions\/154472"}],"wp:featuredmedia":[{"embeddable":true,"href":"https:\/\/canal7slp.tv\/2025\/wp-json\/wp\/v2\/media\/154469"}],"wp:attachment":[{"href":"https:\/\/canal7slp.tv\/2025\/wp-json\/wp\/v2\/media?parent=154468"}],"wp:term":[{"taxonomy":"category","embeddable":true,"href":"https:\/\/canal7slp.tv\/2025\/wp-json\/wp\/v2\/categories?post=154468"},{"taxonomy":"post_tag","embeddable":true,"href":"https:\/\/canal7slp.tv\/2025\/wp-json\/wp\/v2\/tags?post=154468"}],"curies":[{"name":"wp","href":"https:\/\/api.w.org\/{rel}","templated":true}]}}