{"id":154465,"date":"2025-01-16T13:26:03","date_gmt":"2025-01-16T19:26:03","guid":{"rendered":"https:\/\/canal7slp.tv\/2025\/?p=154465"},"modified":"2025-01-16T13:26:03","modified_gmt":"2025-01-16T19:26:03","slug":"en-nayarit-seis-personas-fallecen-tras-caida-de-avioneta","status":"publish","type":"post","link":"https:\/\/canal7slp.tv\/2025\/en-nayarit-seis-personas-fallecen-tras-caida-de-avioneta\/","title":{"rendered":"En Nayarit, seis personas fallecen tras ca\u00edda de avioneta"},"content":{"rendered":"<p style=\"text-align: justify;\">La Yesca.- El 15 de enero, se registr\u00f3 un accidente a\u00e9reo en municipio de La Yesca, Nayarit, donde una avioneta se desplom\u00f3, dejando un saldo de seis personas fallecidas. Entre las v\u00edctimas se encontraban dos pilotos y cuatro pasajeros, quienes se dirig\u00edan a Guadalajara tras asistir a unas fiestas patronales.<\/p>\n<p style=\"text-align: justify;\">La aeronave, que habr\u00eda despegado de Los Mochis, Sinaloa, present\u00f3 fallas mec\u00e1nicas poco despu\u00e9s de iniciar el vuelo, lo que ocasion\u00f3 su desplome en una zona monta\u00f1osa entre las comunidades de Los Amoles y Las Tinajas.<\/p>\n<p style=\"text-align: justify;\">La Secretar\u00eda de Seguridad y Protecci\u00f3n Ciudadana de Nayarit inform\u00f3 que equipos de emergencia, incluyendo la Polic\u00eda Estatal, Bomberos de Nayarit y la Unidad C\u00f3ndor, participaron en las labores de rescate. A pesar de las dificultades de acceso al \u00e1rea, lograron recuperar los cuerpos de las v\u00edctimas y sofocar un incendio provocado por el impacto de la aeronave.<\/p>\n<p style=\"text-align: justify;\">La zona ha sido acordonada por las autoridades para dar inicio a las investigaciones que determinar\u00e1n las causas exactas del accidente. Hasta el momento, no se han confirmado las identidades de los fallecidos ni el n\u00famero definitivo de personas que viajaban a bordo.<\/p>\n<p style=\"text-align: justify;\">\n","protected":false},"excerpt":{"rendered":"<p>La Yesca.- El 15 de enero, se registr\u00f3 un accidente a\u00e9reo en municipio de La Yesca, Nayarit, donde una avioneta se desplom\u00f3, dejando un saldo de seis personas fallecidas. Entre las v\u00edctimas se encontraban dos pilotos y cuatro pasajeros, quienes se dirig\u00edan a Guadalajara tras asistir a unas fiestas patronales. La aeronave, que habr\u00eda despegado de Los Mochis, Sinaloa, present\u00f3 fallas mec\u00e1nicas poco despu\u00e9s de iniciar el vuelo, lo que ocasion\u00f3 su desplome en una zona monta\u00f1osa entre las comunidades de Los Amoles y Las Tinajas. La Secretar\u00eda de Seguridad y Protecci\u00f3n Ciudadana de Nayarit inform\u00f3 que equipos de emergencia, [&hellip;]<\/p>\n","protected":false},"author":2,"featured_media":154466,"comment_status":"closed","ping_status":"closed","sticky":false,"template":"","format":"standard","meta":{"_monsterinsights_skip_tracking":false,"_monsterinsights_sitenote_active":false,"_monsterinsights_sitenote_note":"","_monsterinsights_sitenote_category":0,"footnotes":""},"categories":[46],"tags":[],"class_list":["post-154465","post","type-post","status-publish","format-standard","has-post-thumbnail","hentry","category-nacional","post--single"],"yoast_head":"<!-- This site is optimized with the Yoast SEO plugin v27.5 - https:\/\/yoast.com\/product\/yoast-seo-wordpress\/ -->\n<title>En Nayarit, seis personas fallecen tras ca\u00edda de avioneta - Canal 7 SLP - 2025<\/title>\n<meta name=\"robots\" content=\"index, follow, max-snippet:-1, max-image-preview:large, max-video-preview:-1\" \/>\n<link rel=\"canonical\" href=\"https:\/\/canal7slp.tv\/2025\/en-nayarit-seis-personas-fallecen-tras-caida-de-avioneta\/\" \/>\n<meta property=\"og:locale\" content=\"es_ES\" \/>\n<meta property=\"og:type\" content=\"article\" \/>\n<meta property=\"og:title\" content=\"En Nayarit, seis personas fallecen tras ca\u00edda de avioneta - Canal 7 SLP - 2025\" \/>\n<meta property=\"og:description\" content=\"La Yesca.- El 15 de enero, se registr\u00f3 un accidente a\u00e9reo en municipio de La Yesca, Nayarit, donde una avioneta se desplom\u00f3, dejando un saldo de seis personas fallecidas. Entre las v\u00edctimas se encontraban dos pilotos y cuatro pasajeros, quienes se dirig\u00edan a Guadalajara tras asistir a unas fiestas patronales. La aeronave, que habr\u00eda despegado de Los Mochis, Sinaloa, present\u00f3 fallas mec\u00e1nicas poco despu\u00e9s de iniciar el vuelo, lo que ocasion\u00f3 su desplome en una zona monta\u00f1osa entre las comunidades de Los Amoles y Las Tinajas. La Secretar\u00eda de Seguridad y Protecci\u00f3n Ciudadana de Nayarit inform\u00f3 que equipos de emergencia, [&hellip;]\" \/>\n<meta property=\"og:url\" content=\"https:\/\/canal7slp.tv\/2025\/en-nayarit-seis-personas-fallecen-tras-caida-de-avioneta\/\" \/>\n<meta property=\"og:site_name\" content=\"Canal 7 SLP - 2025\" \/>\n<meta property=\"article:publisher\" content=\"https:\/\/www.facebook.com\/noticieroscanal7atencionciudadana\/\" \/>\n<meta property=\"article:published_time\" content=\"2025-01-16T19:26:03+00:00\" \/>\n<meta property=\"og:image\" content=\"https:\/\/canal7slp.tv\/2025\/wp-content\/uploads\/2025\/01\/02-14.jpg\" \/>\n\t<meta property=\"og:image:width\" content=\"889\" \/>\n\t<meta property=\"og:image:height\" content=\"500\" \/>\n\t<meta property=\"og:image:type\" content=\"image\/jpeg\" \/>\n<meta name=\"author\" content=\"Edici\u00f3n Web\" \/>\n<meta name=\"twitter:card\" content=\"summary_large_image\" \/>\n<meta name=\"twitter:creator\" content=\"@NOTICIEROS7\" \/>\n<meta name=\"twitter:site\" content=\"@NOTICIEROS7\" \/>\n<meta name=\"twitter:label1\" content=\"Escrito por\" \/>\n\t<meta name=\"twitter:data1\" content=\"Edici\u00f3n Web\" \/>\n\t<meta name=\"twitter:label2\" content=\"Tiempo de lectura\" \/>\n\t<meta name=\"twitter:data2\" content=\"2 minutos\" \/>\n<script type=\"application\/ld+json\" class=\"yoast-schema-graph\">{\"@context\":\"https:\\\/\\\/schema.org\",\"@graph\":[{\"@type\":\"Article\",\"@id\":\"https:\\\/\\\/canal7slp.tv\\\/2025\\\/en-nayarit-seis-personas-fallecen-tras-caida-de-avioneta\\\/#article\",\"isPartOf\":{\"@id\":\"https:\\\/\\\/canal7slp.tv\\\/2025\\\/en-nayarit-seis-personas-fallecen-tras-caida-de-avioneta\\\/\"},\"author\":{\"name\":\"Edici\u00f3n Web\",\"@id\":\"https:\\\/\\\/canal7slp.tv\\\/2025\\\/#\\\/schema\\\/person\\\/271e2b60a96e7cc9d9ac296f4d7e414b\"},\"headline\":\"En Nayarit, seis personas fallecen tras ca\u00edda de avioneta\",\"datePublished\":\"2025-01-16T19:26:03+00:00\",\"mainEntityOfPage\":{\"@id\":\"https:\\\/\\\/canal7slp.tv\\\/2025\\\/en-nayarit-seis-personas-fallecen-tras-caida-de-avioneta\\\/\"},\"wordCount\":211,\"publisher\":{\"@id\":\"https:\\\/\\\/canal7slp.tv\\\/2025\\\/#organization\"},\"image\":{\"@id\":\"https:\\\/\\\/canal7slp.tv\\\/2025\\\/en-nayarit-seis-personas-fallecen-tras-caida-de-avioneta\\\/#primaryimage\"},\"thumbnailUrl\":\"https:\\\/\\\/canal7slp.tv\\\/2025\\\/wp-content\\\/uploads\\\/2025\\\/01\\\/02-14.jpg\",\"articleSection\":[\"NACIONALES\"],\"inLanguage\":\"es\"},{\"@type\":\"WebPage\",\"@id\":\"https:\\\/\\\/canal7slp.tv\\\/2025\\\/en-nayarit-seis-personas-fallecen-tras-caida-de-avioneta\\\/\",\"url\":\"https:\\\/\\\/canal7slp.tv\\\/2025\\\/en-nayarit-seis-personas-fallecen-tras-caida-de-avioneta\\\/\",\"name\":\"En Nayarit, seis personas fallecen tras ca\u00edda de avioneta - Canal 7 SLP - 2025\",\"isPartOf\":{\"@id\":\"https:\\\/\\\/canal7slp.tv\\\/2025\\\/#website\"},\"primaryImageOfPage\":{\"@id\":\"https:\\\/\\\/canal7slp.tv\\\/2025\\\/en-nayarit-seis-personas-fallecen-tras-caida-de-avioneta\\\/#primaryimage\"},\"image\":{\"@id\":\"https:\\\/\\\/canal7slp.tv\\\/2025\\\/en-nayarit-seis-personas-fallecen-tras-caida-de-avioneta\\\/#primaryimage\"},\"thumbnailUrl\":\"https:\\\/\\\/canal7slp.tv\\\/2025\\\/wp-content\\\/uploads\\\/2025\\\/01\\\/02-14.jpg\",\"datePublished\":\"2025-01-16T19:26:03+00:00\",\"breadcrumb\":{\"@id\":\"https:\\\/\\\/canal7slp.tv\\\/2025\\\/en-nayarit-seis-personas-fallecen-tras-caida-de-avioneta\\\/#breadcrumb\"},\"inLanguage\":\"es\",\"potentialAction\":[{\"@type\":\"ReadAction\",\"target\":[\"https:\\\/\\\/canal7slp.tv\\\/2025\\\/en-nayarit-seis-personas-fallecen-tras-caida-de-avioneta\\\/\"]}]},{\"@type\":\"ImageObject\",\"inLanguage\":\"es\",\"@id\":\"https:\\\/\\\/canal7slp.tv\\\/2025\\\/en-nayarit-seis-personas-fallecen-tras-caida-de-avioneta\\\/#primaryimage\",\"url\":\"https:\\\/\\\/canal7slp.tv\\\/2025\\\/wp-content\\\/uploads\\\/2025\\\/01\\\/02-14.jpg\",\"contentUrl\":\"https:\\\/\\\/canal7slp.tv\\\/2025\\\/wp-content\\\/uploads\\\/2025\\\/01\\\/02-14.jpg\",\"width\":889,\"height\":500},{\"@type\":\"BreadcrumbList\",\"@id\":\"https:\\\/\\\/canal7slp.tv\\\/2025\\\/en-nayarit-seis-personas-fallecen-tras-caida-de-avioneta\\\/#breadcrumb\",\"itemListElement\":[{\"@type\":\"ListItem\",\"position\":1,\"name\":\"Portada\",\"item\":\"https:\\\/\\\/canal7slp.tv\\\/2025\\\/\"},{\"@type\":\"ListItem\",\"position\":2,\"name\":\"En Nayarit, seis personas fallecen tras ca\u00edda de avioneta\"}]},{\"@type\":\"WebSite\",\"@id\":\"https:\\\/\\\/canal7slp.tv\\\/2025\\\/#website\",\"url\":\"https:\\\/\\\/canal7slp.tv\\\/2025\\\/\",\"name\":\"N7 - Noticieros Canal 7\",\"description\":\"Somos el Medio\",\"publisher\":{\"@id\":\"https:\\\/\\\/canal7slp.tv\\\/2025\\\/#organization\"},\"potentialAction\":[{\"@type\":\"SearchAction\",\"target\":{\"@type\":\"EntryPoint\",\"urlTemplate\":\"https:\\\/\\\/canal7slp.tv\\\/2025\\\/?s={search_term_string}\"},\"query-input\":{\"@type\":\"PropertyValueSpecification\",\"valueRequired\":true,\"valueName\":\"search_term_string\"}}],\"inLanguage\":\"es\"},{\"@type\":\"Organization\",\"@id\":\"https:\\\/\\\/canal7slp.tv\\\/2025\\\/#organization\",\"name\":\"Noticieros Canal 7\",\"url\":\"https:\\\/\\\/canal7slp.tv\\\/2025\\\/\",\"logo\":{\"@type\":\"ImageObject\",\"inLanguage\":\"es\",\"@id\":\"https:\\\/\\\/canal7slp.tv\\\/2025\\\/#\\\/schema\\\/logo\\\/image\\\/\",\"url\":\"https:\\\/\\\/canal7slp.tv\\\/2025\\\/wp-content\\\/uploads\\\/2021\\\/01\\\/logo-noticieros@2x.png\",\"contentUrl\":\"https:\\\/\\\/canal7slp.tv\\\/2025\\\/wp-content\\\/uploads\\\/2021\\\/01\\\/logo-noticieros@2x.png\",\"width\":1017,\"height\":268,\"caption\":\"Noticieros Canal 7\"},\"image\":{\"@id\":\"https:\\\/\\\/canal7slp.tv\\\/2025\\\/#\\\/schema\\\/logo\\\/image\\\/\"},\"sameAs\":[\"https:\\\/\\\/www.facebook.com\\\/noticieroscanal7atencionciudadana\\\/\",\"https:\\\/\\\/x.com\\\/NOTICIEROS7\",\"https:\\\/\\\/www.instagram.com\\\/canal7_slp\",\"https:\\\/\\\/www.youtube.com\\\/channel\\\/UCliiYs-gP3JfJeqdPrNdd5A\"]},{\"@type\":\"Person\",\"@id\":\"https:\\\/\\\/canal7slp.tv\\\/2025\\\/#\\\/schema\\\/person\\\/271e2b60a96e7cc9d9ac296f4d7e414b\",\"name\":\"Edici\u00f3n Web\",\"image\":{\"@type\":\"ImageObject\",\"inLanguage\":\"es\",\"@id\":\"https:\\\/\\\/secure.gravatar.com\\\/avatar\\\/eee448fc3f7164808013b816ba91ac7e43bbe82a70bebac296f8bc6f0addaa1a?s=96&d=mm&r=g\",\"url\":\"https:\\\/\\\/secure.gravatar.com\\\/avatar\\\/eee448fc3f7164808013b816ba91ac7e43bbe82a70bebac296f8bc6f0addaa1a?s=96&d=mm&r=g\",\"contentUrl\":\"https:\\\/\\\/secure.gravatar.com\\\/avatar\\\/eee448fc3f7164808013b816ba91ac7e43bbe82a70bebac296f8bc6f0addaa1a?s=96&d=mm&r=g\",\"caption\":\"Edici\u00f3n Web\"},\"url\":\"https:\\\/\\\/canal7slp.tv\\\/2025\\\/author\\\/edicionweb\\\/\"}]}<\/script>\n<!-- \/ Yoast SEO plugin. -->","yoast_head_json":{"title":"En Nayarit, seis personas fallecen tras ca\u00edda de avioneta - Canal 7 SLP - 2025","robots":{"index":"index","follow":"follow","max-snippet":"max-snippet:-1","max-image-preview":"max-image-preview:large","max-video-preview":"max-video-preview:-1"},"canonical":"https:\/\/canal7slp.tv\/2025\/en-nayarit-seis-personas-fallecen-tras-caida-de-avioneta\/","og_locale":"es_ES","og_type":"article","og_title":"En Nayarit, seis personas fallecen tras ca\u00edda de avioneta - Canal 7 SLP - 2025","og_description":"La Yesca.- El 15 de enero, se registr\u00f3 un accidente a\u00e9reo en municipio de La Yesca, Nayarit, donde una avioneta se desplom\u00f3, dejando un saldo de seis personas fallecidas. Entre las v\u00edctimas se encontraban dos pilotos y cuatro pasajeros, quienes se dirig\u00edan a Guadalajara tras asistir a unas fiestas patronales. La aeronave, que habr\u00eda despegado de Los Mochis, Sinaloa, present\u00f3 fallas mec\u00e1nicas poco despu\u00e9s de iniciar el vuelo, lo que ocasion\u00f3 su desplome en una zona monta\u00f1osa entre las comunidades de Los Amoles y Las Tinajas. La Secretar\u00eda de Seguridad y Protecci\u00f3n Ciudadana de Nayarit inform\u00f3 que equipos de emergencia, [&hellip;]","og_url":"https:\/\/canal7slp.tv\/2025\/en-nayarit-seis-personas-fallecen-tras-caida-de-avioneta\/","og_site_name":"Canal 7 SLP - 2025","article_publisher":"https:\/\/www.facebook.com\/noticieroscanal7atencionciudadana\/","article_published_time":"2025-01-16T19:26:03+00:00","og_image":[{"width":889,"height":500,"url":"https:\/\/canal7slp.tv\/2025\/wp-content\/uploads\/2025\/01\/02-14.jpg","type":"image\/jpeg"}],"author":"Edici\u00f3n Web","twitter_card":"summary_large_image","twitter_creator":"@NOTICIEROS7","twitter_site":"@NOTICIEROS7","twitter_misc":{"Escrito por":"Edici\u00f3n Web","Tiempo de lectura":"2 minutos"},"schema":{"@context":"https:\/\/schema.org","@graph":[{"@type":"Article","@id":"https:\/\/canal7slp.tv\/2025\/en-nayarit-seis-personas-fallecen-tras-caida-de-avioneta\/#article","isPartOf":{"@id":"https:\/\/canal7slp.tv\/2025\/en-nayarit-seis-personas-fallecen-tras-caida-de-avioneta\/"},"author":{"name":"Edici\u00f3n Web","@id":"https:\/\/canal7slp.tv\/2025\/#\/schema\/person\/271e2b60a96e7cc9d9ac296f4d7e414b"},"headline":"En Nayarit, seis personas fallecen tras ca\u00edda de avioneta","datePublished":"2025-01-16T19:26:03+00:00","mainEntityOfPage":{"@id":"https:\/\/canal7slp.tv\/2025\/en-nayarit-seis-personas-fallecen-tras-caida-de-avioneta\/"},"wordCount":211,"publisher":{"@id":"https:\/\/canal7slp.tv\/2025\/#organization"},"image":{"@id":"https:\/\/canal7slp.tv\/2025\/en-nayarit-seis-personas-fallecen-tras-caida-de-avioneta\/#primaryimage"},"thumbnailUrl":"https:\/\/canal7slp.tv\/2025\/wp-content\/uploads\/2025\/01\/02-14.jpg","articleSection":["NACIONALES"],"inLanguage":"es"},{"@type":"WebPage","@id":"https:\/\/canal7slp.tv\/2025\/en-nayarit-seis-personas-fallecen-tras-caida-de-avioneta\/","url":"https:\/\/canal7slp.tv\/2025\/en-nayarit-seis-personas-fallecen-tras-caida-de-avioneta\/","name":"En Nayarit, seis personas fallecen tras ca\u00edda de avioneta - Canal 7 SLP - 2025","isPartOf":{"@id":"https:\/\/canal7slp.tv\/2025\/#website"},"primaryImageOfPage":{"@id":"https:\/\/canal7slp.tv\/2025\/en-nayarit-seis-personas-fallecen-tras-caida-de-avioneta\/#primaryimage"},"image":{"@id":"https:\/\/canal7slp.tv\/2025\/en-nayarit-seis-personas-fallecen-tras-caida-de-avioneta\/#primaryimage"},"thumbnailUrl":"https:\/\/canal7slp.tv\/2025\/wp-content\/uploads\/2025\/01\/02-14.jpg","datePublished":"2025-01-16T19:26:03+00:00","breadcrumb":{"@id":"https:\/\/canal7slp.tv\/2025\/en-nayarit-seis-personas-fallecen-tras-caida-de-avioneta\/#breadcrumb"},"inLanguage":"es","potentialAction":[{"@type":"ReadAction","target":["https:\/\/canal7slp.tv\/2025\/en-nayarit-seis-personas-fallecen-tras-caida-de-avioneta\/"]}]},{"@type":"ImageObject","inLanguage":"es","@id":"https:\/\/canal7slp.tv\/2025\/en-nayarit-seis-personas-fallecen-tras-caida-de-avioneta\/#primaryimage","url":"https:\/\/canal7slp.tv\/2025\/wp-content\/uploads\/2025\/01\/02-14.jpg","contentUrl":"https:\/\/canal7slp.tv\/2025\/wp-content\/uploads\/2025\/01\/02-14.jpg","width":889,"height":500},{"@type":"BreadcrumbList","@id":"https:\/\/canal7slp.tv\/2025\/en-nayarit-seis-personas-fallecen-tras-caida-de-avioneta\/#breadcrumb","itemListElement":[{"@type":"ListItem","position":1,"name":"Portada","item":"https:\/\/canal7slp.tv\/2025\/"},{"@type":"ListItem","position":2,"name":"En Nayarit, seis personas fallecen tras ca\u00edda de avioneta"}]},{"@type":"WebSite","@id":"https:\/\/canal7slp.tv\/2025\/#website","url":"https:\/\/canal7slp.tv\/2025\/","name":"N7 - Noticieros Canal 7","description":"Somos el Medio","publisher":{"@id":"https:\/\/canal7slp.tv\/2025\/#organization"},"potentialAction":[{"@type":"SearchAction","target":{"@type":"EntryPoint","urlTemplate":"https:\/\/canal7slp.tv\/2025\/?s={search_term_string}"},"query-input":{"@type":"PropertyValueSpecification","valueRequired":true,"valueName":"search_term_string"}}],"inLanguage":"es"},{"@type":"Organization","@id":"https:\/\/canal7slp.tv\/2025\/#organization","name":"Noticieros Canal 7","url":"https:\/\/canal7slp.tv\/2025\/","logo":{"@type":"ImageObject","inLanguage":"es","@id":"https:\/\/canal7slp.tv\/2025\/#\/schema\/logo\/image\/","url":"https:\/\/canal7slp.tv\/2025\/wp-content\/uploads\/2021\/01\/logo-noticieros@2x.png","contentUrl":"https:\/\/canal7slp.tv\/2025\/wp-content\/uploads\/2021\/01\/logo-noticieros@2x.png","width":1017,"height":268,"caption":"Noticieros Canal 7"},"image":{"@id":"https:\/\/canal7slp.tv\/2025\/#\/schema\/logo\/image\/"},"sameAs":["https:\/\/www.facebook.com\/noticieroscanal7atencionciudadana\/","https:\/\/x.com\/NOTICIEROS7","https:\/\/www.instagram.com\/canal7_slp","https:\/\/www.youtube.com\/channel\/UCliiYs-gP3JfJeqdPrNdd5A"]},{"@type":"Person","@id":"https:\/\/canal7slp.tv\/2025\/#\/schema\/person\/271e2b60a96e7cc9d9ac296f4d7e414b","name":"Edici\u00f3n Web","image":{"@type":"ImageObject","inLanguage":"es","@id":"https:\/\/secure.gravatar.com\/avatar\/eee448fc3f7164808013b816ba91ac7e43bbe82a70bebac296f8bc6f0addaa1a?s=96&d=mm&r=g","url":"https:\/\/secure.gravatar.com\/avatar\/eee448fc3f7164808013b816ba91ac7e43bbe82a70bebac296f8bc6f0addaa1a?s=96&d=mm&r=g","contentUrl":"https:\/\/secure.gravatar.com\/avatar\/eee448fc3f7164808013b816ba91ac7e43bbe82a70bebac296f8bc6f0addaa1a?s=96&d=mm&r=g","caption":"Edici\u00f3n Web"},"url":"https:\/\/canal7slp.tv\/2025\/author\/edicionweb\/"}]}},"_links":{"self":[{"href":"https:\/\/canal7slp.tv\/2025\/wp-json\/wp\/v2\/posts\/154465","targetHints":{"allow":["GET"]}}],"collection":[{"href":"https:\/\/canal7slp.tv\/2025\/wp-json\/wp\/v2\/posts"}],"about":[{"href":"https:\/\/canal7slp.tv\/2025\/wp-json\/wp\/v2\/types\/post"}],"author":[{"embeddable":true,"href":"https:\/\/canal7slp.tv\/2025\/wp-json\/wp\/v2\/users\/2"}],"replies":[{"embeddable":true,"href":"https:\/\/canal7slp.tv\/2025\/wp-json\/wp\/v2\/comments?post=154465"}],"version-history":[{"count":1,"href":"https:\/\/canal7slp.tv\/2025\/wp-json\/wp\/v2\/posts\/154465\/revisions"}],"predecessor-version":[{"id":154467,"href":"https:\/\/canal7slp.tv\/2025\/wp-json\/wp\/v2\/posts\/154465\/revisions\/154467"}],"wp:featuredmedia":[{"embeddable":true,"href":"https:\/\/canal7slp.tv\/2025\/wp-json\/wp\/v2\/media\/154466"}],"wp:attachment":[{"href":"https:\/\/canal7slp.tv\/2025\/wp-json\/wp\/v2\/media?parent=154465"}],"wp:term":[{"taxonomy":"category","embeddable":true,"href":"https:\/\/canal7slp.tv\/2025\/wp-json\/wp\/v2\/categories?post=154465"},{"taxonomy":"post_tag","embeddable":true,"href":"https:\/\/canal7slp.tv\/2025\/wp-json\/wp\/v2\/tags?post=154465"}],"curies":[{"name":"wp","href":"https:\/\/api.w.org\/{rel}","templated":true}]}}