{"id":154459,"date":"2025-01-15T22:15:52","date_gmt":"2025-01-16T04:15:52","guid":{"rendered":"https:\/\/canal7slp.tv\/2025\/?p=154459"},"modified":"2025-01-15T22:15:52","modified_gmt":"2025-01-16T04:15:52","slug":"daniela-martell-sigue-desaparecida-fiscalia","status":"publish","type":"post","link":"https:\/\/canal7slp.tv\/2025\/daniela-martell-sigue-desaparecida-fiscalia\/","title":{"rendered":"Daniela Martell, sigue desaparecida: Fiscal\u00eda"},"content":{"rendered":"<ul>\n<li style=\"text-align: justify;\">Autoridades descartan que se haya localizado su cuerpo.<\/li>\n<\/ul>\n<p style=\"text-align: justify;\">SLP.- La Fiscal\u00eda General del Estado de San Luis Potos\u00ed (FGESLP) informa recientes avances en la investigaci\u00f3n relacionada con Daniela Martell Orozco, persona reportada como no localizada.<\/p>\n<p style=\"text-align: justify;\">Desde las primeras horas de este mi\u00e9rcoles 15 de enero, agentes fiscales llevaron a cabo la ejecuci\u00f3n de una orden de cateo, la cual fue autorizada por el Juez de Control de la localidad, en un inmueble ubicado en la Zona Suroriente de la capital potosina.<\/p>\n<p style=\"text-align: justify;\">Fue reportado que se obtuvieron resultados que generaron avances significativos en la investigaci\u00f3n.<\/p>\n<p style=\"text-align: justify;\">Durante el operativo, se localizaron armas de fuego, cartuchos bal\u00edsticos, equipo t\u00e1ctico, dos motocicletas, un veh\u00edculo y diversos indicios que fueron procesados por peritos.<\/p>\n<p style=\"text-align: justify;\">Adem\u00e1s, se estableci\u00f3 la posible ubicaci\u00f3n del veh\u00edculo en el que se desplazaba la v\u00edctima en el municipio de Zaragoza.<\/p>\n<p style=\"text-align: justify;\">Elementos operativos se trasladaron al lugar y aseguraron una unidad vehicular calcinada, sin encontrar restos humanos en su interior.<\/p>\n<p style=\"text-align: justify;\">La Fiscal\u00eda Especializada en Materia de Derechos Humanos, asociados de m\u00e1s de 27 veh\u00edculos policiales y agentes de la PDI, en coordinaci\u00f3n con la Comisi\u00f3n Estatal de B\u00fasqueda de Personas, realizan operativos en la zona para la b\u00fasqueda de la v\u00edctima a pie tierra y mediante el uso de drones equipados con sensores t\u00e9rmicos, en un \u00e1rea de aproximadamente 500 metros a la redonda.<\/p>\n<p style=\"text-align: justify;\">Hasta el momento se ha descartado la localizaci\u00f3n de alg\u00fan cuerpo sin vida en el lugar.<\/p>\n<p style=\"text-align: justify;\">La PDI contin\u00faa su labor para esclarecer los hechos y determinar responsabilidades.<\/p>\n<p style=\"text-align: justify;\">La Fiscal\u00eda hace un llamado a la poblaci\u00f3n para no especular en torno al asunto, no confundir a la familia y a la sociedad -y para no obstaculizar las investigaciones, ya que las mismas contin\u00faan hasta dar con el paradero de la v\u00edctima-.<\/p>\n<p style=\"text-align: justify;\">Desde la Fiscal\u00eda General del Estado se asevera que brindar\u00e1 informaci\u00f3n de forma puntual y oficial.<\/p>\n","protected":false},"excerpt":{"rendered":"<p>Autoridades descartan que se haya localizado su cuerpo. SLP.- La Fiscal\u00eda General del Estado de San Luis Potos\u00ed (FGESLP) informa recientes avances en la investigaci\u00f3n relacionada con Daniela Martell Orozco, persona reportada como no localizada. Desde las primeras horas de este mi\u00e9rcoles 15 de enero, agentes fiscales llevaron a cabo la ejecuci\u00f3n de una orden de cateo, la cual fue autorizada por el Juez de Control de la localidad, en un inmueble ubicado en la Zona Suroriente de la capital potosina. Fue reportado que se obtuvieron resultados que generaron avances significativos en la investigaci\u00f3n. Durante el operativo, se localizaron armas [&hellip;]<\/p>\n","protected":false},"author":2,"featured_media":154460,"comment_status":"closed","ping_status":"closed","sticky":false,"template":"","format":"standard","meta":{"_monsterinsights_skip_tracking":false,"_monsterinsights_sitenote_active":false,"_monsterinsights_sitenote_note":"","_monsterinsights_sitenote_category":0,"footnotes":""},"categories":[48],"tags":[],"class_list":["post-154459","post","type-post","status-publish","format-standard","has-post-thumbnail","hentry","category-reporte7","post--single"],"yoast_head":"<!-- This site is optimized with the Yoast SEO plugin v27.5 - https:\/\/yoast.com\/product\/yoast-seo-wordpress\/ -->\n<title>Daniela Martell, sigue desaparecida: Fiscal\u00eda - Canal 7 SLP - 2025<\/title>\n<meta name=\"robots\" content=\"index, follow, max-snippet:-1, max-image-preview:large, max-video-preview:-1\" \/>\n<link rel=\"canonical\" href=\"https:\/\/canal7slp.tv\/2025\/daniela-martell-sigue-desaparecida-fiscalia\/\" \/>\n<meta property=\"og:locale\" content=\"es_ES\" \/>\n<meta property=\"og:type\" content=\"article\" \/>\n<meta property=\"og:title\" content=\"Daniela Martell, sigue desaparecida: Fiscal\u00eda - Canal 7 SLP - 2025\" \/>\n<meta property=\"og:description\" content=\"Autoridades descartan que se haya localizado su cuerpo. SLP.- La Fiscal\u00eda General del Estado de San Luis Potos\u00ed (FGESLP) informa recientes avances en la investigaci\u00f3n relacionada con Daniela Martell Orozco, persona reportada como no localizada. Desde las primeras horas de este mi\u00e9rcoles 15 de enero, agentes fiscales llevaron a cabo la ejecuci\u00f3n de una orden de cateo, la cual fue autorizada por el Juez de Control de la localidad, en un inmueble ubicado en la Zona Suroriente de la capital potosina. Fue reportado que se obtuvieron resultados que generaron avances significativos en la investigaci\u00f3n. Durante el operativo, se localizaron armas [&hellip;]\" \/>\n<meta property=\"og:url\" content=\"https:\/\/canal7slp.tv\/2025\/daniela-martell-sigue-desaparecida-fiscalia\/\" \/>\n<meta property=\"og:site_name\" content=\"Canal 7 SLP - 2025\" \/>\n<meta property=\"article:publisher\" content=\"https:\/\/www.facebook.com\/noticieroscanal7atencionciudadana\/\" \/>\n<meta property=\"article:published_time\" content=\"2025-01-16T04:15:52+00:00\" \/>\n<meta property=\"og:image\" content=\"https:\/\/canal7slp.tv\/2025\/wp-content\/uploads\/2025\/01\/zz2b.jpg\" \/>\n\t<meta property=\"og:image:width\" content=\"751\" \/>\n\t<meta property=\"og:image:height\" content=\"500\" \/>\n\t<meta property=\"og:image:type\" content=\"image\/jpeg\" \/>\n<meta name=\"author\" content=\"Edici\u00f3n Web\" \/>\n<meta name=\"twitter:card\" content=\"summary_large_image\" \/>\n<meta name=\"twitter:creator\" content=\"@NOTICIEROS7\" \/>\n<meta name=\"twitter:site\" content=\"@NOTICIEROS7\" \/>\n<meta name=\"twitter:label1\" content=\"Escrito por\" \/>\n\t<meta name=\"twitter:data1\" content=\"Edici\u00f3n Web\" \/>\n\t<meta name=\"twitter:label2\" content=\"Tiempo de lectura\" \/>\n\t<meta name=\"twitter:data2\" content=\"2 minutos\" \/>\n<script type=\"application\/ld+json\" class=\"yoast-schema-graph\">{\"@context\":\"https:\\\/\\\/schema.org\",\"@graph\":[{\"@type\":\"Article\",\"@id\":\"https:\\\/\\\/canal7slp.tv\\\/2025\\\/daniela-martell-sigue-desaparecida-fiscalia\\\/#article\",\"isPartOf\":{\"@id\":\"https:\\\/\\\/canal7slp.tv\\\/2025\\\/daniela-martell-sigue-desaparecida-fiscalia\\\/\"},\"author\":{\"name\":\"Edici\u00f3n Web\",\"@id\":\"https:\\\/\\\/canal7slp.tv\\\/2025\\\/#\\\/schema\\\/person\\\/271e2b60a96e7cc9d9ac296f4d7e414b\"},\"headline\":\"Daniela Martell, sigue desaparecida: Fiscal\u00eda\",\"datePublished\":\"2025-01-16T04:15:52+00:00\",\"mainEntityOfPage\":{\"@id\":\"https:\\\/\\\/canal7slp.tv\\\/2025\\\/daniela-martell-sigue-desaparecida-fiscalia\\\/\"},\"wordCount\":342,\"publisher\":{\"@id\":\"https:\\\/\\\/canal7slp.tv\\\/2025\\\/#organization\"},\"image\":{\"@id\":\"https:\\\/\\\/canal7slp.tv\\\/2025\\\/daniela-martell-sigue-desaparecida-fiscalia\\\/#primaryimage\"},\"thumbnailUrl\":\"https:\\\/\\\/canal7slp.tv\\\/2025\\\/wp-content\\\/uploads\\\/2025\\\/01\\\/zz2b.jpg\",\"articleSection\":[\"REPORTE 7\"],\"inLanguage\":\"es\"},{\"@type\":\"WebPage\",\"@id\":\"https:\\\/\\\/canal7slp.tv\\\/2025\\\/daniela-martell-sigue-desaparecida-fiscalia\\\/\",\"url\":\"https:\\\/\\\/canal7slp.tv\\\/2025\\\/daniela-martell-sigue-desaparecida-fiscalia\\\/\",\"name\":\"Daniela Martell, sigue desaparecida: Fiscal\u00eda - Canal 7 SLP - 2025\",\"isPartOf\":{\"@id\":\"https:\\\/\\\/canal7slp.tv\\\/2025\\\/#website\"},\"primaryImageOfPage\":{\"@id\":\"https:\\\/\\\/canal7slp.tv\\\/2025\\\/daniela-martell-sigue-desaparecida-fiscalia\\\/#primaryimage\"},\"image\":{\"@id\":\"https:\\\/\\\/canal7slp.tv\\\/2025\\\/daniela-martell-sigue-desaparecida-fiscalia\\\/#primaryimage\"},\"thumbnailUrl\":\"https:\\\/\\\/canal7slp.tv\\\/2025\\\/wp-content\\\/uploads\\\/2025\\\/01\\\/zz2b.jpg\",\"datePublished\":\"2025-01-16T04:15:52+00:00\",\"breadcrumb\":{\"@id\":\"https:\\\/\\\/canal7slp.tv\\\/2025\\\/daniela-martell-sigue-desaparecida-fiscalia\\\/#breadcrumb\"},\"inLanguage\":\"es\",\"potentialAction\":[{\"@type\":\"ReadAction\",\"target\":[\"https:\\\/\\\/canal7slp.tv\\\/2025\\\/daniela-martell-sigue-desaparecida-fiscalia\\\/\"]}]},{\"@type\":\"ImageObject\",\"inLanguage\":\"es\",\"@id\":\"https:\\\/\\\/canal7slp.tv\\\/2025\\\/daniela-martell-sigue-desaparecida-fiscalia\\\/#primaryimage\",\"url\":\"https:\\\/\\\/canal7slp.tv\\\/2025\\\/wp-content\\\/uploads\\\/2025\\\/01\\\/zz2b.jpg\",\"contentUrl\":\"https:\\\/\\\/canal7slp.tv\\\/2025\\\/wp-content\\\/uploads\\\/2025\\\/01\\\/zz2b.jpg\",\"width\":751,\"height\":500},{\"@type\":\"BreadcrumbList\",\"@id\":\"https:\\\/\\\/canal7slp.tv\\\/2025\\\/daniela-martell-sigue-desaparecida-fiscalia\\\/#breadcrumb\",\"itemListElement\":[{\"@type\":\"ListItem\",\"position\":1,\"name\":\"Portada\",\"item\":\"https:\\\/\\\/canal7slp.tv\\\/2025\\\/\"},{\"@type\":\"ListItem\",\"position\":2,\"name\":\"Daniela Martell, sigue desaparecida: Fiscal\u00eda\"}]},{\"@type\":\"WebSite\",\"@id\":\"https:\\\/\\\/canal7slp.tv\\\/2025\\\/#website\",\"url\":\"https:\\\/\\\/canal7slp.tv\\\/2025\\\/\",\"name\":\"N7 - Noticieros Canal 7\",\"description\":\"Somos el Medio\",\"publisher\":{\"@id\":\"https:\\\/\\\/canal7slp.tv\\\/2025\\\/#organization\"},\"potentialAction\":[{\"@type\":\"SearchAction\",\"target\":{\"@type\":\"EntryPoint\",\"urlTemplate\":\"https:\\\/\\\/canal7slp.tv\\\/2025\\\/?s={search_term_string}\"},\"query-input\":{\"@type\":\"PropertyValueSpecification\",\"valueRequired\":true,\"valueName\":\"search_term_string\"}}],\"inLanguage\":\"es\"},{\"@type\":\"Organization\",\"@id\":\"https:\\\/\\\/canal7slp.tv\\\/2025\\\/#organization\",\"name\":\"Noticieros Canal 7\",\"url\":\"https:\\\/\\\/canal7slp.tv\\\/2025\\\/\",\"logo\":{\"@type\":\"ImageObject\",\"inLanguage\":\"es\",\"@id\":\"https:\\\/\\\/canal7slp.tv\\\/2025\\\/#\\\/schema\\\/logo\\\/image\\\/\",\"url\":\"https:\\\/\\\/canal7slp.tv\\\/2025\\\/wp-content\\\/uploads\\\/2021\\\/01\\\/logo-noticieros@2x.png\",\"contentUrl\":\"https:\\\/\\\/canal7slp.tv\\\/2025\\\/wp-content\\\/uploads\\\/2021\\\/01\\\/logo-noticieros@2x.png\",\"width\":1017,\"height\":268,\"caption\":\"Noticieros Canal 7\"},\"image\":{\"@id\":\"https:\\\/\\\/canal7slp.tv\\\/2025\\\/#\\\/schema\\\/logo\\\/image\\\/\"},\"sameAs\":[\"https:\\\/\\\/www.facebook.com\\\/noticieroscanal7atencionciudadana\\\/\",\"https:\\\/\\\/x.com\\\/NOTICIEROS7\",\"https:\\\/\\\/www.instagram.com\\\/canal7_slp\",\"https:\\\/\\\/www.youtube.com\\\/channel\\\/UCliiYs-gP3JfJeqdPrNdd5A\"]},{\"@type\":\"Person\",\"@id\":\"https:\\\/\\\/canal7slp.tv\\\/2025\\\/#\\\/schema\\\/person\\\/271e2b60a96e7cc9d9ac296f4d7e414b\",\"name\":\"Edici\u00f3n Web\",\"image\":{\"@type\":\"ImageObject\",\"inLanguage\":\"es\",\"@id\":\"https:\\\/\\\/secure.gravatar.com\\\/avatar\\\/eee448fc3f7164808013b816ba91ac7e43bbe82a70bebac296f8bc6f0addaa1a?s=96&d=mm&r=g\",\"url\":\"https:\\\/\\\/secure.gravatar.com\\\/avatar\\\/eee448fc3f7164808013b816ba91ac7e43bbe82a70bebac296f8bc6f0addaa1a?s=96&d=mm&r=g\",\"contentUrl\":\"https:\\\/\\\/secure.gravatar.com\\\/avatar\\\/eee448fc3f7164808013b816ba91ac7e43bbe82a70bebac296f8bc6f0addaa1a?s=96&d=mm&r=g\",\"caption\":\"Edici\u00f3n Web\"},\"url\":\"https:\\\/\\\/canal7slp.tv\\\/2025\\\/author\\\/edicionweb\\\/\"}]}<\/script>\n<!-- \/ Yoast SEO plugin. -->","yoast_head_json":{"title":"Daniela Martell, sigue desaparecida: Fiscal\u00eda - Canal 7 SLP - 2025","robots":{"index":"index","follow":"follow","max-snippet":"max-snippet:-1","max-image-preview":"max-image-preview:large","max-video-preview":"max-video-preview:-1"},"canonical":"https:\/\/canal7slp.tv\/2025\/daniela-martell-sigue-desaparecida-fiscalia\/","og_locale":"es_ES","og_type":"article","og_title":"Daniela Martell, sigue desaparecida: Fiscal\u00eda - Canal 7 SLP - 2025","og_description":"Autoridades descartan que se haya localizado su cuerpo. SLP.- La Fiscal\u00eda General del Estado de San Luis Potos\u00ed (FGESLP) informa recientes avances en la investigaci\u00f3n relacionada con Daniela Martell Orozco, persona reportada como no localizada. Desde las primeras horas de este mi\u00e9rcoles 15 de enero, agentes fiscales llevaron a cabo la ejecuci\u00f3n de una orden de cateo, la cual fue autorizada por el Juez de Control de la localidad, en un inmueble ubicado en la Zona Suroriente de la capital potosina. Fue reportado que se obtuvieron resultados que generaron avances significativos en la investigaci\u00f3n. Durante el operativo, se localizaron armas [&hellip;]","og_url":"https:\/\/canal7slp.tv\/2025\/daniela-martell-sigue-desaparecida-fiscalia\/","og_site_name":"Canal 7 SLP - 2025","article_publisher":"https:\/\/www.facebook.com\/noticieroscanal7atencionciudadana\/","article_published_time":"2025-01-16T04:15:52+00:00","og_image":[{"width":751,"height":500,"url":"https:\/\/canal7slp.tv\/2025\/wp-content\/uploads\/2025\/01\/zz2b.jpg","type":"image\/jpeg"}],"author":"Edici\u00f3n Web","twitter_card":"summary_large_image","twitter_creator":"@NOTICIEROS7","twitter_site":"@NOTICIEROS7","twitter_misc":{"Escrito por":"Edici\u00f3n Web","Tiempo de lectura":"2 minutos"},"schema":{"@context":"https:\/\/schema.org","@graph":[{"@type":"Article","@id":"https:\/\/canal7slp.tv\/2025\/daniela-martell-sigue-desaparecida-fiscalia\/#article","isPartOf":{"@id":"https:\/\/canal7slp.tv\/2025\/daniela-martell-sigue-desaparecida-fiscalia\/"},"author":{"name":"Edici\u00f3n Web","@id":"https:\/\/canal7slp.tv\/2025\/#\/schema\/person\/271e2b60a96e7cc9d9ac296f4d7e414b"},"headline":"Daniela Martell, sigue desaparecida: Fiscal\u00eda","datePublished":"2025-01-16T04:15:52+00:00","mainEntityOfPage":{"@id":"https:\/\/canal7slp.tv\/2025\/daniela-martell-sigue-desaparecida-fiscalia\/"},"wordCount":342,"publisher":{"@id":"https:\/\/canal7slp.tv\/2025\/#organization"},"image":{"@id":"https:\/\/canal7slp.tv\/2025\/daniela-martell-sigue-desaparecida-fiscalia\/#primaryimage"},"thumbnailUrl":"https:\/\/canal7slp.tv\/2025\/wp-content\/uploads\/2025\/01\/zz2b.jpg","articleSection":["REPORTE 7"],"inLanguage":"es"},{"@type":"WebPage","@id":"https:\/\/canal7slp.tv\/2025\/daniela-martell-sigue-desaparecida-fiscalia\/","url":"https:\/\/canal7slp.tv\/2025\/daniela-martell-sigue-desaparecida-fiscalia\/","name":"Daniela Martell, sigue desaparecida: Fiscal\u00eda - Canal 7 SLP - 2025","isPartOf":{"@id":"https:\/\/canal7slp.tv\/2025\/#website"},"primaryImageOfPage":{"@id":"https:\/\/canal7slp.tv\/2025\/daniela-martell-sigue-desaparecida-fiscalia\/#primaryimage"},"image":{"@id":"https:\/\/canal7slp.tv\/2025\/daniela-martell-sigue-desaparecida-fiscalia\/#primaryimage"},"thumbnailUrl":"https:\/\/canal7slp.tv\/2025\/wp-content\/uploads\/2025\/01\/zz2b.jpg","datePublished":"2025-01-16T04:15:52+00:00","breadcrumb":{"@id":"https:\/\/canal7slp.tv\/2025\/daniela-martell-sigue-desaparecida-fiscalia\/#breadcrumb"},"inLanguage":"es","potentialAction":[{"@type":"ReadAction","target":["https:\/\/canal7slp.tv\/2025\/daniela-martell-sigue-desaparecida-fiscalia\/"]}]},{"@type":"ImageObject","inLanguage":"es","@id":"https:\/\/canal7slp.tv\/2025\/daniela-martell-sigue-desaparecida-fiscalia\/#primaryimage","url":"https:\/\/canal7slp.tv\/2025\/wp-content\/uploads\/2025\/01\/zz2b.jpg","contentUrl":"https:\/\/canal7slp.tv\/2025\/wp-content\/uploads\/2025\/01\/zz2b.jpg","width":751,"height":500},{"@type":"BreadcrumbList","@id":"https:\/\/canal7slp.tv\/2025\/daniela-martell-sigue-desaparecida-fiscalia\/#breadcrumb","itemListElement":[{"@type":"ListItem","position":1,"name":"Portada","item":"https:\/\/canal7slp.tv\/2025\/"},{"@type":"ListItem","position":2,"name":"Daniela Martell, sigue desaparecida: Fiscal\u00eda"}]},{"@type":"WebSite","@id":"https:\/\/canal7slp.tv\/2025\/#website","url":"https:\/\/canal7slp.tv\/2025\/","name":"N7 - Noticieros Canal 7","description":"Somos el Medio","publisher":{"@id":"https:\/\/canal7slp.tv\/2025\/#organization"},"potentialAction":[{"@type":"SearchAction","target":{"@type":"EntryPoint","urlTemplate":"https:\/\/canal7slp.tv\/2025\/?s={search_term_string}"},"query-input":{"@type":"PropertyValueSpecification","valueRequired":true,"valueName":"search_term_string"}}],"inLanguage":"es"},{"@type":"Organization","@id":"https:\/\/canal7slp.tv\/2025\/#organization","name":"Noticieros Canal 7","url":"https:\/\/canal7slp.tv\/2025\/","logo":{"@type":"ImageObject","inLanguage":"es","@id":"https:\/\/canal7slp.tv\/2025\/#\/schema\/logo\/image\/","url":"https:\/\/canal7slp.tv\/2025\/wp-content\/uploads\/2021\/01\/logo-noticieros@2x.png","contentUrl":"https:\/\/canal7slp.tv\/2025\/wp-content\/uploads\/2021\/01\/logo-noticieros@2x.png","width":1017,"height":268,"caption":"Noticieros Canal 7"},"image":{"@id":"https:\/\/canal7slp.tv\/2025\/#\/schema\/logo\/image\/"},"sameAs":["https:\/\/www.facebook.com\/noticieroscanal7atencionciudadana\/","https:\/\/x.com\/NOTICIEROS7","https:\/\/www.instagram.com\/canal7_slp","https:\/\/www.youtube.com\/channel\/UCliiYs-gP3JfJeqdPrNdd5A"]},{"@type":"Person","@id":"https:\/\/canal7slp.tv\/2025\/#\/schema\/person\/271e2b60a96e7cc9d9ac296f4d7e414b","name":"Edici\u00f3n Web","image":{"@type":"ImageObject","inLanguage":"es","@id":"https:\/\/secure.gravatar.com\/avatar\/eee448fc3f7164808013b816ba91ac7e43bbe82a70bebac296f8bc6f0addaa1a?s=96&d=mm&r=g","url":"https:\/\/secure.gravatar.com\/avatar\/eee448fc3f7164808013b816ba91ac7e43bbe82a70bebac296f8bc6f0addaa1a?s=96&d=mm&r=g","contentUrl":"https:\/\/secure.gravatar.com\/avatar\/eee448fc3f7164808013b816ba91ac7e43bbe82a70bebac296f8bc6f0addaa1a?s=96&d=mm&r=g","caption":"Edici\u00f3n Web"},"url":"https:\/\/canal7slp.tv\/2025\/author\/edicionweb\/"}]}},"_links":{"self":[{"href":"https:\/\/canal7slp.tv\/2025\/wp-json\/wp\/v2\/posts\/154459","targetHints":{"allow":["GET"]}}],"collection":[{"href":"https:\/\/canal7slp.tv\/2025\/wp-json\/wp\/v2\/posts"}],"about":[{"href":"https:\/\/canal7slp.tv\/2025\/wp-json\/wp\/v2\/types\/post"}],"author":[{"embeddable":true,"href":"https:\/\/canal7slp.tv\/2025\/wp-json\/wp\/v2\/users\/2"}],"replies":[{"embeddable":true,"href":"https:\/\/canal7slp.tv\/2025\/wp-json\/wp\/v2\/comments?post=154459"}],"version-history":[{"count":1,"href":"https:\/\/canal7slp.tv\/2025\/wp-json\/wp\/v2\/posts\/154459\/revisions"}],"predecessor-version":[{"id":154461,"href":"https:\/\/canal7slp.tv\/2025\/wp-json\/wp\/v2\/posts\/154459\/revisions\/154461"}],"wp:featuredmedia":[{"embeddable":true,"href":"https:\/\/canal7slp.tv\/2025\/wp-json\/wp\/v2\/media\/154460"}],"wp:attachment":[{"href":"https:\/\/canal7slp.tv\/2025\/wp-json\/wp\/v2\/media?parent=154459"}],"wp:term":[{"taxonomy":"category","embeddable":true,"href":"https:\/\/canal7slp.tv\/2025\/wp-json\/wp\/v2\/categories?post=154459"},{"taxonomy":"post_tag","embeddable":true,"href":"https:\/\/canal7slp.tv\/2025\/wp-json\/wp\/v2\/tags?post=154459"}],"curies":[{"name":"wp","href":"https:\/\/api.w.org\/{rel}","templated":true}]}}