{"id":154430,"date":"2025-01-15T18:28:18","date_gmt":"2025-01-16T00:28:18","guid":{"rendered":"https:\/\/canal7slp.tv\/2025\/?p=154430"},"modified":"2025-12-10T08:48:54","modified_gmt":"2025-12-10T14:48:54","slug":"anuncian-la-visita-a-san-luis-de-la-reliquia-del-apostol-san-judas-tadeo","status":"publish","type":"post","link":"https:\/\/canal7slp.tv\/2025\/anuncian-la-visita-a-san-luis-de-la-reliquia-del-apostol-san-judas-tadeo\/","title":{"rendered":"Anuncian la visita a San Luis de la Reliquia del Ap\u00f3stol San Judas Tadeo"},"content":{"rendered":"<p style=\"text-align: justify;\"><span style=\"font-size: 1.21429rem;\">SLP.- En el marco del A\u00f1o Jubilar 2025 la Arquidi\u00f3cesis de San Luis Potos\u00ed anunci\u00f3 la visita de la reliquia del Ap\u00f3stol San Judas Tadeo, y que estar\u00e1 15 d\u00edas en territorio potosino.<\/span><\/p>\n<p style=\"text-align: justify;\">David Huerta, vicario de la parroquia de Nuestra Se\u00f1ora de F\u00e1tima explic\u00f3 que se trata de un peque\u00f1o hueso del brazo del ap\u00f3stol.<\/p>\n<p style=\"text-align: justify;\">Al dar a conocer su itinerario se inform\u00f3 que la reliquia de San Judas Tadeo visitar\u00e1 12 parroquias, dos centros penitenciarios entre ellos el de La Pila, adem\u00e1s de los municipios de Villa de Reyes, Santa Mar\u00eda del R\u00edo, Villa de Pozos, Rioverde y Cerritos.<\/p>\n<p style=\"text-align: justify;\">Se\u00f1alaron que los templos en donde est\u00e9 la reliquia estar\u00e1n abiertos las 24 horas del d\u00eda para la veneraci\u00f3n de los feligreses.<\/p>\n<p style=\"text-align: justify;\">Se trata de una imagen de cera del Ap\u00f3stol de un metro con 80 cent\u00edmetros de altura y una c\u00e1psula con la reliquia en su interior.<\/p>\n<p style=\"text-align: justify;\">Se transporta en un veh\u00edculo adaptado parecido al papam\u00f3vil para que la imagen se observ\u00e9 desde todos los \u00e1ngulos.<\/p>\n<p style=\"text-align: justify;\">Los presb\u00edteros se\u00f1alaron que los feligreses podr\u00e1n llevar alg\u00fan art\u00edculo que sirva como v\u00ednculo para mantener la f\u00e9 en el ap\u00f3stol, ya sea un rosario, una biblia \u00f3 una imagen peque\u00f1a.<\/p>\n<p>Por: Claudio Ibarra<\/p>\n","protected":false},"excerpt":{"rendered":"<p>SLP.- En el marco del A\u00f1o Jubilar 2025 la Arquidi\u00f3cesis de San Luis Potos\u00ed anunci\u00f3 la visita de la reliquia del Ap\u00f3stol San Judas Tadeo, y que estar\u00e1 15 d\u00edas en territorio potosino. David Huerta, vicario de la parroquia de Nuestra Se\u00f1ora de F\u00e1tima explic\u00f3 que se trata de un peque\u00f1o hueso del brazo del ap\u00f3stol. Al dar a conocer su itinerario se inform\u00f3 que la reliquia de San Judas Tadeo visitar\u00e1 12 parroquias, dos centros penitenciarios entre ellos el de La Pila, adem\u00e1s de los municipios de Villa de Reyes, Santa Mar\u00eda del R\u00edo, Villa de Pozos, Rioverde y [&hellip;]<\/p>\n","protected":false},"author":2,"featured_media":154438,"comment_status":"closed","ping_status":"closed","sticky":false,"template":"","format":"video","meta":{"_monsterinsights_skip_tracking":false,"_monsterinsights_sitenote_active":false,"_monsterinsights_sitenote_note":"","_monsterinsights_sitenote_category":0,"footnotes":""},"categories":[5,519,45],"tags":[],"class_list":["post-154430","post","type-post","status-publish","format-video","has-post-thumbnail","hentry","category-destacadas","category-iglesia","category-localesyregionales","post_format-post-format-video","post--single"],"yoast_head":"<!-- This site is optimized with the Yoast SEO plugin v27.4 - https:\/\/yoast.com\/product\/yoast-seo-wordpress\/ -->\n<title>Anuncian la visita a San Luis de la Reliquia del Ap\u00f3stol San Judas Tadeo - Canal 7 SLP - 2025<\/title>\n<meta name=\"robots\" content=\"index, follow, max-snippet:-1, max-image-preview:large, max-video-preview:-1\" \/>\n<link rel=\"canonical\" href=\"https:\/\/canal7slp.tv\/2025\/anuncian-la-visita-a-san-luis-de-la-reliquia-del-apostol-san-judas-tadeo\/\" \/>\n<meta property=\"og:locale\" content=\"es_ES\" \/>\n<meta property=\"og:type\" content=\"article\" \/>\n<meta property=\"og:title\" content=\"Anuncian la visita a San Luis de la Reliquia del Ap\u00f3stol San Judas Tadeo - Canal 7 SLP - 2025\" \/>\n<meta property=\"og:description\" content=\"SLP.- En el marco del A\u00f1o Jubilar 2025 la Arquidi\u00f3cesis de San Luis Potos\u00ed anunci\u00f3 la visita de la reliquia del Ap\u00f3stol San Judas Tadeo, y que estar\u00e1 15 d\u00edas en territorio potosino. David Huerta, vicario de la parroquia de Nuestra Se\u00f1ora de F\u00e1tima explic\u00f3 que se trata de un peque\u00f1o hueso del brazo del ap\u00f3stol. Al dar a conocer su itinerario se inform\u00f3 que la reliquia de San Judas Tadeo visitar\u00e1 12 parroquias, dos centros penitenciarios entre ellos el de La Pila, adem\u00e1s de los municipios de Villa de Reyes, Santa Mar\u00eda del R\u00edo, Villa de Pozos, Rioverde y [&hellip;]\" \/>\n<meta property=\"og:url\" content=\"https:\/\/canal7slp.tv\/2025\/anuncian-la-visita-a-san-luis-de-la-reliquia-del-apostol-san-judas-tadeo\/\" \/>\n<meta property=\"og:site_name\" content=\"Canal 7 SLP - 2025\" \/>\n<meta property=\"article:publisher\" content=\"https:\/\/www.facebook.com\/noticieroscanal7atencionciudadana\/\" \/>\n<meta property=\"article:published_time\" content=\"2025-01-16T00:28:18+00:00\" \/>\n<meta property=\"article:modified_time\" content=\"2025-12-10T14:48:54+00:00\" \/>\n<meta property=\"og:image\" content=\"https:\/\/canal7slp.tv\/2025\/wp-content\/uploads\/2025\/01\/Claudio01Reliquia.jpg\" \/>\n\t<meta property=\"og:image:width\" content=\"1280\" \/>\n\t<meta property=\"og:image:height\" content=\"720\" \/>\n\t<meta property=\"og:image:type\" content=\"image\/jpeg\" \/>\n<meta name=\"author\" content=\"Edici\u00f3n Web\" \/>\n<meta name=\"twitter:card\" content=\"summary_large_image\" \/>\n<meta name=\"twitter:creator\" content=\"@NOTICIEROS7\" \/>\n<meta name=\"twitter:site\" content=\"@NOTICIEROS7\" \/>\n<meta name=\"twitter:label1\" content=\"Escrito por\" \/>\n\t<meta name=\"twitter:data1\" content=\"Edici\u00f3n Web\" \/>\n\t<meta name=\"twitter:label2\" content=\"Tiempo de lectura\" \/>\n\t<meta name=\"twitter:data2\" content=\"2 minutos\" \/>\n<script type=\"application\/ld+json\" class=\"yoast-schema-graph\">{\"@context\":\"https:\\\/\\\/schema.org\",\"@graph\":[{\"@type\":\"Article\",\"@id\":\"https:\\\/\\\/canal7slp.tv\\\/2025\\\/anuncian-la-visita-a-san-luis-de-la-reliquia-del-apostol-san-judas-tadeo\\\/#article\",\"isPartOf\":{\"@id\":\"https:\\\/\\\/canal7slp.tv\\\/2025\\\/anuncian-la-visita-a-san-luis-de-la-reliquia-del-apostol-san-judas-tadeo\\\/\"},\"author\":{\"name\":\"Edici\u00f3n Web\",\"@id\":\"https:\\\/\\\/canal7slp.tv\\\/2025\\\/#\\\/schema\\\/person\\\/271e2b60a96e7cc9d9ac296f4d7e414b\"},\"headline\":\"Anuncian la visita a San Luis de la Reliquia del Ap\u00f3stol San Judas Tadeo\",\"datePublished\":\"2025-01-16T00:28:18+00:00\",\"dateModified\":\"2025-12-10T14:48:54+00:00\",\"mainEntityOfPage\":{\"@id\":\"https:\\\/\\\/canal7slp.tv\\\/2025\\\/anuncian-la-visita-a-san-luis-de-la-reliquia-del-apostol-san-judas-tadeo\\\/\"},\"wordCount\":240,\"publisher\":{\"@id\":\"https:\\\/\\\/canal7slp.tv\\\/2025\\\/#organization\"},\"image\":{\"@id\":\"https:\\\/\\\/canal7slp.tv\\\/2025\\\/anuncian-la-visita-a-san-luis-de-la-reliquia-del-apostol-san-judas-tadeo\\\/#primaryimage\"},\"thumbnailUrl\":\"https:\\\/\\\/canal7slp.tv\\\/2025\\\/wp-content\\\/uploads\\\/2025\\\/01\\\/Claudio01Reliquia.jpg\",\"articleSection\":[\"DESTACADAS\",\"Iglesia\",\"LOCALES Y REGIONALES\"],\"inLanguage\":\"es\"},{\"@type\":\"WebPage\",\"@id\":\"https:\\\/\\\/canal7slp.tv\\\/2025\\\/anuncian-la-visita-a-san-luis-de-la-reliquia-del-apostol-san-judas-tadeo\\\/\",\"url\":\"https:\\\/\\\/canal7slp.tv\\\/2025\\\/anuncian-la-visita-a-san-luis-de-la-reliquia-del-apostol-san-judas-tadeo\\\/\",\"name\":\"Anuncian la visita a San Luis de la Reliquia del Ap\u00f3stol San Judas Tadeo - Canal 7 SLP - 2025\",\"isPartOf\":{\"@id\":\"https:\\\/\\\/canal7slp.tv\\\/2025\\\/#website\"},\"primaryImageOfPage\":{\"@id\":\"https:\\\/\\\/canal7slp.tv\\\/2025\\\/anuncian-la-visita-a-san-luis-de-la-reliquia-del-apostol-san-judas-tadeo\\\/#primaryimage\"},\"image\":{\"@id\":\"https:\\\/\\\/canal7slp.tv\\\/2025\\\/anuncian-la-visita-a-san-luis-de-la-reliquia-del-apostol-san-judas-tadeo\\\/#primaryimage\"},\"thumbnailUrl\":\"https:\\\/\\\/canal7slp.tv\\\/2025\\\/wp-content\\\/uploads\\\/2025\\\/01\\\/Claudio01Reliquia.jpg\",\"datePublished\":\"2025-01-16T00:28:18+00:00\",\"dateModified\":\"2025-12-10T14:48:54+00:00\",\"breadcrumb\":{\"@id\":\"https:\\\/\\\/canal7slp.tv\\\/2025\\\/anuncian-la-visita-a-san-luis-de-la-reliquia-del-apostol-san-judas-tadeo\\\/#breadcrumb\"},\"inLanguage\":\"es\",\"potentialAction\":[{\"@type\":\"ReadAction\",\"target\":[\"https:\\\/\\\/canal7slp.tv\\\/2025\\\/anuncian-la-visita-a-san-luis-de-la-reliquia-del-apostol-san-judas-tadeo\\\/\"]}]},{\"@type\":\"ImageObject\",\"inLanguage\":\"es\",\"@id\":\"https:\\\/\\\/canal7slp.tv\\\/2025\\\/anuncian-la-visita-a-san-luis-de-la-reliquia-del-apostol-san-judas-tadeo\\\/#primaryimage\",\"url\":\"https:\\\/\\\/canal7slp.tv\\\/2025\\\/wp-content\\\/uploads\\\/2025\\\/01\\\/Claudio01Reliquia.jpg\",\"contentUrl\":\"https:\\\/\\\/canal7slp.tv\\\/2025\\\/wp-content\\\/uploads\\\/2025\\\/01\\\/Claudio01Reliquia.jpg\",\"width\":1280,\"height\":720},{\"@type\":\"BreadcrumbList\",\"@id\":\"https:\\\/\\\/canal7slp.tv\\\/2025\\\/anuncian-la-visita-a-san-luis-de-la-reliquia-del-apostol-san-judas-tadeo\\\/#breadcrumb\",\"itemListElement\":[{\"@type\":\"ListItem\",\"position\":1,\"name\":\"Portada\",\"item\":\"https:\\\/\\\/canal7slp.tv\\\/2025\\\/\"},{\"@type\":\"ListItem\",\"position\":2,\"name\":\"Anuncian la visita a San Luis de la Reliquia del Ap\u00f3stol San Judas Tadeo\"}]},{\"@type\":\"WebSite\",\"@id\":\"https:\\\/\\\/canal7slp.tv\\\/2025\\\/#website\",\"url\":\"https:\\\/\\\/canal7slp.tv\\\/2025\\\/\",\"name\":\"N7 - Noticieros Canal 7\",\"description\":\"Somos el Medio\",\"publisher\":{\"@id\":\"https:\\\/\\\/canal7slp.tv\\\/2025\\\/#organization\"},\"potentialAction\":[{\"@type\":\"SearchAction\",\"target\":{\"@type\":\"EntryPoint\",\"urlTemplate\":\"https:\\\/\\\/canal7slp.tv\\\/2025\\\/?s={search_term_string}\"},\"query-input\":{\"@type\":\"PropertyValueSpecification\",\"valueRequired\":true,\"valueName\":\"search_term_string\"}}],\"inLanguage\":\"es\"},{\"@type\":\"Organization\",\"@id\":\"https:\\\/\\\/canal7slp.tv\\\/2025\\\/#organization\",\"name\":\"Noticieros Canal 7\",\"url\":\"https:\\\/\\\/canal7slp.tv\\\/2025\\\/\",\"logo\":{\"@type\":\"ImageObject\",\"inLanguage\":\"es\",\"@id\":\"https:\\\/\\\/canal7slp.tv\\\/2025\\\/#\\\/schema\\\/logo\\\/image\\\/\",\"url\":\"https:\\\/\\\/canal7slp.tv\\\/2025\\\/wp-content\\\/uploads\\\/2021\\\/01\\\/logo-noticieros@2x.png\",\"contentUrl\":\"https:\\\/\\\/canal7slp.tv\\\/2025\\\/wp-content\\\/uploads\\\/2021\\\/01\\\/logo-noticieros@2x.png\",\"width\":1017,\"height\":268,\"caption\":\"Noticieros Canal 7\"},\"image\":{\"@id\":\"https:\\\/\\\/canal7slp.tv\\\/2025\\\/#\\\/schema\\\/logo\\\/image\\\/\"},\"sameAs\":[\"https:\\\/\\\/www.facebook.com\\\/noticieroscanal7atencionciudadana\\\/\",\"https:\\\/\\\/x.com\\\/NOTICIEROS7\",\"https:\\\/\\\/www.instagram.com\\\/canal7_slp\",\"https:\\\/\\\/www.youtube.com\\\/channel\\\/UCliiYs-gP3JfJeqdPrNdd5A\"]},{\"@type\":\"Person\",\"@id\":\"https:\\\/\\\/canal7slp.tv\\\/2025\\\/#\\\/schema\\\/person\\\/271e2b60a96e7cc9d9ac296f4d7e414b\",\"name\":\"Edici\u00f3n Web\",\"image\":{\"@type\":\"ImageObject\",\"inLanguage\":\"es\",\"@id\":\"https:\\\/\\\/secure.gravatar.com\\\/avatar\\\/eee448fc3f7164808013b816ba91ac7e43bbe82a70bebac296f8bc6f0addaa1a?s=96&d=mm&r=g\",\"url\":\"https:\\\/\\\/secure.gravatar.com\\\/avatar\\\/eee448fc3f7164808013b816ba91ac7e43bbe82a70bebac296f8bc6f0addaa1a?s=96&d=mm&r=g\",\"contentUrl\":\"https:\\\/\\\/secure.gravatar.com\\\/avatar\\\/eee448fc3f7164808013b816ba91ac7e43bbe82a70bebac296f8bc6f0addaa1a?s=96&d=mm&r=g\",\"caption\":\"Edici\u00f3n Web\"},\"url\":\"https:\\\/\\\/canal7slp.tv\\\/2025\\\/author\\\/edicionweb\\\/\"}]}<\/script>\n<!-- \/ Yoast SEO plugin. -->","yoast_head_json":{"title":"Anuncian la visita a San Luis de la Reliquia del Ap\u00f3stol San Judas Tadeo - Canal 7 SLP - 2025","robots":{"index":"index","follow":"follow","max-snippet":"max-snippet:-1","max-image-preview":"max-image-preview:large","max-video-preview":"max-video-preview:-1"},"canonical":"https:\/\/canal7slp.tv\/2025\/anuncian-la-visita-a-san-luis-de-la-reliquia-del-apostol-san-judas-tadeo\/","og_locale":"es_ES","og_type":"article","og_title":"Anuncian la visita a San Luis de la Reliquia del Ap\u00f3stol San Judas Tadeo - Canal 7 SLP - 2025","og_description":"SLP.- En el marco del A\u00f1o Jubilar 2025 la Arquidi\u00f3cesis de San Luis Potos\u00ed anunci\u00f3 la visita de la reliquia del Ap\u00f3stol San Judas Tadeo, y que estar\u00e1 15 d\u00edas en territorio potosino. David Huerta, vicario de la parroquia de Nuestra Se\u00f1ora de F\u00e1tima explic\u00f3 que se trata de un peque\u00f1o hueso del brazo del ap\u00f3stol. Al dar a conocer su itinerario se inform\u00f3 que la reliquia de San Judas Tadeo visitar\u00e1 12 parroquias, dos centros penitenciarios entre ellos el de La Pila, adem\u00e1s de los municipios de Villa de Reyes, Santa Mar\u00eda del R\u00edo, Villa de Pozos, Rioverde y [&hellip;]","og_url":"https:\/\/canal7slp.tv\/2025\/anuncian-la-visita-a-san-luis-de-la-reliquia-del-apostol-san-judas-tadeo\/","og_site_name":"Canal 7 SLP - 2025","article_publisher":"https:\/\/www.facebook.com\/noticieroscanal7atencionciudadana\/","article_published_time":"2025-01-16T00:28:18+00:00","article_modified_time":"2025-12-10T14:48:54+00:00","og_image":[{"width":1280,"height":720,"url":"https:\/\/canal7slp.tv\/2025\/wp-content\/uploads\/2025\/01\/Claudio01Reliquia.jpg","type":"image\/jpeg"}],"author":"Edici\u00f3n Web","twitter_card":"summary_large_image","twitter_creator":"@NOTICIEROS7","twitter_site":"@NOTICIEROS7","twitter_misc":{"Escrito por":"Edici\u00f3n Web","Tiempo de lectura":"2 minutos"},"schema":{"@context":"https:\/\/schema.org","@graph":[{"@type":"Article","@id":"https:\/\/canal7slp.tv\/2025\/anuncian-la-visita-a-san-luis-de-la-reliquia-del-apostol-san-judas-tadeo\/#article","isPartOf":{"@id":"https:\/\/canal7slp.tv\/2025\/anuncian-la-visita-a-san-luis-de-la-reliquia-del-apostol-san-judas-tadeo\/"},"author":{"name":"Edici\u00f3n Web","@id":"https:\/\/canal7slp.tv\/2025\/#\/schema\/person\/271e2b60a96e7cc9d9ac296f4d7e414b"},"headline":"Anuncian la visita a San Luis de la Reliquia del Ap\u00f3stol San Judas Tadeo","datePublished":"2025-01-16T00:28:18+00:00","dateModified":"2025-12-10T14:48:54+00:00","mainEntityOfPage":{"@id":"https:\/\/canal7slp.tv\/2025\/anuncian-la-visita-a-san-luis-de-la-reliquia-del-apostol-san-judas-tadeo\/"},"wordCount":240,"publisher":{"@id":"https:\/\/canal7slp.tv\/2025\/#organization"},"image":{"@id":"https:\/\/canal7slp.tv\/2025\/anuncian-la-visita-a-san-luis-de-la-reliquia-del-apostol-san-judas-tadeo\/#primaryimage"},"thumbnailUrl":"https:\/\/canal7slp.tv\/2025\/wp-content\/uploads\/2025\/01\/Claudio01Reliquia.jpg","articleSection":["DESTACADAS","Iglesia","LOCALES Y REGIONALES"],"inLanguage":"es"},{"@type":"WebPage","@id":"https:\/\/canal7slp.tv\/2025\/anuncian-la-visita-a-san-luis-de-la-reliquia-del-apostol-san-judas-tadeo\/","url":"https:\/\/canal7slp.tv\/2025\/anuncian-la-visita-a-san-luis-de-la-reliquia-del-apostol-san-judas-tadeo\/","name":"Anuncian la visita a San Luis de la Reliquia del Ap\u00f3stol San Judas Tadeo - Canal 7 SLP - 2025","isPartOf":{"@id":"https:\/\/canal7slp.tv\/2025\/#website"},"primaryImageOfPage":{"@id":"https:\/\/canal7slp.tv\/2025\/anuncian-la-visita-a-san-luis-de-la-reliquia-del-apostol-san-judas-tadeo\/#primaryimage"},"image":{"@id":"https:\/\/canal7slp.tv\/2025\/anuncian-la-visita-a-san-luis-de-la-reliquia-del-apostol-san-judas-tadeo\/#primaryimage"},"thumbnailUrl":"https:\/\/canal7slp.tv\/2025\/wp-content\/uploads\/2025\/01\/Claudio01Reliquia.jpg","datePublished":"2025-01-16T00:28:18+00:00","dateModified":"2025-12-10T14:48:54+00:00","breadcrumb":{"@id":"https:\/\/canal7slp.tv\/2025\/anuncian-la-visita-a-san-luis-de-la-reliquia-del-apostol-san-judas-tadeo\/#breadcrumb"},"inLanguage":"es","potentialAction":[{"@type":"ReadAction","target":["https:\/\/canal7slp.tv\/2025\/anuncian-la-visita-a-san-luis-de-la-reliquia-del-apostol-san-judas-tadeo\/"]}]},{"@type":"ImageObject","inLanguage":"es","@id":"https:\/\/canal7slp.tv\/2025\/anuncian-la-visita-a-san-luis-de-la-reliquia-del-apostol-san-judas-tadeo\/#primaryimage","url":"https:\/\/canal7slp.tv\/2025\/wp-content\/uploads\/2025\/01\/Claudio01Reliquia.jpg","contentUrl":"https:\/\/canal7slp.tv\/2025\/wp-content\/uploads\/2025\/01\/Claudio01Reliquia.jpg","width":1280,"height":720},{"@type":"BreadcrumbList","@id":"https:\/\/canal7slp.tv\/2025\/anuncian-la-visita-a-san-luis-de-la-reliquia-del-apostol-san-judas-tadeo\/#breadcrumb","itemListElement":[{"@type":"ListItem","position":1,"name":"Portada","item":"https:\/\/canal7slp.tv\/2025\/"},{"@type":"ListItem","position":2,"name":"Anuncian la visita a San Luis de la Reliquia del Ap\u00f3stol San Judas Tadeo"}]},{"@type":"WebSite","@id":"https:\/\/canal7slp.tv\/2025\/#website","url":"https:\/\/canal7slp.tv\/2025\/","name":"N7 - Noticieros Canal 7","description":"Somos el Medio","publisher":{"@id":"https:\/\/canal7slp.tv\/2025\/#organization"},"potentialAction":[{"@type":"SearchAction","target":{"@type":"EntryPoint","urlTemplate":"https:\/\/canal7slp.tv\/2025\/?s={search_term_string}"},"query-input":{"@type":"PropertyValueSpecification","valueRequired":true,"valueName":"search_term_string"}}],"inLanguage":"es"},{"@type":"Organization","@id":"https:\/\/canal7slp.tv\/2025\/#organization","name":"Noticieros Canal 7","url":"https:\/\/canal7slp.tv\/2025\/","logo":{"@type":"ImageObject","inLanguage":"es","@id":"https:\/\/canal7slp.tv\/2025\/#\/schema\/logo\/image\/","url":"https:\/\/canal7slp.tv\/2025\/wp-content\/uploads\/2021\/01\/logo-noticieros@2x.png","contentUrl":"https:\/\/canal7slp.tv\/2025\/wp-content\/uploads\/2021\/01\/logo-noticieros@2x.png","width":1017,"height":268,"caption":"Noticieros Canal 7"},"image":{"@id":"https:\/\/canal7slp.tv\/2025\/#\/schema\/logo\/image\/"},"sameAs":["https:\/\/www.facebook.com\/noticieroscanal7atencionciudadana\/","https:\/\/x.com\/NOTICIEROS7","https:\/\/www.instagram.com\/canal7_slp","https:\/\/www.youtube.com\/channel\/UCliiYs-gP3JfJeqdPrNdd5A"]},{"@type":"Person","@id":"https:\/\/canal7slp.tv\/2025\/#\/schema\/person\/271e2b60a96e7cc9d9ac296f4d7e414b","name":"Edici\u00f3n Web","image":{"@type":"ImageObject","inLanguage":"es","@id":"https:\/\/secure.gravatar.com\/avatar\/eee448fc3f7164808013b816ba91ac7e43bbe82a70bebac296f8bc6f0addaa1a?s=96&d=mm&r=g","url":"https:\/\/secure.gravatar.com\/avatar\/eee448fc3f7164808013b816ba91ac7e43bbe82a70bebac296f8bc6f0addaa1a?s=96&d=mm&r=g","contentUrl":"https:\/\/secure.gravatar.com\/avatar\/eee448fc3f7164808013b816ba91ac7e43bbe82a70bebac296f8bc6f0addaa1a?s=96&d=mm&r=g","caption":"Edici\u00f3n Web"},"url":"https:\/\/canal7slp.tv\/2025\/author\/edicionweb\/"}]}},"_links":{"self":[{"href":"https:\/\/canal7slp.tv\/2025\/wp-json\/wp\/v2\/posts\/154430","targetHints":{"allow":["GET"]}}],"collection":[{"href":"https:\/\/canal7slp.tv\/2025\/wp-json\/wp\/v2\/posts"}],"about":[{"href":"https:\/\/canal7slp.tv\/2025\/wp-json\/wp\/v2\/types\/post"}],"author":[{"embeddable":true,"href":"https:\/\/canal7slp.tv\/2025\/wp-json\/wp\/v2\/users\/2"}],"replies":[{"embeddable":true,"href":"https:\/\/canal7slp.tv\/2025\/wp-json\/wp\/v2\/comments?post=154430"}],"version-history":[{"count":3,"href":"https:\/\/canal7slp.tv\/2025\/wp-json\/wp\/v2\/posts\/154430\/revisions"}],"predecessor-version":[{"id":154439,"href":"https:\/\/canal7slp.tv\/2025\/wp-json\/wp\/v2\/posts\/154430\/revisions\/154439"}],"wp:featuredmedia":[{"embeddable":true,"href":"https:\/\/canal7slp.tv\/2025\/wp-json\/wp\/v2\/media\/154438"}],"wp:attachment":[{"href":"https:\/\/canal7slp.tv\/2025\/wp-json\/wp\/v2\/media?parent=154430"}],"wp:term":[{"taxonomy":"category","embeddable":true,"href":"https:\/\/canal7slp.tv\/2025\/wp-json\/wp\/v2\/categories?post=154430"},{"taxonomy":"post_tag","embeddable":true,"href":"https:\/\/canal7slp.tv\/2025\/wp-json\/wp\/v2\/tags?post=154430"}],"curies":[{"name":"wp","href":"https:\/\/api.w.org\/{rel}","templated":true}]}}