{"id":154422,"date":"2025-01-15T18:32:00","date_gmt":"2025-01-16T00:32:00","guid":{"rendered":"https:\/\/canal7slp.tv\/2025\/?p=154422"},"modified":"2025-01-15T18:32:00","modified_gmt":"2025-01-16T00:32:00","slug":"vocero-del-arzobispado-llama-a-esclarecer-el-caso-daniela-martell","status":"publish","type":"post","link":"https:\/\/canal7slp.tv\/2025\/vocero-del-arzobispado-llama-a-esclarecer-el-caso-daniela-martell\/","title":{"rendered":"Vocero del Arzobispado llama a esclarecer el caso Daniela Martell"},"content":{"rendered":"<p style=\"text-align: justify;\"><span style=\"font-size: 1.21429rem;\">SLP.- En torno al caso de Daniela Martell conductora de taxi de plataforma que fue reportada como desaparecida desde el pasado 6 de Enero, el vocero del Arzobispado Tom\u00e1s Cruz Perales hizo un llamado a las autoridades para que se esclarezca a fondo este caso.<\/span><\/p>\n<p style=\"text-align: justify;\">Y es que al mediod\u00eda de este mi\u00e9rcoles surgieron versiones en el sentido de que su auto ya hab\u00eda sido localizado en una comunidad, perteneciente al municipio de Villa de Zaragoza.<\/p>\n<p style=\"text-align: justify;\">Cabe se\u00f1alar que la tarde de este martes familiares y amigos de Daniela realizaron una marcha pac\u00edfica para exigir a la Fiscal\u00eda General del Estado, acelerar las investigaciones para su localizaci\u00f3n.<\/p>\n<p style=\"text-align: justify;\">Asimismo, el vocero del Arzobispado manifest\u00f3 su apoyo a los colectivos de madres buscadoras que como en este caso, dijo, buscan a sus hijos y familiares desaparecidos.<\/p>\n<p style=\"text-align: justify;\">Por: Claudio Ibarra<\/p>\n","protected":false},"excerpt":{"rendered":"<p>SLP.- En torno al caso de Daniela Martell conductora de taxi de plataforma que fue reportada como desaparecida desde el pasado 6 de Enero, el vocero del Arzobispado Tom\u00e1s Cruz Perales hizo un llamado a las autoridades para que se esclarezca a fondo este caso. Y es que al mediod\u00eda de este mi\u00e9rcoles surgieron versiones en el sentido de que su auto ya hab\u00eda sido localizado en una comunidad, perteneciente al municipio de Villa de Zaragoza. Cabe se\u00f1alar que la tarde de este martes familiares y amigos de Daniela realizaron una marcha pac\u00edfica para exigir a la Fiscal\u00eda General del [&hellip;]<\/p>\n","protected":false},"author":2,"featured_media":154441,"comment_status":"closed","ping_status":"closed","sticky":false,"template":"","format":"video","meta":{"_monsterinsights_skip_tracking":false,"_monsterinsights_sitenote_active":false,"_monsterinsights_sitenote_note":"","_monsterinsights_sitenote_category":0,"footnotes":""},"categories":[5,45],"tags":[],"class_list":["post-154422","post","type-post","status-publish","format-video","has-post-thumbnail","hentry","category-destacadas","category-localesyregionales","post_format-post-format-video","post--single"],"yoast_head":"<!-- This site is optimized with the Yoast SEO plugin v27.4 - https:\/\/yoast.com\/product\/yoast-seo-wordpress\/ -->\n<title>Vocero del Arzobispado llama a esclarecer el caso Daniela Martell - Canal 7 SLP - 2025<\/title>\n<meta name=\"robots\" content=\"index, follow, max-snippet:-1, max-image-preview:large, max-video-preview:-1\" \/>\n<link rel=\"canonical\" href=\"https:\/\/canal7slp.tv\/2025\/vocero-del-arzobispado-llama-a-esclarecer-el-caso-daniela-martell\/\" \/>\n<meta property=\"og:locale\" content=\"es_ES\" \/>\n<meta property=\"og:type\" content=\"article\" \/>\n<meta property=\"og:title\" content=\"Vocero del Arzobispado llama a esclarecer el caso Daniela Martell - Canal 7 SLP - 2025\" \/>\n<meta property=\"og:description\" content=\"SLP.- En torno al caso de Daniela Martell conductora de taxi de plataforma que fue reportada como desaparecida desde el pasado 6 de Enero, el vocero del Arzobispado Tom\u00e1s Cruz Perales hizo un llamado a las autoridades para que se esclarezca a fondo este caso. Y es que al mediod\u00eda de este mi\u00e9rcoles surgieron versiones en el sentido de que su auto ya hab\u00eda sido localizado en una comunidad, perteneciente al municipio de Villa de Zaragoza. Cabe se\u00f1alar que la tarde de este martes familiares y amigos de Daniela realizaron una marcha pac\u00edfica para exigir a la Fiscal\u00eda General del [&hellip;]\" \/>\n<meta property=\"og:url\" content=\"https:\/\/canal7slp.tv\/2025\/vocero-del-arzobispado-llama-a-esclarecer-el-caso-daniela-martell\/\" \/>\n<meta property=\"og:site_name\" content=\"Canal 7 SLP - 2025\" \/>\n<meta property=\"article:publisher\" content=\"https:\/\/www.facebook.com\/noticieroscanal7atencionciudadana\/\" \/>\n<meta property=\"article:published_time\" content=\"2025-01-16T00:32:00+00:00\" \/>\n<meta property=\"og:image\" content=\"https:\/\/canal7slp.tv\/2025\/wp-content\/uploads\/2025\/01\/Claudio02MadresBuscadoras.jpg\" \/>\n\t<meta property=\"og:image:width\" content=\"1280\" \/>\n\t<meta property=\"og:image:height\" content=\"720\" \/>\n\t<meta property=\"og:image:type\" content=\"image\/jpeg\" \/>\n<meta name=\"author\" content=\"Edici\u00f3n Web\" \/>\n<meta name=\"twitter:card\" content=\"summary_large_image\" \/>\n<meta name=\"twitter:creator\" content=\"@NOTICIEROS7\" \/>\n<meta name=\"twitter:site\" content=\"@NOTICIEROS7\" \/>\n<meta name=\"twitter:label1\" content=\"Escrito por\" \/>\n\t<meta name=\"twitter:data1\" content=\"Edici\u00f3n Web\" \/>\n\t<meta name=\"twitter:label2\" content=\"Tiempo de lectura\" \/>\n\t<meta name=\"twitter:data2\" content=\"1 minuto\" \/>\n<script type=\"application\/ld+json\" class=\"yoast-schema-graph\">{\"@context\":\"https:\\\/\\\/schema.org\",\"@graph\":[{\"@type\":\"Article\",\"@id\":\"https:\\\/\\\/canal7slp.tv\\\/2025\\\/vocero-del-arzobispado-llama-a-esclarecer-el-caso-daniela-martell\\\/#article\",\"isPartOf\":{\"@id\":\"https:\\\/\\\/canal7slp.tv\\\/2025\\\/vocero-del-arzobispado-llama-a-esclarecer-el-caso-daniela-martell\\\/\"},\"author\":{\"name\":\"Edici\u00f3n Web\",\"@id\":\"https:\\\/\\\/canal7slp.tv\\\/2025\\\/#\\\/schema\\\/person\\\/271e2b60a96e7cc9d9ac296f4d7e414b\"},\"headline\":\"Vocero del Arzobispado llama a esclarecer el caso Daniela Martell\",\"datePublished\":\"2025-01-16T00:32:00+00:00\",\"mainEntityOfPage\":{\"@id\":\"https:\\\/\\\/canal7slp.tv\\\/2025\\\/vocero-del-arzobispado-llama-a-esclarecer-el-caso-daniela-martell\\\/\"},\"wordCount\":155,\"publisher\":{\"@id\":\"https:\\\/\\\/canal7slp.tv\\\/2025\\\/#organization\"},\"image\":{\"@id\":\"https:\\\/\\\/canal7slp.tv\\\/2025\\\/vocero-del-arzobispado-llama-a-esclarecer-el-caso-daniela-martell\\\/#primaryimage\"},\"thumbnailUrl\":\"https:\\\/\\\/canal7slp.tv\\\/2025\\\/wp-content\\\/uploads\\\/2025\\\/01\\\/Claudio02MadresBuscadoras.jpg\",\"articleSection\":[\"DESTACADAS\",\"LOCALES Y REGIONALES\"],\"inLanguage\":\"es\"},{\"@type\":\"WebPage\",\"@id\":\"https:\\\/\\\/canal7slp.tv\\\/2025\\\/vocero-del-arzobispado-llama-a-esclarecer-el-caso-daniela-martell\\\/\",\"url\":\"https:\\\/\\\/canal7slp.tv\\\/2025\\\/vocero-del-arzobispado-llama-a-esclarecer-el-caso-daniela-martell\\\/\",\"name\":\"Vocero del Arzobispado llama a esclarecer el caso Daniela Martell - Canal 7 SLP - 2025\",\"isPartOf\":{\"@id\":\"https:\\\/\\\/canal7slp.tv\\\/2025\\\/#website\"},\"primaryImageOfPage\":{\"@id\":\"https:\\\/\\\/canal7slp.tv\\\/2025\\\/vocero-del-arzobispado-llama-a-esclarecer-el-caso-daniela-martell\\\/#primaryimage\"},\"image\":{\"@id\":\"https:\\\/\\\/canal7slp.tv\\\/2025\\\/vocero-del-arzobispado-llama-a-esclarecer-el-caso-daniela-martell\\\/#primaryimage\"},\"thumbnailUrl\":\"https:\\\/\\\/canal7slp.tv\\\/2025\\\/wp-content\\\/uploads\\\/2025\\\/01\\\/Claudio02MadresBuscadoras.jpg\",\"datePublished\":\"2025-01-16T00:32:00+00:00\",\"breadcrumb\":{\"@id\":\"https:\\\/\\\/canal7slp.tv\\\/2025\\\/vocero-del-arzobispado-llama-a-esclarecer-el-caso-daniela-martell\\\/#breadcrumb\"},\"inLanguage\":\"es\",\"potentialAction\":[{\"@type\":\"ReadAction\",\"target\":[\"https:\\\/\\\/canal7slp.tv\\\/2025\\\/vocero-del-arzobispado-llama-a-esclarecer-el-caso-daniela-martell\\\/\"]}]},{\"@type\":\"ImageObject\",\"inLanguage\":\"es\",\"@id\":\"https:\\\/\\\/canal7slp.tv\\\/2025\\\/vocero-del-arzobispado-llama-a-esclarecer-el-caso-daniela-martell\\\/#primaryimage\",\"url\":\"https:\\\/\\\/canal7slp.tv\\\/2025\\\/wp-content\\\/uploads\\\/2025\\\/01\\\/Claudio02MadresBuscadoras.jpg\",\"contentUrl\":\"https:\\\/\\\/canal7slp.tv\\\/2025\\\/wp-content\\\/uploads\\\/2025\\\/01\\\/Claudio02MadresBuscadoras.jpg\",\"width\":1280,\"height\":720},{\"@type\":\"BreadcrumbList\",\"@id\":\"https:\\\/\\\/canal7slp.tv\\\/2025\\\/vocero-del-arzobispado-llama-a-esclarecer-el-caso-daniela-martell\\\/#breadcrumb\",\"itemListElement\":[{\"@type\":\"ListItem\",\"position\":1,\"name\":\"Portada\",\"item\":\"https:\\\/\\\/canal7slp.tv\\\/2025\\\/\"},{\"@type\":\"ListItem\",\"position\":2,\"name\":\"Vocero del Arzobispado llama a esclarecer el caso Daniela Martell\"}]},{\"@type\":\"WebSite\",\"@id\":\"https:\\\/\\\/canal7slp.tv\\\/2025\\\/#website\",\"url\":\"https:\\\/\\\/canal7slp.tv\\\/2025\\\/\",\"name\":\"N7 - Noticieros Canal 7\",\"description\":\"Somos el Medio\",\"publisher\":{\"@id\":\"https:\\\/\\\/canal7slp.tv\\\/2025\\\/#organization\"},\"potentialAction\":[{\"@type\":\"SearchAction\",\"target\":{\"@type\":\"EntryPoint\",\"urlTemplate\":\"https:\\\/\\\/canal7slp.tv\\\/2025\\\/?s={search_term_string}\"},\"query-input\":{\"@type\":\"PropertyValueSpecification\",\"valueRequired\":true,\"valueName\":\"search_term_string\"}}],\"inLanguage\":\"es\"},{\"@type\":\"Organization\",\"@id\":\"https:\\\/\\\/canal7slp.tv\\\/2025\\\/#organization\",\"name\":\"Noticieros Canal 7\",\"url\":\"https:\\\/\\\/canal7slp.tv\\\/2025\\\/\",\"logo\":{\"@type\":\"ImageObject\",\"inLanguage\":\"es\",\"@id\":\"https:\\\/\\\/canal7slp.tv\\\/2025\\\/#\\\/schema\\\/logo\\\/image\\\/\",\"url\":\"https:\\\/\\\/canal7slp.tv\\\/2025\\\/wp-content\\\/uploads\\\/2021\\\/01\\\/logo-noticieros@2x.png\",\"contentUrl\":\"https:\\\/\\\/canal7slp.tv\\\/2025\\\/wp-content\\\/uploads\\\/2021\\\/01\\\/logo-noticieros@2x.png\",\"width\":1017,\"height\":268,\"caption\":\"Noticieros Canal 7\"},\"image\":{\"@id\":\"https:\\\/\\\/canal7slp.tv\\\/2025\\\/#\\\/schema\\\/logo\\\/image\\\/\"},\"sameAs\":[\"https:\\\/\\\/www.facebook.com\\\/noticieroscanal7atencionciudadana\\\/\",\"https:\\\/\\\/x.com\\\/NOTICIEROS7\",\"https:\\\/\\\/www.instagram.com\\\/canal7_slp\",\"https:\\\/\\\/www.youtube.com\\\/channel\\\/UCliiYs-gP3JfJeqdPrNdd5A\"]},{\"@type\":\"Person\",\"@id\":\"https:\\\/\\\/canal7slp.tv\\\/2025\\\/#\\\/schema\\\/person\\\/271e2b60a96e7cc9d9ac296f4d7e414b\",\"name\":\"Edici\u00f3n Web\",\"image\":{\"@type\":\"ImageObject\",\"inLanguage\":\"es\",\"@id\":\"https:\\\/\\\/secure.gravatar.com\\\/avatar\\\/eee448fc3f7164808013b816ba91ac7e43bbe82a70bebac296f8bc6f0addaa1a?s=96&d=mm&r=g\",\"url\":\"https:\\\/\\\/secure.gravatar.com\\\/avatar\\\/eee448fc3f7164808013b816ba91ac7e43bbe82a70bebac296f8bc6f0addaa1a?s=96&d=mm&r=g\",\"contentUrl\":\"https:\\\/\\\/secure.gravatar.com\\\/avatar\\\/eee448fc3f7164808013b816ba91ac7e43bbe82a70bebac296f8bc6f0addaa1a?s=96&d=mm&r=g\",\"caption\":\"Edici\u00f3n Web\"},\"url\":\"https:\\\/\\\/canal7slp.tv\\\/2025\\\/author\\\/edicionweb\\\/\"}]}<\/script>\n<!-- \/ Yoast SEO plugin. -->","yoast_head_json":{"title":"Vocero del Arzobispado llama a esclarecer el caso Daniela Martell - Canal 7 SLP - 2025","robots":{"index":"index","follow":"follow","max-snippet":"max-snippet:-1","max-image-preview":"max-image-preview:large","max-video-preview":"max-video-preview:-1"},"canonical":"https:\/\/canal7slp.tv\/2025\/vocero-del-arzobispado-llama-a-esclarecer-el-caso-daniela-martell\/","og_locale":"es_ES","og_type":"article","og_title":"Vocero del Arzobispado llama a esclarecer el caso Daniela Martell - Canal 7 SLP - 2025","og_description":"SLP.- En torno al caso de Daniela Martell conductora de taxi de plataforma que fue reportada como desaparecida desde el pasado 6 de Enero, el vocero del Arzobispado Tom\u00e1s Cruz Perales hizo un llamado a las autoridades para que se esclarezca a fondo este caso. Y es que al mediod\u00eda de este mi\u00e9rcoles surgieron versiones en el sentido de que su auto ya hab\u00eda sido localizado en una comunidad, perteneciente al municipio de Villa de Zaragoza. Cabe se\u00f1alar que la tarde de este martes familiares y amigos de Daniela realizaron una marcha pac\u00edfica para exigir a la Fiscal\u00eda General del [&hellip;]","og_url":"https:\/\/canal7slp.tv\/2025\/vocero-del-arzobispado-llama-a-esclarecer-el-caso-daniela-martell\/","og_site_name":"Canal 7 SLP - 2025","article_publisher":"https:\/\/www.facebook.com\/noticieroscanal7atencionciudadana\/","article_published_time":"2025-01-16T00:32:00+00:00","og_image":[{"width":1280,"height":720,"url":"https:\/\/canal7slp.tv\/2025\/wp-content\/uploads\/2025\/01\/Claudio02MadresBuscadoras.jpg","type":"image\/jpeg"}],"author":"Edici\u00f3n Web","twitter_card":"summary_large_image","twitter_creator":"@NOTICIEROS7","twitter_site":"@NOTICIEROS7","twitter_misc":{"Escrito por":"Edici\u00f3n Web","Tiempo de lectura":"1 minuto"},"schema":{"@context":"https:\/\/schema.org","@graph":[{"@type":"Article","@id":"https:\/\/canal7slp.tv\/2025\/vocero-del-arzobispado-llama-a-esclarecer-el-caso-daniela-martell\/#article","isPartOf":{"@id":"https:\/\/canal7slp.tv\/2025\/vocero-del-arzobispado-llama-a-esclarecer-el-caso-daniela-martell\/"},"author":{"name":"Edici\u00f3n Web","@id":"https:\/\/canal7slp.tv\/2025\/#\/schema\/person\/271e2b60a96e7cc9d9ac296f4d7e414b"},"headline":"Vocero del Arzobispado llama a esclarecer el caso Daniela Martell","datePublished":"2025-01-16T00:32:00+00:00","mainEntityOfPage":{"@id":"https:\/\/canal7slp.tv\/2025\/vocero-del-arzobispado-llama-a-esclarecer-el-caso-daniela-martell\/"},"wordCount":155,"publisher":{"@id":"https:\/\/canal7slp.tv\/2025\/#organization"},"image":{"@id":"https:\/\/canal7slp.tv\/2025\/vocero-del-arzobispado-llama-a-esclarecer-el-caso-daniela-martell\/#primaryimage"},"thumbnailUrl":"https:\/\/canal7slp.tv\/2025\/wp-content\/uploads\/2025\/01\/Claudio02MadresBuscadoras.jpg","articleSection":["DESTACADAS","LOCALES Y REGIONALES"],"inLanguage":"es"},{"@type":"WebPage","@id":"https:\/\/canal7slp.tv\/2025\/vocero-del-arzobispado-llama-a-esclarecer-el-caso-daniela-martell\/","url":"https:\/\/canal7slp.tv\/2025\/vocero-del-arzobispado-llama-a-esclarecer-el-caso-daniela-martell\/","name":"Vocero del Arzobispado llama a esclarecer el caso Daniela Martell - Canal 7 SLP - 2025","isPartOf":{"@id":"https:\/\/canal7slp.tv\/2025\/#website"},"primaryImageOfPage":{"@id":"https:\/\/canal7slp.tv\/2025\/vocero-del-arzobispado-llama-a-esclarecer-el-caso-daniela-martell\/#primaryimage"},"image":{"@id":"https:\/\/canal7slp.tv\/2025\/vocero-del-arzobispado-llama-a-esclarecer-el-caso-daniela-martell\/#primaryimage"},"thumbnailUrl":"https:\/\/canal7slp.tv\/2025\/wp-content\/uploads\/2025\/01\/Claudio02MadresBuscadoras.jpg","datePublished":"2025-01-16T00:32:00+00:00","breadcrumb":{"@id":"https:\/\/canal7slp.tv\/2025\/vocero-del-arzobispado-llama-a-esclarecer-el-caso-daniela-martell\/#breadcrumb"},"inLanguage":"es","potentialAction":[{"@type":"ReadAction","target":["https:\/\/canal7slp.tv\/2025\/vocero-del-arzobispado-llama-a-esclarecer-el-caso-daniela-martell\/"]}]},{"@type":"ImageObject","inLanguage":"es","@id":"https:\/\/canal7slp.tv\/2025\/vocero-del-arzobispado-llama-a-esclarecer-el-caso-daniela-martell\/#primaryimage","url":"https:\/\/canal7slp.tv\/2025\/wp-content\/uploads\/2025\/01\/Claudio02MadresBuscadoras.jpg","contentUrl":"https:\/\/canal7slp.tv\/2025\/wp-content\/uploads\/2025\/01\/Claudio02MadresBuscadoras.jpg","width":1280,"height":720},{"@type":"BreadcrumbList","@id":"https:\/\/canal7slp.tv\/2025\/vocero-del-arzobispado-llama-a-esclarecer-el-caso-daniela-martell\/#breadcrumb","itemListElement":[{"@type":"ListItem","position":1,"name":"Portada","item":"https:\/\/canal7slp.tv\/2025\/"},{"@type":"ListItem","position":2,"name":"Vocero del Arzobispado llama a esclarecer el caso Daniela Martell"}]},{"@type":"WebSite","@id":"https:\/\/canal7slp.tv\/2025\/#website","url":"https:\/\/canal7slp.tv\/2025\/","name":"N7 - Noticieros Canal 7","description":"Somos el Medio","publisher":{"@id":"https:\/\/canal7slp.tv\/2025\/#organization"},"potentialAction":[{"@type":"SearchAction","target":{"@type":"EntryPoint","urlTemplate":"https:\/\/canal7slp.tv\/2025\/?s={search_term_string}"},"query-input":{"@type":"PropertyValueSpecification","valueRequired":true,"valueName":"search_term_string"}}],"inLanguage":"es"},{"@type":"Organization","@id":"https:\/\/canal7slp.tv\/2025\/#organization","name":"Noticieros Canal 7","url":"https:\/\/canal7slp.tv\/2025\/","logo":{"@type":"ImageObject","inLanguage":"es","@id":"https:\/\/canal7slp.tv\/2025\/#\/schema\/logo\/image\/","url":"https:\/\/canal7slp.tv\/2025\/wp-content\/uploads\/2021\/01\/logo-noticieros@2x.png","contentUrl":"https:\/\/canal7slp.tv\/2025\/wp-content\/uploads\/2021\/01\/logo-noticieros@2x.png","width":1017,"height":268,"caption":"Noticieros Canal 7"},"image":{"@id":"https:\/\/canal7slp.tv\/2025\/#\/schema\/logo\/image\/"},"sameAs":["https:\/\/www.facebook.com\/noticieroscanal7atencionciudadana\/","https:\/\/x.com\/NOTICIEROS7","https:\/\/www.instagram.com\/canal7_slp","https:\/\/www.youtube.com\/channel\/UCliiYs-gP3JfJeqdPrNdd5A"]},{"@type":"Person","@id":"https:\/\/canal7slp.tv\/2025\/#\/schema\/person\/271e2b60a96e7cc9d9ac296f4d7e414b","name":"Edici\u00f3n Web","image":{"@type":"ImageObject","inLanguage":"es","@id":"https:\/\/secure.gravatar.com\/avatar\/eee448fc3f7164808013b816ba91ac7e43bbe82a70bebac296f8bc6f0addaa1a?s=96&d=mm&r=g","url":"https:\/\/secure.gravatar.com\/avatar\/eee448fc3f7164808013b816ba91ac7e43bbe82a70bebac296f8bc6f0addaa1a?s=96&d=mm&r=g","contentUrl":"https:\/\/secure.gravatar.com\/avatar\/eee448fc3f7164808013b816ba91ac7e43bbe82a70bebac296f8bc6f0addaa1a?s=96&d=mm&r=g","caption":"Edici\u00f3n Web"},"url":"https:\/\/canal7slp.tv\/2025\/author\/edicionweb\/"}]}},"_links":{"self":[{"href":"https:\/\/canal7slp.tv\/2025\/wp-json\/wp\/v2\/posts\/154422","targetHints":{"allow":["GET"]}}],"collection":[{"href":"https:\/\/canal7slp.tv\/2025\/wp-json\/wp\/v2\/posts"}],"about":[{"href":"https:\/\/canal7slp.tv\/2025\/wp-json\/wp\/v2\/types\/post"}],"author":[{"embeddable":true,"href":"https:\/\/canal7slp.tv\/2025\/wp-json\/wp\/v2\/users\/2"}],"replies":[{"embeddable":true,"href":"https:\/\/canal7slp.tv\/2025\/wp-json\/wp\/v2\/comments?post=154422"}],"version-history":[{"count":3,"href":"https:\/\/canal7slp.tv\/2025\/wp-json\/wp\/v2\/posts\/154422\/revisions"}],"predecessor-version":[{"id":154442,"href":"https:\/\/canal7slp.tv\/2025\/wp-json\/wp\/v2\/posts\/154422\/revisions\/154442"}],"wp:featuredmedia":[{"embeddable":true,"href":"https:\/\/canal7slp.tv\/2025\/wp-json\/wp\/v2\/media\/154441"}],"wp:attachment":[{"href":"https:\/\/canal7slp.tv\/2025\/wp-json\/wp\/v2\/media?parent=154422"}],"wp:term":[{"taxonomy":"category","embeddable":true,"href":"https:\/\/canal7slp.tv\/2025\/wp-json\/wp\/v2\/categories?post=154422"},{"taxonomy":"post_tag","embeddable":true,"href":"https:\/\/canal7slp.tv\/2025\/wp-json\/wp\/v2\/tags?post=154422"}],"curies":[{"name":"wp","href":"https:\/\/api.w.org\/{rel}","templated":true}]}}