{"id":154405,"date":"2025-01-15T16:18:37","date_gmt":"2025-01-15T22:18:37","guid":{"rendered":"https:\/\/canal7slp.tv\/2025\/?p=154405"},"modified":"2025-01-15T16:18:37","modified_gmt":"2025-01-15T22:18:37","slug":"sin-definir-alza-en-costo-de-la-tarifa-de-camion","status":"publish","type":"post","link":"https:\/\/canal7slp.tv\/2025\/sin-definir-alza-en-costo-de-la-tarifa-de-camion\/","title":{"rendered":"Sin definir alza en costo de la tarifa de cami\u00f3n"},"content":{"rendered":"<p style=\"text-align: justify;\">SLP.- Durante el d\u00eda 15 de enero los conductores de cami\u00f3n urbano debieron cobrar la tarifa 2024 pues el aumento entr\u00f3 en vigor hasta el d\u00eda 16 de enero, as\u00ed lo hizo saber la titular de la Secretar\u00eda de Comunicaciones y Transportes, Araceli Mart\u00ednez Acosta.<\/p>\n<p style=\"text-align: justify;\">\u201cNo, tenemos la inspecci\u00f3n, tenemos a los inspectores en los distintos puntos de la ciudad que est\u00e1n haciendo la revisi\u00f3n, si es que hay alguna queja de que ya se est\u00e9 cobrando una tarifa (\u2026) estamos atentos para poder aplicar las sanciones correspondientes\u201d.<\/p>\n<p style=\"text-align: justify;\">Dijo que la secretar\u00eda no tuvo prisa en generar el aumento y por ello no se tuvo un panorama claro para la poblaci\u00f3n.<\/p>\n<p style=\"text-align: justify;\">\u201cPues la verdad es que no tenemos como ninguna prisa, los jur\u00eddicos y el personal t\u00e9cnico est\u00e1n haciendo su trabajo, esta secretar\u00eda tiene pues much\u00edsimo trabajo\u201d.<\/p>\n<p style=\"text-align: justify;\">Cuestionada en si este d\u00eda 15 de enero quedar\u00e1 el alza establecida, lo confirm\u00f3.<\/p>\n<p style=\"text-align: justify;\">\u201cY pues bueno, es parte de que se lleve el proceso que se tenga que llevar, no tenemos ninguna prisa, la ley establece que tendr\u00e1 que ser el d\u00eda de hoy y el d\u00eda de hoy se acaba hasta las 12 de la noche\u201d.<\/p>\n<p style=\"text-align: justify;\">A su vez, lo reporteros preguntaron por las p\u00e9simas condiciones de los camiones y la queja de la poblaci\u00f3n, hecho que neg\u00f3.<\/p>\n<p style=\"text-align: justify;\">\u201cLas fuentes formales, las fuentes fidedignas, las fuentes serias, est\u00e1n comentando justamente lo contrario (\u2026) no, no tenemos el peor transporte, tenemos uno de los mejores transportes\u201d.<\/p>\n<p>Por: Juan Carlos Contreras<\/p>\n","protected":false},"excerpt":{"rendered":"<p>SLP.- Durante el d\u00eda 15 de enero los conductores de cami\u00f3n urbano debieron cobrar la tarifa 2024 pues el aumento entr\u00f3 en vigor hasta el d\u00eda 16 de enero, as\u00ed lo hizo saber la titular de la Secretar\u00eda de Comunicaciones y Transportes, Araceli Mart\u00ednez Acosta. \u201cNo, tenemos la inspecci\u00f3n, tenemos a los inspectores en los distintos puntos de la ciudad que est\u00e1n haciendo la revisi\u00f3n, si es que hay alguna queja de que ya se est\u00e9 cobrando una tarifa (\u2026) estamos atentos para poder aplicar las sanciones correspondientes\u201d. Dijo que la secretar\u00eda no tuvo prisa en generar el aumento y [&hellip;]<\/p>\n","protected":false},"author":2,"featured_media":154414,"comment_status":"closed","ping_status":"closed","sticky":false,"template":"","format":"video","meta":{"_monsterinsights_skip_tracking":false,"_monsterinsights_sitenote_active":false,"_monsterinsights_sitenote_note":"","_monsterinsights_sitenote_category":0,"footnotes":""},"categories":[5,510,45],"tags":[],"class_list":["post-154405","post","type-post","status-publish","format-video","has-post-thumbnail","hentry","category-destacadas","category-gobedoslp","category-localesyregionales","post_format-post-format-video","post--single"],"yoast_head":"<!-- This site is optimized with the Yoast SEO plugin v27.5 - https:\/\/yoast.com\/product\/yoast-seo-wordpress\/ -->\n<title>Sin definir alza en costo de la tarifa de cami\u00f3n - Canal 7 SLP - 2025<\/title>\n<meta name=\"robots\" content=\"index, follow, max-snippet:-1, max-image-preview:large, max-video-preview:-1\" \/>\n<link rel=\"canonical\" href=\"https:\/\/canal7slp.tv\/2025\/sin-definir-alza-en-costo-de-la-tarifa-de-camion\/\" \/>\n<meta property=\"og:locale\" content=\"es_ES\" \/>\n<meta property=\"og:type\" content=\"article\" \/>\n<meta property=\"og:title\" content=\"Sin definir alza en costo de la tarifa de cami\u00f3n - Canal 7 SLP - 2025\" \/>\n<meta property=\"og:description\" content=\"SLP.- Durante el d\u00eda 15 de enero los conductores de cami\u00f3n urbano debieron cobrar la tarifa 2024 pues el aumento entr\u00f3 en vigor hasta el d\u00eda 16 de enero, as\u00ed lo hizo saber la titular de la Secretar\u00eda de Comunicaciones y Transportes, Araceli Mart\u00ednez Acosta. \u201cNo, tenemos la inspecci\u00f3n, tenemos a los inspectores en los distintos puntos de la ciudad que est\u00e1n haciendo la revisi\u00f3n, si es que hay alguna queja de que ya se est\u00e9 cobrando una tarifa (\u2026) estamos atentos para poder aplicar las sanciones correspondientes\u201d. Dijo que la secretar\u00eda no tuvo prisa en generar el aumento y [&hellip;]\" \/>\n<meta property=\"og:url\" content=\"https:\/\/canal7slp.tv\/2025\/sin-definir-alza-en-costo-de-la-tarifa-de-camion\/\" \/>\n<meta property=\"og:site_name\" content=\"Canal 7 SLP - 2025\" \/>\n<meta property=\"article:publisher\" content=\"https:\/\/www.facebook.com\/noticieroscanal7atencionciudadana\/\" \/>\n<meta property=\"article:published_time\" content=\"2025-01-15T22:18:37+00:00\" \/>\n<meta property=\"og:image\" content=\"https:\/\/canal7slp.tv\/2025\/wp-content\/uploads\/2025\/01\/Poky02CuotaCamion.jpg\" \/>\n\t<meta property=\"og:image:width\" content=\"1280\" \/>\n\t<meta property=\"og:image:height\" content=\"720\" \/>\n\t<meta property=\"og:image:type\" content=\"image\/jpeg\" \/>\n<meta name=\"author\" content=\"Edici\u00f3n Web\" \/>\n<meta name=\"twitter:card\" content=\"summary_large_image\" \/>\n<meta name=\"twitter:creator\" content=\"@NOTICIEROS7\" \/>\n<meta name=\"twitter:site\" content=\"@NOTICIEROS7\" \/>\n<meta name=\"twitter:label1\" content=\"Escrito por\" \/>\n\t<meta name=\"twitter:data1\" content=\"Edici\u00f3n Web\" \/>\n\t<meta name=\"twitter:label2\" content=\"Tiempo de lectura\" \/>\n\t<meta name=\"twitter:data2\" content=\"2 minutos\" \/>\n<script type=\"application\/ld+json\" class=\"yoast-schema-graph\">{\"@context\":\"https:\\\/\\\/schema.org\",\"@graph\":[{\"@type\":\"Article\",\"@id\":\"https:\\\/\\\/canal7slp.tv\\\/2025\\\/sin-definir-alza-en-costo-de-la-tarifa-de-camion\\\/#article\",\"isPartOf\":{\"@id\":\"https:\\\/\\\/canal7slp.tv\\\/2025\\\/sin-definir-alza-en-costo-de-la-tarifa-de-camion\\\/\"},\"author\":{\"name\":\"Edici\u00f3n Web\",\"@id\":\"https:\\\/\\\/canal7slp.tv\\\/2025\\\/#\\\/schema\\\/person\\\/271e2b60a96e7cc9d9ac296f4d7e414b\"},\"headline\":\"Sin definir alza en costo de la tarifa de cami\u00f3n\",\"datePublished\":\"2025-01-15T22:18:37+00:00\",\"mainEntityOfPage\":{\"@id\":\"https:\\\/\\\/canal7slp.tv\\\/2025\\\/sin-definir-alza-en-costo-de-la-tarifa-de-camion\\\/\"},\"wordCount\":274,\"publisher\":{\"@id\":\"https:\\\/\\\/canal7slp.tv\\\/2025\\\/#organization\"},\"image\":{\"@id\":\"https:\\\/\\\/canal7slp.tv\\\/2025\\\/sin-definir-alza-en-costo-de-la-tarifa-de-camion\\\/#primaryimage\"},\"thumbnailUrl\":\"https:\\\/\\\/canal7slp.tv\\\/2025\\\/wp-content\\\/uploads\\\/2025\\\/01\\\/Poky02CuotaCamion.jpg\",\"articleSection\":[\"DESTACADAS\",\"GOBEDOSLP\",\"LOCALES Y REGIONALES\"],\"inLanguage\":\"es\"},{\"@type\":\"WebPage\",\"@id\":\"https:\\\/\\\/canal7slp.tv\\\/2025\\\/sin-definir-alza-en-costo-de-la-tarifa-de-camion\\\/\",\"url\":\"https:\\\/\\\/canal7slp.tv\\\/2025\\\/sin-definir-alza-en-costo-de-la-tarifa-de-camion\\\/\",\"name\":\"Sin definir alza en costo de la tarifa de cami\u00f3n - Canal 7 SLP - 2025\",\"isPartOf\":{\"@id\":\"https:\\\/\\\/canal7slp.tv\\\/2025\\\/#website\"},\"primaryImageOfPage\":{\"@id\":\"https:\\\/\\\/canal7slp.tv\\\/2025\\\/sin-definir-alza-en-costo-de-la-tarifa-de-camion\\\/#primaryimage\"},\"image\":{\"@id\":\"https:\\\/\\\/canal7slp.tv\\\/2025\\\/sin-definir-alza-en-costo-de-la-tarifa-de-camion\\\/#primaryimage\"},\"thumbnailUrl\":\"https:\\\/\\\/canal7slp.tv\\\/2025\\\/wp-content\\\/uploads\\\/2025\\\/01\\\/Poky02CuotaCamion.jpg\",\"datePublished\":\"2025-01-15T22:18:37+00:00\",\"breadcrumb\":{\"@id\":\"https:\\\/\\\/canal7slp.tv\\\/2025\\\/sin-definir-alza-en-costo-de-la-tarifa-de-camion\\\/#breadcrumb\"},\"inLanguage\":\"es\",\"potentialAction\":[{\"@type\":\"ReadAction\",\"target\":[\"https:\\\/\\\/canal7slp.tv\\\/2025\\\/sin-definir-alza-en-costo-de-la-tarifa-de-camion\\\/\"]}]},{\"@type\":\"ImageObject\",\"inLanguage\":\"es\",\"@id\":\"https:\\\/\\\/canal7slp.tv\\\/2025\\\/sin-definir-alza-en-costo-de-la-tarifa-de-camion\\\/#primaryimage\",\"url\":\"https:\\\/\\\/canal7slp.tv\\\/2025\\\/wp-content\\\/uploads\\\/2025\\\/01\\\/Poky02CuotaCamion.jpg\",\"contentUrl\":\"https:\\\/\\\/canal7slp.tv\\\/2025\\\/wp-content\\\/uploads\\\/2025\\\/01\\\/Poky02CuotaCamion.jpg\",\"width\":1280,\"height\":720},{\"@type\":\"BreadcrumbList\",\"@id\":\"https:\\\/\\\/canal7slp.tv\\\/2025\\\/sin-definir-alza-en-costo-de-la-tarifa-de-camion\\\/#breadcrumb\",\"itemListElement\":[{\"@type\":\"ListItem\",\"position\":1,\"name\":\"Portada\",\"item\":\"https:\\\/\\\/canal7slp.tv\\\/2025\\\/\"},{\"@type\":\"ListItem\",\"position\":2,\"name\":\"Sin definir alza en costo de la tarifa de cami\u00f3n\"}]},{\"@type\":\"WebSite\",\"@id\":\"https:\\\/\\\/canal7slp.tv\\\/2025\\\/#website\",\"url\":\"https:\\\/\\\/canal7slp.tv\\\/2025\\\/\",\"name\":\"N7 - Noticieros Canal 7\",\"description\":\"Somos el Medio\",\"publisher\":{\"@id\":\"https:\\\/\\\/canal7slp.tv\\\/2025\\\/#organization\"},\"potentialAction\":[{\"@type\":\"SearchAction\",\"target\":{\"@type\":\"EntryPoint\",\"urlTemplate\":\"https:\\\/\\\/canal7slp.tv\\\/2025\\\/?s={search_term_string}\"},\"query-input\":{\"@type\":\"PropertyValueSpecification\",\"valueRequired\":true,\"valueName\":\"search_term_string\"}}],\"inLanguage\":\"es\"},{\"@type\":\"Organization\",\"@id\":\"https:\\\/\\\/canal7slp.tv\\\/2025\\\/#organization\",\"name\":\"Noticieros Canal 7\",\"url\":\"https:\\\/\\\/canal7slp.tv\\\/2025\\\/\",\"logo\":{\"@type\":\"ImageObject\",\"inLanguage\":\"es\",\"@id\":\"https:\\\/\\\/canal7slp.tv\\\/2025\\\/#\\\/schema\\\/logo\\\/image\\\/\",\"url\":\"https:\\\/\\\/canal7slp.tv\\\/2025\\\/wp-content\\\/uploads\\\/2021\\\/01\\\/logo-noticieros@2x.png\",\"contentUrl\":\"https:\\\/\\\/canal7slp.tv\\\/2025\\\/wp-content\\\/uploads\\\/2021\\\/01\\\/logo-noticieros@2x.png\",\"width\":1017,\"height\":268,\"caption\":\"Noticieros Canal 7\"},\"image\":{\"@id\":\"https:\\\/\\\/canal7slp.tv\\\/2025\\\/#\\\/schema\\\/logo\\\/image\\\/\"},\"sameAs\":[\"https:\\\/\\\/www.facebook.com\\\/noticieroscanal7atencionciudadana\\\/\",\"https:\\\/\\\/x.com\\\/NOTICIEROS7\",\"https:\\\/\\\/www.instagram.com\\\/canal7_slp\",\"https:\\\/\\\/www.youtube.com\\\/channel\\\/UCliiYs-gP3JfJeqdPrNdd5A\"]},{\"@type\":\"Person\",\"@id\":\"https:\\\/\\\/canal7slp.tv\\\/2025\\\/#\\\/schema\\\/person\\\/271e2b60a96e7cc9d9ac296f4d7e414b\",\"name\":\"Edici\u00f3n Web\",\"image\":{\"@type\":\"ImageObject\",\"inLanguage\":\"es\",\"@id\":\"https:\\\/\\\/secure.gravatar.com\\\/avatar\\\/eee448fc3f7164808013b816ba91ac7e43bbe82a70bebac296f8bc6f0addaa1a?s=96&d=mm&r=g\",\"url\":\"https:\\\/\\\/secure.gravatar.com\\\/avatar\\\/eee448fc3f7164808013b816ba91ac7e43bbe82a70bebac296f8bc6f0addaa1a?s=96&d=mm&r=g\",\"contentUrl\":\"https:\\\/\\\/secure.gravatar.com\\\/avatar\\\/eee448fc3f7164808013b816ba91ac7e43bbe82a70bebac296f8bc6f0addaa1a?s=96&d=mm&r=g\",\"caption\":\"Edici\u00f3n Web\"},\"url\":\"https:\\\/\\\/canal7slp.tv\\\/2025\\\/author\\\/edicionweb\\\/\"}]}<\/script>\n<!-- \/ Yoast SEO plugin. -->","yoast_head_json":{"title":"Sin definir alza en costo de la tarifa de cami\u00f3n - Canal 7 SLP - 2025","robots":{"index":"index","follow":"follow","max-snippet":"max-snippet:-1","max-image-preview":"max-image-preview:large","max-video-preview":"max-video-preview:-1"},"canonical":"https:\/\/canal7slp.tv\/2025\/sin-definir-alza-en-costo-de-la-tarifa-de-camion\/","og_locale":"es_ES","og_type":"article","og_title":"Sin definir alza en costo de la tarifa de cami\u00f3n - Canal 7 SLP - 2025","og_description":"SLP.- Durante el d\u00eda 15 de enero los conductores de cami\u00f3n urbano debieron cobrar la tarifa 2024 pues el aumento entr\u00f3 en vigor hasta el d\u00eda 16 de enero, as\u00ed lo hizo saber la titular de la Secretar\u00eda de Comunicaciones y Transportes, Araceli Mart\u00ednez Acosta. \u201cNo, tenemos la inspecci\u00f3n, tenemos a los inspectores en los distintos puntos de la ciudad que est\u00e1n haciendo la revisi\u00f3n, si es que hay alguna queja de que ya se est\u00e9 cobrando una tarifa (\u2026) estamos atentos para poder aplicar las sanciones correspondientes\u201d. Dijo que la secretar\u00eda no tuvo prisa en generar el aumento y [&hellip;]","og_url":"https:\/\/canal7slp.tv\/2025\/sin-definir-alza-en-costo-de-la-tarifa-de-camion\/","og_site_name":"Canal 7 SLP - 2025","article_publisher":"https:\/\/www.facebook.com\/noticieroscanal7atencionciudadana\/","article_published_time":"2025-01-15T22:18:37+00:00","og_image":[{"width":1280,"height":720,"url":"https:\/\/canal7slp.tv\/2025\/wp-content\/uploads\/2025\/01\/Poky02CuotaCamion.jpg","type":"image\/jpeg"}],"author":"Edici\u00f3n Web","twitter_card":"summary_large_image","twitter_creator":"@NOTICIEROS7","twitter_site":"@NOTICIEROS7","twitter_misc":{"Escrito por":"Edici\u00f3n Web","Tiempo de lectura":"2 minutos"},"schema":{"@context":"https:\/\/schema.org","@graph":[{"@type":"Article","@id":"https:\/\/canal7slp.tv\/2025\/sin-definir-alza-en-costo-de-la-tarifa-de-camion\/#article","isPartOf":{"@id":"https:\/\/canal7slp.tv\/2025\/sin-definir-alza-en-costo-de-la-tarifa-de-camion\/"},"author":{"name":"Edici\u00f3n Web","@id":"https:\/\/canal7slp.tv\/2025\/#\/schema\/person\/271e2b60a96e7cc9d9ac296f4d7e414b"},"headline":"Sin definir alza en costo de la tarifa de cami\u00f3n","datePublished":"2025-01-15T22:18:37+00:00","mainEntityOfPage":{"@id":"https:\/\/canal7slp.tv\/2025\/sin-definir-alza-en-costo-de-la-tarifa-de-camion\/"},"wordCount":274,"publisher":{"@id":"https:\/\/canal7slp.tv\/2025\/#organization"},"image":{"@id":"https:\/\/canal7slp.tv\/2025\/sin-definir-alza-en-costo-de-la-tarifa-de-camion\/#primaryimage"},"thumbnailUrl":"https:\/\/canal7slp.tv\/2025\/wp-content\/uploads\/2025\/01\/Poky02CuotaCamion.jpg","articleSection":["DESTACADAS","GOBEDOSLP","LOCALES Y REGIONALES"],"inLanguage":"es"},{"@type":"WebPage","@id":"https:\/\/canal7slp.tv\/2025\/sin-definir-alza-en-costo-de-la-tarifa-de-camion\/","url":"https:\/\/canal7slp.tv\/2025\/sin-definir-alza-en-costo-de-la-tarifa-de-camion\/","name":"Sin definir alza en costo de la tarifa de cami\u00f3n - Canal 7 SLP - 2025","isPartOf":{"@id":"https:\/\/canal7slp.tv\/2025\/#website"},"primaryImageOfPage":{"@id":"https:\/\/canal7slp.tv\/2025\/sin-definir-alza-en-costo-de-la-tarifa-de-camion\/#primaryimage"},"image":{"@id":"https:\/\/canal7slp.tv\/2025\/sin-definir-alza-en-costo-de-la-tarifa-de-camion\/#primaryimage"},"thumbnailUrl":"https:\/\/canal7slp.tv\/2025\/wp-content\/uploads\/2025\/01\/Poky02CuotaCamion.jpg","datePublished":"2025-01-15T22:18:37+00:00","breadcrumb":{"@id":"https:\/\/canal7slp.tv\/2025\/sin-definir-alza-en-costo-de-la-tarifa-de-camion\/#breadcrumb"},"inLanguage":"es","potentialAction":[{"@type":"ReadAction","target":["https:\/\/canal7slp.tv\/2025\/sin-definir-alza-en-costo-de-la-tarifa-de-camion\/"]}]},{"@type":"ImageObject","inLanguage":"es","@id":"https:\/\/canal7slp.tv\/2025\/sin-definir-alza-en-costo-de-la-tarifa-de-camion\/#primaryimage","url":"https:\/\/canal7slp.tv\/2025\/wp-content\/uploads\/2025\/01\/Poky02CuotaCamion.jpg","contentUrl":"https:\/\/canal7slp.tv\/2025\/wp-content\/uploads\/2025\/01\/Poky02CuotaCamion.jpg","width":1280,"height":720},{"@type":"BreadcrumbList","@id":"https:\/\/canal7slp.tv\/2025\/sin-definir-alza-en-costo-de-la-tarifa-de-camion\/#breadcrumb","itemListElement":[{"@type":"ListItem","position":1,"name":"Portada","item":"https:\/\/canal7slp.tv\/2025\/"},{"@type":"ListItem","position":2,"name":"Sin definir alza en costo de la tarifa de cami\u00f3n"}]},{"@type":"WebSite","@id":"https:\/\/canal7slp.tv\/2025\/#website","url":"https:\/\/canal7slp.tv\/2025\/","name":"N7 - Noticieros Canal 7","description":"Somos el Medio","publisher":{"@id":"https:\/\/canal7slp.tv\/2025\/#organization"},"potentialAction":[{"@type":"SearchAction","target":{"@type":"EntryPoint","urlTemplate":"https:\/\/canal7slp.tv\/2025\/?s={search_term_string}"},"query-input":{"@type":"PropertyValueSpecification","valueRequired":true,"valueName":"search_term_string"}}],"inLanguage":"es"},{"@type":"Organization","@id":"https:\/\/canal7slp.tv\/2025\/#organization","name":"Noticieros Canal 7","url":"https:\/\/canal7slp.tv\/2025\/","logo":{"@type":"ImageObject","inLanguage":"es","@id":"https:\/\/canal7slp.tv\/2025\/#\/schema\/logo\/image\/","url":"https:\/\/canal7slp.tv\/2025\/wp-content\/uploads\/2021\/01\/logo-noticieros@2x.png","contentUrl":"https:\/\/canal7slp.tv\/2025\/wp-content\/uploads\/2021\/01\/logo-noticieros@2x.png","width":1017,"height":268,"caption":"Noticieros Canal 7"},"image":{"@id":"https:\/\/canal7slp.tv\/2025\/#\/schema\/logo\/image\/"},"sameAs":["https:\/\/www.facebook.com\/noticieroscanal7atencionciudadana\/","https:\/\/x.com\/NOTICIEROS7","https:\/\/www.instagram.com\/canal7_slp","https:\/\/www.youtube.com\/channel\/UCliiYs-gP3JfJeqdPrNdd5A"]},{"@type":"Person","@id":"https:\/\/canal7slp.tv\/2025\/#\/schema\/person\/271e2b60a96e7cc9d9ac296f4d7e414b","name":"Edici\u00f3n Web","image":{"@type":"ImageObject","inLanguage":"es","@id":"https:\/\/secure.gravatar.com\/avatar\/eee448fc3f7164808013b816ba91ac7e43bbe82a70bebac296f8bc6f0addaa1a?s=96&d=mm&r=g","url":"https:\/\/secure.gravatar.com\/avatar\/eee448fc3f7164808013b816ba91ac7e43bbe82a70bebac296f8bc6f0addaa1a?s=96&d=mm&r=g","contentUrl":"https:\/\/secure.gravatar.com\/avatar\/eee448fc3f7164808013b816ba91ac7e43bbe82a70bebac296f8bc6f0addaa1a?s=96&d=mm&r=g","caption":"Edici\u00f3n Web"},"url":"https:\/\/canal7slp.tv\/2025\/author\/edicionweb\/"}]}},"_links":{"self":[{"href":"https:\/\/canal7slp.tv\/2025\/wp-json\/wp\/v2\/posts\/154405","targetHints":{"allow":["GET"]}}],"collection":[{"href":"https:\/\/canal7slp.tv\/2025\/wp-json\/wp\/v2\/posts"}],"about":[{"href":"https:\/\/canal7slp.tv\/2025\/wp-json\/wp\/v2\/types\/post"}],"author":[{"embeddable":true,"href":"https:\/\/canal7slp.tv\/2025\/wp-json\/wp\/v2\/users\/2"}],"replies":[{"embeddable":true,"href":"https:\/\/canal7slp.tv\/2025\/wp-json\/wp\/v2\/comments?post=154405"}],"version-history":[{"count":2,"href":"https:\/\/canal7slp.tv\/2025\/wp-json\/wp\/v2\/posts\/154405\/revisions"}],"predecessor-version":[{"id":154415,"href":"https:\/\/canal7slp.tv\/2025\/wp-json\/wp\/v2\/posts\/154405\/revisions\/154415"}],"wp:featuredmedia":[{"embeddable":true,"href":"https:\/\/canal7slp.tv\/2025\/wp-json\/wp\/v2\/media\/154414"}],"wp:attachment":[{"href":"https:\/\/canal7slp.tv\/2025\/wp-json\/wp\/v2\/media?parent=154405"}],"wp:term":[{"taxonomy":"category","embeddable":true,"href":"https:\/\/canal7slp.tv\/2025\/wp-json\/wp\/v2\/categories?post=154405"},{"taxonomy":"post_tag","embeddable":true,"href":"https:\/\/canal7slp.tv\/2025\/wp-json\/wp\/v2\/tags?post=154405"}],"curies":[{"name":"wp","href":"https:\/\/api.w.org\/{rel}","templated":true}]}}