{"id":154404,"date":"2025-01-15T16:39:40","date_gmt":"2025-01-15T22:39:40","guid":{"rendered":"https:\/\/canal7slp.tv\/2025\/?p=154404"},"modified":"2025-01-15T16:39:40","modified_gmt":"2025-01-15T22:39:40","slug":"nueva-ruta-de-la-metrored-para-soledad","status":"publish","type":"post","link":"https:\/\/canal7slp.tv\/2025\/nueva-ruta-de-la-metrored-para-soledad\/","title":{"rendered":"Nueva ruta de la MetroRed para Soledad"},"content":{"rendered":"<p style=\"text-align: justify;\">SGS.- La quinta ruta de la MetroRed qued\u00f3 habilitada y con camino por definir en el municipio de Soledad de Graciano S\u00e1nchez, as\u00ed lo hizo saber la titular de la Secretar\u00eda de Comunicaciones y Transportes, Araceli Mart\u00ednez Acosta.<\/p>\n<p style=\"text-align: justify;\">\u201cCon esta nueva ruta que hoy vamos a hacer el recorrido con nuestro alcalde, justamente para poder acordar con \u00e9l los punto de ascenso y descenso y poder establecer cu\u00e1les van a ser las paradas que sean seguras\u201d.<\/p>\n<p style=\"text-align: justify;\">Indic\u00f3 que este proyecto es para todos.<\/p>\n<p style=\"text-align: justify;\">\u201cRecordar que es un proyecto incluyente, que es un proyecto para que las personas con discapacidad, los adultos mayores puedan abordar estas unidades, incluso ellos solitos, no precisamente con un acompa\u00f1ante\u201d.<\/p>\n<p style=\"text-align: justify;\">Extern\u00f3 los datos t\u00e9cnicos al momento.<\/p>\n<p style=\"text-align: justify;\">\u201cVamos a hacer el recorrido de esta ruta provisional que tenemos trazada (\u2026) que comprende aproximadamente 39 kil\u00f3metros, que comprende aproximadamente 12 estaciones\u201d.<\/p>\n<p style=\"text-align: justify;\">Por su parte el edil, Juan Manuel Navarro Mu\u00f1iz destac\u00f3 la creaci\u00f3n de esta ruta para soledad.<\/p>\n<p style=\"text-align: justify;\">\u201cBienvenido siempre lo que venga a sumar a Soledad, hoy contar con una ruta de MetroRed en Soledad va a ser importante, un servicio gratuito, un servicio de calidad (\u2026) se mantiene la gratuidad pero sobre todo un transporte de calidad, Soledad no se pod\u00eda quedar atr\u00e1s sin este servicio\u201d.<\/p>\n<p style=\"text-align: justify;\">A la fecha existen cinco rutas de la MetroRed: de zona de transferencia a Los Salazares, de zona de transferencia a zona industrial, ruta Circuito Potos\u00ed, de zona de transferencia a Ciudad Sat\u00e9lite y la nueva que va de la zona centro de Soledad a la comunidad de C\u00e1ndido Navarro.<\/p>\n<p>Por: Juan Carlos Contreras<\/p>\n","protected":false},"excerpt":{"rendered":"<p>SGS.- La quinta ruta de la MetroRed qued\u00f3 habilitada y con camino por definir en el municipio de Soledad de Graciano S\u00e1nchez, as\u00ed lo hizo saber la titular de la Secretar\u00eda de Comunicaciones y Transportes, Araceli Mart\u00ednez Acosta. \u201cCon esta nueva ruta que hoy vamos a hacer el recorrido con nuestro alcalde, justamente para poder acordar con \u00e9l los punto de ascenso y descenso y poder establecer cu\u00e1les van a ser las paradas que sean seguras\u201d. Indic\u00f3 que este proyecto es para todos. \u201cRecordar que es un proyecto incluyente, que es un proyecto para que las personas con discapacidad, los [&hellip;]<\/p>\n","protected":false},"author":2,"featured_media":154417,"comment_status":"closed","ping_status":"closed","sticky":false,"template":"","format":"video","meta":{"_monsterinsights_skip_tracking":false,"_monsterinsights_sitenote_active":false,"_monsterinsights_sitenote_note":"","_monsterinsights_sitenote_category":0,"footnotes":""},"categories":[512,5,510,45],"tags":[],"class_list":["post-154404","post","type-post","status-publish","format-video","has-post-thumbnail","hentry","category-ayosgs","category-destacadas","category-gobedoslp","category-localesyregionales","post_format-post-format-video","post--single"],"yoast_head":"<!-- This site is optimized with the Yoast SEO plugin v27.5 - https:\/\/yoast.com\/product\/yoast-seo-wordpress\/ -->\n<title>Nueva ruta de la MetroRed para Soledad - Canal 7 SLP - 2025<\/title>\n<meta name=\"robots\" content=\"index, follow, max-snippet:-1, max-image-preview:large, max-video-preview:-1\" \/>\n<link rel=\"canonical\" href=\"https:\/\/canal7slp.tv\/2025\/nueva-ruta-de-la-metrored-para-soledad\/\" \/>\n<meta property=\"og:locale\" content=\"es_ES\" \/>\n<meta property=\"og:type\" content=\"article\" \/>\n<meta property=\"og:title\" content=\"Nueva ruta de la MetroRed para Soledad - Canal 7 SLP - 2025\" \/>\n<meta property=\"og:description\" content=\"SGS.- La quinta ruta de la MetroRed qued\u00f3 habilitada y con camino por definir en el municipio de Soledad de Graciano S\u00e1nchez, as\u00ed lo hizo saber la titular de la Secretar\u00eda de Comunicaciones y Transportes, Araceli Mart\u00ednez Acosta. \u201cCon esta nueva ruta que hoy vamos a hacer el recorrido con nuestro alcalde, justamente para poder acordar con \u00e9l los punto de ascenso y descenso y poder establecer cu\u00e1les van a ser las paradas que sean seguras\u201d. Indic\u00f3 que este proyecto es para todos. \u201cRecordar que es un proyecto incluyente, que es un proyecto para que las personas con discapacidad, los [&hellip;]\" \/>\n<meta property=\"og:url\" content=\"https:\/\/canal7slp.tv\/2025\/nueva-ruta-de-la-metrored-para-soledad\/\" \/>\n<meta property=\"og:site_name\" content=\"Canal 7 SLP - 2025\" \/>\n<meta property=\"article:publisher\" content=\"https:\/\/www.facebook.com\/noticieroscanal7atencionciudadana\/\" \/>\n<meta property=\"article:published_time\" content=\"2025-01-15T22:39:40+00:00\" \/>\n<meta property=\"og:image\" content=\"https:\/\/canal7slp.tv\/2025\/wp-content\/uploads\/2025\/01\/Poky03RutaSGS.jpg\" \/>\n\t<meta property=\"og:image:width\" content=\"1280\" \/>\n\t<meta property=\"og:image:height\" content=\"720\" \/>\n\t<meta property=\"og:image:type\" content=\"image\/jpeg\" \/>\n<meta name=\"author\" content=\"Edici\u00f3n Web\" \/>\n<meta name=\"twitter:card\" content=\"summary_large_image\" \/>\n<meta name=\"twitter:creator\" content=\"@NOTICIEROS7\" \/>\n<meta name=\"twitter:site\" content=\"@NOTICIEROS7\" \/>\n<meta name=\"twitter:label1\" content=\"Escrito por\" \/>\n\t<meta name=\"twitter:data1\" content=\"Edici\u00f3n Web\" \/>\n\t<meta name=\"twitter:label2\" content=\"Tiempo de lectura\" \/>\n\t<meta name=\"twitter:data2\" content=\"2 minutos\" \/>\n<script type=\"application\/ld+json\" class=\"yoast-schema-graph\">{\"@context\":\"https:\\\/\\\/schema.org\",\"@graph\":[{\"@type\":\"Article\",\"@id\":\"https:\\\/\\\/canal7slp.tv\\\/2025\\\/nueva-ruta-de-la-metrored-para-soledad\\\/#article\",\"isPartOf\":{\"@id\":\"https:\\\/\\\/canal7slp.tv\\\/2025\\\/nueva-ruta-de-la-metrored-para-soledad\\\/\"},\"author\":{\"name\":\"Edici\u00f3n Web\",\"@id\":\"https:\\\/\\\/canal7slp.tv\\\/2025\\\/#\\\/schema\\\/person\\\/271e2b60a96e7cc9d9ac296f4d7e414b\"},\"headline\":\"Nueva ruta de la MetroRed para Soledad\",\"datePublished\":\"2025-01-15T22:39:40+00:00\",\"mainEntityOfPage\":{\"@id\":\"https:\\\/\\\/canal7slp.tv\\\/2025\\\/nueva-ruta-de-la-metrored-para-soledad\\\/\"},\"wordCount\":281,\"publisher\":{\"@id\":\"https:\\\/\\\/canal7slp.tv\\\/2025\\\/#organization\"},\"image\":{\"@id\":\"https:\\\/\\\/canal7slp.tv\\\/2025\\\/nueva-ruta-de-la-metrored-para-soledad\\\/#primaryimage\"},\"thumbnailUrl\":\"https:\\\/\\\/canal7slp.tv\\\/2025\\\/wp-content\\\/uploads\\\/2025\\\/01\\\/Poky03RutaSGS.jpg\",\"articleSection\":[\"AYOSGS\",\"DESTACADAS\",\"GOBEDOSLP\",\"LOCALES Y REGIONALES\"],\"inLanguage\":\"es\"},{\"@type\":\"WebPage\",\"@id\":\"https:\\\/\\\/canal7slp.tv\\\/2025\\\/nueva-ruta-de-la-metrored-para-soledad\\\/\",\"url\":\"https:\\\/\\\/canal7slp.tv\\\/2025\\\/nueva-ruta-de-la-metrored-para-soledad\\\/\",\"name\":\"Nueva ruta de la MetroRed para Soledad - Canal 7 SLP - 2025\",\"isPartOf\":{\"@id\":\"https:\\\/\\\/canal7slp.tv\\\/2025\\\/#website\"},\"primaryImageOfPage\":{\"@id\":\"https:\\\/\\\/canal7slp.tv\\\/2025\\\/nueva-ruta-de-la-metrored-para-soledad\\\/#primaryimage\"},\"image\":{\"@id\":\"https:\\\/\\\/canal7slp.tv\\\/2025\\\/nueva-ruta-de-la-metrored-para-soledad\\\/#primaryimage\"},\"thumbnailUrl\":\"https:\\\/\\\/canal7slp.tv\\\/2025\\\/wp-content\\\/uploads\\\/2025\\\/01\\\/Poky03RutaSGS.jpg\",\"datePublished\":\"2025-01-15T22:39:40+00:00\",\"breadcrumb\":{\"@id\":\"https:\\\/\\\/canal7slp.tv\\\/2025\\\/nueva-ruta-de-la-metrored-para-soledad\\\/#breadcrumb\"},\"inLanguage\":\"es\",\"potentialAction\":[{\"@type\":\"ReadAction\",\"target\":[\"https:\\\/\\\/canal7slp.tv\\\/2025\\\/nueva-ruta-de-la-metrored-para-soledad\\\/\"]}]},{\"@type\":\"ImageObject\",\"inLanguage\":\"es\",\"@id\":\"https:\\\/\\\/canal7slp.tv\\\/2025\\\/nueva-ruta-de-la-metrored-para-soledad\\\/#primaryimage\",\"url\":\"https:\\\/\\\/canal7slp.tv\\\/2025\\\/wp-content\\\/uploads\\\/2025\\\/01\\\/Poky03RutaSGS.jpg\",\"contentUrl\":\"https:\\\/\\\/canal7slp.tv\\\/2025\\\/wp-content\\\/uploads\\\/2025\\\/01\\\/Poky03RutaSGS.jpg\",\"width\":1280,\"height\":720},{\"@type\":\"BreadcrumbList\",\"@id\":\"https:\\\/\\\/canal7slp.tv\\\/2025\\\/nueva-ruta-de-la-metrored-para-soledad\\\/#breadcrumb\",\"itemListElement\":[{\"@type\":\"ListItem\",\"position\":1,\"name\":\"Portada\",\"item\":\"https:\\\/\\\/canal7slp.tv\\\/2025\\\/\"},{\"@type\":\"ListItem\",\"position\":2,\"name\":\"Nueva ruta de la MetroRed para Soledad\"}]},{\"@type\":\"WebSite\",\"@id\":\"https:\\\/\\\/canal7slp.tv\\\/2025\\\/#website\",\"url\":\"https:\\\/\\\/canal7slp.tv\\\/2025\\\/\",\"name\":\"N7 - Noticieros Canal 7\",\"description\":\"Somos el Medio\",\"publisher\":{\"@id\":\"https:\\\/\\\/canal7slp.tv\\\/2025\\\/#organization\"},\"potentialAction\":[{\"@type\":\"SearchAction\",\"target\":{\"@type\":\"EntryPoint\",\"urlTemplate\":\"https:\\\/\\\/canal7slp.tv\\\/2025\\\/?s={search_term_string}\"},\"query-input\":{\"@type\":\"PropertyValueSpecification\",\"valueRequired\":true,\"valueName\":\"search_term_string\"}}],\"inLanguage\":\"es\"},{\"@type\":\"Organization\",\"@id\":\"https:\\\/\\\/canal7slp.tv\\\/2025\\\/#organization\",\"name\":\"Noticieros Canal 7\",\"url\":\"https:\\\/\\\/canal7slp.tv\\\/2025\\\/\",\"logo\":{\"@type\":\"ImageObject\",\"inLanguage\":\"es\",\"@id\":\"https:\\\/\\\/canal7slp.tv\\\/2025\\\/#\\\/schema\\\/logo\\\/image\\\/\",\"url\":\"https:\\\/\\\/canal7slp.tv\\\/2025\\\/wp-content\\\/uploads\\\/2021\\\/01\\\/logo-noticieros@2x.png\",\"contentUrl\":\"https:\\\/\\\/canal7slp.tv\\\/2025\\\/wp-content\\\/uploads\\\/2021\\\/01\\\/logo-noticieros@2x.png\",\"width\":1017,\"height\":268,\"caption\":\"Noticieros Canal 7\"},\"image\":{\"@id\":\"https:\\\/\\\/canal7slp.tv\\\/2025\\\/#\\\/schema\\\/logo\\\/image\\\/\"},\"sameAs\":[\"https:\\\/\\\/www.facebook.com\\\/noticieroscanal7atencionciudadana\\\/\",\"https:\\\/\\\/x.com\\\/NOTICIEROS7\",\"https:\\\/\\\/www.instagram.com\\\/canal7_slp\",\"https:\\\/\\\/www.youtube.com\\\/channel\\\/UCliiYs-gP3JfJeqdPrNdd5A\"]},{\"@type\":\"Person\",\"@id\":\"https:\\\/\\\/canal7slp.tv\\\/2025\\\/#\\\/schema\\\/person\\\/271e2b60a96e7cc9d9ac296f4d7e414b\",\"name\":\"Edici\u00f3n Web\",\"image\":{\"@type\":\"ImageObject\",\"inLanguage\":\"es\",\"@id\":\"https:\\\/\\\/secure.gravatar.com\\\/avatar\\\/eee448fc3f7164808013b816ba91ac7e43bbe82a70bebac296f8bc6f0addaa1a?s=96&d=mm&r=g\",\"url\":\"https:\\\/\\\/secure.gravatar.com\\\/avatar\\\/eee448fc3f7164808013b816ba91ac7e43bbe82a70bebac296f8bc6f0addaa1a?s=96&d=mm&r=g\",\"contentUrl\":\"https:\\\/\\\/secure.gravatar.com\\\/avatar\\\/eee448fc3f7164808013b816ba91ac7e43bbe82a70bebac296f8bc6f0addaa1a?s=96&d=mm&r=g\",\"caption\":\"Edici\u00f3n Web\"},\"url\":\"https:\\\/\\\/canal7slp.tv\\\/2025\\\/author\\\/edicionweb\\\/\"}]}<\/script>\n<!-- \/ Yoast SEO plugin. -->","yoast_head_json":{"title":"Nueva ruta de la MetroRed para Soledad - Canal 7 SLP - 2025","robots":{"index":"index","follow":"follow","max-snippet":"max-snippet:-1","max-image-preview":"max-image-preview:large","max-video-preview":"max-video-preview:-1"},"canonical":"https:\/\/canal7slp.tv\/2025\/nueva-ruta-de-la-metrored-para-soledad\/","og_locale":"es_ES","og_type":"article","og_title":"Nueva ruta de la MetroRed para Soledad - Canal 7 SLP - 2025","og_description":"SGS.- La quinta ruta de la MetroRed qued\u00f3 habilitada y con camino por definir en el municipio de Soledad de Graciano S\u00e1nchez, as\u00ed lo hizo saber la titular de la Secretar\u00eda de Comunicaciones y Transportes, Araceli Mart\u00ednez Acosta. \u201cCon esta nueva ruta que hoy vamos a hacer el recorrido con nuestro alcalde, justamente para poder acordar con \u00e9l los punto de ascenso y descenso y poder establecer cu\u00e1les van a ser las paradas que sean seguras\u201d. Indic\u00f3 que este proyecto es para todos. \u201cRecordar que es un proyecto incluyente, que es un proyecto para que las personas con discapacidad, los [&hellip;]","og_url":"https:\/\/canal7slp.tv\/2025\/nueva-ruta-de-la-metrored-para-soledad\/","og_site_name":"Canal 7 SLP - 2025","article_publisher":"https:\/\/www.facebook.com\/noticieroscanal7atencionciudadana\/","article_published_time":"2025-01-15T22:39:40+00:00","og_image":[{"width":1280,"height":720,"url":"https:\/\/canal7slp.tv\/2025\/wp-content\/uploads\/2025\/01\/Poky03RutaSGS.jpg","type":"image\/jpeg"}],"author":"Edici\u00f3n Web","twitter_card":"summary_large_image","twitter_creator":"@NOTICIEROS7","twitter_site":"@NOTICIEROS7","twitter_misc":{"Escrito por":"Edici\u00f3n Web","Tiempo de lectura":"2 minutos"},"schema":{"@context":"https:\/\/schema.org","@graph":[{"@type":"Article","@id":"https:\/\/canal7slp.tv\/2025\/nueva-ruta-de-la-metrored-para-soledad\/#article","isPartOf":{"@id":"https:\/\/canal7slp.tv\/2025\/nueva-ruta-de-la-metrored-para-soledad\/"},"author":{"name":"Edici\u00f3n Web","@id":"https:\/\/canal7slp.tv\/2025\/#\/schema\/person\/271e2b60a96e7cc9d9ac296f4d7e414b"},"headline":"Nueva ruta de la MetroRed para Soledad","datePublished":"2025-01-15T22:39:40+00:00","mainEntityOfPage":{"@id":"https:\/\/canal7slp.tv\/2025\/nueva-ruta-de-la-metrored-para-soledad\/"},"wordCount":281,"publisher":{"@id":"https:\/\/canal7slp.tv\/2025\/#organization"},"image":{"@id":"https:\/\/canal7slp.tv\/2025\/nueva-ruta-de-la-metrored-para-soledad\/#primaryimage"},"thumbnailUrl":"https:\/\/canal7slp.tv\/2025\/wp-content\/uploads\/2025\/01\/Poky03RutaSGS.jpg","articleSection":["AYOSGS","DESTACADAS","GOBEDOSLP","LOCALES Y REGIONALES"],"inLanguage":"es"},{"@type":"WebPage","@id":"https:\/\/canal7slp.tv\/2025\/nueva-ruta-de-la-metrored-para-soledad\/","url":"https:\/\/canal7slp.tv\/2025\/nueva-ruta-de-la-metrored-para-soledad\/","name":"Nueva ruta de la MetroRed para Soledad - Canal 7 SLP - 2025","isPartOf":{"@id":"https:\/\/canal7slp.tv\/2025\/#website"},"primaryImageOfPage":{"@id":"https:\/\/canal7slp.tv\/2025\/nueva-ruta-de-la-metrored-para-soledad\/#primaryimage"},"image":{"@id":"https:\/\/canal7slp.tv\/2025\/nueva-ruta-de-la-metrored-para-soledad\/#primaryimage"},"thumbnailUrl":"https:\/\/canal7slp.tv\/2025\/wp-content\/uploads\/2025\/01\/Poky03RutaSGS.jpg","datePublished":"2025-01-15T22:39:40+00:00","breadcrumb":{"@id":"https:\/\/canal7slp.tv\/2025\/nueva-ruta-de-la-metrored-para-soledad\/#breadcrumb"},"inLanguage":"es","potentialAction":[{"@type":"ReadAction","target":["https:\/\/canal7slp.tv\/2025\/nueva-ruta-de-la-metrored-para-soledad\/"]}]},{"@type":"ImageObject","inLanguage":"es","@id":"https:\/\/canal7slp.tv\/2025\/nueva-ruta-de-la-metrored-para-soledad\/#primaryimage","url":"https:\/\/canal7slp.tv\/2025\/wp-content\/uploads\/2025\/01\/Poky03RutaSGS.jpg","contentUrl":"https:\/\/canal7slp.tv\/2025\/wp-content\/uploads\/2025\/01\/Poky03RutaSGS.jpg","width":1280,"height":720},{"@type":"BreadcrumbList","@id":"https:\/\/canal7slp.tv\/2025\/nueva-ruta-de-la-metrored-para-soledad\/#breadcrumb","itemListElement":[{"@type":"ListItem","position":1,"name":"Portada","item":"https:\/\/canal7slp.tv\/2025\/"},{"@type":"ListItem","position":2,"name":"Nueva ruta de la MetroRed para Soledad"}]},{"@type":"WebSite","@id":"https:\/\/canal7slp.tv\/2025\/#website","url":"https:\/\/canal7slp.tv\/2025\/","name":"N7 - Noticieros Canal 7","description":"Somos el Medio","publisher":{"@id":"https:\/\/canal7slp.tv\/2025\/#organization"},"potentialAction":[{"@type":"SearchAction","target":{"@type":"EntryPoint","urlTemplate":"https:\/\/canal7slp.tv\/2025\/?s={search_term_string}"},"query-input":{"@type":"PropertyValueSpecification","valueRequired":true,"valueName":"search_term_string"}}],"inLanguage":"es"},{"@type":"Organization","@id":"https:\/\/canal7slp.tv\/2025\/#organization","name":"Noticieros Canal 7","url":"https:\/\/canal7slp.tv\/2025\/","logo":{"@type":"ImageObject","inLanguage":"es","@id":"https:\/\/canal7slp.tv\/2025\/#\/schema\/logo\/image\/","url":"https:\/\/canal7slp.tv\/2025\/wp-content\/uploads\/2021\/01\/logo-noticieros@2x.png","contentUrl":"https:\/\/canal7slp.tv\/2025\/wp-content\/uploads\/2021\/01\/logo-noticieros@2x.png","width":1017,"height":268,"caption":"Noticieros Canal 7"},"image":{"@id":"https:\/\/canal7slp.tv\/2025\/#\/schema\/logo\/image\/"},"sameAs":["https:\/\/www.facebook.com\/noticieroscanal7atencionciudadana\/","https:\/\/x.com\/NOTICIEROS7","https:\/\/www.instagram.com\/canal7_slp","https:\/\/www.youtube.com\/channel\/UCliiYs-gP3JfJeqdPrNdd5A"]},{"@type":"Person","@id":"https:\/\/canal7slp.tv\/2025\/#\/schema\/person\/271e2b60a96e7cc9d9ac296f4d7e414b","name":"Edici\u00f3n Web","image":{"@type":"ImageObject","inLanguage":"es","@id":"https:\/\/secure.gravatar.com\/avatar\/eee448fc3f7164808013b816ba91ac7e43bbe82a70bebac296f8bc6f0addaa1a?s=96&d=mm&r=g","url":"https:\/\/secure.gravatar.com\/avatar\/eee448fc3f7164808013b816ba91ac7e43bbe82a70bebac296f8bc6f0addaa1a?s=96&d=mm&r=g","contentUrl":"https:\/\/secure.gravatar.com\/avatar\/eee448fc3f7164808013b816ba91ac7e43bbe82a70bebac296f8bc6f0addaa1a?s=96&d=mm&r=g","caption":"Edici\u00f3n Web"},"url":"https:\/\/canal7slp.tv\/2025\/author\/edicionweb\/"}]}},"_links":{"self":[{"href":"https:\/\/canal7slp.tv\/2025\/wp-json\/wp\/v2\/posts\/154404","targetHints":{"allow":["GET"]}}],"collection":[{"href":"https:\/\/canal7slp.tv\/2025\/wp-json\/wp\/v2\/posts"}],"about":[{"href":"https:\/\/canal7slp.tv\/2025\/wp-json\/wp\/v2\/types\/post"}],"author":[{"embeddable":true,"href":"https:\/\/canal7slp.tv\/2025\/wp-json\/wp\/v2\/users\/2"}],"replies":[{"embeddable":true,"href":"https:\/\/canal7slp.tv\/2025\/wp-json\/wp\/v2\/comments?post=154404"}],"version-history":[{"count":2,"href":"https:\/\/canal7slp.tv\/2025\/wp-json\/wp\/v2\/posts\/154404\/revisions"}],"predecessor-version":[{"id":154418,"href":"https:\/\/canal7slp.tv\/2025\/wp-json\/wp\/v2\/posts\/154404\/revisions\/154418"}],"wp:featuredmedia":[{"embeddable":true,"href":"https:\/\/canal7slp.tv\/2025\/wp-json\/wp\/v2\/media\/154417"}],"wp:attachment":[{"href":"https:\/\/canal7slp.tv\/2025\/wp-json\/wp\/v2\/media?parent=154404"}],"wp:term":[{"taxonomy":"category","embeddable":true,"href":"https:\/\/canal7slp.tv\/2025\/wp-json\/wp\/v2\/categories?post=154404"},{"taxonomy":"post_tag","embeddable":true,"href":"https:\/\/canal7slp.tv\/2025\/wp-json\/wp\/v2\/tags?post=154404"}],"curies":[{"name":"wp","href":"https:\/\/api.w.org\/{rel}","templated":true}]}}