{"id":154354,"date":"2025-01-15T13:40:36","date_gmt":"2025-01-15T19:40:36","guid":{"rendered":"https:\/\/canal7slp.tv\/2025\/?p=154354"},"modified":"2025-01-15T13:40:36","modified_gmt":"2025-01-15T19:40:36","slug":"mayo-zambada-mantiene-a-frank-perez-como-su-defensor-a-pesar-de-un-posible-conflicto-de-interes","status":"publish","type":"post","link":"https:\/\/canal7slp.tv\/2025\/mayo-zambada-mantiene-a-frank-perez-como-su-defensor-a-pesar-de-un-posible-conflicto-de-interes\/","title":{"rendered":"\u201cMayo\u201d Zambada mantiene a Frank P\u00e9rez como su defensor, a pesar de un posible conflicto de inter\u00e9s"},"content":{"rendered":"<p style=\"text-align: justify;\">Nueva York.- Ismael \u00abMayo\u00bb Zambada, cofundador del C\u00e1rtel de Sinaloa, enfrenta 17 cargos en un tribunal de Nueva York. Durante una audiencia el 15 de enero, decidi\u00f3 mantener como su abogado a Frank P\u00e9rez, quien tambi\u00e9n representa a su hijo, Vicente Zambada Niebla, conocido como \u00abVicentillo\u00bb. Esta decisi\u00f3n podr\u00eda generar un conflicto de inter\u00e9s, algo que el juez Brian M. Cogan advirti\u00f3 extensamente durante la sesi\u00f3n.<\/p>\n<p style=\"text-align: justify;\">A pesar de las implicaciones legales, Zambada renunci\u00f3 a su derecho a un abogado sin conflictos, argumentando que confiaba plenamente en P\u00e9rez. El juez dedic\u00f3 tiempo a explicar las desventajas potenciales de esta decisi\u00f3n, pero permiti\u00f3 que Zambada mantuviera a P\u00e9rez.<\/p>\n<p style=\"text-align: justify;\">La pr\u00f3xima audiencia se fij\u00f3 para el 22 de abril, otorgando un plazo de 90 d\u00edas para recopilar informaci\u00f3n adicional en este caso, considerado \u00abcomplejo\u00bb por el juez. P\u00e9rez, por su parte, revel\u00f3 que est\u00e1 en conversaciones para buscar un acuerdo, aunque descart\u00f3 que se trate de negociaciones formales.<\/p>\n<p style=\"text-align: justify;\">Durante la audiencia, Zambada, quien permanece en un penal de alta seguridad desde hace dos meses y medio, mostr\u00f3 un estado de salud estable, similar al de sesiones anteriores. Sin embargo, el juez Cogan enfatiz\u00f3 que mantener a P\u00e9rez podr\u00eda complicar la defensa si su hijo es llamado a testificar.<\/p>\n","protected":false},"excerpt":{"rendered":"<p>Nueva York.- Ismael \u00abMayo\u00bb Zambada, cofundador del C\u00e1rtel de Sinaloa, enfrenta 17 cargos en un tribunal de Nueva York. Durante una audiencia el 15 de enero, decidi\u00f3 mantener como su abogado a Frank P\u00e9rez, quien tambi\u00e9n representa a su hijo, Vicente Zambada Niebla, conocido como \u00abVicentillo\u00bb. Esta decisi\u00f3n podr\u00eda generar un conflicto de inter\u00e9s, algo que el juez Brian M. Cogan advirti\u00f3 extensamente durante la sesi\u00f3n. A pesar de las implicaciones legales, Zambada renunci\u00f3 a su derecho a un abogado sin conflictos, argumentando que confiaba plenamente en P\u00e9rez. El juez dedic\u00f3 tiempo a explicar las desventajas potenciales de esta decisi\u00f3n, [&hellip;]<\/p>\n","protected":false},"author":2,"featured_media":154355,"comment_status":"closed","ping_status":"closed","sticky":false,"template":"","format":"standard","meta":{"_monsterinsights_skip_tracking":false,"_monsterinsights_sitenote_active":false,"_monsterinsights_sitenote_note":"","_monsterinsights_sitenote_category":0,"footnotes":""},"categories":[44],"tags":[],"class_list":["post-154354","post","type-post","status-publish","format-standard","has-post-thumbnail","hentry","category-internacional","post--single"],"yoast_head":"<!-- This site is optimized with the Yoast SEO plugin v27.5 - https:\/\/yoast.com\/product\/yoast-seo-wordpress\/ -->\n<title>\u201cMayo\u201d Zambada mantiene a Frank P\u00e9rez como su defensor, a pesar de un posible conflicto de inter\u00e9s - Canal 7 SLP - 2025<\/title>\n<meta name=\"robots\" content=\"index, follow, max-snippet:-1, max-image-preview:large, max-video-preview:-1\" \/>\n<link rel=\"canonical\" href=\"https:\/\/canal7slp.tv\/2025\/mayo-zambada-mantiene-a-frank-perez-como-su-defensor-a-pesar-de-un-posible-conflicto-de-interes\/\" \/>\n<meta property=\"og:locale\" content=\"es_ES\" \/>\n<meta property=\"og:type\" content=\"article\" \/>\n<meta property=\"og:title\" content=\"\u201cMayo\u201d Zambada mantiene a Frank P\u00e9rez como su defensor, a pesar de un posible conflicto de inter\u00e9s - Canal 7 SLP - 2025\" \/>\n<meta property=\"og:description\" content=\"Nueva York.- Ismael \u00abMayo\u00bb Zambada, cofundador del C\u00e1rtel de Sinaloa, enfrenta 17 cargos en un tribunal de Nueva York. Durante una audiencia el 15 de enero, decidi\u00f3 mantener como su abogado a Frank P\u00e9rez, quien tambi\u00e9n representa a su hijo, Vicente Zambada Niebla, conocido como \u00abVicentillo\u00bb. Esta decisi\u00f3n podr\u00eda generar un conflicto de inter\u00e9s, algo que el juez Brian M. Cogan advirti\u00f3 extensamente durante la sesi\u00f3n. A pesar de las implicaciones legales, Zambada renunci\u00f3 a su derecho a un abogado sin conflictos, argumentando que confiaba plenamente en P\u00e9rez. El juez dedic\u00f3 tiempo a explicar las desventajas potenciales de esta decisi\u00f3n, [&hellip;]\" \/>\n<meta property=\"og:url\" content=\"https:\/\/canal7slp.tv\/2025\/mayo-zambada-mantiene-a-frank-perez-como-su-defensor-a-pesar-de-un-posible-conflicto-de-interes\/\" \/>\n<meta property=\"og:site_name\" content=\"Canal 7 SLP - 2025\" \/>\n<meta property=\"article:publisher\" content=\"https:\/\/www.facebook.com\/noticieroscanal7atencionciudadana\/\" \/>\n<meta property=\"article:published_time\" content=\"2025-01-15T19:40:36+00:00\" \/>\n<meta property=\"og:image\" content=\"https:\/\/canal7slp.tv\/2025\/wp-content\/uploads\/2025\/01\/02-13.jpg\" \/>\n\t<meta property=\"og:image:width\" content=\"828\" \/>\n\t<meta property=\"og:image:height\" content=\"500\" \/>\n\t<meta property=\"og:image:type\" content=\"image\/jpeg\" \/>\n<meta name=\"author\" content=\"Edici\u00f3n Web\" \/>\n<meta name=\"twitter:card\" content=\"summary_large_image\" \/>\n<meta name=\"twitter:creator\" content=\"@NOTICIEROS7\" \/>\n<meta name=\"twitter:site\" content=\"@NOTICIEROS7\" \/>\n<meta name=\"twitter:label1\" content=\"Escrito por\" \/>\n\t<meta name=\"twitter:data1\" content=\"Edici\u00f3n Web\" \/>\n\t<meta name=\"twitter:label2\" content=\"Tiempo de lectura\" \/>\n\t<meta name=\"twitter:data2\" content=\"1 minuto\" \/>\n<script type=\"application\/ld+json\" class=\"yoast-schema-graph\">{\"@context\":\"https:\\\/\\\/schema.org\",\"@graph\":[{\"@type\":\"Article\",\"@id\":\"https:\\\/\\\/canal7slp.tv\\\/2025\\\/mayo-zambada-mantiene-a-frank-perez-como-su-defensor-a-pesar-de-un-posible-conflicto-de-interes\\\/#article\",\"isPartOf\":{\"@id\":\"https:\\\/\\\/canal7slp.tv\\\/2025\\\/mayo-zambada-mantiene-a-frank-perez-como-su-defensor-a-pesar-de-un-posible-conflicto-de-interes\\\/\"},\"author\":{\"name\":\"Edici\u00f3n Web\",\"@id\":\"https:\\\/\\\/canal7slp.tv\\\/2025\\\/#\\\/schema\\\/person\\\/271e2b60a96e7cc9d9ac296f4d7e414b\"},\"headline\":\"\u201cMayo\u201d Zambada mantiene a Frank P\u00e9rez como su defensor, a pesar de un posible conflicto de inter\u00e9s\",\"datePublished\":\"2025-01-15T19:40:36+00:00\",\"mainEntityOfPage\":{\"@id\":\"https:\\\/\\\/canal7slp.tv\\\/2025\\\/mayo-zambada-mantiene-a-frank-perez-como-su-defensor-a-pesar-de-un-posible-conflicto-de-interes\\\/\"},\"wordCount\":238,\"publisher\":{\"@id\":\"https:\\\/\\\/canal7slp.tv\\\/2025\\\/#organization\"},\"image\":{\"@id\":\"https:\\\/\\\/canal7slp.tv\\\/2025\\\/mayo-zambada-mantiene-a-frank-perez-como-su-defensor-a-pesar-de-un-posible-conflicto-de-interes\\\/#primaryimage\"},\"thumbnailUrl\":\"https:\\\/\\\/canal7slp.tv\\\/2025\\\/wp-content\\\/uploads\\\/2025\\\/01\\\/02-13.jpg\",\"articleSection\":[\"INTERNACIONALES\"],\"inLanguage\":\"es\"},{\"@type\":\"WebPage\",\"@id\":\"https:\\\/\\\/canal7slp.tv\\\/2025\\\/mayo-zambada-mantiene-a-frank-perez-como-su-defensor-a-pesar-de-un-posible-conflicto-de-interes\\\/\",\"url\":\"https:\\\/\\\/canal7slp.tv\\\/2025\\\/mayo-zambada-mantiene-a-frank-perez-como-su-defensor-a-pesar-de-un-posible-conflicto-de-interes\\\/\",\"name\":\"\u201cMayo\u201d Zambada mantiene a Frank P\u00e9rez como su defensor, a pesar de un posible conflicto de inter\u00e9s - Canal 7 SLP - 2025\",\"isPartOf\":{\"@id\":\"https:\\\/\\\/canal7slp.tv\\\/2025\\\/#website\"},\"primaryImageOfPage\":{\"@id\":\"https:\\\/\\\/canal7slp.tv\\\/2025\\\/mayo-zambada-mantiene-a-frank-perez-como-su-defensor-a-pesar-de-un-posible-conflicto-de-interes\\\/#primaryimage\"},\"image\":{\"@id\":\"https:\\\/\\\/canal7slp.tv\\\/2025\\\/mayo-zambada-mantiene-a-frank-perez-como-su-defensor-a-pesar-de-un-posible-conflicto-de-interes\\\/#primaryimage\"},\"thumbnailUrl\":\"https:\\\/\\\/canal7slp.tv\\\/2025\\\/wp-content\\\/uploads\\\/2025\\\/01\\\/02-13.jpg\",\"datePublished\":\"2025-01-15T19:40:36+00:00\",\"breadcrumb\":{\"@id\":\"https:\\\/\\\/canal7slp.tv\\\/2025\\\/mayo-zambada-mantiene-a-frank-perez-como-su-defensor-a-pesar-de-un-posible-conflicto-de-interes\\\/#breadcrumb\"},\"inLanguage\":\"es\",\"potentialAction\":[{\"@type\":\"ReadAction\",\"target\":[\"https:\\\/\\\/canal7slp.tv\\\/2025\\\/mayo-zambada-mantiene-a-frank-perez-como-su-defensor-a-pesar-de-un-posible-conflicto-de-interes\\\/\"]}]},{\"@type\":\"ImageObject\",\"inLanguage\":\"es\",\"@id\":\"https:\\\/\\\/canal7slp.tv\\\/2025\\\/mayo-zambada-mantiene-a-frank-perez-como-su-defensor-a-pesar-de-un-posible-conflicto-de-interes\\\/#primaryimage\",\"url\":\"https:\\\/\\\/canal7slp.tv\\\/2025\\\/wp-content\\\/uploads\\\/2025\\\/01\\\/02-13.jpg\",\"contentUrl\":\"https:\\\/\\\/canal7slp.tv\\\/2025\\\/wp-content\\\/uploads\\\/2025\\\/01\\\/02-13.jpg\",\"width\":828,\"height\":500},{\"@type\":\"BreadcrumbList\",\"@id\":\"https:\\\/\\\/canal7slp.tv\\\/2025\\\/mayo-zambada-mantiene-a-frank-perez-como-su-defensor-a-pesar-de-un-posible-conflicto-de-interes\\\/#breadcrumb\",\"itemListElement\":[{\"@type\":\"ListItem\",\"position\":1,\"name\":\"Portada\",\"item\":\"https:\\\/\\\/canal7slp.tv\\\/2025\\\/\"},{\"@type\":\"ListItem\",\"position\":2,\"name\":\"\u201cMayo\u201d Zambada mantiene a Frank P\u00e9rez como su defensor, a pesar de un posible conflicto de inter\u00e9s\"}]},{\"@type\":\"WebSite\",\"@id\":\"https:\\\/\\\/canal7slp.tv\\\/2025\\\/#website\",\"url\":\"https:\\\/\\\/canal7slp.tv\\\/2025\\\/\",\"name\":\"N7 - Noticieros Canal 7\",\"description\":\"Somos el Medio\",\"publisher\":{\"@id\":\"https:\\\/\\\/canal7slp.tv\\\/2025\\\/#organization\"},\"potentialAction\":[{\"@type\":\"SearchAction\",\"target\":{\"@type\":\"EntryPoint\",\"urlTemplate\":\"https:\\\/\\\/canal7slp.tv\\\/2025\\\/?s={search_term_string}\"},\"query-input\":{\"@type\":\"PropertyValueSpecification\",\"valueRequired\":true,\"valueName\":\"search_term_string\"}}],\"inLanguage\":\"es\"},{\"@type\":\"Organization\",\"@id\":\"https:\\\/\\\/canal7slp.tv\\\/2025\\\/#organization\",\"name\":\"Noticieros Canal 7\",\"url\":\"https:\\\/\\\/canal7slp.tv\\\/2025\\\/\",\"logo\":{\"@type\":\"ImageObject\",\"inLanguage\":\"es\",\"@id\":\"https:\\\/\\\/canal7slp.tv\\\/2025\\\/#\\\/schema\\\/logo\\\/image\\\/\",\"url\":\"https:\\\/\\\/canal7slp.tv\\\/2025\\\/wp-content\\\/uploads\\\/2021\\\/01\\\/logo-noticieros@2x.png\",\"contentUrl\":\"https:\\\/\\\/canal7slp.tv\\\/2025\\\/wp-content\\\/uploads\\\/2021\\\/01\\\/logo-noticieros@2x.png\",\"width\":1017,\"height\":268,\"caption\":\"Noticieros Canal 7\"},\"image\":{\"@id\":\"https:\\\/\\\/canal7slp.tv\\\/2025\\\/#\\\/schema\\\/logo\\\/image\\\/\"},\"sameAs\":[\"https:\\\/\\\/www.facebook.com\\\/noticieroscanal7atencionciudadana\\\/\",\"https:\\\/\\\/x.com\\\/NOTICIEROS7\",\"https:\\\/\\\/www.instagram.com\\\/canal7_slp\",\"https:\\\/\\\/www.youtube.com\\\/channel\\\/UCliiYs-gP3JfJeqdPrNdd5A\"]},{\"@type\":\"Person\",\"@id\":\"https:\\\/\\\/canal7slp.tv\\\/2025\\\/#\\\/schema\\\/person\\\/271e2b60a96e7cc9d9ac296f4d7e414b\",\"name\":\"Edici\u00f3n Web\",\"image\":{\"@type\":\"ImageObject\",\"inLanguage\":\"es\",\"@id\":\"https:\\\/\\\/secure.gravatar.com\\\/avatar\\\/eee448fc3f7164808013b816ba91ac7e43bbe82a70bebac296f8bc6f0addaa1a?s=96&d=mm&r=g\",\"url\":\"https:\\\/\\\/secure.gravatar.com\\\/avatar\\\/eee448fc3f7164808013b816ba91ac7e43bbe82a70bebac296f8bc6f0addaa1a?s=96&d=mm&r=g\",\"contentUrl\":\"https:\\\/\\\/secure.gravatar.com\\\/avatar\\\/eee448fc3f7164808013b816ba91ac7e43bbe82a70bebac296f8bc6f0addaa1a?s=96&d=mm&r=g\",\"caption\":\"Edici\u00f3n Web\"},\"url\":\"https:\\\/\\\/canal7slp.tv\\\/2025\\\/author\\\/edicionweb\\\/\"}]}<\/script>\n<!-- \/ Yoast SEO plugin. -->","yoast_head_json":{"title":"\u201cMayo\u201d Zambada mantiene a Frank P\u00e9rez como su defensor, a pesar de un posible conflicto de inter\u00e9s - Canal 7 SLP - 2025","robots":{"index":"index","follow":"follow","max-snippet":"max-snippet:-1","max-image-preview":"max-image-preview:large","max-video-preview":"max-video-preview:-1"},"canonical":"https:\/\/canal7slp.tv\/2025\/mayo-zambada-mantiene-a-frank-perez-como-su-defensor-a-pesar-de-un-posible-conflicto-de-interes\/","og_locale":"es_ES","og_type":"article","og_title":"\u201cMayo\u201d Zambada mantiene a Frank P\u00e9rez como su defensor, a pesar de un posible conflicto de inter\u00e9s - Canal 7 SLP - 2025","og_description":"Nueva York.- Ismael \u00abMayo\u00bb Zambada, cofundador del C\u00e1rtel de Sinaloa, enfrenta 17 cargos en un tribunal de Nueva York. Durante una audiencia el 15 de enero, decidi\u00f3 mantener como su abogado a Frank P\u00e9rez, quien tambi\u00e9n representa a su hijo, Vicente Zambada Niebla, conocido como \u00abVicentillo\u00bb. Esta decisi\u00f3n podr\u00eda generar un conflicto de inter\u00e9s, algo que el juez Brian M. Cogan advirti\u00f3 extensamente durante la sesi\u00f3n. A pesar de las implicaciones legales, Zambada renunci\u00f3 a su derecho a un abogado sin conflictos, argumentando que confiaba plenamente en P\u00e9rez. El juez dedic\u00f3 tiempo a explicar las desventajas potenciales de esta decisi\u00f3n, [&hellip;]","og_url":"https:\/\/canal7slp.tv\/2025\/mayo-zambada-mantiene-a-frank-perez-como-su-defensor-a-pesar-de-un-posible-conflicto-de-interes\/","og_site_name":"Canal 7 SLP - 2025","article_publisher":"https:\/\/www.facebook.com\/noticieroscanal7atencionciudadana\/","article_published_time":"2025-01-15T19:40:36+00:00","og_image":[{"width":828,"height":500,"url":"https:\/\/canal7slp.tv\/2025\/wp-content\/uploads\/2025\/01\/02-13.jpg","type":"image\/jpeg"}],"author":"Edici\u00f3n Web","twitter_card":"summary_large_image","twitter_creator":"@NOTICIEROS7","twitter_site":"@NOTICIEROS7","twitter_misc":{"Escrito por":"Edici\u00f3n Web","Tiempo de lectura":"1 minuto"},"schema":{"@context":"https:\/\/schema.org","@graph":[{"@type":"Article","@id":"https:\/\/canal7slp.tv\/2025\/mayo-zambada-mantiene-a-frank-perez-como-su-defensor-a-pesar-de-un-posible-conflicto-de-interes\/#article","isPartOf":{"@id":"https:\/\/canal7slp.tv\/2025\/mayo-zambada-mantiene-a-frank-perez-como-su-defensor-a-pesar-de-un-posible-conflicto-de-interes\/"},"author":{"name":"Edici\u00f3n Web","@id":"https:\/\/canal7slp.tv\/2025\/#\/schema\/person\/271e2b60a96e7cc9d9ac296f4d7e414b"},"headline":"\u201cMayo\u201d Zambada mantiene a Frank P\u00e9rez como su defensor, a pesar de un posible conflicto de inter\u00e9s","datePublished":"2025-01-15T19:40:36+00:00","mainEntityOfPage":{"@id":"https:\/\/canal7slp.tv\/2025\/mayo-zambada-mantiene-a-frank-perez-como-su-defensor-a-pesar-de-un-posible-conflicto-de-interes\/"},"wordCount":238,"publisher":{"@id":"https:\/\/canal7slp.tv\/2025\/#organization"},"image":{"@id":"https:\/\/canal7slp.tv\/2025\/mayo-zambada-mantiene-a-frank-perez-como-su-defensor-a-pesar-de-un-posible-conflicto-de-interes\/#primaryimage"},"thumbnailUrl":"https:\/\/canal7slp.tv\/2025\/wp-content\/uploads\/2025\/01\/02-13.jpg","articleSection":["INTERNACIONALES"],"inLanguage":"es"},{"@type":"WebPage","@id":"https:\/\/canal7slp.tv\/2025\/mayo-zambada-mantiene-a-frank-perez-como-su-defensor-a-pesar-de-un-posible-conflicto-de-interes\/","url":"https:\/\/canal7slp.tv\/2025\/mayo-zambada-mantiene-a-frank-perez-como-su-defensor-a-pesar-de-un-posible-conflicto-de-interes\/","name":"\u201cMayo\u201d Zambada mantiene a Frank P\u00e9rez como su defensor, a pesar de un posible conflicto de inter\u00e9s - Canal 7 SLP - 2025","isPartOf":{"@id":"https:\/\/canal7slp.tv\/2025\/#website"},"primaryImageOfPage":{"@id":"https:\/\/canal7slp.tv\/2025\/mayo-zambada-mantiene-a-frank-perez-como-su-defensor-a-pesar-de-un-posible-conflicto-de-interes\/#primaryimage"},"image":{"@id":"https:\/\/canal7slp.tv\/2025\/mayo-zambada-mantiene-a-frank-perez-como-su-defensor-a-pesar-de-un-posible-conflicto-de-interes\/#primaryimage"},"thumbnailUrl":"https:\/\/canal7slp.tv\/2025\/wp-content\/uploads\/2025\/01\/02-13.jpg","datePublished":"2025-01-15T19:40:36+00:00","breadcrumb":{"@id":"https:\/\/canal7slp.tv\/2025\/mayo-zambada-mantiene-a-frank-perez-como-su-defensor-a-pesar-de-un-posible-conflicto-de-interes\/#breadcrumb"},"inLanguage":"es","potentialAction":[{"@type":"ReadAction","target":["https:\/\/canal7slp.tv\/2025\/mayo-zambada-mantiene-a-frank-perez-como-su-defensor-a-pesar-de-un-posible-conflicto-de-interes\/"]}]},{"@type":"ImageObject","inLanguage":"es","@id":"https:\/\/canal7slp.tv\/2025\/mayo-zambada-mantiene-a-frank-perez-como-su-defensor-a-pesar-de-un-posible-conflicto-de-interes\/#primaryimage","url":"https:\/\/canal7slp.tv\/2025\/wp-content\/uploads\/2025\/01\/02-13.jpg","contentUrl":"https:\/\/canal7slp.tv\/2025\/wp-content\/uploads\/2025\/01\/02-13.jpg","width":828,"height":500},{"@type":"BreadcrumbList","@id":"https:\/\/canal7slp.tv\/2025\/mayo-zambada-mantiene-a-frank-perez-como-su-defensor-a-pesar-de-un-posible-conflicto-de-interes\/#breadcrumb","itemListElement":[{"@type":"ListItem","position":1,"name":"Portada","item":"https:\/\/canal7slp.tv\/2025\/"},{"@type":"ListItem","position":2,"name":"\u201cMayo\u201d Zambada mantiene a Frank P\u00e9rez como su defensor, a pesar de un posible conflicto de inter\u00e9s"}]},{"@type":"WebSite","@id":"https:\/\/canal7slp.tv\/2025\/#website","url":"https:\/\/canal7slp.tv\/2025\/","name":"N7 - Noticieros Canal 7","description":"Somos el Medio","publisher":{"@id":"https:\/\/canal7slp.tv\/2025\/#organization"},"potentialAction":[{"@type":"SearchAction","target":{"@type":"EntryPoint","urlTemplate":"https:\/\/canal7slp.tv\/2025\/?s={search_term_string}"},"query-input":{"@type":"PropertyValueSpecification","valueRequired":true,"valueName":"search_term_string"}}],"inLanguage":"es"},{"@type":"Organization","@id":"https:\/\/canal7slp.tv\/2025\/#organization","name":"Noticieros Canal 7","url":"https:\/\/canal7slp.tv\/2025\/","logo":{"@type":"ImageObject","inLanguage":"es","@id":"https:\/\/canal7slp.tv\/2025\/#\/schema\/logo\/image\/","url":"https:\/\/canal7slp.tv\/2025\/wp-content\/uploads\/2021\/01\/logo-noticieros@2x.png","contentUrl":"https:\/\/canal7slp.tv\/2025\/wp-content\/uploads\/2021\/01\/logo-noticieros@2x.png","width":1017,"height":268,"caption":"Noticieros Canal 7"},"image":{"@id":"https:\/\/canal7slp.tv\/2025\/#\/schema\/logo\/image\/"},"sameAs":["https:\/\/www.facebook.com\/noticieroscanal7atencionciudadana\/","https:\/\/x.com\/NOTICIEROS7","https:\/\/www.instagram.com\/canal7_slp","https:\/\/www.youtube.com\/channel\/UCliiYs-gP3JfJeqdPrNdd5A"]},{"@type":"Person","@id":"https:\/\/canal7slp.tv\/2025\/#\/schema\/person\/271e2b60a96e7cc9d9ac296f4d7e414b","name":"Edici\u00f3n Web","image":{"@type":"ImageObject","inLanguage":"es","@id":"https:\/\/secure.gravatar.com\/avatar\/eee448fc3f7164808013b816ba91ac7e43bbe82a70bebac296f8bc6f0addaa1a?s=96&d=mm&r=g","url":"https:\/\/secure.gravatar.com\/avatar\/eee448fc3f7164808013b816ba91ac7e43bbe82a70bebac296f8bc6f0addaa1a?s=96&d=mm&r=g","contentUrl":"https:\/\/secure.gravatar.com\/avatar\/eee448fc3f7164808013b816ba91ac7e43bbe82a70bebac296f8bc6f0addaa1a?s=96&d=mm&r=g","caption":"Edici\u00f3n Web"},"url":"https:\/\/canal7slp.tv\/2025\/author\/edicionweb\/"}]}},"_links":{"self":[{"href":"https:\/\/canal7slp.tv\/2025\/wp-json\/wp\/v2\/posts\/154354","targetHints":{"allow":["GET"]}}],"collection":[{"href":"https:\/\/canal7slp.tv\/2025\/wp-json\/wp\/v2\/posts"}],"about":[{"href":"https:\/\/canal7slp.tv\/2025\/wp-json\/wp\/v2\/types\/post"}],"author":[{"embeddable":true,"href":"https:\/\/canal7slp.tv\/2025\/wp-json\/wp\/v2\/users\/2"}],"replies":[{"embeddable":true,"href":"https:\/\/canal7slp.tv\/2025\/wp-json\/wp\/v2\/comments?post=154354"}],"version-history":[{"count":1,"href":"https:\/\/canal7slp.tv\/2025\/wp-json\/wp\/v2\/posts\/154354\/revisions"}],"predecessor-version":[{"id":154356,"href":"https:\/\/canal7slp.tv\/2025\/wp-json\/wp\/v2\/posts\/154354\/revisions\/154356"}],"wp:featuredmedia":[{"embeddable":true,"href":"https:\/\/canal7slp.tv\/2025\/wp-json\/wp\/v2\/media\/154355"}],"wp:attachment":[{"href":"https:\/\/canal7slp.tv\/2025\/wp-json\/wp\/v2\/media?parent=154354"}],"wp:term":[{"taxonomy":"category","embeddable":true,"href":"https:\/\/canal7slp.tv\/2025\/wp-json\/wp\/v2\/categories?post=154354"},{"taxonomy":"post_tag","embeddable":true,"href":"https:\/\/canal7slp.tv\/2025\/wp-json\/wp\/v2\/tags?post=154354"}],"curies":[{"name":"wp","href":"https:\/\/api.w.org\/{rel}","templated":true}]}}