{"id":154305,"date":"2025-01-14T19:29:30","date_gmt":"2025-01-15T01:29:30","guid":{"rendered":"https:\/\/canal7slp.tv\/2025\/?p=154305"},"modified":"2025-01-14T19:29:30","modified_gmt":"2025-01-15T01:29:30","slug":"en-el-2024-disminuyeron-los-llamados-de-emergencia-de-las-mujeres","status":"publish","type":"post","link":"https:\/\/canal7slp.tv\/2025\/en-el-2024-disminuyeron-los-llamados-de-emergencia-de-las-mujeres\/","title":{"rendered":"En el 2024 disminuyeron los llamados de emergencia de las mujeres"},"content":{"rendered":"<p style=\"text-align: justify;\">SLP.- Decremento en la violencia en la ciudad de San Luis Potos\u00ed, en contra de las mujeres, report\u00f3 la coordinadora de la Instancia Municipal de las Mujeres, Martha Orta Rodr\u00edguez.<\/p>\n<p style=\"text-align: justify;\">\u201cA diferencia de a\u00f1os pasados, en esta ocasi\u00f3n no hubo tanta solicitud para personas que vivan alguna situaci\u00f3n de violencia\u201d.<\/p>\n<p style=\"text-align: justify;\">Sin embargo, reiter\u00f3 en la necesidad de generar espacios saludables para la poblaci\u00f3n.<\/p>\n<p style=\"text-align: justify;\">\u201cTenemos que insistir en la construcci\u00f3n de mejores entornos, sobre todo para la familia; f\u00edjate que es muy parad\u00f3jico que el lugar que debiera ser el m\u00e1s seguro resulta que a veces es el m\u00e1s peligroso para ni\u00f1os, ni\u00f1as, adolecentes, personas adultas mayores y sobre todo para las mujeres\u201d.<\/p>\n<p style=\"text-align: justify;\">Afirm\u00f3 que la prevenci\u00f3n es vital.<\/p>\n<p style=\"text-align: justify;\">\u201cNo esperar a que haya suceso que puedan causar estragos en la familia, sino que de manera prioritaria trabajar en el \u00e1mbito de la prevenci\u00f3n\u201d.<\/p>\n<p style=\"text-align: justify;\">En caso de agresiones, se da seguimiento.<\/p>\n<p style=\"text-align: justify;\">\u201cEstamos dando seguimiento muy puntual a aquellas personas que tienen \u00f3rdenes de protecci\u00f3n y que ah\u00ed debo decirte que la Secretar\u00eda de Seguridad y Protecci\u00f3n Ciudadana una vez que es notificado pues atiendan de manera puntual esta \u00f3rdenes de protecci\u00f3n y en algunas ocasiones las usuarias se comunican con nosotros para hacernos saber que se est\u00e1 dando seguimiento a esta situaci\u00f3n\u201d.<\/p>\n<p style=\"text-align: justify;\">La atenci\u00f3n que se brinda a la poblaci\u00f3n femenina es sobre todo en casos de violencia familiar, seguida de violencia laboral y violencia en espacios p\u00fablicos.<\/p>\n<p style=\"text-align: justify;\">Por: Juan Carlos Contreras<\/p>\n","protected":false},"excerpt":{"rendered":"<p>SLP.- Decremento en la violencia en la ciudad de San Luis Potos\u00ed, en contra de las mujeres, report\u00f3 la coordinadora de la Instancia Municipal de las Mujeres, Martha Orta Rodr\u00edguez. \u201cA diferencia de a\u00f1os pasados, en esta ocasi\u00f3n no hubo tanta solicitud para personas que vivan alguna situaci\u00f3n de violencia\u201d. Sin embargo, reiter\u00f3 en la necesidad de generar espacios saludables para la poblaci\u00f3n. \u201cTenemos que insistir en la construcci\u00f3n de mejores entornos, sobre todo para la familia; f\u00edjate que es muy parad\u00f3jico que el lugar que debiera ser el m\u00e1s seguro resulta que a veces es el m\u00e1s peligroso para [&hellip;]<\/p>\n","protected":false},"author":2,"featured_media":154347,"comment_status":"closed","ping_status":"closed","sticky":false,"template":"","format":"video","meta":{"_monsterinsights_skip_tracking":false,"_monsterinsights_sitenote_active":false,"_monsterinsights_sitenote_note":"","_monsterinsights_sitenote_category":0,"footnotes":""},"categories":[66,5,45],"tags":[],"class_list":["post-154305","post","type-post","status-publish","format-video","has-post-thumbnail","hentry","category-ayoslp","category-destacadas","category-localesyregionales","post_format-post-format-video","post--single"],"yoast_head":"<!-- This site is optimized with the Yoast SEO plugin v27.5 - https:\/\/yoast.com\/product\/yoast-seo-wordpress\/ -->\n<title>En el 2024 disminuyeron los llamados de emergencia de las mujeres - Canal 7 SLP - 2025<\/title>\n<meta name=\"robots\" content=\"index, follow, max-snippet:-1, max-image-preview:large, max-video-preview:-1\" \/>\n<link rel=\"canonical\" href=\"https:\/\/canal7slp.tv\/2025\/en-el-2024-disminuyeron-los-llamados-de-emergencia-de-las-mujeres\/\" \/>\n<meta property=\"og:locale\" content=\"es_ES\" \/>\n<meta property=\"og:type\" content=\"article\" \/>\n<meta property=\"og:title\" content=\"En el 2024 disminuyeron los llamados de emergencia de las mujeres - Canal 7 SLP - 2025\" \/>\n<meta property=\"og:description\" content=\"SLP.- Decremento en la violencia en la ciudad de San Luis Potos\u00ed, en contra de las mujeres, report\u00f3 la coordinadora de la Instancia Municipal de las Mujeres, Martha Orta Rodr\u00edguez. \u201cA diferencia de a\u00f1os pasados, en esta ocasi\u00f3n no hubo tanta solicitud para personas que vivan alguna situaci\u00f3n de violencia\u201d. Sin embargo, reiter\u00f3 en la necesidad de generar espacios saludables para la poblaci\u00f3n. \u201cTenemos que insistir en la construcci\u00f3n de mejores entornos, sobre todo para la familia; f\u00edjate que es muy parad\u00f3jico que el lugar que debiera ser el m\u00e1s seguro resulta que a veces es el m\u00e1s peligroso para [&hellip;]\" \/>\n<meta property=\"og:url\" content=\"https:\/\/canal7slp.tv\/2025\/en-el-2024-disminuyeron-los-llamados-de-emergencia-de-las-mujeres\/\" \/>\n<meta property=\"og:site_name\" content=\"Canal 7 SLP - 2025\" \/>\n<meta property=\"article:publisher\" content=\"https:\/\/www.facebook.com\/noticieroscanal7atencionciudadana\/\" \/>\n<meta property=\"article:published_time\" content=\"2025-01-15T01:29:30+00:00\" \/>\n<meta property=\"og:image\" content=\"https:\/\/canal7slp.tv\/2025\/wp-content\/uploads\/2025\/01\/Poky02MenosViolencia.jpg\" \/>\n\t<meta property=\"og:image:width\" content=\"1280\" \/>\n\t<meta property=\"og:image:height\" content=\"720\" \/>\n\t<meta property=\"og:image:type\" content=\"image\/jpeg\" \/>\n<meta name=\"author\" content=\"Edici\u00f3n Web\" \/>\n<meta name=\"twitter:card\" content=\"summary_large_image\" \/>\n<meta name=\"twitter:creator\" content=\"@NOTICIEROS7\" \/>\n<meta name=\"twitter:site\" content=\"@NOTICIEROS7\" \/>\n<meta name=\"twitter:label1\" content=\"Escrito por\" \/>\n\t<meta name=\"twitter:data1\" content=\"Edici\u00f3n Web\" \/>\n\t<meta name=\"twitter:label2\" content=\"Tiempo de lectura\" \/>\n\t<meta name=\"twitter:data2\" content=\"2 minutos\" \/>\n<script type=\"application\/ld+json\" class=\"yoast-schema-graph\">{\"@context\":\"https:\\\/\\\/schema.org\",\"@graph\":[{\"@type\":\"Article\",\"@id\":\"https:\\\/\\\/canal7slp.tv\\\/2025\\\/en-el-2024-disminuyeron-los-llamados-de-emergencia-de-las-mujeres\\\/#article\",\"isPartOf\":{\"@id\":\"https:\\\/\\\/canal7slp.tv\\\/2025\\\/en-el-2024-disminuyeron-los-llamados-de-emergencia-de-las-mujeres\\\/\"},\"author\":{\"name\":\"Edici\u00f3n Web\",\"@id\":\"https:\\\/\\\/canal7slp.tv\\\/2025\\\/#\\\/schema\\\/person\\\/271e2b60a96e7cc9d9ac296f4d7e414b\"},\"headline\":\"En el 2024 disminuyeron los llamados de emergencia de las mujeres\",\"datePublished\":\"2025-01-15T01:29:30+00:00\",\"mainEntityOfPage\":{\"@id\":\"https:\\\/\\\/canal7slp.tv\\\/2025\\\/en-el-2024-disminuyeron-los-llamados-de-emergencia-de-las-mujeres\\\/\"},\"wordCount\":274,\"publisher\":{\"@id\":\"https:\\\/\\\/canal7slp.tv\\\/2025\\\/#organization\"},\"image\":{\"@id\":\"https:\\\/\\\/canal7slp.tv\\\/2025\\\/en-el-2024-disminuyeron-los-llamados-de-emergencia-de-las-mujeres\\\/#primaryimage\"},\"thumbnailUrl\":\"https:\\\/\\\/canal7slp.tv\\\/2025\\\/wp-content\\\/uploads\\\/2025\\\/01\\\/Poky02MenosViolencia.jpg\",\"articleSection\":[\"AYOSLP\",\"DESTACADAS\",\"LOCALES Y REGIONALES\"],\"inLanguage\":\"es\"},{\"@type\":\"WebPage\",\"@id\":\"https:\\\/\\\/canal7slp.tv\\\/2025\\\/en-el-2024-disminuyeron-los-llamados-de-emergencia-de-las-mujeres\\\/\",\"url\":\"https:\\\/\\\/canal7slp.tv\\\/2025\\\/en-el-2024-disminuyeron-los-llamados-de-emergencia-de-las-mujeres\\\/\",\"name\":\"En el 2024 disminuyeron los llamados de emergencia de las mujeres - Canal 7 SLP - 2025\",\"isPartOf\":{\"@id\":\"https:\\\/\\\/canal7slp.tv\\\/2025\\\/#website\"},\"primaryImageOfPage\":{\"@id\":\"https:\\\/\\\/canal7slp.tv\\\/2025\\\/en-el-2024-disminuyeron-los-llamados-de-emergencia-de-las-mujeres\\\/#primaryimage\"},\"image\":{\"@id\":\"https:\\\/\\\/canal7slp.tv\\\/2025\\\/en-el-2024-disminuyeron-los-llamados-de-emergencia-de-las-mujeres\\\/#primaryimage\"},\"thumbnailUrl\":\"https:\\\/\\\/canal7slp.tv\\\/2025\\\/wp-content\\\/uploads\\\/2025\\\/01\\\/Poky02MenosViolencia.jpg\",\"datePublished\":\"2025-01-15T01:29:30+00:00\",\"breadcrumb\":{\"@id\":\"https:\\\/\\\/canal7slp.tv\\\/2025\\\/en-el-2024-disminuyeron-los-llamados-de-emergencia-de-las-mujeres\\\/#breadcrumb\"},\"inLanguage\":\"es\",\"potentialAction\":[{\"@type\":\"ReadAction\",\"target\":[\"https:\\\/\\\/canal7slp.tv\\\/2025\\\/en-el-2024-disminuyeron-los-llamados-de-emergencia-de-las-mujeres\\\/\"]}]},{\"@type\":\"ImageObject\",\"inLanguage\":\"es\",\"@id\":\"https:\\\/\\\/canal7slp.tv\\\/2025\\\/en-el-2024-disminuyeron-los-llamados-de-emergencia-de-las-mujeres\\\/#primaryimage\",\"url\":\"https:\\\/\\\/canal7slp.tv\\\/2025\\\/wp-content\\\/uploads\\\/2025\\\/01\\\/Poky02MenosViolencia.jpg\",\"contentUrl\":\"https:\\\/\\\/canal7slp.tv\\\/2025\\\/wp-content\\\/uploads\\\/2025\\\/01\\\/Poky02MenosViolencia.jpg\",\"width\":1280,\"height\":720},{\"@type\":\"BreadcrumbList\",\"@id\":\"https:\\\/\\\/canal7slp.tv\\\/2025\\\/en-el-2024-disminuyeron-los-llamados-de-emergencia-de-las-mujeres\\\/#breadcrumb\",\"itemListElement\":[{\"@type\":\"ListItem\",\"position\":1,\"name\":\"Portada\",\"item\":\"https:\\\/\\\/canal7slp.tv\\\/2025\\\/\"},{\"@type\":\"ListItem\",\"position\":2,\"name\":\"En el 2024 disminuyeron los llamados de emergencia de las mujeres\"}]},{\"@type\":\"WebSite\",\"@id\":\"https:\\\/\\\/canal7slp.tv\\\/2025\\\/#website\",\"url\":\"https:\\\/\\\/canal7slp.tv\\\/2025\\\/\",\"name\":\"N7 - Noticieros Canal 7\",\"description\":\"Somos el Medio\",\"publisher\":{\"@id\":\"https:\\\/\\\/canal7slp.tv\\\/2025\\\/#organization\"},\"potentialAction\":[{\"@type\":\"SearchAction\",\"target\":{\"@type\":\"EntryPoint\",\"urlTemplate\":\"https:\\\/\\\/canal7slp.tv\\\/2025\\\/?s={search_term_string}\"},\"query-input\":{\"@type\":\"PropertyValueSpecification\",\"valueRequired\":true,\"valueName\":\"search_term_string\"}}],\"inLanguage\":\"es\"},{\"@type\":\"Organization\",\"@id\":\"https:\\\/\\\/canal7slp.tv\\\/2025\\\/#organization\",\"name\":\"Noticieros Canal 7\",\"url\":\"https:\\\/\\\/canal7slp.tv\\\/2025\\\/\",\"logo\":{\"@type\":\"ImageObject\",\"inLanguage\":\"es\",\"@id\":\"https:\\\/\\\/canal7slp.tv\\\/2025\\\/#\\\/schema\\\/logo\\\/image\\\/\",\"url\":\"https:\\\/\\\/canal7slp.tv\\\/2025\\\/wp-content\\\/uploads\\\/2021\\\/01\\\/logo-noticieros@2x.png\",\"contentUrl\":\"https:\\\/\\\/canal7slp.tv\\\/2025\\\/wp-content\\\/uploads\\\/2021\\\/01\\\/logo-noticieros@2x.png\",\"width\":1017,\"height\":268,\"caption\":\"Noticieros Canal 7\"},\"image\":{\"@id\":\"https:\\\/\\\/canal7slp.tv\\\/2025\\\/#\\\/schema\\\/logo\\\/image\\\/\"},\"sameAs\":[\"https:\\\/\\\/www.facebook.com\\\/noticieroscanal7atencionciudadana\\\/\",\"https:\\\/\\\/x.com\\\/NOTICIEROS7\",\"https:\\\/\\\/www.instagram.com\\\/canal7_slp\",\"https:\\\/\\\/www.youtube.com\\\/channel\\\/UCliiYs-gP3JfJeqdPrNdd5A\"]},{\"@type\":\"Person\",\"@id\":\"https:\\\/\\\/canal7slp.tv\\\/2025\\\/#\\\/schema\\\/person\\\/271e2b60a96e7cc9d9ac296f4d7e414b\",\"name\":\"Edici\u00f3n Web\",\"image\":{\"@type\":\"ImageObject\",\"inLanguage\":\"es\",\"@id\":\"https:\\\/\\\/secure.gravatar.com\\\/avatar\\\/eee448fc3f7164808013b816ba91ac7e43bbe82a70bebac296f8bc6f0addaa1a?s=96&d=mm&r=g\",\"url\":\"https:\\\/\\\/secure.gravatar.com\\\/avatar\\\/eee448fc3f7164808013b816ba91ac7e43bbe82a70bebac296f8bc6f0addaa1a?s=96&d=mm&r=g\",\"contentUrl\":\"https:\\\/\\\/secure.gravatar.com\\\/avatar\\\/eee448fc3f7164808013b816ba91ac7e43bbe82a70bebac296f8bc6f0addaa1a?s=96&d=mm&r=g\",\"caption\":\"Edici\u00f3n Web\"},\"url\":\"https:\\\/\\\/canal7slp.tv\\\/2025\\\/author\\\/edicionweb\\\/\"}]}<\/script>\n<!-- \/ Yoast SEO plugin. -->","yoast_head_json":{"title":"En el 2024 disminuyeron los llamados de emergencia de las mujeres - Canal 7 SLP - 2025","robots":{"index":"index","follow":"follow","max-snippet":"max-snippet:-1","max-image-preview":"max-image-preview:large","max-video-preview":"max-video-preview:-1"},"canonical":"https:\/\/canal7slp.tv\/2025\/en-el-2024-disminuyeron-los-llamados-de-emergencia-de-las-mujeres\/","og_locale":"es_ES","og_type":"article","og_title":"En el 2024 disminuyeron los llamados de emergencia de las mujeres - Canal 7 SLP - 2025","og_description":"SLP.- Decremento en la violencia en la ciudad de San Luis Potos\u00ed, en contra de las mujeres, report\u00f3 la coordinadora de la Instancia Municipal de las Mujeres, Martha Orta Rodr\u00edguez. \u201cA diferencia de a\u00f1os pasados, en esta ocasi\u00f3n no hubo tanta solicitud para personas que vivan alguna situaci\u00f3n de violencia\u201d. Sin embargo, reiter\u00f3 en la necesidad de generar espacios saludables para la poblaci\u00f3n. \u201cTenemos que insistir en la construcci\u00f3n de mejores entornos, sobre todo para la familia; f\u00edjate que es muy parad\u00f3jico que el lugar que debiera ser el m\u00e1s seguro resulta que a veces es el m\u00e1s peligroso para [&hellip;]","og_url":"https:\/\/canal7slp.tv\/2025\/en-el-2024-disminuyeron-los-llamados-de-emergencia-de-las-mujeres\/","og_site_name":"Canal 7 SLP - 2025","article_publisher":"https:\/\/www.facebook.com\/noticieroscanal7atencionciudadana\/","article_published_time":"2025-01-15T01:29:30+00:00","og_image":[{"width":1280,"height":720,"url":"https:\/\/canal7slp.tv\/2025\/wp-content\/uploads\/2025\/01\/Poky02MenosViolencia.jpg","type":"image\/jpeg"}],"author":"Edici\u00f3n Web","twitter_card":"summary_large_image","twitter_creator":"@NOTICIEROS7","twitter_site":"@NOTICIEROS7","twitter_misc":{"Escrito por":"Edici\u00f3n Web","Tiempo de lectura":"2 minutos"},"schema":{"@context":"https:\/\/schema.org","@graph":[{"@type":"Article","@id":"https:\/\/canal7slp.tv\/2025\/en-el-2024-disminuyeron-los-llamados-de-emergencia-de-las-mujeres\/#article","isPartOf":{"@id":"https:\/\/canal7slp.tv\/2025\/en-el-2024-disminuyeron-los-llamados-de-emergencia-de-las-mujeres\/"},"author":{"name":"Edici\u00f3n Web","@id":"https:\/\/canal7slp.tv\/2025\/#\/schema\/person\/271e2b60a96e7cc9d9ac296f4d7e414b"},"headline":"En el 2024 disminuyeron los llamados de emergencia de las mujeres","datePublished":"2025-01-15T01:29:30+00:00","mainEntityOfPage":{"@id":"https:\/\/canal7slp.tv\/2025\/en-el-2024-disminuyeron-los-llamados-de-emergencia-de-las-mujeres\/"},"wordCount":274,"publisher":{"@id":"https:\/\/canal7slp.tv\/2025\/#organization"},"image":{"@id":"https:\/\/canal7slp.tv\/2025\/en-el-2024-disminuyeron-los-llamados-de-emergencia-de-las-mujeres\/#primaryimage"},"thumbnailUrl":"https:\/\/canal7slp.tv\/2025\/wp-content\/uploads\/2025\/01\/Poky02MenosViolencia.jpg","articleSection":["AYOSLP","DESTACADAS","LOCALES Y REGIONALES"],"inLanguage":"es"},{"@type":"WebPage","@id":"https:\/\/canal7slp.tv\/2025\/en-el-2024-disminuyeron-los-llamados-de-emergencia-de-las-mujeres\/","url":"https:\/\/canal7slp.tv\/2025\/en-el-2024-disminuyeron-los-llamados-de-emergencia-de-las-mujeres\/","name":"En el 2024 disminuyeron los llamados de emergencia de las mujeres - Canal 7 SLP - 2025","isPartOf":{"@id":"https:\/\/canal7slp.tv\/2025\/#website"},"primaryImageOfPage":{"@id":"https:\/\/canal7slp.tv\/2025\/en-el-2024-disminuyeron-los-llamados-de-emergencia-de-las-mujeres\/#primaryimage"},"image":{"@id":"https:\/\/canal7slp.tv\/2025\/en-el-2024-disminuyeron-los-llamados-de-emergencia-de-las-mujeres\/#primaryimage"},"thumbnailUrl":"https:\/\/canal7slp.tv\/2025\/wp-content\/uploads\/2025\/01\/Poky02MenosViolencia.jpg","datePublished":"2025-01-15T01:29:30+00:00","breadcrumb":{"@id":"https:\/\/canal7slp.tv\/2025\/en-el-2024-disminuyeron-los-llamados-de-emergencia-de-las-mujeres\/#breadcrumb"},"inLanguage":"es","potentialAction":[{"@type":"ReadAction","target":["https:\/\/canal7slp.tv\/2025\/en-el-2024-disminuyeron-los-llamados-de-emergencia-de-las-mujeres\/"]}]},{"@type":"ImageObject","inLanguage":"es","@id":"https:\/\/canal7slp.tv\/2025\/en-el-2024-disminuyeron-los-llamados-de-emergencia-de-las-mujeres\/#primaryimage","url":"https:\/\/canal7slp.tv\/2025\/wp-content\/uploads\/2025\/01\/Poky02MenosViolencia.jpg","contentUrl":"https:\/\/canal7slp.tv\/2025\/wp-content\/uploads\/2025\/01\/Poky02MenosViolencia.jpg","width":1280,"height":720},{"@type":"BreadcrumbList","@id":"https:\/\/canal7slp.tv\/2025\/en-el-2024-disminuyeron-los-llamados-de-emergencia-de-las-mujeres\/#breadcrumb","itemListElement":[{"@type":"ListItem","position":1,"name":"Portada","item":"https:\/\/canal7slp.tv\/2025\/"},{"@type":"ListItem","position":2,"name":"En el 2024 disminuyeron los llamados de emergencia de las mujeres"}]},{"@type":"WebSite","@id":"https:\/\/canal7slp.tv\/2025\/#website","url":"https:\/\/canal7slp.tv\/2025\/","name":"N7 - Noticieros Canal 7","description":"Somos el Medio","publisher":{"@id":"https:\/\/canal7slp.tv\/2025\/#organization"},"potentialAction":[{"@type":"SearchAction","target":{"@type":"EntryPoint","urlTemplate":"https:\/\/canal7slp.tv\/2025\/?s={search_term_string}"},"query-input":{"@type":"PropertyValueSpecification","valueRequired":true,"valueName":"search_term_string"}}],"inLanguage":"es"},{"@type":"Organization","@id":"https:\/\/canal7slp.tv\/2025\/#organization","name":"Noticieros Canal 7","url":"https:\/\/canal7slp.tv\/2025\/","logo":{"@type":"ImageObject","inLanguage":"es","@id":"https:\/\/canal7slp.tv\/2025\/#\/schema\/logo\/image\/","url":"https:\/\/canal7slp.tv\/2025\/wp-content\/uploads\/2021\/01\/logo-noticieros@2x.png","contentUrl":"https:\/\/canal7slp.tv\/2025\/wp-content\/uploads\/2021\/01\/logo-noticieros@2x.png","width":1017,"height":268,"caption":"Noticieros Canal 7"},"image":{"@id":"https:\/\/canal7slp.tv\/2025\/#\/schema\/logo\/image\/"},"sameAs":["https:\/\/www.facebook.com\/noticieroscanal7atencionciudadana\/","https:\/\/x.com\/NOTICIEROS7","https:\/\/www.instagram.com\/canal7_slp","https:\/\/www.youtube.com\/channel\/UCliiYs-gP3JfJeqdPrNdd5A"]},{"@type":"Person","@id":"https:\/\/canal7slp.tv\/2025\/#\/schema\/person\/271e2b60a96e7cc9d9ac296f4d7e414b","name":"Edici\u00f3n Web","image":{"@type":"ImageObject","inLanguage":"es","@id":"https:\/\/secure.gravatar.com\/avatar\/eee448fc3f7164808013b816ba91ac7e43bbe82a70bebac296f8bc6f0addaa1a?s=96&d=mm&r=g","url":"https:\/\/secure.gravatar.com\/avatar\/eee448fc3f7164808013b816ba91ac7e43bbe82a70bebac296f8bc6f0addaa1a?s=96&d=mm&r=g","contentUrl":"https:\/\/secure.gravatar.com\/avatar\/eee448fc3f7164808013b816ba91ac7e43bbe82a70bebac296f8bc6f0addaa1a?s=96&d=mm&r=g","caption":"Edici\u00f3n Web"},"url":"https:\/\/canal7slp.tv\/2025\/author\/edicionweb\/"}]}},"_links":{"self":[{"href":"https:\/\/canal7slp.tv\/2025\/wp-json\/wp\/v2\/posts\/154305","targetHints":{"allow":["GET"]}}],"collection":[{"href":"https:\/\/canal7slp.tv\/2025\/wp-json\/wp\/v2\/posts"}],"about":[{"href":"https:\/\/canal7slp.tv\/2025\/wp-json\/wp\/v2\/types\/post"}],"author":[{"embeddable":true,"href":"https:\/\/canal7slp.tv\/2025\/wp-json\/wp\/v2\/users\/2"}],"replies":[{"embeddable":true,"href":"https:\/\/canal7slp.tv\/2025\/wp-json\/wp\/v2\/comments?post=154305"}],"version-history":[{"count":3,"href":"https:\/\/canal7slp.tv\/2025\/wp-json\/wp\/v2\/posts\/154305\/revisions"}],"predecessor-version":[{"id":154348,"href":"https:\/\/canal7slp.tv\/2025\/wp-json\/wp\/v2\/posts\/154305\/revisions\/154348"}],"wp:featuredmedia":[{"embeddable":true,"href":"https:\/\/canal7slp.tv\/2025\/wp-json\/wp\/v2\/media\/154347"}],"wp:attachment":[{"href":"https:\/\/canal7slp.tv\/2025\/wp-json\/wp\/v2\/media?parent=154305"}],"wp:term":[{"taxonomy":"category","embeddable":true,"href":"https:\/\/canal7slp.tv\/2025\/wp-json\/wp\/v2\/categories?post=154305"},{"taxonomy":"post_tag","embeddable":true,"href":"https:\/\/canal7slp.tv\/2025\/wp-json\/wp\/v2\/tags?post=154305"}],"curies":[{"name":"wp","href":"https:\/\/api.w.org\/{rel}","templated":true}]}}