{"id":154304,"date":"2025-01-14T19:26:13","date_gmt":"2025-01-15T01:26:13","guid":{"rendered":"https:\/\/canal7slp.tv\/2025\/?p=154304"},"modified":"2025-01-14T19:26:13","modified_gmt":"2025-01-15T01:26:13","slug":"familiares-amigos-y-ciudadanos-marchan-para-visibilizar-la-desaparicion-de-daniela-martell","status":"publish","type":"post","link":"https:\/\/canal7slp.tv\/2025\/familiares-amigos-y-ciudadanos-marchan-para-visibilizar-la-desaparicion-de-daniela-martell\/","title":{"rendered":"Familiares, amigos y ciudadanos marchan para visibilizar la desaparici\u00f3n de Daniela Martell"},"content":{"rendered":"<p style=\"text-align: justify;\">SLP.- Con pancartas, lonas y consignas, familiares y amigos de Daniela Martell Orozco se manifestaron y exigieron la localizaci\u00f3n de referida ciudadana quien desde el pasado d\u00eda 06 de enero no ha logrado ser localizada.<\/p>\n<p style=\"text-align: justify;\">\u201cAl final del d\u00eda, todos los d\u00edas o\u00edmos noticias, obviamente en este caso pues principalmente por Daniela que es una persona muy querida para nosotros, es nuestra familiar\u201d.<\/p>\n<p style=\"text-align: justify;\">La movilizaci\u00f3n pac\u00edfica comenz\u00f3 en Plaza de Armas en la ciudad capital de San Luis Potos\u00ed.<\/p>\n<p style=\"text-align: justify;\">\u201cAqu\u00ed se trata de no olvidarnos de las personas que est\u00e1n desaparecidas y que las autoridades sigan haciendo su trabajo, que nos ayuden a encontrarlos, que cualquier persona que sepa sobre Daniela y tambi\u00e9n sobre las otras personas que han desaparecido, que den ahora s\u00ed que se comuniquen\u201d.<\/p>\n<p style=\"text-align: justify;\">El tiempo lejos de Daniela ha recalado en toda la familia.<\/p>\n<p style=\"text-align: justify;\">\u201cNo hay palabras que puedan describir, lo que su mam\u00e1, lo que sus hijos, lo que su hermana est\u00e1n viviendo en este momento, si nosotros que somos su t\u00eda, su prima, la gente que la queremos estamos sufriendo mucha angustia y mucha desesperaci\u00f3n\u201d.<\/p>\n<p style=\"text-align: justify;\">Para finalizar, su familiar env\u00edo un mensaje.<\/p>\n<p style=\"text-align: justify;\">\u201cLo que les puedo decir es que Daniela es una buena personal, es mam\u00e1, es hermana, es hija, es abuela, es amiga, es una pintora incre\u00edble, es una artista muy buena y que como persona es muy buena, muy buena persona\u201d.<\/p>\n<p>Por: Juan Carlos Contreras<\/p>\n","protected":false},"excerpt":{"rendered":"<p>SLP.- Con pancartas, lonas y consignas, familiares y amigos de Daniela Martell Orozco se manifestaron y exigieron la localizaci\u00f3n de referida ciudadana quien desde el pasado d\u00eda 06 de enero no ha logrado ser localizada. \u201cAl final del d\u00eda, todos los d\u00edas o\u00edmos noticias, obviamente en este caso pues principalmente por Daniela que es una persona muy querida para nosotros, es nuestra familiar\u201d. La movilizaci\u00f3n pac\u00edfica comenz\u00f3 en Plaza de Armas en la ciudad capital de San Luis Potos\u00ed. \u201cAqu\u00ed se trata de no olvidarnos de las personas que est\u00e1n desaparecidas y que las autoridades sigan haciendo su trabajo, que [&hellip;]<\/p>\n","protected":false},"author":2,"featured_media":154344,"comment_status":"closed","ping_status":"closed","sticky":false,"template":"","format":"video","meta":{"_monsterinsights_skip_tracking":false,"_monsterinsights_sitenote_active":false,"_monsterinsights_sitenote_note":"","_monsterinsights_sitenote_category":0,"footnotes":""},"categories":[5,45],"tags":[],"class_list":["post-154304","post","type-post","status-publish","format-video","has-post-thumbnail","hentry","category-destacadas","category-localesyregionales","post_format-post-format-video","post--single"],"yoast_head":"<!-- This site is optimized with the Yoast SEO plugin v27.5 - https:\/\/yoast.com\/product\/yoast-seo-wordpress\/ -->\n<title>Familiares, amigos y ciudadanos marchan para visibilizar la desaparici\u00f3n de Daniela Martell - Canal 7 SLP - 2025<\/title>\n<meta name=\"robots\" content=\"index, follow, max-snippet:-1, max-image-preview:large, max-video-preview:-1\" \/>\n<link rel=\"canonical\" href=\"https:\/\/canal7slp.tv\/2025\/familiares-amigos-y-ciudadanos-marchan-para-visibilizar-la-desaparicion-de-daniela-martell\/\" \/>\n<meta property=\"og:locale\" content=\"es_ES\" \/>\n<meta property=\"og:type\" content=\"article\" \/>\n<meta property=\"og:title\" content=\"Familiares, amigos y ciudadanos marchan para visibilizar la desaparici\u00f3n de Daniela Martell - Canal 7 SLP - 2025\" \/>\n<meta property=\"og:description\" content=\"SLP.- Con pancartas, lonas y consignas, familiares y amigos de Daniela Martell Orozco se manifestaron y exigieron la localizaci\u00f3n de referida ciudadana quien desde el pasado d\u00eda 06 de enero no ha logrado ser localizada. \u201cAl final del d\u00eda, todos los d\u00edas o\u00edmos noticias, obviamente en este caso pues principalmente por Daniela que es una persona muy querida para nosotros, es nuestra familiar\u201d. La movilizaci\u00f3n pac\u00edfica comenz\u00f3 en Plaza de Armas en la ciudad capital de San Luis Potos\u00ed. \u201cAqu\u00ed se trata de no olvidarnos de las personas que est\u00e1n desaparecidas y que las autoridades sigan haciendo su trabajo, que [&hellip;]\" \/>\n<meta property=\"og:url\" content=\"https:\/\/canal7slp.tv\/2025\/familiares-amigos-y-ciudadanos-marchan-para-visibilizar-la-desaparicion-de-daniela-martell\/\" \/>\n<meta property=\"og:site_name\" content=\"Canal 7 SLP - 2025\" \/>\n<meta property=\"article:publisher\" content=\"https:\/\/www.facebook.com\/noticieroscanal7atencionciudadana\/\" \/>\n<meta property=\"article:published_time\" content=\"2025-01-15T01:26:13+00:00\" \/>\n<meta property=\"og:image\" content=\"https:\/\/canal7slp.tv\/2025\/wp-content\/uploads\/2025\/01\/Poky0MarchaDaniela.jpg\" \/>\n\t<meta property=\"og:image:width\" content=\"1280\" \/>\n\t<meta property=\"og:image:height\" content=\"720\" \/>\n\t<meta property=\"og:image:type\" content=\"image\/jpeg\" \/>\n<meta name=\"author\" content=\"Edici\u00f3n Web\" \/>\n<meta name=\"twitter:card\" content=\"summary_large_image\" \/>\n<meta name=\"twitter:creator\" content=\"@NOTICIEROS7\" \/>\n<meta name=\"twitter:site\" content=\"@NOTICIEROS7\" \/>\n<meta name=\"twitter:label1\" content=\"Escrito por\" \/>\n\t<meta name=\"twitter:data1\" content=\"Edici\u00f3n Web\" \/>\n\t<meta name=\"twitter:label2\" content=\"Tiempo de lectura\" \/>\n\t<meta name=\"twitter:data2\" content=\"2 minutos\" \/>\n<script type=\"application\/ld+json\" class=\"yoast-schema-graph\">{\"@context\":\"https:\\\/\\\/schema.org\",\"@graph\":[{\"@type\":\"Article\",\"@id\":\"https:\\\/\\\/canal7slp.tv\\\/2025\\\/familiares-amigos-y-ciudadanos-marchan-para-visibilizar-la-desaparicion-de-daniela-martell\\\/#article\",\"isPartOf\":{\"@id\":\"https:\\\/\\\/canal7slp.tv\\\/2025\\\/familiares-amigos-y-ciudadanos-marchan-para-visibilizar-la-desaparicion-de-daniela-martell\\\/\"},\"author\":{\"name\":\"Edici\u00f3n Web\",\"@id\":\"https:\\\/\\\/canal7slp.tv\\\/2025\\\/#\\\/schema\\\/person\\\/271e2b60a96e7cc9d9ac296f4d7e414b\"},\"headline\":\"Familiares, amigos y ciudadanos marchan para visibilizar la desaparici\u00f3n de Daniela Martell\",\"datePublished\":\"2025-01-15T01:26:13+00:00\",\"mainEntityOfPage\":{\"@id\":\"https:\\\/\\\/canal7slp.tv\\\/2025\\\/familiares-amigos-y-ciudadanos-marchan-para-visibilizar-la-desaparicion-de-daniela-martell\\\/\"},\"wordCount\":260,\"publisher\":{\"@id\":\"https:\\\/\\\/canal7slp.tv\\\/2025\\\/#organization\"},\"image\":{\"@id\":\"https:\\\/\\\/canal7slp.tv\\\/2025\\\/familiares-amigos-y-ciudadanos-marchan-para-visibilizar-la-desaparicion-de-daniela-martell\\\/#primaryimage\"},\"thumbnailUrl\":\"https:\\\/\\\/canal7slp.tv\\\/2025\\\/wp-content\\\/uploads\\\/2025\\\/01\\\/Poky0MarchaDaniela.jpg\",\"articleSection\":[\"DESTACADAS\",\"LOCALES Y REGIONALES\"],\"inLanguage\":\"es\"},{\"@type\":\"WebPage\",\"@id\":\"https:\\\/\\\/canal7slp.tv\\\/2025\\\/familiares-amigos-y-ciudadanos-marchan-para-visibilizar-la-desaparicion-de-daniela-martell\\\/\",\"url\":\"https:\\\/\\\/canal7slp.tv\\\/2025\\\/familiares-amigos-y-ciudadanos-marchan-para-visibilizar-la-desaparicion-de-daniela-martell\\\/\",\"name\":\"Familiares, amigos y ciudadanos marchan para visibilizar la desaparici\u00f3n de Daniela Martell - Canal 7 SLP - 2025\",\"isPartOf\":{\"@id\":\"https:\\\/\\\/canal7slp.tv\\\/2025\\\/#website\"},\"primaryImageOfPage\":{\"@id\":\"https:\\\/\\\/canal7slp.tv\\\/2025\\\/familiares-amigos-y-ciudadanos-marchan-para-visibilizar-la-desaparicion-de-daniela-martell\\\/#primaryimage\"},\"image\":{\"@id\":\"https:\\\/\\\/canal7slp.tv\\\/2025\\\/familiares-amigos-y-ciudadanos-marchan-para-visibilizar-la-desaparicion-de-daniela-martell\\\/#primaryimage\"},\"thumbnailUrl\":\"https:\\\/\\\/canal7slp.tv\\\/2025\\\/wp-content\\\/uploads\\\/2025\\\/01\\\/Poky0MarchaDaniela.jpg\",\"datePublished\":\"2025-01-15T01:26:13+00:00\",\"breadcrumb\":{\"@id\":\"https:\\\/\\\/canal7slp.tv\\\/2025\\\/familiares-amigos-y-ciudadanos-marchan-para-visibilizar-la-desaparicion-de-daniela-martell\\\/#breadcrumb\"},\"inLanguage\":\"es\",\"potentialAction\":[{\"@type\":\"ReadAction\",\"target\":[\"https:\\\/\\\/canal7slp.tv\\\/2025\\\/familiares-amigos-y-ciudadanos-marchan-para-visibilizar-la-desaparicion-de-daniela-martell\\\/\"]}]},{\"@type\":\"ImageObject\",\"inLanguage\":\"es\",\"@id\":\"https:\\\/\\\/canal7slp.tv\\\/2025\\\/familiares-amigos-y-ciudadanos-marchan-para-visibilizar-la-desaparicion-de-daniela-martell\\\/#primaryimage\",\"url\":\"https:\\\/\\\/canal7slp.tv\\\/2025\\\/wp-content\\\/uploads\\\/2025\\\/01\\\/Poky0MarchaDaniela.jpg\",\"contentUrl\":\"https:\\\/\\\/canal7slp.tv\\\/2025\\\/wp-content\\\/uploads\\\/2025\\\/01\\\/Poky0MarchaDaniela.jpg\",\"width\":1280,\"height\":720},{\"@type\":\"BreadcrumbList\",\"@id\":\"https:\\\/\\\/canal7slp.tv\\\/2025\\\/familiares-amigos-y-ciudadanos-marchan-para-visibilizar-la-desaparicion-de-daniela-martell\\\/#breadcrumb\",\"itemListElement\":[{\"@type\":\"ListItem\",\"position\":1,\"name\":\"Portada\",\"item\":\"https:\\\/\\\/canal7slp.tv\\\/2025\\\/\"},{\"@type\":\"ListItem\",\"position\":2,\"name\":\"Familiares, amigos y ciudadanos marchan para visibilizar la desaparici\u00f3n de Daniela Martell\"}]},{\"@type\":\"WebSite\",\"@id\":\"https:\\\/\\\/canal7slp.tv\\\/2025\\\/#website\",\"url\":\"https:\\\/\\\/canal7slp.tv\\\/2025\\\/\",\"name\":\"N7 - Noticieros Canal 7\",\"description\":\"Somos el Medio\",\"publisher\":{\"@id\":\"https:\\\/\\\/canal7slp.tv\\\/2025\\\/#organization\"},\"potentialAction\":[{\"@type\":\"SearchAction\",\"target\":{\"@type\":\"EntryPoint\",\"urlTemplate\":\"https:\\\/\\\/canal7slp.tv\\\/2025\\\/?s={search_term_string}\"},\"query-input\":{\"@type\":\"PropertyValueSpecification\",\"valueRequired\":true,\"valueName\":\"search_term_string\"}}],\"inLanguage\":\"es\"},{\"@type\":\"Organization\",\"@id\":\"https:\\\/\\\/canal7slp.tv\\\/2025\\\/#organization\",\"name\":\"Noticieros Canal 7\",\"url\":\"https:\\\/\\\/canal7slp.tv\\\/2025\\\/\",\"logo\":{\"@type\":\"ImageObject\",\"inLanguage\":\"es\",\"@id\":\"https:\\\/\\\/canal7slp.tv\\\/2025\\\/#\\\/schema\\\/logo\\\/image\\\/\",\"url\":\"https:\\\/\\\/canal7slp.tv\\\/2025\\\/wp-content\\\/uploads\\\/2021\\\/01\\\/logo-noticieros@2x.png\",\"contentUrl\":\"https:\\\/\\\/canal7slp.tv\\\/2025\\\/wp-content\\\/uploads\\\/2021\\\/01\\\/logo-noticieros@2x.png\",\"width\":1017,\"height\":268,\"caption\":\"Noticieros Canal 7\"},\"image\":{\"@id\":\"https:\\\/\\\/canal7slp.tv\\\/2025\\\/#\\\/schema\\\/logo\\\/image\\\/\"},\"sameAs\":[\"https:\\\/\\\/www.facebook.com\\\/noticieroscanal7atencionciudadana\\\/\",\"https:\\\/\\\/x.com\\\/NOTICIEROS7\",\"https:\\\/\\\/www.instagram.com\\\/canal7_slp\",\"https:\\\/\\\/www.youtube.com\\\/channel\\\/UCliiYs-gP3JfJeqdPrNdd5A\"]},{\"@type\":\"Person\",\"@id\":\"https:\\\/\\\/canal7slp.tv\\\/2025\\\/#\\\/schema\\\/person\\\/271e2b60a96e7cc9d9ac296f4d7e414b\",\"name\":\"Edici\u00f3n Web\",\"image\":{\"@type\":\"ImageObject\",\"inLanguage\":\"es\",\"@id\":\"https:\\\/\\\/secure.gravatar.com\\\/avatar\\\/eee448fc3f7164808013b816ba91ac7e43bbe82a70bebac296f8bc6f0addaa1a?s=96&d=mm&r=g\",\"url\":\"https:\\\/\\\/secure.gravatar.com\\\/avatar\\\/eee448fc3f7164808013b816ba91ac7e43bbe82a70bebac296f8bc6f0addaa1a?s=96&d=mm&r=g\",\"contentUrl\":\"https:\\\/\\\/secure.gravatar.com\\\/avatar\\\/eee448fc3f7164808013b816ba91ac7e43bbe82a70bebac296f8bc6f0addaa1a?s=96&d=mm&r=g\",\"caption\":\"Edici\u00f3n Web\"},\"url\":\"https:\\\/\\\/canal7slp.tv\\\/2025\\\/author\\\/edicionweb\\\/\"}]}<\/script>\n<!-- \/ Yoast SEO plugin. -->","yoast_head_json":{"title":"Familiares, amigos y ciudadanos marchan para visibilizar la desaparici\u00f3n de Daniela Martell - Canal 7 SLP - 2025","robots":{"index":"index","follow":"follow","max-snippet":"max-snippet:-1","max-image-preview":"max-image-preview:large","max-video-preview":"max-video-preview:-1"},"canonical":"https:\/\/canal7slp.tv\/2025\/familiares-amigos-y-ciudadanos-marchan-para-visibilizar-la-desaparicion-de-daniela-martell\/","og_locale":"es_ES","og_type":"article","og_title":"Familiares, amigos y ciudadanos marchan para visibilizar la desaparici\u00f3n de Daniela Martell - Canal 7 SLP - 2025","og_description":"SLP.- Con pancartas, lonas y consignas, familiares y amigos de Daniela Martell Orozco se manifestaron y exigieron la localizaci\u00f3n de referida ciudadana quien desde el pasado d\u00eda 06 de enero no ha logrado ser localizada. \u201cAl final del d\u00eda, todos los d\u00edas o\u00edmos noticias, obviamente en este caso pues principalmente por Daniela que es una persona muy querida para nosotros, es nuestra familiar\u201d. La movilizaci\u00f3n pac\u00edfica comenz\u00f3 en Plaza de Armas en la ciudad capital de San Luis Potos\u00ed. \u201cAqu\u00ed se trata de no olvidarnos de las personas que est\u00e1n desaparecidas y que las autoridades sigan haciendo su trabajo, que [&hellip;]","og_url":"https:\/\/canal7slp.tv\/2025\/familiares-amigos-y-ciudadanos-marchan-para-visibilizar-la-desaparicion-de-daniela-martell\/","og_site_name":"Canal 7 SLP - 2025","article_publisher":"https:\/\/www.facebook.com\/noticieroscanal7atencionciudadana\/","article_published_time":"2025-01-15T01:26:13+00:00","og_image":[{"width":1280,"height":720,"url":"https:\/\/canal7slp.tv\/2025\/wp-content\/uploads\/2025\/01\/Poky0MarchaDaniela.jpg","type":"image\/jpeg"}],"author":"Edici\u00f3n Web","twitter_card":"summary_large_image","twitter_creator":"@NOTICIEROS7","twitter_site":"@NOTICIEROS7","twitter_misc":{"Escrito por":"Edici\u00f3n Web","Tiempo de lectura":"2 minutos"},"schema":{"@context":"https:\/\/schema.org","@graph":[{"@type":"Article","@id":"https:\/\/canal7slp.tv\/2025\/familiares-amigos-y-ciudadanos-marchan-para-visibilizar-la-desaparicion-de-daniela-martell\/#article","isPartOf":{"@id":"https:\/\/canal7slp.tv\/2025\/familiares-amigos-y-ciudadanos-marchan-para-visibilizar-la-desaparicion-de-daniela-martell\/"},"author":{"name":"Edici\u00f3n Web","@id":"https:\/\/canal7slp.tv\/2025\/#\/schema\/person\/271e2b60a96e7cc9d9ac296f4d7e414b"},"headline":"Familiares, amigos y ciudadanos marchan para visibilizar la desaparici\u00f3n de Daniela Martell","datePublished":"2025-01-15T01:26:13+00:00","mainEntityOfPage":{"@id":"https:\/\/canal7slp.tv\/2025\/familiares-amigos-y-ciudadanos-marchan-para-visibilizar-la-desaparicion-de-daniela-martell\/"},"wordCount":260,"publisher":{"@id":"https:\/\/canal7slp.tv\/2025\/#organization"},"image":{"@id":"https:\/\/canal7slp.tv\/2025\/familiares-amigos-y-ciudadanos-marchan-para-visibilizar-la-desaparicion-de-daniela-martell\/#primaryimage"},"thumbnailUrl":"https:\/\/canal7slp.tv\/2025\/wp-content\/uploads\/2025\/01\/Poky0MarchaDaniela.jpg","articleSection":["DESTACADAS","LOCALES Y REGIONALES"],"inLanguage":"es"},{"@type":"WebPage","@id":"https:\/\/canal7slp.tv\/2025\/familiares-amigos-y-ciudadanos-marchan-para-visibilizar-la-desaparicion-de-daniela-martell\/","url":"https:\/\/canal7slp.tv\/2025\/familiares-amigos-y-ciudadanos-marchan-para-visibilizar-la-desaparicion-de-daniela-martell\/","name":"Familiares, amigos y ciudadanos marchan para visibilizar la desaparici\u00f3n de Daniela Martell - Canal 7 SLP - 2025","isPartOf":{"@id":"https:\/\/canal7slp.tv\/2025\/#website"},"primaryImageOfPage":{"@id":"https:\/\/canal7slp.tv\/2025\/familiares-amigos-y-ciudadanos-marchan-para-visibilizar-la-desaparicion-de-daniela-martell\/#primaryimage"},"image":{"@id":"https:\/\/canal7slp.tv\/2025\/familiares-amigos-y-ciudadanos-marchan-para-visibilizar-la-desaparicion-de-daniela-martell\/#primaryimage"},"thumbnailUrl":"https:\/\/canal7slp.tv\/2025\/wp-content\/uploads\/2025\/01\/Poky0MarchaDaniela.jpg","datePublished":"2025-01-15T01:26:13+00:00","breadcrumb":{"@id":"https:\/\/canal7slp.tv\/2025\/familiares-amigos-y-ciudadanos-marchan-para-visibilizar-la-desaparicion-de-daniela-martell\/#breadcrumb"},"inLanguage":"es","potentialAction":[{"@type":"ReadAction","target":["https:\/\/canal7slp.tv\/2025\/familiares-amigos-y-ciudadanos-marchan-para-visibilizar-la-desaparicion-de-daniela-martell\/"]}]},{"@type":"ImageObject","inLanguage":"es","@id":"https:\/\/canal7slp.tv\/2025\/familiares-amigos-y-ciudadanos-marchan-para-visibilizar-la-desaparicion-de-daniela-martell\/#primaryimage","url":"https:\/\/canal7slp.tv\/2025\/wp-content\/uploads\/2025\/01\/Poky0MarchaDaniela.jpg","contentUrl":"https:\/\/canal7slp.tv\/2025\/wp-content\/uploads\/2025\/01\/Poky0MarchaDaniela.jpg","width":1280,"height":720},{"@type":"BreadcrumbList","@id":"https:\/\/canal7slp.tv\/2025\/familiares-amigos-y-ciudadanos-marchan-para-visibilizar-la-desaparicion-de-daniela-martell\/#breadcrumb","itemListElement":[{"@type":"ListItem","position":1,"name":"Portada","item":"https:\/\/canal7slp.tv\/2025\/"},{"@type":"ListItem","position":2,"name":"Familiares, amigos y ciudadanos marchan para visibilizar la desaparici\u00f3n de Daniela Martell"}]},{"@type":"WebSite","@id":"https:\/\/canal7slp.tv\/2025\/#website","url":"https:\/\/canal7slp.tv\/2025\/","name":"N7 - Noticieros Canal 7","description":"Somos el Medio","publisher":{"@id":"https:\/\/canal7slp.tv\/2025\/#organization"},"potentialAction":[{"@type":"SearchAction","target":{"@type":"EntryPoint","urlTemplate":"https:\/\/canal7slp.tv\/2025\/?s={search_term_string}"},"query-input":{"@type":"PropertyValueSpecification","valueRequired":true,"valueName":"search_term_string"}}],"inLanguage":"es"},{"@type":"Organization","@id":"https:\/\/canal7slp.tv\/2025\/#organization","name":"Noticieros Canal 7","url":"https:\/\/canal7slp.tv\/2025\/","logo":{"@type":"ImageObject","inLanguage":"es","@id":"https:\/\/canal7slp.tv\/2025\/#\/schema\/logo\/image\/","url":"https:\/\/canal7slp.tv\/2025\/wp-content\/uploads\/2021\/01\/logo-noticieros@2x.png","contentUrl":"https:\/\/canal7slp.tv\/2025\/wp-content\/uploads\/2021\/01\/logo-noticieros@2x.png","width":1017,"height":268,"caption":"Noticieros Canal 7"},"image":{"@id":"https:\/\/canal7slp.tv\/2025\/#\/schema\/logo\/image\/"},"sameAs":["https:\/\/www.facebook.com\/noticieroscanal7atencionciudadana\/","https:\/\/x.com\/NOTICIEROS7","https:\/\/www.instagram.com\/canal7_slp","https:\/\/www.youtube.com\/channel\/UCliiYs-gP3JfJeqdPrNdd5A"]},{"@type":"Person","@id":"https:\/\/canal7slp.tv\/2025\/#\/schema\/person\/271e2b60a96e7cc9d9ac296f4d7e414b","name":"Edici\u00f3n Web","image":{"@type":"ImageObject","inLanguage":"es","@id":"https:\/\/secure.gravatar.com\/avatar\/eee448fc3f7164808013b816ba91ac7e43bbe82a70bebac296f8bc6f0addaa1a?s=96&d=mm&r=g","url":"https:\/\/secure.gravatar.com\/avatar\/eee448fc3f7164808013b816ba91ac7e43bbe82a70bebac296f8bc6f0addaa1a?s=96&d=mm&r=g","contentUrl":"https:\/\/secure.gravatar.com\/avatar\/eee448fc3f7164808013b816ba91ac7e43bbe82a70bebac296f8bc6f0addaa1a?s=96&d=mm&r=g","caption":"Edici\u00f3n Web"},"url":"https:\/\/canal7slp.tv\/2025\/author\/edicionweb\/"}]}},"_links":{"self":[{"href":"https:\/\/canal7slp.tv\/2025\/wp-json\/wp\/v2\/posts\/154304","targetHints":{"allow":["GET"]}}],"collection":[{"href":"https:\/\/canal7slp.tv\/2025\/wp-json\/wp\/v2\/posts"}],"about":[{"href":"https:\/\/canal7slp.tv\/2025\/wp-json\/wp\/v2\/types\/post"}],"author":[{"embeddable":true,"href":"https:\/\/canal7slp.tv\/2025\/wp-json\/wp\/v2\/users\/2"}],"replies":[{"embeddable":true,"href":"https:\/\/canal7slp.tv\/2025\/wp-json\/wp\/v2\/comments?post=154304"}],"version-history":[{"count":3,"href":"https:\/\/canal7slp.tv\/2025\/wp-json\/wp\/v2\/posts\/154304\/revisions"}],"predecessor-version":[{"id":154345,"href":"https:\/\/canal7slp.tv\/2025\/wp-json\/wp\/v2\/posts\/154304\/revisions\/154345"}],"wp:featuredmedia":[{"embeddable":true,"href":"https:\/\/canal7slp.tv\/2025\/wp-json\/wp\/v2\/media\/154344"}],"wp:attachment":[{"href":"https:\/\/canal7slp.tv\/2025\/wp-json\/wp\/v2\/media?parent=154304"}],"wp:term":[{"taxonomy":"category","embeddable":true,"href":"https:\/\/canal7slp.tv\/2025\/wp-json\/wp\/v2\/categories?post=154304"},{"taxonomy":"post_tag","embeddable":true,"href":"https:\/\/canal7slp.tv\/2025\/wp-json\/wp\/v2\/tags?post=154304"}],"curies":[{"name":"wp","href":"https:\/\/api.w.org\/{rel}","templated":true}]}}