{"id":154303,"date":"2025-01-14T20:32:39","date_gmt":"2025-01-15T02:32:39","guid":{"rendered":"https:\/\/canal7slp.tv\/2025\/?p=154303"},"modified":"2025-01-14T20:32:39","modified_gmt":"2025-01-15T02:32:39","slug":"disminuyen-quejas-por-violacion-de-derecho-humanos-en-la-capital","status":"publish","type":"post","link":"https:\/\/canal7slp.tv\/2025\/disminuyen-quejas-por-violacion-de-derecho-humanos-en-la-capital\/","title":{"rendered":"Disminuyen quejas por violaci\u00f3n de derecho humanos en la capital"},"content":{"rendered":"<p style=\"text-align: justify;\"><span style=\"font-size: 1.21429rem;\">SLP.- Una disminuci\u00f3n del 65% en quejas contra funcionarios municipales del Ayuntamiento de San Luis Potos\u00ed se registr\u00f3 desde el trienio 2021-2024, esta baja espera se mantenga en la actual administraci\u00f3n se\u00f1al\u00f3 el coordinador municipal de Derechos Humanos, Jorge Andr\u00e9s L\u00f3pez Espinosa.<\/span><\/p>\n<p style=\"text-align: justify;\">\u201cEsta administraci\u00f3n le ha apostado a la capacitaci\u00f3n y eso nos ha dado como resultado un decremento en las quejas hasta del 65% en relaci\u00f3n a otras administraciones\u201d.<\/p>\n<p style=\"text-align: justify;\">La presidencia del ayuntamiento 2021-2024 result\u00f3 reelecta, por lo que se espera que la disminuci\u00f3n contin\u00fae, sobre todo en quejas relacionadas al desempe\u00f1o de la polic\u00eda local.<\/p>\n<p style=\"text-align: justify;\">\u201cEs muestra del trabajo que se ha realizado de manera coordinada entre la Secretar\u00eda de Seguridad y Protecci\u00f3n Ciudadana y la constante capacitaci\u00f3n que se tiene no solo a los polic\u00edas en activo, sino a las dos generaciones ya de cadetes que han egresado del Instituto de Formaci\u00f3n Policial\u201d.<\/p>\n<p style=\"text-align: justify;\">En el a\u00f1o 2024 no se tuvo queja contra elementos municipales.<\/p>\n<p style=\"text-align: justify;\">\u201cEn la coordinaci\u00f3n nosotros no tuvimos ninguna, el n\u00famero lo tendr\u00e1 la comisi\u00f3n estatal, pero nosotros en la coordinaci\u00f3n no recibimos ni una sola queja por parte de la Secretar\u00eda de Seguridad y Protecci\u00f3n Ciudadana\u201d.<\/p>\n<p style=\"text-align: justify;\">Por: Juan Carlos Contreras<\/p>\n","protected":false},"excerpt":{"rendered":"<p>SLP.- Una disminuci\u00f3n del 65% en quejas contra funcionarios municipales del Ayuntamiento de San Luis Potos\u00ed se registr\u00f3 desde el trienio 2021-2024, esta baja espera se mantenga en la actual administraci\u00f3n se\u00f1al\u00f3 el coordinador municipal de Derechos Humanos, Jorge Andr\u00e9s L\u00f3pez Espinosa. \u201cEsta administraci\u00f3n le ha apostado a la capacitaci\u00f3n y eso nos ha dado como resultado un decremento en las quejas hasta del 65% en relaci\u00f3n a otras administraciones\u201d. La presidencia del ayuntamiento 2021-2024 result\u00f3 reelecta, por lo que se espera que la disminuci\u00f3n contin\u00fae, sobre todo en quejas relacionadas al desempe\u00f1o de la polic\u00eda local. \u201cEs muestra del [&hellip;]<\/p>\n","protected":false},"author":2,"featured_media":154349,"comment_status":"closed","ping_status":"closed","sticky":false,"template":"","format":"video","meta":{"_monsterinsights_skip_tracking":false,"_monsterinsights_sitenote_active":false,"_monsterinsights_sitenote_note":"","_monsterinsights_sitenote_category":0,"footnotes":""},"categories":[66,5,45],"tags":[],"class_list":["post-154303","post","type-post","status-publish","format-video","has-post-thumbnail","hentry","category-ayoslp","category-destacadas","category-localesyregionales","post_format-post-format-video","post--single"],"yoast_head":"<!-- This site is optimized with the Yoast SEO plugin v27.5 - https:\/\/yoast.com\/product\/yoast-seo-wordpress\/ -->\n<title>Disminuyen quejas por violaci\u00f3n de derecho humanos en la capital - Canal 7 SLP - 2025<\/title>\n<meta name=\"robots\" content=\"index, follow, max-snippet:-1, max-image-preview:large, max-video-preview:-1\" \/>\n<link rel=\"canonical\" href=\"https:\/\/canal7slp.tv\/2025\/disminuyen-quejas-por-violacion-de-derecho-humanos-en-la-capital\/\" \/>\n<meta property=\"og:locale\" content=\"es_ES\" \/>\n<meta property=\"og:type\" content=\"article\" \/>\n<meta property=\"og:title\" content=\"Disminuyen quejas por violaci\u00f3n de derecho humanos en la capital - Canal 7 SLP - 2025\" \/>\n<meta property=\"og:description\" content=\"SLP.- Una disminuci\u00f3n del 65% en quejas contra funcionarios municipales del Ayuntamiento de San Luis Potos\u00ed se registr\u00f3 desde el trienio 2021-2024, esta baja espera se mantenga en la actual administraci\u00f3n se\u00f1al\u00f3 el coordinador municipal de Derechos Humanos, Jorge Andr\u00e9s L\u00f3pez Espinosa. \u201cEsta administraci\u00f3n le ha apostado a la capacitaci\u00f3n y eso nos ha dado como resultado un decremento en las quejas hasta del 65% en relaci\u00f3n a otras administraciones\u201d. La presidencia del ayuntamiento 2021-2024 result\u00f3 reelecta, por lo que se espera que la disminuci\u00f3n contin\u00fae, sobre todo en quejas relacionadas al desempe\u00f1o de la polic\u00eda local. \u201cEs muestra del [&hellip;]\" \/>\n<meta property=\"og:url\" content=\"https:\/\/canal7slp.tv\/2025\/disminuyen-quejas-por-violacion-de-derecho-humanos-en-la-capital\/\" \/>\n<meta property=\"og:site_name\" content=\"Canal 7 SLP - 2025\" \/>\n<meta property=\"article:publisher\" content=\"https:\/\/www.facebook.com\/noticieroscanal7atencionciudadana\/\" \/>\n<meta property=\"article:published_time\" content=\"2025-01-15T02:32:39+00:00\" \/>\n<meta property=\"og:image\" content=\"https:\/\/canal7slp.tv\/2025\/wp-content\/uploads\/2025\/01\/Poky03DerechosDisminucion.jpg\" \/>\n\t<meta property=\"og:image:width\" content=\"1280\" \/>\n\t<meta property=\"og:image:height\" content=\"720\" \/>\n\t<meta property=\"og:image:type\" content=\"image\/jpeg\" \/>\n<meta name=\"author\" content=\"Edici\u00f3n Web\" \/>\n<meta name=\"twitter:card\" content=\"summary_large_image\" \/>\n<meta name=\"twitter:creator\" content=\"@NOTICIEROS7\" \/>\n<meta name=\"twitter:site\" content=\"@NOTICIEROS7\" \/>\n<meta name=\"twitter:label1\" content=\"Escrito por\" \/>\n\t<meta name=\"twitter:data1\" content=\"Edici\u00f3n Web\" \/>\n\t<meta name=\"twitter:label2\" content=\"Tiempo de lectura\" \/>\n\t<meta name=\"twitter:data2\" content=\"2 minutos\" \/>\n<script type=\"application\/ld+json\" class=\"yoast-schema-graph\">{\"@context\":\"https:\\\/\\\/schema.org\",\"@graph\":[{\"@type\":\"Article\",\"@id\":\"https:\\\/\\\/canal7slp.tv\\\/2025\\\/disminuyen-quejas-por-violacion-de-derecho-humanos-en-la-capital\\\/#article\",\"isPartOf\":{\"@id\":\"https:\\\/\\\/canal7slp.tv\\\/2025\\\/disminuyen-quejas-por-violacion-de-derecho-humanos-en-la-capital\\\/\"},\"author\":{\"name\":\"Edici\u00f3n Web\",\"@id\":\"https:\\\/\\\/canal7slp.tv\\\/2025\\\/#\\\/schema\\\/person\\\/271e2b60a96e7cc9d9ac296f4d7e414b\"},\"headline\":\"Disminuyen quejas por violaci\u00f3n de derecho humanos en la capital\",\"datePublished\":\"2025-01-15T02:32:39+00:00\",\"mainEntityOfPage\":{\"@id\":\"https:\\\/\\\/canal7slp.tv\\\/2025\\\/disminuyen-quejas-por-violacion-de-derecho-humanos-en-la-capital\\\/\"},\"wordCount\":229,\"publisher\":{\"@id\":\"https:\\\/\\\/canal7slp.tv\\\/2025\\\/#organization\"},\"image\":{\"@id\":\"https:\\\/\\\/canal7slp.tv\\\/2025\\\/disminuyen-quejas-por-violacion-de-derecho-humanos-en-la-capital\\\/#primaryimage\"},\"thumbnailUrl\":\"https:\\\/\\\/canal7slp.tv\\\/2025\\\/wp-content\\\/uploads\\\/2025\\\/01\\\/Poky03DerechosDisminucion.jpg\",\"articleSection\":[\"AYOSLP\",\"DESTACADAS\",\"LOCALES Y REGIONALES\"],\"inLanguage\":\"es\"},{\"@type\":\"WebPage\",\"@id\":\"https:\\\/\\\/canal7slp.tv\\\/2025\\\/disminuyen-quejas-por-violacion-de-derecho-humanos-en-la-capital\\\/\",\"url\":\"https:\\\/\\\/canal7slp.tv\\\/2025\\\/disminuyen-quejas-por-violacion-de-derecho-humanos-en-la-capital\\\/\",\"name\":\"Disminuyen quejas por violaci\u00f3n de derecho humanos en la capital - Canal 7 SLP - 2025\",\"isPartOf\":{\"@id\":\"https:\\\/\\\/canal7slp.tv\\\/2025\\\/#website\"},\"primaryImageOfPage\":{\"@id\":\"https:\\\/\\\/canal7slp.tv\\\/2025\\\/disminuyen-quejas-por-violacion-de-derecho-humanos-en-la-capital\\\/#primaryimage\"},\"image\":{\"@id\":\"https:\\\/\\\/canal7slp.tv\\\/2025\\\/disminuyen-quejas-por-violacion-de-derecho-humanos-en-la-capital\\\/#primaryimage\"},\"thumbnailUrl\":\"https:\\\/\\\/canal7slp.tv\\\/2025\\\/wp-content\\\/uploads\\\/2025\\\/01\\\/Poky03DerechosDisminucion.jpg\",\"datePublished\":\"2025-01-15T02:32:39+00:00\",\"breadcrumb\":{\"@id\":\"https:\\\/\\\/canal7slp.tv\\\/2025\\\/disminuyen-quejas-por-violacion-de-derecho-humanos-en-la-capital\\\/#breadcrumb\"},\"inLanguage\":\"es\",\"potentialAction\":[{\"@type\":\"ReadAction\",\"target\":[\"https:\\\/\\\/canal7slp.tv\\\/2025\\\/disminuyen-quejas-por-violacion-de-derecho-humanos-en-la-capital\\\/\"]}]},{\"@type\":\"ImageObject\",\"inLanguage\":\"es\",\"@id\":\"https:\\\/\\\/canal7slp.tv\\\/2025\\\/disminuyen-quejas-por-violacion-de-derecho-humanos-en-la-capital\\\/#primaryimage\",\"url\":\"https:\\\/\\\/canal7slp.tv\\\/2025\\\/wp-content\\\/uploads\\\/2025\\\/01\\\/Poky03DerechosDisminucion.jpg\",\"contentUrl\":\"https:\\\/\\\/canal7slp.tv\\\/2025\\\/wp-content\\\/uploads\\\/2025\\\/01\\\/Poky03DerechosDisminucion.jpg\",\"width\":1280,\"height\":720},{\"@type\":\"BreadcrumbList\",\"@id\":\"https:\\\/\\\/canal7slp.tv\\\/2025\\\/disminuyen-quejas-por-violacion-de-derecho-humanos-en-la-capital\\\/#breadcrumb\",\"itemListElement\":[{\"@type\":\"ListItem\",\"position\":1,\"name\":\"Portada\",\"item\":\"https:\\\/\\\/canal7slp.tv\\\/2025\\\/\"},{\"@type\":\"ListItem\",\"position\":2,\"name\":\"Disminuyen quejas por violaci\u00f3n de derecho humanos en la capital\"}]},{\"@type\":\"WebSite\",\"@id\":\"https:\\\/\\\/canal7slp.tv\\\/2025\\\/#website\",\"url\":\"https:\\\/\\\/canal7slp.tv\\\/2025\\\/\",\"name\":\"N7 - Noticieros Canal 7\",\"description\":\"Somos el Medio\",\"publisher\":{\"@id\":\"https:\\\/\\\/canal7slp.tv\\\/2025\\\/#organization\"},\"potentialAction\":[{\"@type\":\"SearchAction\",\"target\":{\"@type\":\"EntryPoint\",\"urlTemplate\":\"https:\\\/\\\/canal7slp.tv\\\/2025\\\/?s={search_term_string}\"},\"query-input\":{\"@type\":\"PropertyValueSpecification\",\"valueRequired\":true,\"valueName\":\"search_term_string\"}}],\"inLanguage\":\"es\"},{\"@type\":\"Organization\",\"@id\":\"https:\\\/\\\/canal7slp.tv\\\/2025\\\/#organization\",\"name\":\"Noticieros Canal 7\",\"url\":\"https:\\\/\\\/canal7slp.tv\\\/2025\\\/\",\"logo\":{\"@type\":\"ImageObject\",\"inLanguage\":\"es\",\"@id\":\"https:\\\/\\\/canal7slp.tv\\\/2025\\\/#\\\/schema\\\/logo\\\/image\\\/\",\"url\":\"https:\\\/\\\/canal7slp.tv\\\/2025\\\/wp-content\\\/uploads\\\/2021\\\/01\\\/logo-noticieros@2x.png\",\"contentUrl\":\"https:\\\/\\\/canal7slp.tv\\\/2025\\\/wp-content\\\/uploads\\\/2021\\\/01\\\/logo-noticieros@2x.png\",\"width\":1017,\"height\":268,\"caption\":\"Noticieros Canal 7\"},\"image\":{\"@id\":\"https:\\\/\\\/canal7slp.tv\\\/2025\\\/#\\\/schema\\\/logo\\\/image\\\/\"},\"sameAs\":[\"https:\\\/\\\/www.facebook.com\\\/noticieroscanal7atencionciudadana\\\/\",\"https:\\\/\\\/x.com\\\/NOTICIEROS7\",\"https:\\\/\\\/www.instagram.com\\\/canal7_slp\",\"https:\\\/\\\/www.youtube.com\\\/channel\\\/UCliiYs-gP3JfJeqdPrNdd5A\"]},{\"@type\":\"Person\",\"@id\":\"https:\\\/\\\/canal7slp.tv\\\/2025\\\/#\\\/schema\\\/person\\\/271e2b60a96e7cc9d9ac296f4d7e414b\",\"name\":\"Edici\u00f3n Web\",\"image\":{\"@type\":\"ImageObject\",\"inLanguage\":\"es\",\"@id\":\"https:\\\/\\\/secure.gravatar.com\\\/avatar\\\/eee448fc3f7164808013b816ba91ac7e43bbe82a70bebac296f8bc6f0addaa1a?s=96&d=mm&r=g\",\"url\":\"https:\\\/\\\/secure.gravatar.com\\\/avatar\\\/eee448fc3f7164808013b816ba91ac7e43bbe82a70bebac296f8bc6f0addaa1a?s=96&d=mm&r=g\",\"contentUrl\":\"https:\\\/\\\/secure.gravatar.com\\\/avatar\\\/eee448fc3f7164808013b816ba91ac7e43bbe82a70bebac296f8bc6f0addaa1a?s=96&d=mm&r=g\",\"caption\":\"Edici\u00f3n Web\"},\"url\":\"https:\\\/\\\/canal7slp.tv\\\/2025\\\/author\\\/edicionweb\\\/\"}]}<\/script>\n<!-- \/ Yoast SEO plugin. -->","yoast_head_json":{"title":"Disminuyen quejas por violaci\u00f3n de derecho humanos en la capital - Canal 7 SLP - 2025","robots":{"index":"index","follow":"follow","max-snippet":"max-snippet:-1","max-image-preview":"max-image-preview:large","max-video-preview":"max-video-preview:-1"},"canonical":"https:\/\/canal7slp.tv\/2025\/disminuyen-quejas-por-violacion-de-derecho-humanos-en-la-capital\/","og_locale":"es_ES","og_type":"article","og_title":"Disminuyen quejas por violaci\u00f3n de derecho humanos en la capital - Canal 7 SLP - 2025","og_description":"SLP.- Una disminuci\u00f3n del 65% en quejas contra funcionarios municipales del Ayuntamiento de San Luis Potos\u00ed se registr\u00f3 desde el trienio 2021-2024, esta baja espera se mantenga en la actual administraci\u00f3n se\u00f1al\u00f3 el coordinador municipal de Derechos Humanos, Jorge Andr\u00e9s L\u00f3pez Espinosa. \u201cEsta administraci\u00f3n le ha apostado a la capacitaci\u00f3n y eso nos ha dado como resultado un decremento en las quejas hasta del 65% en relaci\u00f3n a otras administraciones\u201d. La presidencia del ayuntamiento 2021-2024 result\u00f3 reelecta, por lo que se espera que la disminuci\u00f3n contin\u00fae, sobre todo en quejas relacionadas al desempe\u00f1o de la polic\u00eda local. \u201cEs muestra del [&hellip;]","og_url":"https:\/\/canal7slp.tv\/2025\/disminuyen-quejas-por-violacion-de-derecho-humanos-en-la-capital\/","og_site_name":"Canal 7 SLP - 2025","article_publisher":"https:\/\/www.facebook.com\/noticieroscanal7atencionciudadana\/","article_published_time":"2025-01-15T02:32:39+00:00","og_image":[{"width":1280,"height":720,"url":"https:\/\/canal7slp.tv\/2025\/wp-content\/uploads\/2025\/01\/Poky03DerechosDisminucion.jpg","type":"image\/jpeg"}],"author":"Edici\u00f3n Web","twitter_card":"summary_large_image","twitter_creator":"@NOTICIEROS7","twitter_site":"@NOTICIEROS7","twitter_misc":{"Escrito por":"Edici\u00f3n Web","Tiempo de lectura":"2 minutos"},"schema":{"@context":"https:\/\/schema.org","@graph":[{"@type":"Article","@id":"https:\/\/canal7slp.tv\/2025\/disminuyen-quejas-por-violacion-de-derecho-humanos-en-la-capital\/#article","isPartOf":{"@id":"https:\/\/canal7slp.tv\/2025\/disminuyen-quejas-por-violacion-de-derecho-humanos-en-la-capital\/"},"author":{"name":"Edici\u00f3n Web","@id":"https:\/\/canal7slp.tv\/2025\/#\/schema\/person\/271e2b60a96e7cc9d9ac296f4d7e414b"},"headline":"Disminuyen quejas por violaci\u00f3n de derecho humanos en la capital","datePublished":"2025-01-15T02:32:39+00:00","mainEntityOfPage":{"@id":"https:\/\/canal7slp.tv\/2025\/disminuyen-quejas-por-violacion-de-derecho-humanos-en-la-capital\/"},"wordCount":229,"publisher":{"@id":"https:\/\/canal7slp.tv\/2025\/#organization"},"image":{"@id":"https:\/\/canal7slp.tv\/2025\/disminuyen-quejas-por-violacion-de-derecho-humanos-en-la-capital\/#primaryimage"},"thumbnailUrl":"https:\/\/canal7slp.tv\/2025\/wp-content\/uploads\/2025\/01\/Poky03DerechosDisminucion.jpg","articleSection":["AYOSLP","DESTACADAS","LOCALES Y REGIONALES"],"inLanguage":"es"},{"@type":"WebPage","@id":"https:\/\/canal7slp.tv\/2025\/disminuyen-quejas-por-violacion-de-derecho-humanos-en-la-capital\/","url":"https:\/\/canal7slp.tv\/2025\/disminuyen-quejas-por-violacion-de-derecho-humanos-en-la-capital\/","name":"Disminuyen quejas por violaci\u00f3n de derecho humanos en la capital - Canal 7 SLP - 2025","isPartOf":{"@id":"https:\/\/canal7slp.tv\/2025\/#website"},"primaryImageOfPage":{"@id":"https:\/\/canal7slp.tv\/2025\/disminuyen-quejas-por-violacion-de-derecho-humanos-en-la-capital\/#primaryimage"},"image":{"@id":"https:\/\/canal7slp.tv\/2025\/disminuyen-quejas-por-violacion-de-derecho-humanos-en-la-capital\/#primaryimage"},"thumbnailUrl":"https:\/\/canal7slp.tv\/2025\/wp-content\/uploads\/2025\/01\/Poky03DerechosDisminucion.jpg","datePublished":"2025-01-15T02:32:39+00:00","breadcrumb":{"@id":"https:\/\/canal7slp.tv\/2025\/disminuyen-quejas-por-violacion-de-derecho-humanos-en-la-capital\/#breadcrumb"},"inLanguage":"es","potentialAction":[{"@type":"ReadAction","target":["https:\/\/canal7slp.tv\/2025\/disminuyen-quejas-por-violacion-de-derecho-humanos-en-la-capital\/"]}]},{"@type":"ImageObject","inLanguage":"es","@id":"https:\/\/canal7slp.tv\/2025\/disminuyen-quejas-por-violacion-de-derecho-humanos-en-la-capital\/#primaryimage","url":"https:\/\/canal7slp.tv\/2025\/wp-content\/uploads\/2025\/01\/Poky03DerechosDisminucion.jpg","contentUrl":"https:\/\/canal7slp.tv\/2025\/wp-content\/uploads\/2025\/01\/Poky03DerechosDisminucion.jpg","width":1280,"height":720},{"@type":"BreadcrumbList","@id":"https:\/\/canal7slp.tv\/2025\/disminuyen-quejas-por-violacion-de-derecho-humanos-en-la-capital\/#breadcrumb","itemListElement":[{"@type":"ListItem","position":1,"name":"Portada","item":"https:\/\/canal7slp.tv\/2025\/"},{"@type":"ListItem","position":2,"name":"Disminuyen quejas por violaci\u00f3n de derecho humanos en la capital"}]},{"@type":"WebSite","@id":"https:\/\/canal7slp.tv\/2025\/#website","url":"https:\/\/canal7slp.tv\/2025\/","name":"N7 - Noticieros Canal 7","description":"Somos el Medio","publisher":{"@id":"https:\/\/canal7slp.tv\/2025\/#organization"},"potentialAction":[{"@type":"SearchAction","target":{"@type":"EntryPoint","urlTemplate":"https:\/\/canal7slp.tv\/2025\/?s={search_term_string}"},"query-input":{"@type":"PropertyValueSpecification","valueRequired":true,"valueName":"search_term_string"}}],"inLanguage":"es"},{"@type":"Organization","@id":"https:\/\/canal7slp.tv\/2025\/#organization","name":"Noticieros Canal 7","url":"https:\/\/canal7slp.tv\/2025\/","logo":{"@type":"ImageObject","inLanguage":"es","@id":"https:\/\/canal7slp.tv\/2025\/#\/schema\/logo\/image\/","url":"https:\/\/canal7slp.tv\/2025\/wp-content\/uploads\/2021\/01\/logo-noticieros@2x.png","contentUrl":"https:\/\/canal7slp.tv\/2025\/wp-content\/uploads\/2021\/01\/logo-noticieros@2x.png","width":1017,"height":268,"caption":"Noticieros Canal 7"},"image":{"@id":"https:\/\/canal7slp.tv\/2025\/#\/schema\/logo\/image\/"},"sameAs":["https:\/\/www.facebook.com\/noticieroscanal7atencionciudadana\/","https:\/\/x.com\/NOTICIEROS7","https:\/\/www.instagram.com\/canal7_slp","https:\/\/www.youtube.com\/channel\/UCliiYs-gP3JfJeqdPrNdd5A"]},{"@type":"Person","@id":"https:\/\/canal7slp.tv\/2025\/#\/schema\/person\/271e2b60a96e7cc9d9ac296f4d7e414b","name":"Edici\u00f3n Web","image":{"@type":"ImageObject","inLanguage":"es","@id":"https:\/\/secure.gravatar.com\/avatar\/eee448fc3f7164808013b816ba91ac7e43bbe82a70bebac296f8bc6f0addaa1a?s=96&d=mm&r=g","url":"https:\/\/secure.gravatar.com\/avatar\/eee448fc3f7164808013b816ba91ac7e43bbe82a70bebac296f8bc6f0addaa1a?s=96&d=mm&r=g","contentUrl":"https:\/\/secure.gravatar.com\/avatar\/eee448fc3f7164808013b816ba91ac7e43bbe82a70bebac296f8bc6f0addaa1a?s=96&d=mm&r=g","caption":"Edici\u00f3n Web"},"url":"https:\/\/canal7slp.tv\/2025\/author\/edicionweb\/"}]}},"_links":{"self":[{"href":"https:\/\/canal7slp.tv\/2025\/wp-json\/wp\/v2\/posts\/154303","targetHints":{"allow":["GET"]}}],"collection":[{"href":"https:\/\/canal7slp.tv\/2025\/wp-json\/wp\/v2\/posts"}],"about":[{"href":"https:\/\/canal7slp.tv\/2025\/wp-json\/wp\/v2\/types\/post"}],"author":[{"embeddable":true,"href":"https:\/\/canal7slp.tv\/2025\/wp-json\/wp\/v2\/users\/2"}],"replies":[{"embeddable":true,"href":"https:\/\/canal7slp.tv\/2025\/wp-json\/wp\/v2\/comments?post=154303"}],"version-history":[{"count":3,"href":"https:\/\/canal7slp.tv\/2025\/wp-json\/wp\/v2\/posts\/154303\/revisions"}],"predecessor-version":[{"id":154350,"href":"https:\/\/canal7slp.tv\/2025\/wp-json\/wp\/v2\/posts\/154303\/revisions\/154350"}],"wp:featuredmedia":[{"embeddable":true,"href":"https:\/\/canal7slp.tv\/2025\/wp-json\/wp\/v2\/media\/154349"}],"wp:attachment":[{"href":"https:\/\/canal7slp.tv\/2025\/wp-json\/wp\/v2\/media?parent=154303"}],"wp:term":[{"taxonomy":"category","embeddable":true,"href":"https:\/\/canal7slp.tv\/2025\/wp-json\/wp\/v2\/categories?post=154303"},{"taxonomy":"post_tag","embeddable":true,"href":"https:\/\/canal7slp.tv\/2025\/wp-json\/wp\/v2\/tags?post=154303"}],"curies":[{"name":"wp","href":"https:\/\/api.w.org\/{rel}","templated":true}]}}