{"id":154259,"date":"2025-01-14T13:05:16","date_gmt":"2025-01-14T19:05:16","guid":{"rendered":"https:\/\/canal7slp.tv\/2025\/?p=154259"},"modified":"2025-01-14T13:05:16","modified_gmt":"2025-01-14T19:05:16","slug":"arranca-evaluacion-de-candidatos-para-eleccion-del-poder-judicial","status":"publish","type":"post","link":"https:\/\/canal7slp.tv\/2025\/arranca-evaluacion-de-candidatos-para-eleccion-del-poder-judicial\/","title":{"rendered":"Arranca evaluaci\u00f3n de candidatos para elecci\u00f3n del Poder Judicial"},"content":{"rendered":"<p style=\"text-align: justify;\">Arranca evaluaci\u00f3n de candidatos para elecci\u00f3n del Poder Judicial<\/p>\n<p style=\"text-align: justify;\">M\u00e9xico.- Este 14 de enero, inici\u00f3 la fase de entrevistas del Comit\u00e9 de Evaluaci\u00f3n del Poder Legislativo (CEPL) para los aspirantes que buscan contender en la primera elecci\u00f3n popular del Poder Judicial, programada para el 1 de junio. Durante esta jornada inicial, 44 candidatos comparecer\u00e1n, ya sea de forma presencial o virtual, para los cargos de ministros de la Suprema Corte de Justicia de la Naci\u00f3n, magistrados del Tribunal Electoral del Poder Judicial de la Federaci\u00f3n y del nuevo Tribunal de Disciplina Judicial, entre otros.<\/p>\n<p style=\"text-align: justify;\">Las entrevistas se llevan a cabo en la Casona de Xicot\u00e9ncatl, un emblem\u00e1tico recinto ubicado en el Centro Hist\u00f3rico de la Ciudad de M\u00e9xico. Cada aspirante dispone de 12 minutos para presentar su ponencia y exponer su idoneidad para los cargos.<\/p>\n<p style=\"text-align: justify;\">Al t\u00e9rmino de esta etapa, se seleccionar\u00e1 a los candidatos que cumplan con los requisitos establecidos. Posteriormente, el 5 de febrero, se realizar\u00e1 una insaculaci\u00f3n mediante t\u00f3mbola para determinar los nombres que aparecer\u00e1n en las boletas electorales, asegurando el principio de paridad de g\u00e9nero.<\/p>\n<p style=\"text-align: justify;\">El 12 de febrero, el Senado de la Rep\u00fablica enviar\u00e1 al Instituto Nacional Electoral (INE) la lista definitiva de candidatos. Las campa\u00f1as dar\u00e1n inicio el 30 de marzo y se extender\u00e1n por 60 d\u00edas, finalizando el 28 de mayo. Finalmente, la hist\u00f3rica elecci\u00f3n popular de jueces tendr\u00e1 lugar el 1 de junio de 2025.<\/p>\n","protected":false},"excerpt":{"rendered":"<p>Arranca evaluaci\u00f3n de candidatos para elecci\u00f3n del Poder Judicial M\u00e9xico.- Este 14 de enero, inici\u00f3 la fase de entrevistas del Comit\u00e9 de Evaluaci\u00f3n del Poder Legislativo (CEPL) para los aspirantes que buscan contender en la primera elecci\u00f3n popular del Poder Judicial, programada para el 1 de junio. Durante esta jornada inicial, 44 candidatos comparecer\u00e1n, ya sea de forma presencial o virtual, para los cargos de ministros de la Suprema Corte de Justicia de la Naci\u00f3n, magistrados del Tribunal Electoral del Poder Judicial de la Federaci\u00f3n y del nuevo Tribunal de Disciplina Judicial, entre otros. Las entrevistas se llevan a cabo [&hellip;]<\/p>\n","protected":false},"author":2,"featured_media":154260,"comment_status":"closed","ping_status":"closed","sticky":false,"template":"","format":"standard","meta":{"_monsterinsights_skip_tracking":false,"_monsterinsights_sitenote_active":false,"_monsterinsights_sitenote_note":"","_monsterinsights_sitenote_category":0,"footnotes":""},"categories":[46],"tags":[],"class_list":["post-154259","post","type-post","status-publish","format-standard","has-post-thumbnail","hentry","category-nacional","post--single"],"yoast_head":"<!-- This site is optimized with the Yoast SEO plugin v27.5 - https:\/\/yoast.com\/product\/yoast-seo-wordpress\/ -->\n<title>Arranca evaluaci\u00f3n de candidatos para elecci\u00f3n del Poder Judicial - Canal 7 SLP - 2025<\/title>\n<meta name=\"robots\" content=\"index, follow, max-snippet:-1, max-image-preview:large, max-video-preview:-1\" \/>\n<link rel=\"canonical\" href=\"https:\/\/canal7slp.tv\/2025\/arranca-evaluacion-de-candidatos-para-eleccion-del-poder-judicial\/\" \/>\n<meta property=\"og:locale\" content=\"es_ES\" \/>\n<meta property=\"og:type\" content=\"article\" \/>\n<meta property=\"og:title\" content=\"Arranca evaluaci\u00f3n de candidatos para elecci\u00f3n del Poder Judicial - Canal 7 SLP - 2025\" \/>\n<meta property=\"og:description\" content=\"Arranca evaluaci\u00f3n de candidatos para elecci\u00f3n del Poder Judicial M\u00e9xico.- Este 14 de enero, inici\u00f3 la fase de entrevistas del Comit\u00e9 de Evaluaci\u00f3n del Poder Legislativo (CEPL) para los aspirantes que buscan contender en la primera elecci\u00f3n popular del Poder Judicial, programada para el 1 de junio. Durante esta jornada inicial, 44 candidatos comparecer\u00e1n, ya sea de forma presencial o virtual, para los cargos de ministros de la Suprema Corte de Justicia de la Naci\u00f3n, magistrados del Tribunal Electoral del Poder Judicial de la Federaci\u00f3n y del nuevo Tribunal de Disciplina Judicial, entre otros. Las entrevistas se llevan a cabo [&hellip;]\" \/>\n<meta property=\"og:url\" content=\"https:\/\/canal7slp.tv\/2025\/arranca-evaluacion-de-candidatos-para-eleccion-del-poder-judicial\/\" \/>\n<meta property=\"og:site_name\" content=\"Canal 7 SLP - 2025\" \/>\n<meta property=\"article:publisher\" content=\"https:\/\/www.facebook.com\/noticieroscanal7atencionciudadana\/\" \/>\n<meta property=\"article:published_time\" content=\"2025-01-14T19:05:16+00:00\" \/>\n<meta property=\"og:image\" content=\"https:\/\/canal7slp.tv\/2025\/wp-content\/uploads\/2025\/01\/02-12.jpg\" \/>\n\t<meta property=\"og:image:width\" content=\"800\" \/>\n\t<meta property=\"og:image:height\" content=\"500\" \/>\n\t<meta property=\"og:image:type\" content=\"image\/jpeg\" \/>\n<meta name=\"author\" content=\"Edici\u00f3n Web\" \/>\n<meta name=\"twitter:card\" content=\"summary_large_image\" \/>\n<meta name=\"twitter:creator\" content=\"@NOTICIEROS7\" \/>\n<meta name=\"twitter:site\" content=\"@NOTICIEROS7\" \/>\n<meta name=\"twitter:label1\" content=\"Escrito por\" \/>\n\t<meta name=\"twitter:data1\" content=\"Edici\u00f3n Web\" \/>\n\t<meta name=\"twitter:label2\" content=\"Tiempo de lectura\" \/>\n\t<meta name=\"twitter:data2\" content=\"2 minutos\" \/>\n<script type=\"application\/ld+json\" class=\"yoast-schema-graph\">{\"@context\":\"https:\\\/\\\/schema.org\",\"@graph\":[{\"@type\":\"Article\",\"@id\":\"https:\\\/\\\/canal7slp.tv\\\/2025\\\/arranca-evaluacion-de-candidatos-para-eleccion-del-poder-judicial\\\/#article\",\"isPartOf\":{\"@id\":\"https:\\\/\\\/canal7slp.tv\\\/2025\\\/arranca-evaluacion-de-candidatos-para-eleccion-del-poder-judicial\\\/\"},\"author\":{\"name\":\"Edici\u00f3n Web\",\"@id\":\"https:\\\/\\\/canal7slp.tv\\\/2025\\\/#\\\/schema\\\/person\\\/271e2b60a96e7cc9d9ac296f4d7e414b\"},\"headline\":\"Arranca evaluaci\u00f3n de candidatos para elecci\u00f3n del Poder Judicial\",\"datePublished\":\"2025-01-14T19:05:16+00:00\",\"mainEntityOfPage\":{\"@id\":\"https:\\\/\\\/canal7slp.tv\\\/2025\\\/arranca-evaluacion-de-candidatos-para-eleccion-del-poder-judicial\\\/\"},\"wordCount\":258,\"publisher\":{\"@id\":\"https:\\\/\\\/canal7slp.tv\\\/2025\\\/#organization\"},\"image\":{\"@id\":\"https:\\\/\\\/canal7slp.tv\\\/2025\\\/arranca-evaluacion-de-candidatos-para-eleccion-del-poder-judicial\\\/#primaryimage\"},\"thumbnailUrl\":\"https:\\\/\\\/canal7slp.tv\\\/2025\\\/wp-content\\\/uploads\\\/2025\\\/01\\\/02-12.jpg\",\"articleSection\":[\"NACIONALES\"],\"inLanguage\":\"es\"},{\"@type\":\"WebPage\",\"@id\":\"https:\\\/\\\/canal7slp.tv\\\/2025\\\/arranca-evaluacion-de-candidatos-para-eleccion-del-poder-judicial\\\/\",\"url\":\"https:\\\/\\\/canal7slp.tv\\\/2025\\\/arranca-evaluacion-de-candidatos-para-eleccion-del-poder-judicial\\\/\",\"name\":\"Arranca evaluaci\u00f3n de candidatos para elecci\u00f3n del Poder Judicial - Canal 7 SLP - 2025\",\"isPartOf\":{\"@id\":\"https:\\\/\\\/canal7slp.tv\\\/2025\\\/#website\"},\"primaryImageOfPage\":{\"@id\":\"https:\\\/\\\/canal7slp.tv\\\/2025\\\/arranca-evaluacion-de-candidatos-para-eleccion-del-poder-judicial\\\/#primaryimage\"},\"image\":{\"@id\":\"https:\\\/\\\/canal7slp.tv\\\/2025\\\/arranca-evaluacion-de-candidatos-para-eleccion-del-poder-judicial\\\/#primaryimage\"},\"thumbnailUrl\":\"https:\\\/\\\/canal7slp.tv\\\/2025\\\/wp-content\\\/uploads\\\/2025\\\/01\\\/02-12.jpg\",\"datePublished\":\"2025-01-14T19:05:16+00:00\",\"breadcrumb\":{\"@id\":\"https:\\\/\\\/canal7slp.tv\\\/2025\\\/arranca-evaluacion-de-candidatos-para-eleccion-del-poder-judicial\\\/#breadcrumb\"},\"inLanguage\":\"es\",\"potentialAction\":[{\"@type\":\"ReadAction\",\"target\":[\"https:\\\/\\\/canal7slp.tv\\\/2025\\\/arranca-evaluacion-de-candidatos-para-eleccion-del-poder-judicial\\\/\"]}]},{\"@type\":\"ImageObject\",\"inLanguage\":\"es\",\"@id\":\"https:\\\/\\\/canal7slp.tv\\\/2025\\\/arranca-evaluacion-de-candidatos-para-eleccion-del-poder-judicial\\\/#primaryimage\",\"url\":\"https:\\\/\\\/canal7slp.tv\\\/2025\\\/wp-content\\\/uploads\\\/2025\\\/01\\\/02-12.jpg\",\"contentUrl\":\"https:\\\/\\\/canal7slp.tv\\\/2025\\\/wp-content\\\/uploads\\\/2025\\\/01\\\/02-12.jpg\",\"width\":800,\"height\":500},{\"@type\":\"BreadcrumbList\",\"@id\":\"https:\\\/\\\/canal7slp.tv\\\/2025\\\/arranca-evaluacion-de-candidatos-para-eleccion-del-poder-judicial\\\/#breadcrumb\",\"itemListElement\":[{\"@type\":\"ListItem\",\"position\":1,\"name\":\"Portada\",\"item\":\"https:\\\/\\\/canal7slp.tv\\\/2025\\\/\"},{\"@type\":\"ListItem\",\"position\":2,\"name\":\"Arranca evaluaci\u00f3n de candidatos para elecci\u00f3n del Poder Judicial\"}]},{\"@type\":\"WebSite\",\"@id\":\"https:\\\/\\\/canal7slp.tv\\\/2025\\\/#website\",\"url\":\"https:\\\/\\\/canal7slp.tv\\\/2025\\\/\",\"name\":\"N7 - Noticieros Canal 7\",\"description\":\"Somos el Medio\",\"publisher\":{\"@id\":\"https:\\\/\\\/canal7slp.tv\\\/2025\\\/#organization\"},\"potentialAction\":[{\"@type\":\"SearchAction\",\"target\":{\"@type\":\"EntryPoint\",\"urlTemplate\":\"https:\\\/\\\/canal7slp.tv\\\/2025\\\/?s={search_term_string}\"},\"query-input\":{\"@type\":\"PropertyValueSpecification\",\"valueRequired\":true,\"valueName\":\"search_term_string\"}}],\"inLanguage\":\"es\"},{\"@type\":\"Organization\",\"@id\":\"https:\\\/\\\/canal7slp.tv\\\/2025\\\/#organization\",\"name\":\"Noticieros Canal 7\",\"url\":\"https:\\\/\\\/canal7slp.tv\\\/2025\\\/\",\"logo\":{\"@type\":\"ImageObject\",\"inLanguage\":\"es\",\"@id\":\"https:\\\/\\\/canal7slp.tv\\\/2025\\\/#\\\/schema\\\/logo\\\/image\\\/\",\"url\":\"https:\\\/\\\/canal7slp.tv\\\/2025\\\/wp-content\\\/uploads\\\/2021\\\/01\\\/logo-noticieros@2x.png\",\"contentUrl\":\"https:\\\/\\\/canal7slp.tv\\\/2025\\\/wp-content\\\/uploads\\\/2021\\\/01\\\/logo-noticieros@2x.png\",\"width\":1017,\"height\":268,\"caption\":\"Noticieros Canal 7\"},\"image\":{\"@id\":\"https:\\\/\\\/canal7slp.tv\\\/2025\\\/#\\\/schema\\\/logo\\\/image\\\/\"},\"sameAs\":[\"https:\\\/\\\/www.facebook.com\\\/noticieroscanal7atencionciudadana\\\/\",\"https:\\\/\\\/x.com\\\/NOTICIEROS7\",\"https:\\\/\\\/www.instagram.com\\\/canal7_slp\",\"https:\\\/\\\/www.youtube.com\\\/channel\\\/UCliiYs-gP3JfJeqdPrNdd5A\"]},{\"@type\":\"Person\",\"@id\":\"https:\\\/\\\/canal7slp.tv\\\/2025\\\/#\\\/schema\\\/person\\\/271e2b60a96e7cc9d9ac296f4d7e414b\",\"name\":\"Edici\u00f3n Web\",\"image\":{\"@type\":\"ImageObject\",\"inLanguage\":\"es\",\"@id\":\"https:\\\/\\\/secure.gravatar.com\\\/avatar\\\/eee448fc3f7164808013b816ba91ac7e43bbe82a70bebac296f8bc6f0addaa1a?s=96&d=mm&r=g\",\"url\":\"https:\\\/\\\/secure.gravatar.com\\\/avatar\\\/eee448fc3f7164808013b816ba91ac7e43bbe82a70bebac296f8bc6f0addaa1a?s=96&d=mm&r=g\",\"contentUrl\":\"https:\\\/\\\/secure.gravatar.com\\\/avatar\\\/eee448fc3f7164808013b816ba91ac7e43bbe82a70bebac296f8bc6f0addaa1a?s=96&d=mm&r=g\",\"caption\":\"Edici\u00f3n Web\"},\"url\":\"https:\\\/\\\/canal7slp.tv\\\/2025\\\/author\\\/edicionweb\\\/\"}]}<\/script>\n<!-- \/ Yoast SEO plugin. -->","yoast_head_json":{"title":"Arranca evaluaci\u00f3n de candidatos para elecci\u00f3n del Poder Judicial - Canal 7 SLP - 2025","robots":{"index":"index","follow":"follow","max-snippet":"max-snippet:-1","max-image-preview":"max-image-preview:large","max-video-preview":"max-video-preview:-1"},"canonical":"https:\/\/canal7slp.tv\/2025\/arranca-evaluacion-de-candidatos-para-eleccion-del-poder-judicial\/","og_locale":"es_ES","og_type":"article","og_title":"Arranca evaluaci\u00f3n de candidatos para elecci\u00f3n del Poder Judicial - Canal 7 SLP - 2025","og_description":"Arranca evaluaci\u00f3n de candidatos para elecci\u00f3n del Poder Judicial M\u00e9xico.- Este 14 de enero, inici\u00f3 la fase de entrevistas del Comit\u00e9 de Evaluaci\u00f3n del Poder Legislativo (CEPL) para los aspirantes que buscan contender en la primera elecci\u00f3n popular del Poder Judicial, programada para el 1 de junio. Durante esta jornada inicial, 44 candidatos comparecer\u00e1n, ya sea de forma presencial o virtual, para los cargos de ministros de la Suprema Corte de Justicia de la Naci\u00f3n, magistrados del Tribunal Electoral del Poder Judicial de la Federaci\u00f3n y del nuevo Tribunal de Disciplina Judicial, entre otros. Las entrevistas se llevan a cabo [&hellip;]","og_url":"https:\/\/canal7slp.tv\/2025\/arranca-evaluacion-de-candidatos-para-eleccion-del-poder-judicial\/","og_site_name":"Canal 7 SLP - 2025","article_publisher":"https:\/\/www.facebook.com\/noticieroscanal7atencionciudadana\/","article_published_time":"2025-01-14T19:05:16+00:00","og_image":[{"width":800,"height":500,"url":"https:\/\/canal7slp.tv\/2025\/wp-content\/uploads\/2025\/01\/02-12.jpg","type":"image\/jpeg"}],"author":"Edici\u00f3n Web","twitter_card":"summary_large_image","twitter_creator":"@NOTICIEROS7","twitter_site":"@NOTICIEROS7","twitter_misc":{"Escrito por":"Edici\u00f3n Web","Tiempo de lectura":"2 minutos"},"schema":{"@context":"https:\/\/schema.org","@graph":[{"@type":"Article","@id":"https:\/\/canal7slp.tv\/2025\/arranca-evaluacion-de-candidatos-para-eleccion-del-poder-judicial\/#article","isPartOf":{"@id":"https:\/\/canal7slp.tv\/2025\/arranca-evaluacion-de-candidatos-para-eleccion-del-poder-judicial\/"},"author":{"name":"Edici\u00f3n Web","@id":"https:\/\/canal7slp.tv\/2025\/#\/schema\/person\/271e2b60a96e7cc9d9ac296f4d7e414b"},"headline":"Arranca evaluaci\u00f3n de candidatos para elecci\u00f3n del Poder Judicial","datePublished":"2025-01-14T19:05:16+00:00","mainEntityOfPage":{"@id":"https:\/\/canal7slp.tv\/2025\/arranca-evaluacion-de-candidatos-para-eleccion-del-poder-judicial\/"},"wordCount":258,"publisher":{"@id":"https:\/\/canal7slp.tv\/2025\/#organization"},"image":{"@id":"https:\/\/canal7slp.tv\/2025\/arranca-evaluacion-de-candidatos-para-eleccion-del-poder-judicial\/#primaryimage"},"thumbnailUrl":"https:\/\/canal7slp.tv\/2025\/wp-content\/uploads\/2025\/01\/02-12.jpg","articleSection":["NACIONALES"],"inLanguage":"es"},{"@type":"WebPage","@id":"https:\/\/canal7slp.tv\/2025\/arranca-evaluacion-de-candidatos-para-eleccion-del-poder-judicial\/","url":"https:\/\/canal7slp.tv\/2025\/arranca-evaluacion-de-candidatos-para-eleccion-del-poder-judicial\/","name":"Arranca evaluaci\u00f3n de candidatos para elecci\u00f3n del Poder Judicial - Canal 7 SLP - 2025","isPartOf":{"@id":"https:\/\/canal7slp.tv\/2025\/#website"},"primaryImageOfPage":{"@id":"https:\/\/canal7slp.tv\/2025\/arranca-evaluacion-de-candidatos-para-eleccion-del-poder-judicial\/#primaryimage"},"image":{"@id":"https:\/\/canal7slp.tv\/2025\/arranca-evaluacion-de-candidatos-para-eleccion-del-poder-judicial\/#primaryimage"},"thumbnailUrl":"https:\/\/canal7slp.tv\/2025\/wp-content\/uploads\/2025\/01\/02-12.jpg","datePublished":"2025-01-14T19:05:16+00:00","breadcrumb":{"@id":"https:\/\/canal7slp.tv\/2025\/arranca-evaluacion-de-candidatos-para-eleccion-del-poder-judicial\/#breadcrumb"},"inLanguage":"es","potentialAction":[{"@type":"ReadAction","target":["https:\/\/canal7slp.tv\/2025\/arranca-evaluacion-de-candidatos-para-eleccion-del-poder-judicial\/"]}]},{"@type":"ImageObject","inLanguage":"es","@id":"https:\/\/canal7slp.tv\/2025\/arranca-evaluacion-de-candidatos-para-eleccion-del-poder-judicial\/#primaryimage","url":"https:\/\/canal7slp.tv\/2025\/wp-content\/uploads\/2025\/01\/02-12.jpg","contentUrl":"https:\/\/canal7slp.tv\/2025\/wp-content\/uploads\/2025\/01\/02-12.jpg","width":800,"height":500},{"@type":"BreadcrumbList","@id":"https:\/\/canal7slp.tv\/2025\/arranca-evaluacion-de-candidatos-para-eleccion-del-poder-judicial\/#breadcrumb","itemListElement":[{"@type":"ListItem","position":1,"name":"Portada","item":"https:\/\/canal7slp.tv\/2025\/"},{"@type":"ListItem","position":2,"name":"Arranca evaluaci\u00f3n de candidatos para elecci\u00f3n del Poder Judicial"}]},{"@type":"WebSite","@id":"https:\/\/canal7slp.tv\/2025\/#website","url":"https:\/\/canal7slp.tv\/2025\/","name":"N7 - Noticieros Canal 7","description":"Somos el Medio","publisher":{"@id":"https:\/\/canal7slp.tv\/2025\/#organization"},"potentialAction":[{"@type":"SearchAction","target":{"@type":"EntryPoint","urlTemplate":"https:\/\/canal7slp.tv\/2025\/?s={search_term_string}"},"query-input":{"@type":"PropertyValueSpecification","valueRequired":true,"valueName":"search_term_string"}}],"inLanguage":"es"},{"@type":"Organization","@id":"https:\/\/canal7slp.tv\/2025\/#organization","name":"Noticieros Canal 7","url":"https:\/\/canal7slp.tv\/2025\/","logo":{"@type":"ImageObject","inLanguage":"es","@id":"https:\/\/canal7slp.tv\/2025\/#\/schema\/logo\/image\/","url":"https:\/\/canal7slp.tv\/2025\/wp-content\/uploads\/2021\/01\/logo-noticieros@2x.png","contentUrl":"https:\/\/canal7slp.tv\/2025\/wp-content\/uploads\/2021\/01\/logo-noticieros@2x.png","width":1017,"height":268,"caption":"Noticieros Canal 7"},"image":{"@id":"https:\/\/canal7slp.tv\/2025\/#\/schema\/logo\/image\/"},"sameAs":["https:\/\/www.facebook.com\/noticieroscanal7atencionciudadana\/","https:\/\/x.com\/NOTICIEROS7","https:\/\/www.instagram.com\/canal7_slp","https:\/\/www.youtube.com\/channel\/UCliiYs-gP3JfJeqdPrNdd5A"]},{"@type":"Person","@id":"https:\/\/canal7slp.tv\/2025\/#\/schema\/person\/271e2b60a96e7cc9d9ac296f4d7e414b","name":"Edici\u00f3n Web","image":{"@type":"ImageObject","inLanguage":"es","@id":"https:\/\/secure.gravatar.com\/avatar\/eee448fc3f7164808013b816ba91ac7e43bbe82a70bebac296f8bc6f0addaa1a?s=96&d=mm&r=g","url":"https:\/\/secure.gravatar.com\/avatar\/eee448fc3f7164808013b816ba91ac7e43bbe82a70bebac296f8bc6f0addaa1a?s=96&d=mm&r=g","contentUrl":"https:\/\/secure.gravatar.com\/avatar\/eee448fc3f7164808013b816ba91ac7e43bbe82a70bebac296f8bc6f0addaa1a?s=96&d=mm&r=g","caption":"Edici\u00f3n Web"},"url":"https:\/\/canal7slp.tv\/2025\/author\/edicionweb\/"}]}},"_links":{"self":[{"href":"https:\/\/canal7slp.tv\/2025\/wp-json\/wp\/v2\/posts\/154259","targetHints":{"allow":["GET"]}}],"collection":[{"href":"https:\/\/canal7slp.tv\/2025\/wp-json\/wp\/v2\/posts"}],"about":[{"href":"https:\/\/canal7slp.tv\/2025\/wp-json\/wp\/v2\/types\/post"}],"author":[{"embeddable":true,"href":"https:\/\/canal7slp.tv\/2025\/wp-json\/wp\/v2\/users\/2"}],"replies":[{"embeddable":true,"href":"https:\/\/canal7slp.tv\/2025\/wp-json\/wp\/v2\/comments?post=154259"}],"version-history":[{"count":1,"href":"https:\/\/canal7slp.tv\/2025\/wp-json\/wp\/v2\/posts\/154259\/revisions"}],"predecessor-version":[{"id":154261,"href":"https:\/\/canal7slp.tv\/2025\/wp-json\/wp\/v2\/posts\/154259\/revisions\/154261"}],"wp:featuredmedia":[{"embeddable":true,"href":"https:\/\/canal7slp.tv\/2025\/wp-json\/wp\/v2\/media\/154260"}],"wp:attachment":[{"href":"https:\/\/canal7slp.tv\/2025\/wp-json\/wp\/v2\/media?parent=154259"}],"wp:term":[{"taxonomy":"category","embeddable":true,"href":"https:\/\/canal7slp.tv\/2025\/wp-json\/wp\/v2\/categories?post=154259"},{"taxonomy":"post_tag","embeddable":true,"href":"https:\/\/canal7slp.tv\/2025\/wp-json\/wp\/v2\/tags?post=154259"}],"curies":[{"name":"wp","href":"https:\/\/api.w.org\/{rel}","templated":true}]}}