{"id":154256,"date":"2025-01-14T11:40:56","date_gmt":"2025-01-14T17:40:56","guid":{"rendered":"https:\/\/canal7slp.tv\/2025\/?p=154256"},"modified":"2025-01-14T11:40:56","modified_gmt":"2025-01-14T17:40:56","slug":"smn-alerta-por-intensas-lluvias-y-vientos-fuertes-en-el-sureste-del-pais","status":"publish","type":"post","link":"https:\/\/canal7slp.tv\/2025\/smn-alerta-por-intensas-lluvias-y-vientos-fuertes-en-el-sureste-del-pais\/","title":{"rendered":"SMN alerta por intensas lluvias y vientos fuertes en el sureste del pa\u00eds"},"content":{"rendered":"<p style=\"text-align: justify;\">\n<p style=\"text-align: justify;\">M\u00e9xico.- El Servicio Meteorol\u00f3gico Nacional de M\u00e9xico ha emitido un aviso para el 14 de enero de 2025, anticipando condiciones clim\u00e1ticas adversas en diversas regiones del pa\u00eds.<\/p>\n<p style=\"text-align: justify;\">Se pronostican lluvias muy fuertes, con acumulaciones de entre 50 y 75 mm, en los estados de Veracruz, Oaxaca, Chiapas y Tabasco, causadas por el frente fr\u00edo No. 23 y la entrada de humedad hacia el sureste del pa\u00eds. Estas lluvias estar\u00e1n acompa\u00f1adas por chubascos dispersos en Puebla, Campeche, Yucat\u00e1n y Quintana Roo. Adem\u00e1s, existe la posibilidad de nevadas o aguanieve en monta\u00f1as que superen los cuatro mil 500 metros sobre el nivel del mar, como el Popocat\u00e9petl y el Iztacc\u00edhuatl.<\/p>\n<p style=\"text-align: justify;\">El evento de \u00abNorte\u00bb generar\u00e1 vientos con rachas de hasta 90 km\/h en el istmo y golfo de Tehuantepec, junto con oleaje elevado de dos a cuatro metros en las costas de estas regiones. Mientras tanto, las temperaturas alcanzar\u00e1n extremos:<\/p>\n<ul style=\"text-align: justify;\">\n<li>M\u00e1ximas de hasta 40 \u00b0C en las costas de Michoac\u00e1n y Guerrero.<\/li>\n<li>M\u00ednimas entre -15 \u00b0C y 5 \u00b0C en diversas zonas monta\u00f1osas, con heladas en Chihuahua y Durango.<\/li>\n<\/ul>\n<p style=\"text-align: justify;\">Estas condiciones podr\u00edan ocasionar:<\/p>\n<ul style=\"text-align: justify;\">\n<li>Inundaciones, deslaves y encharcamientos en \u00e1reas bajas.<\/li>\n<li>Ca\u00edda de \u00e1rboles y da\u00f1os a estructuras por las r\u00e1fagas de viento.<\/li>\n<li>Bancos de niebla que afectar\u00e1n la visibilidad en varias regiones.<\/li>\n<\/ul>\n<p style=\"text-align: justify;\">En el Valle de M\u00e9xico, se prev\u00e9n lluvias ligeras en la Ciudad de M\u00e9xico y el Estado de M\u00e9xico, con temperaturas m\u00ednimas de 8 a 10 \u00b0C. En contraste, la Pen\u00ednsula de Baja California tendr\u00e1 un cielo despejado, sin lluvias y con un ambiente fr\u00edo por la ma\u00f1ana.<\/p>\n<p style=\"text-align: justify;\">En el Pac\u00edfico Sur, las lluvias ser\u00e1n intensas en Oaxaca y Chiapas, aumentando el riesgo de deslaves, mientras que en el Golfo de M\u00e9xico se esperan lluvias muy fuertes en Veracruz y Tabasco, con un ambiente fresco a c\u00e1lido durante la tarde.<\/p>\n","protected":false},"excerpt":{"rendered":"<p>M\u00e9xico.- El Servicio Meteorol\u00f3gico Nacional de M\u00e9xico ha emitido un aviso para el 14 de enero de 2025, anticipando condiciones clim\u00e1ticas adversas en diversas regiones del pa\u00eds. Se pronostican lluvias muy fuertes, con acumulaciones de entre 50 y 75 mm, en los estados de Veracruz, Oaxaca, Chiapas y Tabasco, causadas por el frente fr\u00edo No. 23 y la entrada de humedad hacia el sureste del pa\u00eds. Estas lluvias estar\u00e1n acompa\u00f1adas por chubascos dispersos en Puebla, Campeche, Yucat\u00e1n y Quintana Roo. Adem\u00e1s, existe la posibilidad de nevadas o aguanieve en monta\u00f1as que superen los cuatro mil 500 metros sobre el nivel [&hellip;]<\/p>\n","protected":false},"author":2,"featured_media":154257,"comment_status":"closed","ping_status":"closed","sticky":false,"template":"","format":"standard","meta":{"_monsterinsights_skip_tracking":false,"_monsterinsights_sitenote_active":false,"_monsterinsights_sitenote_note":"","_monsterinsights_sitenote_category":0,"footnotes":""},"categories":[2],"tags":[],"class_list":["post-154256","post","type-post","status-publish","format-standard","has-post-thumbnail","hentry","category-clima","post--single"],"yoast_head":"<!-- This site is optimized with the Yoast SEO plugin v27.5 - https:\/\/yoast.com\/product\/yoast-seo-wordpress\/ -->\n<title>SMN alerta por intensas lluvias y vientos fuertes en el sureste del pa\u00eds - Canal 7 SLP - 2025<\/title>\n<meta name=\"robots\" content=\"index, follow, max-snippet:-1, max-image-preview:large, max-video-preview:-1\" \/>\n<link rel=\"canonical\" href=\"https:\/\/canal7slp.tv\/2025\/smn-alerta-por-intensas-lluvias-y-vientos-fuertes-en-el-sureste-del-pais\/\" \/>\n<meta property=\"og:locale\" content=\"es_ES\" \/>\n<meta property=\"og:type\" content=\"article\" \/>\n<meta property=\"og:title\" content=\"SMN alerta por intensas lluvias y vientos fuertes en el sureste del pa\u00eds - Canal 7 SLP - 2025\" \/>\n<meta property=\"og:description\" content=\"M\u00e9xico.- El Servicio Meteorol\u00f3gico Nacional de M\u00e9xico ha emitido un aviso para el 14 de enero de 2025, anticipando condiciones clim\u00e1ticas adversas en diversas regiones del pa\u00eds. Se pronostican lluvias muy fuertes, con acumulaciones de entre 50 y 75 mm, en los estados de Veracruz, Oaxaca, Chiapas y Tabasco, causadas por el frente fr\u00edo No. 23 y la entrada de humedad hacia el sureste del pa\u00eds. Estas lluvias estar\u00e1n acompa\u00f1adas por chubascos dispersos en Puebla, Campeche, Yucat\u00e1n y Quintana Roo. Adem\u00e1s, existe la posibilidad de nevadas o aguanieve en monta\u00f1as que superen los cuatro mil 500 metros sobre el nivel [&hellip;]\" \/>\n<meta property=\"og:url\" content=\"https:\/\/canal7slp.tv\/2025\/smn-alerta-por-intensas-lluvias-y-vientos-fuertes-en-el-sureste-del-pais\/\" \/>\n<meta property=\"og:site_name\" content=\"Canal 7 SLP - 2025\" \/>\n<meta property=\"article:publisher\" content=\"https:\/\/www.facebook.com\/noticieroscanal7atencionciudadana\/\" \/>\n<meta property=\"article:published_time\" content=\"2025-01-14T17:40:56+00:00\" \/>\n<meta property=\"og:image\" content=\"https:\/\/canal7slp.tv\/2025\/wp-content\/uploads\/2025\/01\/01-12.jpg\" \/>\n\t<meta property=\"og:image:width\" content=\"675\" \/>\n\t<meta property=\"og:image:height\" content=\"450\" \/>\n\t<meta property=\"og:image:type\" content=\"image\/jpeg\" \/>\n<meta name=\"author\" content=\"Edici\u00f3n Web\" \/>\n<meta name=\"twitter:card\" content=\"summary_large_image\" \/>\n<meta name=\"twitter:creator\" content=\"@NOTICIEROS7\" \/>\n<meta name=\"twitter:site\" content=\"@NOTICIEROS7\" \/>\n<meta name=\"twitter:label1\" content=\"Escrito por\" \/>\n\t<meta name=\"twitter:data1\" content=\"Edici\u00f3n Web\" \/>\n\t<meta name=\"twitter:label2\" content=\"Tiempo de lectura\" \/>\n\t<meta name=\"twitter:data2\" content=\"2 minutos\" \/>\n<script type=\"application\/ld+json\" class=\"yoast-schema-graph\">{\"@context\":\"https:\\\/\\\/schema.org\",\"@graph\":[{\"@type\":\"Article\",\"@id\":\"https:\\\/\\\/canal7slp.tv\\\/2025\\\/smn-alerta-por-intensas-lluvias-y-vientos-fuertes-en-el-sureste-del-pais\\\/#article\",\"isPartOf\":{\"@id\":\"https:\\\/\\\/canal7slp.tv\\\/2025\\\/smn-alerta-por-intensas-lluvias-y-vientos-fuertes-en-el-sureste-del-pais\\\/\"},\"author\":{\"name\":\"Edici\u00f3n Web\",\"@id\":\"https:\\\/\\\/canal7slp.tv\\\/2025\\\/#\\\/schema\\\/person\\\/271e2b60a96e7cc9d9ac296f4d7e414b\"},\"headline\":\"SMN alerta por intensas lluvias y vientos fuertes en el sureste del pa\u00eds\",\"datePublished\":\"2025-01-14T17:40:56+00:00\",\"mainEntityOfPage\":{\"@id\":\"https:\\\/\\\/canal7slp.tv\\\/2025\\\/smn-alerta-por-intensas-lluvias-y-vientos-fuertes-en-el-sureste-del-pais\\\/\"},\"wordCount\":341,\"publisher\":{\"@id\":\"https:\\\/\\\/canal7slp.tv\\\/2025\\\/#organization\"},\"image\":{\"@id\":\"https:\\\/\\\/canal7slp.tv\\\/2025\\\/smn-alerta-por-intensas-lluvias-y-vientos-fuertes-en-el-sureste-del-pais\\\/#primaryimage\"},\"thumbnailUrl\":\"https:\\\/\\\/canal7slp.tv\\\/2025\\\/wp-content\\\/uploads\\\/2025\\\/01\\\/01-12.jpg\",\"articleSection\":[\"CLIMA\"],\"inLanguage\":\"es\"},{\"@type\":\"WebPage\",\"@id\":\"https:\\\/\\\/canal7slp.tv\\\/2025\\\/smn-alerta-por-intensas-lluvias-y-vientos-fuertes-en-el-sureste-del-pais\\\/\",\"url\":\"https:\\\/\\\/canal7slp.tv\\\/2025\\\/smn-alerta-por-intensas-lluvias-y-vientos-fuertes-en-el-sureste-del-pais\\\/\",\"name\":\"SMN alerta por intensas lluvias y vientos fuertes en el sureste del pa\u00eds - Canal 7 SLP - 2025\",\"isPartOf\":{\"@id\":\"https:\\\/\\\/canal7slp.tv\\\/2025\\\/#website\"},\"primaryImageOfPage\":{\"@id\":\"https:\\\/\\\/canal7slp.tv\\\/2025\\\/smn-alerta-por-intensas-lluvias-y-vientos-fuertes-en-el-sureste-del-pais\\\/#primaryimage\"},\"image\":{\"@id\":\"https:\\\/\\\/canal7slp.tv\\\/2025\\\/smn-alerta-por-intensas-lluvias-y-vientos-fuertes-en-el-sureste-del-pais\\\/#primaryimage\"},\"thumbnailUrl\":\"https:\\\/\\\/canal7slp.tv\\\/2025\\\/wp-content\\\/uploads\\\/2025\\\/01\\\/01-12.jpg\",\"datePublished\":\"2025-01-14T17:40:56+00:00\",\"breadcrumb\":{\"@id\":\"https:\\\/\\\/canal7slp.tv\\\/2025\\\/smn-alerta-por-intensas-lluvias-y-vientos-fuertes-en-el-sureste-del-pais\\\/#breadcrumb\"},\"inLanguage\":\"es\",\"potentialAction\":[{\"@type\":\"ReadAction\",\"target\":[\"https:\\\/\\\/canal7slp.tv\\\/2025\\\/smn-alerta-por-intensas-lluvias-y-vientos-fuertes-en-el-sureste-del-pais\\\/\"]}]},{\"@type\":\"ImageObject\",\"inLanguage\":\"es\",\"@id\":\"https:\\\/\\\/canal7slp.tv\\\/2025\\\/smn-alerta-por-intensas-lluvias-y-vientos-fuertes-en-el-sureste-del-pais\\\/#primaryimage\",\"url\":\"https:\\\/\\\/canal7slp.tv\\\/2025\\\/wp-content\\\/uploads\\\/2025\\\/01\\\/01-12.jpg\",\"contentUrl\":\"https:\\\/\\\/canal7slp.tv\\\/2025\\\/wp-content\\\/uploads\\\/2025\\\/01\\\/01-12.jpg\",\"width\":675,\"height\":450},{\"@type\":\"BreadcrumbList\",\"@id\":\"https:\\\/\\\/canal7slp.tv\\\/2025\\\/smn-alerta-por-intensas-lluvias-y-vientos-fuertes-en-el-sureste-del-pais\\\/#breadcrumb\",\"itemListElement\":[{\"@type\":\"ListItem\",\"position\":1,\"name\":\"Portada\",\"item\":\"https:\\\/\\\/canal7slp.tv\\\/2025\\\/\"},{\"@type\":\"ListItem\",\"position\":2,\"name\":\"SMN alerta por intensas lluvias y vientos fuertes en el sureste del pa\u00eds\"}]},{\"@type\":\"WebSite\",\"@id\":\"https:\\\/\\\/canal7slp.tv\\\/2025\\\/#website\",\"url\":\"https:\\\/\\\/canal7slp.tv\\\/2025\\\/\",\"name\":\"N7 - Noticieros Canal 7\",\"description\":\"Somos el Medio\",\"publisher\":{\"@id\":\"https:\\\/\\\/canal7slp.tv\\\/2025\\\/#organization\"},\"potentialAction\":[{\"@type\":\"SearchAction\",\"target\":{\"@type\":\"EntryPoint\",\"urlTemplate\":\"https:\\\/\\\/canal7slp.tv\\\/2025\\\/?s={search_term_string}\"},\"query-input\":{\"@type\":\"PropertyValueSpecification\",\"valueRequired\":true,\"valueName\":\"search_term_string\"}}],\"inLanguage\":\"es\"},{\"@type\":\"Organization\",\"@id\":\"https:\\\/\\\/canal7slp.tv\\\/2025\\\/#organization\",\"name\":\"Noticieros Canal 7\",\"url\":\"https:\\\/\\\/canal7slp.tv\\\/2025\\\/\",\"logo\":{\"@type\":\"ImageObject\",\"inLanguage\":\"es\",\"@id\":\"https:\\\/\\\/canal7slp.tv\\\/2025\\\/#\\\/schema\\\/logo\\\/image\\\/\",\"url\":\"https:\\\/\\\/canal7slp.tv\\\/2025\\\/wp-content\\\/uploads\\\/2021\\\/01\\\/logo-noticieros@2x.png\",\"contentUrl\":\"https:\\\/\\\/canal7slp.tv\\\/2025\\\/wp-content\\\/uploads\\\/2021\\\/01\\\/logo-noticieros@2x.png\",\"width\":1017,\"height\":268,\"caption\":\"Noticieros Canal 7\"},\"image\":{\"@id\":\"https:\\\/\\\/canal7slp.tv\\\/2025\\\/#\\\/schema\\\/logo\\\/image\\\/\"},\"sameAs\":[\"https:\\\/\\\/www.facebook.com\\\/noticieroscanal7atencionciudadana\\\/\",\"https:\\\/\\\/x.com\\\/NOTICIEROS7\",\"https:\\\/\\\/www.instagram.com\\\/canal7_slp\",\"https:\\\/\\\/www.youtube.com\\\/channel\\\/UCliiYs-gP3JfJeqdPrNdd5A\"]},{\"@type\":\"Person\",\"@id\":\"https:\\\/\\\/canal7slp.tv\\\/2025\\\/#\\\/schema\\\/person\\\/271e2b60a96e7cc9d9ac296f4d7e414b\",\"name\":\"Edici\u00f3n Web\",\"image\":{\"@type\":\"ImageObject\",\"inLanguage\":\"es\",\"@id\":\"https:\\\/\\\/secure.gravatar.com\\\/avatar\\\/eee448fc3f7164808013b816ba91ac7e43bbe82a70bebac296f8bc6f0addaa1a?s=96&d=mm&r=g\",\"url\":\"https:\\\/\\\/secure.gravatar.com\\\/avatar\\\/eee448fc3f7164808013b816ba91ac7e43bbe82a70bebac296f8bc6f0addaa1a?s=96&d=mm&r=g\",\"contentUrl\":\"https:\\\/\\\/secure.gravatar.com\\\/avatar\\\/eee448fc3f7164808013b816ba91ac7e43bbe82a70bebac296f8bc6f0addaa1a?s=96&d=mm&r=g\",\"caption\":\"Edici\u00f3n Web\"},\"url\":\"https:\\\/\\\/canal7slp.tv\\\/2025\\\/author\\\/edicionweb\\\/\"}]}<\/script>\n<!-- \/ Yoast SEO plugin. -->","yoast_head_json":{"title":"SMN alerta por intensas lluvias y vientos fuertes en el sureste del pa\u00eds - Canal 7 SLP - 2025","robots":{"index":"index","follow":"follow","max-snippet":"max-snippet:-1","max-image-preview":"max-image-preview:large","max-video-preview":"max-video-preview:-1"},"canonical":"https:\/\/canal7slp.tv\/2025\/smn-alerta-por-intensas-lluvias-y-vientos-fuertes-en-el-sureste-del-pais\/","og_locale":"es_ES","og_type":"article","og_title":"SMN alerta por intensas lluvias y vientos fuertes en el sureste del pa\u00eds - Canal 7 SLP - 2025","og_description":"M\u00e9xico.- El Servicio Meteorol\u00f3gico Nacional de M\u00e9xico ha emitido un aviso para el 14 de enero de 2025, anticipando condiciones clim\u00e1ticas adversas en diversas regiones del pa\u00eds. Se pronostican lluvias muy fuertes, con acumulaciones de entre 50 y 75 mm, en los estados de Veracruz, Oaxaca, Chiapas y Tabasco, causadas por el frente fr\u00edo No. 23 y la entrada de humedad hacia el sureste del pa\u00eds. Estas lluvias estar\u00e1n acompa\u00f1adas por chubascos dispersos en Puebla, Campeche, Yucat\u00e1n y Quintana Roo. Adem\u00e1s, existe la posibilidad de nevadas o aguanieve en monta\u00f1as que superen los cuatro mil 500 metros sobre el nivel [&hellip;]","og_url":"https:\/\/canal7slp.tv\/2025\/smn-alerta-por-intensas-lluvias-y-vientos-fuertes-en-el-sureste-del-pais\/","og_site_name":"Canal 7 SLP - 2025","article_publisher":"https:\/\/www.facebook.com\/noticieroscanal7atencionciudadana\/","article_published_time":"2025-01-14T17:40:56+00:00","og_image":[{"width":675,"height":450,"url":"https:\/\/canal7slp.tv\/2025\/wp-content\/uploads\/2025\/01\/01-12.jpg","type":"image\/jpeg"}],"author":"Edici\u00f3n Web","twitter_card":"summary_large_image","twitter_creator":"@NOTICIEROS7","twitter_site":"@NOTICIEROS7","twitter_misc":{"Escrito por":"Edici\u00f3n Web","Tiempo de lectura":"2 minutos"},"schema":{"@context":"https:\/\/schema.org","@graph":[{"@type":"Article","@id":"https:\/\/canal7slp.tv\/2025\/smn-alerta-por-intensas-lluvias-y-vientos-fuertes-en-el-sureste-del-pais\/#article","isPartOf":{"@id":"https:\/\/canal7slp.tv\/2025\/smn-alerta-por-intensas-lluvias-y-vientos-fuertes-en-el-sureste-del-pais\/"},"author":{"name":"Edici\u00f3n Web","@id":"https:\/\/canal7slp.tv\/2025\/#\/schema\/person\/271e2b60a96e7cc9d9ac296f4d7e414b"},"headline":"SMN alerta por intensas lluvias y vientos fuertes en el sureste del pa\u00eds","datePublished":"2025-01-14T17:40:56+00:00","mainEntityOfPage":{"@id":"https:\/\/canal7slp.tv\/2025\/smn-alerta-por-intensas-lluvias-y-vientos-fuertes-en-el-sureste-del-pais\/"},"wordCount":341,"publisher":{"@id":"https:\/\/canal7slp.tv\/2025\/#organization"},"image":{"@id":"https:\/\/canal7slp.tv\/2025\/smn-alerta-por-intensas-lluvias-y-vientos-fuertes-en-el-sureste-del-pais\/#primaryimage"},"thumbnailUrl":"https:\/\/canal7slp.tv\/2025\/wp-content\/uploads\/2025\/01\/01-12.jpg","articleSection":["CLIMA"],"inLanguage":"es"},{"@type":"WebPage","@id":"https:\/\/canal7slp.tv\/2025\/smn-alerta-por-intensas-lluvias-y-vientos-fuertes-en-el-sureste-del-pais\/","url":"https:\/\/canal7slp.tv\/2025\/smn-alerta-por-intensas-lluvias-y-vientos-fuertes-en-el-sureste-del-pais\/","name":"SMN alerta por intensas lluvias y vientos fuertes en el sureste del pa\u00eds - Canal 7 SLP - 2025","isPartOf":{"@id":"https:\/\/canal7slp.tv\/2025\/#website"},"primaryImageOfPage":{"@id":"https:\/\/canal7slp.tv\/2025\/smn-alerta-por-intensas-lluvias-y-vientos-fuertes-en-el-sureste-del-pais\/#primaryimage"},"image":{"@id":"https:\/\/canal7slp.tv\/2025\/smn-alerta-por-intensas-lluvias-y-vientos-fuertes-en-el-sureste-del-pais\/#primaryimage"},"thumbnailUrl":"https:\/\/canal7slp.tv\/2025\/wp-content\/uploads\/2025\/01\/01-12.jpg","datePublished":"2025-01-14T17:40:56+00:00","breadcrumb":{"@id":"https:\/\/canal7slp.tv\/2025\/smn-alerta-por-intensas-lluvias-y-vientos-fuertes-en-el-sureste-del-pais\/#breadcrumb"},"inLanguage":"es","potentialAction":[{"@type":"ReadAction","target":["https:\/\/canal7slp.tv\/2025\/smn-alerta-por-intensas-lluvias-y-vientos-fuertes-en-el-sureste-del-pais\/"]}]},{"@type":"ImageObject","inLanguage":"es","@id":"https:\/\/canal7slp.tv\/2025\/smn-alerta-por-intensas-lluvias-y-vientos-fuertes-en-el-sureste-del-pais\/#primaryimage","url":"https:\/\/canal7slp.tv\/2025\/wp-content\/uploads\/2025\/01\/01-12.jpg","contentUrl":"https:\/\/canal7slp.tv\/2025\/wp-content\/uploads\/2025\/01\/01-12.jpg","width":675,"height":450},{"@type":"BreadcrumbList","@id":"https:\/\/canal7slp.tv\/2025\/smn-alerta-por-intensas-lluvias-y-vientos-fuertes-en-el-sureste-del-pais\/#breadcrumb","itemListElement":[{"@type":"ListItem","position":1,"name":"Portada","item":"https:\/\/canal7slp.tv\/2025\/"},{"@type":"ListItem","position":2,"name":"SMN alerta por intensas lluvias y vientos fuertes en el sureste del pa\u00eds"}]},{"@type":"WebSite","@id":"https:\/\/canal7slp.tv\/2025\/#website","url":"https:\/\/canal7slp.tv\/2025\/","name":"N7 - Noticieros Canal 7","description":"Somos el Medio","publisher":{"@id":"https:\/\/canal7slp.tv\/2025\/#organization"},"potentialAction":[{"@type":"SearchAction","target":{"@type":"EntryPoint","urlTemplate":"https:\/\/canal7slp.tv\/2025\/?s={search_term_string}"},"query-input":{"@type":"PropertyValueSpecification","valueRequired":true,"valueName":"search_term_string"}}],"inLanguage":"es"},{"@type":"Organization","@id":"https:\/\/canal7slp.tv\/2025\/#organization","name":"Noticieros Canal 7","url":"https:\/\/canal7slp.tv\/2025\/","logo":{"@type":"ImageObject","inLanguage":"es","@id":"https:\/\/canal7slp.tv\/2025\/#\/schema\/logo\/image\/","url":"https:\/\/canal7slp.tv\/2025\/wp-content\/uploads\/2021\/01\/logo-noticieros@2x.png","contentUrl":"https:\/\/canal7slp.tv\/2025\/wp-content\/uploads\/2021\/01\/logo-noticieros@2x.png","width":1017,"height":268,"caption":"Noticieros Canal 7"},"image":{"@id":"https:\/\/canal7slp.tv\/2025\/#\/schema\/logo\/image\/"},"sameAs":["https:\/\/www.facebook.com\/noticieroscanal7atencionciudadana\/","https:\/\/x.com\/NOTICIEROS7","https:\/\/www.instagram.com\/canal7_slp","https:\/\/www.youtube.com\/channel\/UCliiYs-gP3JfJeqdPrNdd5A"]},{"@type":"Person","@id":"https:\/\/canal7slp.tv\/2025\/#\/schema\/person\/271e2b60a96e7cc9d9ac296f4d7e414b","name":"Edici\u00f3n Web","image":{"@type":"ImageObject","inLanguage":"es","@id":"https:\/\/secure.gravatar.com\/avatar\/eee448fc3f7164808013b816ba91ac7e43bbe82a70bebac296f8bc6f0addaa1a?s=96&d=mm&r=g","url":"https:\/\/secure.gravatar.com\/avatar\/eee448fc3f7164808013b816ba91ac7e43bbe82a70bebac296f8bc6f0addaa1a?s=96&d=mm&r=g","contentUrl":"https:\/\/secure.gravatar.com\/avatar\/eee448fc3f7164808013b816ba91ac7e43bbe82a70bebac296f8bc6f0addaa1a?s=96&d=mm&r=g","caption":"Edici\u00f3n Web"},"url":"https:\/\/canal7slp.tv\/2025\/author\/edicionweb\/"}]}},"_links":{"self":[{"href":"https:\/\/canal7slp.tv\/2025\/wp-json\/wp\/v2\/posts\/154256","targetHints":{"allow":["GET"]}}],"collection":[{"href":"https:\/\/canal7slp.tv\/2025\/wp-json\/wp\/v2\/posts"}],"about":[{"href":"https:\/\/canal7slp.tv\/2025\/wp-json\/wp\/v2\/types\/post"}],"author":[{"embeddable":true,"href":"https:\/\/canal7slp.tv\/2025\/wp-json\/wp\/v2\/users\/2"}],"replies":[{"embeddable":true,"href":"https:\/\/canal7slp.tv\/2025\/wp-json\/wp\/v2\/comments?post=154256"}],"version-history":[{"count":1,"href":"https:\/\/canal7slp.tv\/2025\/wp-json\/wp\/v2\/posts\/154256\/revisions"}],"predecessor-version":[{"id":154258,"href":"https:\/\/canal7slp.tv\/2025\/wp-json\/wp\/v2\/posts\/154256\/revisions\/154258"}],"wp:featuredmedia":[{"embeddable":true,"href":"https:\/\/canal7slp.tv\/2025\/wp-json\/wp\/v2\/media\/154257"}],"wp:attachment":[{"href":"https:\/\/canal7slp.tv\/2025\/wp-json\/wp\/v2\/media?parent=154256"}],"wp:term":[{"taxonomy":"category","embeddable":true,"href":"https:\/\/canal7slp.tv\/2025\/wp-json\/wp\/v2\/categories?post=154256"},{"taxonomy":"post_tag","embeddable":true,"href":"https:\/\/canal7slp.tv\/2025\/wp-json\/wp\/v2\/tags?post=154256"}],"curies":[{"name":"wp","href":"https:\/\/api.w.org\/{rel}","templated":true}]}}