{"id":154248,"date":"2025-01-14T11:30:39","date_gmt":"2025-01-14T17:30:39","guid":{"rendered":"https:\/\/canal7slp.tv\/2025\/?p=154248"},"modified":"2025-01-14T11:30:39","modified_gmt":"2025-01-14T17:30:39","slug":"apoyo-ante-posibles-deportaciones-masivas-daria-ejecutivo-local-aunque-sin-ofrecer-estancia-permanente-secretario-general-de-gobierno","status":"publish","type":"post","link":"https:\/\/canal7slp.tv\/2025\/apoyo-ante-posibles-deportaciones-masivas-daria-ejecutivo-local-aunque-sin-ofrecer-estancia-permanente-secretario-general-de-gobierno\/","title":{"rendered":"Apoyo ante posibles deportaciones masivas, dar\u00eda Ejecutivo Local; aunque sin ofrecer estancia permanente: Secretario General de Gobierno"},"content":{"rendered":"<p style=\"text-align: justify;\">SLP.-\u00a0Ante la posibilidad de deportaciones masivas, resultado del regreso de Donald Trump a la presidencia de Estados Unidos, San Luis Potos\u00ed estar\u00e1 listo para brindar atenci\u00f3n a connacionales y personas que vengan de paso.<\/p>\n<p style=\"text-align: justify;\">Sin embargo, las facilidades o atenci\u00f3n de car\u00e1cter humanitario no implicar\u00edan ofrecer estancia permanente.<\/p>\n<p style=\"text-align: justify;\">Al respecto declar\u00f3 el secretario general de gobierno, J. Guadalupe Torres S\u00e1nchez.<\/p>\n<p style=\"text-align: justify;\">El funcionario aclar\u00f3 que se podr\u00edan aplicar programas diversos, pero delimitados.<\/p>\n<p style=\"text-align: justify;\">Ello, con la finalidad de que los problemas no escalen de complejidad.<\/p>\n<p>Por: Paulina Rodr\u00edguez<\/p>\n","protected":false},"excerpt":{"rendered":"<p>SLP.-\u00a0Ante la posibilidad de deportaciones masivas, resultado del regreso de Donald Trump a la presidencia de Estados Unidos, San Luis Potos\u00ed estar\u00e1 listo para brindar atenci\u00f3n a connacionales y personas que vengan de paso. Sin embargo, las facilidades o atenci\u00f3n de car\u00e1cter humanitario no implicar\u00edan ofrecer estancia permanente. Al respecto declar\u00f3 el secretario general de gobierno, J. Guadalupe Torres S\u00e1nchez. El funcionario aclar\u00f3 que se podr\u00edan aplicar programas diversos, pero delimitados. Ello, con la finalidad de que los problemas no escalen de complejidad. Por: Paulina Rodr\u00edguez<\/p>\n","protected":false},"author":2,"featured_media":154251,"comment_status":"closed","ping_status":"closed","sticky":false,"template":"","format":"video","meta":{"_monsterinsights_skip_tracking":false,"_monsterinsights_sitenote_active":false,"_monsterinsights_sitenote_note":"","_monsterinsights_sitenote_category":0,"footnotes":""},"categories":[2,5,510,45],"tags":[],"class_list":["post-154248","post","type-post","status-publish","format-video","has-post-thumbnail","hentry","category-clima","category-destacadas","category-gobedoslp","category-localesyregionales","post_format-post-format-video","post--single"],"yoast_head":"<!-- This site is optimized with the Yoast SEO plugin v27.5 - https:\/\/yoast.com\/product\/yoast-seo-wordpress\/ -->\n<title>Apoyo ante posibles deportaciones masivas, dar\u00eda Ejecutivo Local; aunque sin ofrecer estancia permanente: Secretario General de Gobierno - Canal 7 SLP - 2025<\/title>\n<meta name=\"robots\" content=\"index, follow, max-snippet:-1, max-image-preview:large, max-video-preview:-1\" \/>\n<link rel=\"canonical\" href=\"https:\/\/canal7slp.tv\/2025\/apoyo-ante-posibles-deportaciones-masivas-daria-ejecutivo-local-aunque-sin-ofrecer-estancia-permanente-secretario-general-de-gobierno\/\" \/>\n<meta property=\"og:locale\" content=\"es_ES\" \/>\n<meta property=\"og:type\" content=\"article\" \/>\n<meta property=\"og:title\" content=\"Apoyo ante posibles deportaciones masivas, dar\u00eda Ejecutivo Local; aunque sin ofrecer estancia permanente: Secretario General de Gobierno - Canal 7 SLP - 2025\" \/>\n<meta property=\"og:description\" content=\"SLP.-\u00a0Ante la posibilidad de deportaciones masivas, resultado del regreso de Donald Trump a la presidencia de Estados Unidos, San Luis Potos\u00ed estar\u00e1 listo para brindar atenci\u00f3n a connacionales y personas que vengan de paso. Sin embargo, las facilidades o atenci\u00f3n de car\u00e1cter humanitario no implicar\u00edan ofrecer estancia permanente. Al respecto declar\u00f3 el secretario general de gobierno, J. Guadalupe Torres S\u00e1nchez. El funcionario aclar\u00f3 que se podr\u00edan aplicar programas diversos, pero delimitados. Ello, con la finalidad de que los problemas no escalen de complejidad. Por: Paulina Rodr\u00edguez\" \/>\n<meta property=\"og:url\" content=\"https:\/\/canal7slp.tv\/2025\/apoyo-ante-posibles-deportaciones-masivas-daria-ejecutivo-local-aunque-sin-ofrecer-estancia-permanente-secretario-general-de-gobierno\/\" \/>\n<meta property=\"og:site_name\" content=\"Canal 7 SLP - 2025\" \/>\n<meta property=\"article:publisher\" content=\"https:\/\/www.facebook.com\/noticieroscanal7atencionciudadana\/\" \/>\n<meta property=\"article:published_time\" content=\"2025-01-14T17:30:39+00:00\" \/>\n<meta property=\"og:image\" content=\"https:\/\/canal7slp.tv\/2025\/wp-content\/uploads\/2025\/01\/Pau0Guadalupe.jpg\" \/>\n\t<meta property=\"og:image:width\" content=\"1280\" \/>\n\t<meta property=\"og:image:height\" content=\"720\" \/>\n\t<meta property=\"og:image:type\" content=\"image\/jpeg\" \/>\n<meta name=\"author\" content=\"Edici\u00f3n Web\" \/>\n<meta name=\"twitter:card\" content=\"summary_large_image\" \/>\n<meta name=\"twitter:creator\" content=\"@NOTICIEROS7\" \/>\n<meta name=\"twitter:site\" content=\"@NOTICIEROS7\" \/>\n<meta name=\"twitter:label1\" content=\"Escrito por\" \/>\n\t<meta name=\"twitter:data1\" content=\"Edici\u00f3n Web\" \/>\n\t<meta name=\"twitter:label2\" content=\"Tiempo de lectura\" \/>\n\t<meta name=\"twitter:data2\" content=\"1 minuto\" \/>\n<script type=\"application\/ld+json\" class=\"yoast-schema-graph\">{\"@context\":\"https:\\\/\\\/schema.org\",\"@graph\":[{\"@type\":\"Article\",\"@id\":\"https:\\\/\\\/canal7slp.tv\\\/2025\\\/apoyo-ante-posibles-deportaciones-masivas-daria-ejecutivo-local-aunque-sin-ofrecer-estancia-permanente-secretario-general-de-gobierno\\\/#article\",\"isPartOf\":{\"@id\":\"https:\\\/\\\/canal7slp.tv\\\/2025\\\/apoyo-ante-posibles-deportaciones-masivas-daria-ejecutivo-local-aunque-sin-ofrecer-estancia-permanente-secretario-general-de-gobierno\\\/\"},\"author\":{\"name\":\"Edici\u00f3n Web\",\"@id\":\"https:\\\/\\\/canal7slp.tv\\\/2025\\\/#\\\/schema\\\/person\\\/271e2b60a96e7cc9d9ac296f4d7e414b\"},\"headline\":\"Apoyo ante posibles deportaciones masivas, dar\u00eda Ejecutivo Local; aunque sin ofrecer estancia permanente: Secretario General de Gobierno\",\"datePublished\":\"2025-01-14T17:30:39+00:00\",\"mainEntityOfPage\":{\"@id\":\"https:\\\/\\\/canal7slp.tv\\\/2025\\\/apoyo-ante-posibles-deportaciones-masivas-daria-ejecutivo-local-aunque-sin-ofrecer-estancia-permanente-secretario-general-de-gobierno\\\/\"},\"wordCount\":113,\"publisher\":{\"@id\":\"https:\\\/\\\/canal7slp.tv\\\/2025\\\/#organization\"},\"image\":{\"@id\":\"https:\\\/\\\/canal7slp.tv\\\/2025\\\/apoyo-ante-posibles-deportaciones-masivas-daria-ejecutivo-local-aunque-sin-ofrecer-estancia-permanente-secretario-general-de-gobierno\\\/#primaryimage\"},\"thumbnailUrl\":\"https:\\\/\\\/canal7slp.tv\\\/2025\\\/wp-content\\\/uploads\\\/2025\\\/01\\\/Pau0Guadalupe.jpg\",\"articleSection\":[\"CLIMA\",\"DESTACADAS\",\"GOBEDOSLP\",\"LOCALES Y REGIONALES\"],\"inLanguage\":\"es\"},{\"@type\":\"WebPage\",\"@id\":\"https:\\\/\\\/canal7slp.tv\\\/2025\\\/apoyo-ante-posibles-deportaciones-masivas-daria-ejecutivo-local-aunque-sin-ofrecer-estancia-permanente-secretario-general-de-gobierno\\\/\",\"url\":\"https:\\\/\\\/canal7slp.tv\\\/2025\\\/apoyo-ante-posibles-deportaciones-masivas-daria-ejecutivo-local-aunque-sin-ofrecer-estancia-permanente-secretario-general-de-gobierno\\\/\",\"name\":\"Apoyo ante posibles deportaciones masivas, dar\u00eda Ejecutivo Local; aunque sin ofrecer estancia permanente: Secretario General de Gobierno - Canal 7 SLP - 2025\",\"isPartOf\":{\"@id\":\"https:\\\/\\\/canal7slp.tv\\\/2025\\\/#website\"},\"primaryImageOfPage\":{\"@id\":\"https:\\\/\\\/canal7slp.tv\\\/2025\\\/apoyo-ante-posibles-deportaciones-masivas-daria-ejecutivo-local-aunque-sin-ofrecer-estancia-permanente-secretario-general-de-gobierno\\\/#primaryimage\"},\"image\":{\"@id\":\"https:\\\/\\\/canal7slp.tv\\\/2025\\\/apoyo-ante-posibles-deportaciones-masivas-daria-ejecutivo-local-aunque-sin-ofrecer-estancia-permanente-secretario-general-de-gobierno\\\/#primaryimage\"},\"thumbnailUrl\":\"https:\\\/\\\/canal7slp.tv\\\/2025\\\/wp-content\\\/uploads\\\/2025\\\/01\\\/Pau0Guadalupe.jpg\",\"datePublished\":\"2025-01-14T17:30:39+00:00\",\"breadcrumb\":{\"@id\":\"https:\\\/\\\/canal7slp.tv\\\/2025\\\/apoyo-ante-posibles-deportaciones-masivas-daria-ejecutivo-local-aunque-sin-ofrecer-estancia-permanente-secretario-general-de-gobierno\\\/#breadcrumb\"},\"inLanguage\":\"es\",\"potentialAction\":[{\"@type\":\"ReadAction\",\"target\":[\"https:\\\/\\\/canal7slp.tv\\\/2025\\\/apoyo-ante-posibles-deportaciones-masivas-daria-ejecutivo-local-aunque-sin-ofrecer-estancia-permanente-secretario-general-de-gobierno\\\/\"]}]},{\"@type\":\"ImageObject\",\"inLanguage\":\"es\",\"@id\":\"https:\\\/\\\/canal7slp.tv\\\/2025\\\/apoyo-ante-posibles-deportaciones-masivas-daria-ejecutivo-local-aunque-sin-ofrecer-estancia-permanente-secretario-general-de-gobierno\\\/#primaryimage\",\"url\":\"https:\\\/\\\/canal7slp.tv\\\/2025\\\/wp-content\\\/uploads\\\/2025\\\/01\\\/Pau0Guadalupe.jpg\",\"contentUrl\":\"https:\\\/\\\/canal7slp.tv\\\/2025\\\/wp-content\\\/uploads\\\/2025\\\/01\\\/Pau0Guadalupe.jpg\",\"width\":1280,\"height\":720},{\"@type\":\"BreadcrumbList\",\"@id\":\"https:\\\/\\\/canal7slp.tv\\\/2025\\\/apoyo-ante-posibles-deportaciones-masivas-daria-ejecutivo-local-aunque-sin-ofrecer-estancia-permanente-secretario-general-de-gobierno\\\/#breadcrumb\",\"itemListElement\":[{\"@type\":\"ListItem\",\"position\":1,\"name\":\"Portada\",\"item\":\"https:\\\/\\\/canal7slp.tv\\\/2025\\\/\"},{\"@type\":\"ListItem\",\"position\":2,\"name\":\"Apoyo ante posibles deportaciones masivas, dar\u00eda Ejecutivo Local; aunque sin ofrecer estancia permanente: Secretario General de Gobierno\"}]},{\"@type\":\"WebSite\",\"@id\":\"https:\\\/\\\/canal7slp.tv\\\/2025\\\/#website\",\"url\":\"https:\\\/\\\/canal7slp.tv\\\/2025\\\/\",\"name\":\"N7 - Noticieros Canal 7\",\"description\":\"Somos el Medio\",\"publisher\":{\"@id\":\"https:\\\/\\\/canal7slp.tv\\\/2025\\\/#organization\"},\"potentialAction\":[{\"@type\":\"SearchAction\",\"target\":{\"@type\":\"EntryPoint\",\"urlTemplate\":\"https:\\\/\\\/canal7slp.tv\\\/2025\\\/?s={search_term_string}\"},\"query-input\":{\"@type\":\"PropertyValueSpecification\",\"valueRequired\":true,\"valueName\":\"search_term_string\"}}],\"inLanguage\":\"es\"},{\"@type\":\"Organization\",\"@id\":\"https:\\\/\\\/canal7slp.tv\\\/2025\\\/#organization\",\"name\":\"Noticieros Canal 7\",\"url\":\"https:\\\/\\\/canal7slp.tv\\\/2025\\\/\",\"logo\":{\"@type\":\"ImageObject\",\"inLanguage\":\"es\",\"@id\":\"https:\\\/\\\/canal7slp.tv\\\/2025\\\/#\\\/schema\\\/logo\\\/image\\\/\",\"url\":\"https:\\\/\\\/canal7slp.tv\\\/2025\\\/wp-content\\\/uploads\\\/2021\\\/01\\\/logo-noticieros@2x.png\",\"contentUrl\":\"https:\\\/\\\/canal7slp.tv\\\/2025\\\/wp-content\\\/uploads\\\/2021\\\/01\\\/logo-noticieros@2x.png\",\"width\":1017,\"height\":268,\"caption\":\"Noticieros Canal 7\"},\"image\":{\"@id\":\"https:\\\/\\\/canal7slp.tv\\\/2025\\\/#\\\/schema\\\/logo\\\/image\\\/\"},\"sameAs\":[\"https:\\\/\\\/www.facebook.com\\\/noticieroscanal7atencionciudadana\\\/\",\"https:\\\/\\\/x.com\\\/NOTICIEROS7\",\"https:\\\/\\\/www.instagram.com\\\/canal7_slp\",\"https:\\\/\\\/www.youtube.com\\\/channel\\\/UCliiYs-gP3JfJeqdPrNdd5A\"]},{\"@type\":\"Person\",\"@id\":\"https:\\\/\\\/canal7slp.tv\\\/2025\\\/#\\\/schema\\\/person\\\/271e2b60a96e7cc9d9ac296f4d7e414b\",\"name\":\"Edici\u00f3n Web\",\"image\":{\"@type\":\"ImageObject\",\"inLanguage\":\"es\",\"@id\":\"https:\\\/\\\/secure.gravatar.com\\\/avatar\\\/eee448fc3f7164808013b816ba91ac7e43bbe82a70bebac296f8bc6f0addaa1a?s=96&d=mm&r=g\",\"url\":\"https:\\\/\\\/secure.gravatar.com\\\/avatar\\\/eee448fc3f7164808013b816ba91ac7e43bbe82a70bebac296f8bc6f0addaa1a?s=96&d=mm&r=g\",\"contentUrl\":\"https:\\\/\\\/secure.gravatar.com\\\/avatar\\\/eee448fc3f7164808013b816ba91ac7e43bbe82a70bebac296f8bc6f0addaa1a?s=96&d=mm&r=g\",\"caption\":\"Edici\u00f3n Web\"},\"url\":\"https:\\\/\\\/canal7slp.tv\\\/2025\\\/author\\\/edicionweb\\\/\"}]}<\/script>\n<!-- \/ Yoast SEO plugin. -->","yoast_head_json":{"title":"Apoyo ante posibles deportaciones masivas, dar\u00eda Ejecutivo Local; aunque sin ofrecer estancia permanente: Secretario General de Gobierno - Canal 7 SLP - 2025","robots":{"index":"index","follow":"follow","max-snippet":"max-snippet:-1","max-image-preview":"max-image-preview:large","max-video-preview":"max-video-preview:-1"},"canonical":"https:\/\/canal7slp.tv\/2025\/apoyo-ante-posibles-deportaciones-masivas-daria-ejecutivo-local-aunque-sin-ofrecer-estancia-permanente-secretario-general-de-gobierno\/","og_locale":"es_ES","og_type":"article","og_title":"Apoyo ante posibles deportaciones masivas, dar\u00eda Ejecutivo Local; aunque sin ofrecer estancia permanente: Secretario General de Gobierno - Canal 7 SLP - 2025","og_description":"SLP.-\u00a0Ante la posibilidad de deportaciones masivas, resultado del regreso de Donald Trump a la presidencia de Estados Unidos, San Luis Potos\u00ed estar\u00e1 listo para brindar atenci\u00f3n a connacionales y personas que vengan de paso. Sin embargo, las facilidades o atenci\u00f3n de car\u00e1cter humanitario no implicar\u00edan ofrecer estancia permanente. Al respecto declar\u00f3 el secretario general de gobierno, J. Guadalupe Torres S\u00e1nchez. El funcionario aclar\u00f3 que se podr\u00edan aplicar programas diversos, pero delimitados. Ello, con la finalidad de que los problemas no escalen de complejidad. Por: Paulina Rodr\u00edguez","og_url":"https:\/\/canal7slp.tv\/2025\/apoyo-ante-posibles-deportaciones-masivas-daria-ejecutivo-local-aunque-sin-ofrecer-estancia-permanente-secretario-general-de-gobierno\/","og_site_name":"Canal 7 SLP - 2025","article_publisher":"https:\/\/www.facebook.com\/noticieroscanal7atencionciudadana\/","article_published_time":"2025-01-14T17:30:39+00:00","og_image":[{"width":1280,"height":720,"url":"https:\/\/canal7slp.tv\/2025\/wp-content\/uploads\/2025\/01\/Pau0Guadalupe.jpg","type":"image\/jpeg"}],"author":"Edici\u00f3n Web","twitter_card":"summary_large_image","twitter_creator":"@NOTICIEROS7","twitter_site":"@NOTICIEROS7","twitter_misc":{"Escrito por":"Edici\u00f3n Web","Tiempo de lectura":"1 minuto"},"schema":{"@context":"https:\/\/schema.org","@graph":[{"@type":"Article","@id":"https:\/\/canal7slp.tv\/2025\/apoyo-ante-posibles-deportaciones-masivas-daria-ejecutivo-local-aunque-sin-ofrecer-estancia-permanente-secretario-general-de-gobierno\/#article","isPartOf":{"@id":"https:\/\/canal7slp.tv\/2025\/apoyo-ante-posibles-deportaciones-masivas-daria-ejecutivo-local-aunque-sin-ofrecer-estancia-permanente-secretario-general-de-gobierno\/"},"author":{"name":"Edici\u00f3n Web","@id":"https:\/\/canal7slp.tv\/2025\/#\/schema\/person\/271e2b60a96e7cc9d9ac296f4d7e414b"},"headline":"Apoyo ante posibles deportaciones masivas, dar\u00eda Ejecutivo Local; aunque sin ofrecer estancia permanente: Secretario General de Gobierno","datePublished":"2025-01-14T17:30:39+00:00","mainEntityOfPage":{"@id":"https:\/\/canal7slp.tv\/2025\/apoyo-ante-posibles-deportaciones-masivas-daria-ejecutivo-local-aunque-sin-ofrecer-estancia-permanente-secretario-general-de-gobierno\/"},"wordCount":113,"publisher":{"@id":"https:\/\/canal7slp.tv\/2025\/#organization"},"image":{"@id":"https:\/\/canal7slp.tv\/2025\/apoyo-ante-posibles-deportaciones-masivas-daria-ejecutivo-local-aunque-sin-ofrecer-estancia-permanente-secretario-general-de-gobierno\/#primaryimage"},"thumbnailUrl":"https:\/\/canal7slp.tv\/2025\/wp-content\/uploads\/2025\/01\/Pau0Guadalupe.jpg","articleSection":["CLIMA","DESTACADAS","GOBEDOSLP","LOCALES Y REGIONALES"],"inLanguage":"es"},{"@type":"WebPage","@id":"https:\/\/canal7slp.tv\/2025\/apoyo-ante-posibles-deportaciones-masivas-daria-ejecutivo-local-aunque-sin-ofrecer-estancia-permanente-secretario-general-de-gobierno\/","url":"https:\/\/canal7slp.tv\/2025\/apoyo-ante-posibles-deportaciones-masivas-daria-ejecutivo-local-aunque-sin-ofrecer-estancia-permanente-secretario-general-de-gobierno\/","name":"Apoyo ante posibles deportaciones masivas, dar\u00eda Ejecutivo Local; aunque sin ofrecer estancia permanente: Secretario General de Gobierno - Canal 7 SLP - 2025","isPartOf":{"@id":"https:\/\/canal7slp.tv\/2025\/#website"},"primaryImageOfPage":{"@id":"https:\/\/canal7slp.tv\/2025\/apoyo-ante-posibles-deportaciones-masivas-daria-ejecutivo-local-aunque-sin-ofrecer-estancia-permanente-secretario-general-de-gobierno\/#primaryimage"},"image":{"@id":"https:\/\/canal7slp.tv\/2025\/apoyo-ante-posibles-deportaciones-masivas-daria-ejecutivo-local-aunque-sin-ofrecer-estancia-permanente-secretario-general-de-gobierno\/#primaryimage"},"thumbnailUrl":"https:\/\/canal7slp.tv\/2025\/wp-content\/uploads\/2025\/01\/Pau0Guadalupe.jpg","datePublished":"2025-01-14T17:30:39+00:00","breadcrumb":{"@id":"https:\/\/canal7slp.tv\/2025\/apoyo-ante-posibles-deportaciones-masivas-daria-ejecutivo-local-aunque-sin-ofrecer-estancia-permanente-secretario-general-de-gobierno\/#breadcrumb"},"inLanguage":"es","potentialAction":[{"@type":"ReadAction","target":["https:\/\/canal7slp.tv\/2025\/apoyo-ante-posibles-deportaciones-masivas-daria-ejecutivo-local-aunque-sin-ofrecer-estancia-permanente-secretario-general-de-gobierno\/"]}]},{"@type":"ImageObject","inLanguage":"es","@id":"https:\/\/canal7slp.tv\/2025\/apoyo-ante-posibles-deportaciones-masivas-daria-ejecutivo-local-aunque-sin-ofrecer-estancia-permanente-secretario-general-de-gobierno\/#primaryimage","url":"https:\/\/canal7slp.tv\/2025\/wp-content\/uploads\/2025\/01\/Pau0Guadalupe.jpg","contentUrl":"https:\/\/canal7slp.tv\/2025\/wp-content\/uploads\/2025\/01\/Pau0Guadalupe.jpg","width":1280,"height":720},{"@type":"BreadcrumbList","@id":"https:\/\/canal7slp.tv\/2025\/apoyo-ante-posibles-deportaciones-masivas-daria-ejecutivo-local-aunque-sin-ofrecer-estancia-permanente-secretario-general-de-gobierno\/#breadcrumb","itemListElement":[{"@type":"ListItem","position":1,"name":"Portada","item":"https:\/\/canal7slp.tv\/2025\/"},{"@type":"ListItem","position":2,"name":"Apoyo ante posibles deportaciones masivas, dar\u00eda Ejecutivo Local; aunque sin ofrecer estancia permanente: Secretario General de Gobierno"}]},{"@type":"WebSite","@id":"https:\/\/canal7slp.tv\/2025\/#website","url":"https:\/\/canal7slp.tv\/2025\/","name":"N7 - Noticieros Canal 7","description":"Somos el Medio","publisher":{"@id":"https:\/\/canal7slp.tv\/2025\/#organization"},"potentialAction":[{"@type":"SearchAction","target":{"@type":"EntryPoint","urlTemplate":"https:\/\/canal7slp.tv\/2025\/?s={search_term_string}"},"query-input":{"@type":"PropertyValueSpecification","valueRequired":true,"valueName":"search_term_string"}}],"inLanguage":"es"},{"@type":"Organization","@id":"https:\/\/canal7slp.tv\/2025\/#organization","name":"Noticieros Canal 7","url":"https:\/\/canal7slp.tv\/2025\/","logo":{"@type":"ImageObject","inLanguage":"es","@id":"https:\/\/canal7slp.tv\/2025\/#\/schema\/logo\/image\/","url":"https:\/\/canal7slp.tv\/2025\/wp-content\/uploads\/2021\/01\/logo-noticieros@2x.png","contentUrl":"https:\/\/canal7slp.tv\/2025\/wp-content\/uploads\/2021\/01\/logo-noticieros@2x.png","width":1017,"height":268,"caption":"Noticieros Canal 7"},"image":{"@id":"https:\/\/canal7slp.tv\/2025\/#\/schema\/logo\/image\/"},"sameAs":["https:\/\/www.facebook.com\/noticieroscanal7atencionciudadana\/","https:\/\/x.com\/NOTICIEROS7","https:\/\/www.instagram.com\/canal7_slp","https:\/\/www.youtube.com\/channel\/UCliiYs-gP3JfJeqdPrNdd5A"]},{"@type":"Person","@id":"https:\/\/canal7slp.tv\/2025\/#\/schema\/person\/271e2b60a96e7cc9d9ac296f4d7e414b","name":"Edici\u00f3n Web","image":{"@type":"ImageObject","inLanguage":"es","@id":"https:\/\/secure.gravatar.com\/avatar\/eee448fc3f7164808013b816ba91ac7e43bbe82a70bebac296f8bc6f0addaa1a?s=96&d=mm&r=g","url":"https:\/\/secure.gravatar.com\/avatar\/eee448fc3f7164808013b816ba91ac7e43bbe82a70bebac296f8bc6f0addaa1a?s=96&d=mm&r=g","contentUrl":"https:\/\/secure.gravatar.com\/avatar\/eee448fc3f7164808013b816ba91ac7e43bbe82a70bebac296f8bc6f0addaa1a?s=96&d=mm&r=g","caption":"Edici\u00f3n Web"},"url":"https:\/\/canal7slp.tv\/2025\/author\/edicionweb\/"}]}},"_links":{"self":[{"href":"https:\/\/canal7slp.tv\/2025\/wp-json\/wp\/v2\/posts\/154248","targetHints":{"allow":["GET"]}}],"collection":[{"href":"https:\/\/canal7slp.tv\/2025\/wp-json\/wp\/v2\/posts"}],"about":[{"href":"https:\/\/canal7slp.tv\/2025\/wp-json\/wp\/v2\/types\/post"}],"author":[{"embeddable":true,"href":"https:\/\/canal7slp.tv\/2025\/wp-json\/wp\/v2\/users\/2"}],"replies":[{"embeddable":true,"href":"https:\/\/canal7slp.tv\/2025\/wp-json\/wp\/v2\/comments?post=154248"}],"version-history":[{"count":1,"href":"https:\/\/canal7slp.tv\/2025\/wp-json\/wp\/v2\/posts\/154248\/revisions"}],"predecessor-version":[{"id":154252,"href":"https:\/\/canal7slp.tv\/2025\/wp-json\/wp\/v2\/posts\/154248\/revisions\/154252"}],"wp:featuredmedia":[{"embeddable":true,"href":"https:\/\/canal7slp.tv\/2025\/wp-json\/wp\/v2\/media\/154251"}],"wp:attachment":[{"href":"https:\/\/canal7slp.tv\/2025\/wp-json\/wp\/v2\/media?parent=154248"}],"wp:term":[{"taxonomy":"category","embeddable":true,"href":"https:\/\/canal7slp.tv\/2025\/wp-json\/wp\/v2\/categories?post=154248"},{"taxonomy":"post_tag","embeddable":true,"href":"https:\/\/canal7slp.tv\/2025\/wp-json\/wp\/v2\/tags?post=154248"}],"curies":[{"name":"wp","href":"https:\/\/api.w.org\/{rel}","templated":true}]}}